{"id":6414,"date":"2011-06-07T12:13:06","date_gmt":"2011-06-07T09:13:06","guid":{"rendered":"http:\/\/localhost\/wordpress\/2011\/06\/07\/saban-oglu-selim-ile-kitabi\/"},"modified":"2011-06-07T12:13:06","modified_gmt":"2011-06-07T09:13:06","slug":"saban-oglu-selim-ile-kitabi","status":"publish","type":"post","link":"https:\/\/narteks.net\/index.php\/2011\/06\/07\/saban-oglu-selim-ile-kitabi\/","title":{"rendered":"\u015eABAN O\u011eLU SEL\u0130M \u0130LE K\u0130TABI"},"content":{"rendered":"<p>\u00a0<\/p>\n<p>\u00ab\u00a0 Yanarak,<br \/> yanarak parmaklar\u0131 \u015ferr\u00e2relerden<br \/> insan y\u00fcreklerine dokundu bu elleri<br \/> yirmi be\u015f senedir<br \/> yani bir rubu as\u0131r<br \/> hapisane kaleminde mukayyit kulunuzun&#8230;<br \/> \u0130nsano\u011flunun \u00f6mr\u00fc<br \/> belki l\u00fczumundan fazla k\u0131sa<br \/> belki l\u00fczumundan fazla uzun&#8230;<br \/> Bir tek daha i\u00e7elim&#8230;<br \/> &#8220;A\u011flamaktan,<br \/> a\u011flamaktan yine zehroldu \u015farab\u0131m bu gece&#8230;&#8221;\u00bb<\/p>\n<p>Kalkt\u0131 Bebek tramvay\u0131 Emin\u00f6n\u00fc&#8217;nden.<br \/>Zifiri karanl\u0131k Bal\u0131kpazar\u0131.<br \/>Meyhanenin camlar\u0131na ya\u011fmur ya\u011f\u0131yor&#8230;<\/p>\n<p>\u00ab\u00a0 Ruhum,<br \/> &#8220;hav\u00e2da yapra\u011fa d\u00f6nd\u00fcrd\u00fc r\u00fbzig\u00e2aar beni&#8230;&#8221;<br \/> Muallim Naci merhum&#8230;<br \/> Bu h\u00e2y\u0131 huy<br \/> bu h\u00e2y\u0131 huy neden?<br \/> Ve insanlar neden dolay\u0131<br \/> \u015fu tabakta yatan uskumru gibi mahzun?<br \/> K\u0131yamet g\u00fcn\u00fc<br \/> bir suali var Ezraile<br \/> hapisane kaleminde mukayyit kulunuzun&#8230;<br \/> Bir tek daha i\u00e7elim&#8230;<\/p>\n<p> Hi\u00e7 adam as\u0131l\u0131rken g\u00f6rd\u00fcn\u00fcz m\u00fc?<br \/> Yar\u0131n bir tane asaca\u011f\u0131z,<br \/> \u015fafakla<br \/> \u015fafakla beraber&#8230;<br \/> Abd\u00fclhamid<br \/> atard\u0131 T\u0131bbiye talebesini<br \/> Sarayburnu&#8217;ndan.<br \/> Ak\u0131nt\u0131 g\u00f6t\u00fcrm\u00fc\u015f \u00e7uvallar\u0131<br \/> bulamad\u0131lar&#8230;<br \/> \u00c7ok adam<br \/> \u00e7ok adam as\u0131ld\u0131 H\u00fcrriyette&#8230;<br \/> Eskiden k\u00f6pr\u00fc ba\u015f\u0131nda asarlard\u0131,<br \/> bunu Sultanahmet&#8217;te&#8230;<br \/> Ya\u011fmur dinmezse \u0131slanacak&#8230;<br \/> Bir tek daha i\u00e7elim&#8230;<br \/> \u0130stanbul \u015fehrinin yoktur menendi.<br \/> &#8220;\u00c2demin<br \/> \u00e2demin canlar katar \u00e2buhav\u00e2s\u0131 c\u00e2n\u0131na&#8230;&#8221;<br \/> demi\u015f,<br \/> demi\u015f \u015fair Nedim Efendi&#8230;\u00bb<\/p>\n<p>II<\/p>\n<p>\u015eABAN O\u011eLU SEL\u0130M<\/p>\n<p>Beykoz&#8217;un cam fabrikas\u0131<br \/> moderen fabrikad\u0131r.<br \/>Pencere camlar\u0131n\u0131 biraz dalgal\u0131 \u00e7\u0131kar\u0131r,<br \/>biraz \u00e7arp\u0131ksa da su bardaklar\u0131,<br \/>kesme lik\u00f6r kadehleri harikad\u0131r&#8230;<\/p>\n<p>Ustaba\u015f\u0131 de\u011fildi Selim<br \/>b\u00fcy\u00fck ustalar\u0131n h\u00fcnerini alm\u0131\u015ft\u0131 ama.<br \/>Onun elinden \u00e7\u0131kan cama<br \/> g\u00f6zlerin kapal\u0131 ayna d\u00f6kebilirsin.<br \/>Selim daima<br \/> b\u00fcy\u00fck bir s\u0131rr\u0131 \u00e7\u00f6zmek<br \/> bir \u015feyler anlamak ister gibi bakar adama.<br \/>\u0130nand\u0131klar\u0131na kat\u0131ks\u0131z inand\u0131,<br \/>sevdiklerini hilesiz sevdi Selim.<br \/>Severdi pencere camlar\u0131n\u0131,<br \/>severdi lamba \u015fi\u015felerini,<br \/>karafakileri sever,<br \/>lik\u00f6r kadehlerine d\u00fc\u015fmand\u0131&#8230;<\/p>\n<p>III<\/p>\n<p>KUZGUNCUK<\/p>\n<p>Beykoz&#8217;da oturmal\u0131<br \/> Beykoz&#8217;da \u00e7al\u0131\u015fan adam.<br \/>Fakat Kuzguncuk \u015firin yerdir<br \/>ve gayet nefis yapar g\u00fcl re\u00e7elini<br \/> pansiyoncu Madam<br \/> ve k\u0131z\u0131 Ra\u015fel&#8230;<\/p>\n<p>Aynada bir kartpostal :<br \/> bir manzara Nis \u015fehrinden.<br \/>\u0130skemle, karyola, konsol&#8230;<br \/>Denize naz\u0131rd\u0131 pencereleri&#8230;<br \/>G\u00fcne\u015fte tavana sular\u0131n \u0131\u015f\u0131lt\u0131s\u0131 vurur,<br \/>karanl\u0131k \u015filepler ge\u00e7erdi geceleri<br \/> insan\u0131 oldu\u011fu yerde<br \/> eli b\u00f6\u011fr\u00fcnde b\u0131rakarak&#8230;<\/p>\n<p>Selim&#8217;in odas\u0131 havadard\u0131.<\/p>\n<p>K\u0131rm\u0131z\u0131 yazmalar kururdu yandaki bo\u015f arsada.<br \/>Sa\u011fda Cevdet Pa\u015fa yal\u0131s\u0131.<br \/>Yal\u0131da bir tavus ku\u015fu<br \/> bir de Mebrure Han\u0131m vard\u0131.<br \/>Mebrure Han\u0131m<br \/> tafta entariler giyerdi.<br \/>\u00c7ok ihtiyard\u0131<br \/> ve mavi g\u00f6zleri k\u00f6rd\u00fc.<br \/>Tentene i\u015flerdi Mebrure Han\u0131m.<br \/>Uyan\u0131r bir beyaz g\u00fcle ba\u015flar,<br \/>uyurken da\u011f\u0131t\u0131rd\u0131 g\u00fcl\u00fcn\u00fc&#8230;<br \/>Merhum Cevdet Pa\u015fa yal\u0131s\u0131nda<br \/>Mebrure Han\u0131m\u0131 unutmu\u015flard\u0131&#8230;<\/p>\n<p>Beykoz&#8217;da oturmal\u0131<br \/> Beykoz&#8217;da \u00e7al\u0131\u015fan adam.<br \/>Fakat Kuzguncuk \u015firin yerdir<br \/>Ve k\u0131rm\u0131z\u0131 yazmalar kuruyan bo\u015f arsadan<br \/>d\u00fcnyay\u0131 zapta gidecek olan<br \/>pulsuz bal\u0131klar gibi \u00e7\u0131plak \u00e7ocuklar\u0131n<br \/> her ak\u015fam dinlerdi \u00e7\u0131\u011fl\u0131klar\u0131n\u0131 Selim&#8230;<\/p>\n<p>IV<\/p>\n<p>K\u0130TAP<\/p>\n<p>\u00abKitap r\u00fczg\u00e2r olmal\u0131, perdeyi kald\u0131rmal\u0131d\u0131r,<br \/> kitap, kanber tay\u0131 olmal\u0131 \u015eah \u0130smail&#8217;in<br \/> seni s\u0131rt\u0131na al\u0131p<br \/> devlerin \u00fcst\u00fcne sald\u0131rmal\u0131d\u0131r.<br \/>Devler kale kap\u0131s\u0131nda<br \/>devler yedi ba\u015fl\u0131 ve simsiyah dururlar&#8230;<br \/>Onlar\u0131 mutlaka yeneceksin.<br \/>Bir duvar y\u0131k\u0131lacak<br \/> bir bah\u00e7eye ineceksin&#8230;\u00bb<\/p>\n<p>B\u00f6yle bir kitap buldu Selim :<br \/>Kara kara yaz\u0131lar<br \/> beyaz k\u00e2at \u00fcst\u00fcnde.<br \/>B\u00fcy\u00fccek bir el kadar<br \/> k\u0131rk yaprakl\u0131 bir kitap&#8230;<\/p>\n<p>V<\/p>\n<p>SON VAPUR<\/p>\n<p>Kalkt\u0131 son vapur iskeleden.<br \/>\u00ab64\u00bb numara, pul pul kar\u0131\u015f\u0131p y\u0131ld\u0131zlara<br \/> bo\u015f ve yorgun ak\u0131yor suyun \u00fcst\u00fcnde&#8230;<\/p>\n<p>Gece seslerle dolu.<br \/>Aynada : Ra\u015fel&#8217;in kolu<br \/> Selim&#8217;in eli<br \/> ve son vapurun yolu&#8230;<\/p>\n<p>\u00ab\u00a0 Selim, ate\u015f gibi elin&#8230;\u00bb<\/p>\n<p>Eli beyazd\u0131,<br \/>karanl\u0131k g\u00f6zleri<br \/>ve k\u0131rm\u0131z\u0131 sa\u00e7lar\u0131 vard\u0131 Ra\u015fel&#8217;in&#8230;<\/p>\n<p>VI<\/p>\n<p>Y\u0130RM\u0130 B\u0130R\u0130NC\u0130 YAPRAK<\/p>\n<p>\u00abTopra\u011f\u0131n ismiyle ba\u015flar\u0131z s\u00f6ze.<br \/> Sen ki topraks\u0131n<br \/> seni sevmeyi bilmeli.<br \/> Sendedir ekinimizin tohumu<br \/> ve yap\u0131lar\u0131m\u0131z\u0131n temeli.<br \/> Demirimiz ve k\u00f6m\u00fcr\u00fcm\u00fcz sendedir.<br \/> Sendedir r\u00fczg\u00e2rlar\u0131n gibi ge\u00e7en \u00f6mr\u00fcm\u00fcz,<br \/> sendedir&#8230;<br \/> Sen ki topraks\u0131n,<br \/> durup dinlenmeden de\u011fi\u015firsin.<br \/> Sen su damlalar\u0131nda halkeyledin bizi.<br \/> Biz seni de\u011fi\u015ftirip<br \/> de\u011fi\u015ftirmedeyiz kendi kendimizi&#8230;\u00bb<\/p>\n<p> Bu, yirmi birinci yaprakt\u0131r.<br \/> Selim kapatt\u0131 kitab\u0131.<br \/> H\u00fcrriyetin ilk \u015fark\u0131s\u0131 anlamakt\u0131r.<br \/> Ve Selim,<br \/> ve \u015eaban o\u011flu Selim \u015fark\u0131 s\u00f6yl\u00fcyor&#8230;<\/p>\n<p>VII<\/p>\n<p>RA\u015eEL&#8217;\u0130N R\u00dcYASI<\/p>\n<p>\u00ab\u00a0 Hasan Ustay\u0131 \u00e7\u0131karm\u0131\u015flar i\u015finden.<br \/> \u00c7ocuklar\u0131 var :<br \/> \u015fu kadar, \u015fu kadar&#8230;<br \/> Laz f\u0131r\u0131nc\u0131 d\u00fckk\u00e2n\u0131n\u0131 kapatm\u0131\u015f,<br \/> ve Doktor Moiz<br \/> d\u00fcn vurdu kendini&#8230;<br \/> Seni dinledim dinleyeli, Selim,<br \/> korkulu r\u00fcyalar g\u00f6r\u00fcyorum :<br \/> \u015ei\u015fman adamlar, kollar\u0131 alabildi\u011fine uzun,<br \/> t\u0131rnaklar\u0131nda kan<br \/> omuzlar\u0131nda alt\u0131n \u00e7uvallar\u0131<br \/> rap, rap, y\u00fcr\u00fcyorlar&#8230;<br \/> Ne \u00e7ok insan \u00f6ld\u00fcr\u00fcyorlar, Selim,<br \/> ne \u00e7ok insan \u00f6ld\u00fcr\u00fcyorlar&#8230;\u00bb<\/p>\n<p>\u00ab\u00a0 Korkma g\u00fcnler bizimdir,<br \/> bizimdir, Ra\u015fel&#8217;im&#8230;\u00bb<\/p>\n<p>VIII<\/p>\n<p>KIRKINCI YAPRAK<\/p>\n<p>\u00abGelirken d\u00fcnyaya kanla, ate\u015fle,<br \/> \u00e7a\u011f\u0131rd\u0131lar yedi kat yerin alt\u0131ndan<br \/> mezarlar\u0131n\u0131 kazacak olanlar\u0131&#8230;\u00bb<\/p>\n<p>Bu k\u0131rk\u0131nc\u0131 yaprakt\u0131r.<br \/>Selim kapatt\u0131 kitab\u0131.<br \/>Anlad\u0131\u011f\u0131n\u0131 anlatmayan al\u00e7akt\u0131r&#8230;<br \/>Ve Selim,<br \/>ve \u015eaban o\u011flu Selim&#8230;<\/p>\n<p>IX<\/p>\n<p>\u0130STANBUL&#8217;DA, HAP\u0130SANEDE HAP\u0130SANE MUKAYY\u0130D\u0130<\/p>\n<p>\u00ab\u00a0 Bug\u00fcn bir hayli yolcu ald\u0131k.<br \/> Bu meyanda :<br \/> g\u00fcmr\u00fck ihtil\u00e2s\u0131,<br \/> eroin \u015febekesi ve Topkap\u0131 cinayeti<br \/> geldiler.<br \/> Mevcut : 727.<br \/> Kad\u0131nlar hari\u00e7.<br \/> Bug\u00fcn de ge\u00e7irdik vakti keraheti&#8230;<br \/> Bir misafir daha var,<br \/> onu da kaydedelim :<br \/> 1328,<br \/> 1328 do\u011fumlu<br \/> \u015eaban o\u011flu&#8230;<br \/> Mirim,<br \/> ben yazarken<br \/> sen pencereden bir nazar et :<br \/> b\u00f6yle ak\u015fam \u0131\u015f\u0131\u011f\u0131nda<br \/> durur<br \/> durur ta\u015ftan de\u011fil<br \/> renkli camlardan yap\u0131lm\u0131\u015f gibi Sultanahmet&#8230;<br \/> &#8230; 1328<br \/> 1328 do\u011fumlu<br \/> \u015eaban o\u011flu<br \/> \u015eaban o\u011flu Selim&#8230;<br \/> Ayaklar\u0131n\u0131n \u00fcst\u00fcne basam\u0131yor<br \/> ve sol g\u00f6z\u00fc kan i\u00e7inde&#8230;<br \/> Esbab\u0131n\u0131 bilirim&#8230;<br \/> Mirim,<br \/> bu h\u00e2y\u0131 huy,<br \/> bu h\u00e2y\u0131 huy neden bu beldede?<br \/> Ey Fuzuli nerdesin?<br \/> Nerdesin Galip Dede?<br \/> Ey Nedim&#8230;<br \/> \u0130stanbul \u015fehrinin yoktur menendi.<br \/> &#8220;\u00c2demin<br \/> \u00e2demin canlar katar \u00e2buhav\u00e2s\u0131 c\u00e2n\u0131na&#8230;&#8221;<br \/> demi\u015f,<br \/> demi\u015f \u015fair Nedim Efendi&#8230;\u00bb<\/p>\n<p>Naz\u0131m Hikmet RAN<\/p>\n","protected":false},"excerpt":{"rendered":"<p>\u00a0 \u00ab\u00a0 Yanarak, yanarak parmaklar\u0131 \u015ferr\u00e2relerden insan y\u00fcreklerine dokundu bu elleri yirmi be\u015f senedir yani bir rubu as\u0131r hapisane kaleminde mukayyit kulunuzun&#8230; \u0130nsano\u011flunun \u00f6mr\u00fc belki l\u00fczumundan fazla k\u0131sa belki l\u00fczumundan fazla uzun&#8230; Bir tek daha i\u00e7elim&#8230; &#8220;A\u011flamaktan, a\u011flamaktan yine zehroldu \u015farab\u0131m bu gece&#8230;&#8221;\u00bb Kalkt\u0131 Bebek tramvay\u0131 Emin\u00f6n\u00fc&#8217;nden.Zifiri karanl\u0131k Bal\u0131kpazar\u0131.Meyhanenin camlar\u0131na ya\u011fmur ya\u011f\u0131yor&#8230; \u00ab\u00a0 Ruhum, &#8220;hav\u00e2da [&hellip;]<\/p>\n","protected":false},"author":1,"featured_media":0,"comment_status":"open","ping_status":"open","sticky":false,"template":"","format":"standard","meta":{"footnotes":""},"categories":[59],"tags":[],"class_list":{"0":"post-6414","1":"post","2":"type-post","3":"status-publish","4":"format-standard","6":"category-nazim-hikmet-ran"},"yoast_head":"<!-- This site is optimized with the Yoast SEO Premium plugin v24.9 (Yoast SEO v24.9) - https:\/\/yoast.com\/wordpress\/plugins\/seo\/ -->\n<title>\u015eABAN O\u011eLU SEL\u0130M \u0130LE K\u0130TABI - narteks.net<\/title>\n<meta name=\"robots\" content=\"index, follow, max-snippet:-1, max-image-preview:large, max-video-preview:-1\" \/>\n<link rel=\"canonical\" href=\"https:\/\/narteks.net\/index.php\/2011\/06\/07\/saban-oglu-selim-ile-kitabi\/\" \/>\n<meta property=\"og:locale\" content=\"tr_TR\" \/>\n<meta property=\"og:type\" content=\"article\" \/>\n<meta property=\"og:title\" content=\"\u015eABAN O\u011eLU SEL\u0130M \u0130LE K\u0130TABI\" \/>\n<meta property=\"og:description\" content=\"\u00a0 \u00ab\u00a0 Yanarak, yanarak parmaklar\u0131 \u015ferr\u00e2relerden insan y\u00fcreklerine dokundu bu elleri yirmi be\u015f senedir yani bir rubu as\u0131r hapisane kaleminde mukayyit kulunuzun&#8230; \u0130nsano\u011flunun \u00f6mr\u00fc belki l\u00fczumundan fazla k\u0131sa belki l\u00fczumundan fazla uzun&#8230; Bir tek daha i\u00e7elim&#8230; &#8220;A\u011flamaktan, a\u011flamaktan yine zehroldu \u015farab\u0131m bu gece&#8230;&#8221;\u00bb Kalkt\u0131 Bebek tramvay\u0131 Emin\u00f6n\u00fc&#8217;nden.Zifiri karanl\u0131k Bal\u0131kpazar\u0131.Meyhanenin camlar\u0131na ya\u011fmur ya\u011f\u0131yor&#8230; \u00ab\u00a0 Ruhum, &#8220;hav\u00e2da [&hellip;]\" \/>\n<meta property=\"og:url\" content=\"https:\/\/narteks.net\/index.php\/2011\/06\/07\/saban-oglu-selim-ile-kitabi\/\" \/>\n<meta property=\"og:site_name\" content=\"narteks.net\" \/>\n<meta property=\"article:published_time\" content=\"2011-06-07T09:13:06+00:00\" \/>\n<meta property=\"og:image\" content=\"https:\/\/narteks.net\/wp-content\/uploads\/narteks.png\" \/>\n\t<meta property=\"og:image:width\" content=\"300\" \/>\n\t<meta property=\"og:image:height\" content=\"90\" \/>\n\t<meta property=\"og:image:type\" content=\"image\/png\" \/>\n<meta name=\"author\" content=\"Tar\u0131k\" \/>\n<meta name=\"twitter:card\" content=\"summary_large_image\" \/>\n<meta name=\"twitter:creator\" content=\"@narteks\" \/>\n<meta name=\"twitter:site\" content=\"@narteks\" \/>\n<meta name=\"twitter:label1\" content=\"Yazan:\" \/>\n\t<meta name=\"twitter:data1\" content=\"Tar\u0131k\" \/>\n\t<meta name=\"twitter:label2\" content=\"Tahmini okuma s\u00fcresi\" \/>\n\t<meta name=\"twitter:data2\" content=\"5 dakika\" \/>\n<script type=\"application\/ld+json\" class=\"yoast-schema-graph\">{\"@context\":\"https:\/\/schema.org\",\"@graph\":[{\"@type\":\"Article\",\"@id\":\"https:\/\/narteks.net\/index.php\/2011\/06\/07\/saban-oglu-selim-ile-kitabi\/#article\",\"isPartOf\":{\"@id\":\"https:\/\/narteks.net\/index.php\/2011\/06\/07\/saban-oglu-selim-ile-kitabi\/\"},\"author\":{\"name\":\"Tar\u0131k\",\"@id\":\"https:\/\/narteks.net\/#\/schema\/person\/61f37d9834294b72d31d274e7ed79bca\"},\"headline\":\"\u015eABAN O\u011eLU SEL\u0130M \u0130LE K\u0130TABI\",\"datePublished\":\"2011-06-07T09:13:06+00:00\",\"mainEntityOfPage\":{\"@id\":\"https:\/\/narteks.net\/index.php\/2011\/06\/07\/saban-oglu-selim-ile-kitabi\/\"},\"wordCount\":988,\"commentCount\":0,\"publisher\":{\"@id\":\"https:\/\/narteks.net\/#organization\"},\"articleSection\":[\"Naz\u0131m H\u0130KMET RAN\"],\"inLanguage\":\"tr\",\"potentialAction\":[{\"@type\":\"CommentAction\",\"name\":\"Comment\",\"target\":[\"https:\/\/narteks.net\/index.php\/2011\/06\/07\/saban-oglu-selim-ile-kitabi\/#respond\"]}]},{\"@type\":\"WebPage\",\"@id\":\"https:\/\/narteks.net\/index.php\/2011\/06\/07\/saban-oglu-selim-ile-kitabi\/\",\"url\":\"https:\/\/narteks.net\/index.php\/2011\/06\/07\/saban-oglu-selim-ile-kitabi\/\",\"name\":\"\u015eABAN O\u011eLU SEL\u0130M \u0130LE K\u0130TABI - narteks.net\",\"isPartOf\":{\"@id\":\"https:\/\/narteks.net\/#website\"},\"datePublished\":\"2011-06-07T09:13:06+00:00\",\"breadcrumb\":{\"@id\":\"https:\/\/narteks.net\/index.php\/2011\/06\/07\/saban-oglu-selim-ile-kitabi\/#breadcrumb\"},\"inLanguage\":\"tr\",\"potentialAction\":[{\"@type\":\"ReadAction\",\"target\":[\"https:\/\/narteks.net\/index.php\/2011\/06\/07\/saban-oglu-selim-ile-kitabi\/\"]}]},{\"@type\":\"BreadcrumbList\",\"@id\":\"https:\/\/narteks.net\/index.php\/2011\/06\/07\/saban-oglu-selim-ile-kitabi\/#breadcrumb\",\"itemListElement\":[{\"@type\":\"ListItem\",\"position\":1,\"name\":\"Anasayfa\",\"item\":\"https:\/\/narteks.net\/\"},{\"@type\":\"ListItem\",\"position\":2,\"name\":\"\u015eABAN O\u011eLU SEL\u0130M \u0130LE K\u0130TABI\"}]},{\"@type\":\"WebSite\",\"@id\":\"https:\/\/narteks.net\/#website\",\"url\":\"https:\/\/narteks.net\/\",\"name\":\"narteks.net\",\"description\":\"K\u00fclt\u00fcr Sanat Edebiyat Felsefe\",\"publisher\":{\"@id\":\"https:\/\/narteks.net\/#organization\"},\"alternateName\":\"K\u00fclt\u00fcr Sanat Edebiyat Felsefe\",\"potentialAction\":[{\"@type\":\"SearchAction\",\"target\":{\"@type\":\"EntryPoint\",\"urlTemplate\":\"https:\/\/narteks.net\/?s={search_term_string}\"},\"query-input\":{\"@type\":\"PropertyValueSpecification\",\"valueRequired\":true,\"valueName\":\"search_term_string\"}}],\"inLanguage\":\"tr\"},{\"@type\":\"Organization\",\"@id\":\"https:\/\/narteks.net\/#organization\",\"name\":\"narteks.net\",\"url\":\"https:\/\/narteks.net\/\",\"logo\":{\"@type\":\"ImageObject\",\"inLanguage\":\"tr\",\"@id\":\"https:\/\/narteks.net\/#\/schema\/logo\/image\/\",\"url\":\"https:\/\/narteks.net\/wp-content\/uploads\/narteks.png\",\"contentUrl\":\"https:\/\/narteks.net\/wp-content\/uploads\/narteks.png\",\"width\":300,\"height\":90,\"caption\":\"narteks.net\"},\"image\":{\"@id\":\"https:\/\/narteks.net\/#\/schema\/logo\/image\/\"},\"sameAs\":[\"https:\/\/x.com\/narteks\",\"https:\/\/instagram.com\/narteksnet\"]},{\"@type\":\"Person\",\"@id\":\"https:\/\/narteks.net\/#\/schema\/person\/61f37d9834294b72d31d274e7ed79bca\",\"name\":\"Tar\u0131k\",\"image\":{\"@type\":\"ImageObject\",\"inLanguage\":\"tr\",\"@id\":\"https:\/\/narteks.net\/#\/schema\/person\/image\/\",\"url\":\"https:\/\/secure.gravatar.com\/avatar\/50865afb55632c4ae467e0af0930f6510aa2297d8014be502a55b14f3b7550cf?s=96&d=mm&r=g\",\"contentUrl\":\"https:\/\/secure.gravatar.com\/avatar\/50865afb55632c4ae467e0af0930f6510aa2297d8014be502a55b14f3b7550cf?s=96&d=mm&r=g\",\"caption\":\"Tar\u0131k\"},\"sameAs\":[\"http:\/\/narteks.net\"],\"url\":\"https:\/\/narteks.net\/index.php\/author\/narbak\/\"}]}<\/script>\n<!-- \/ Yoast SEO Premium plugin. -->","yoast_head_json":{"title":"\u015eABAN O\u011eLU SEL\u0130M \u0130LE K\u0130TABI - narteks.net","robots":{"index":"index","follow":"follow","max-snippet":"max-snippet:-1","max-image-preview":"max-image-preview:large","max-video-preview":"max-video-preview:-1"},"canonical":"https:\/\/narteks.net\/index.php\/2011\/06\/07\/saban-oglu-selim-ile-kitabi\/","og_locale":"tr_TR","og_type":"article","og_title":"\u015eABAN O\u011eLU SEL\u0130M \u0130LE K\u0130TABI","og_description":"\u00a0 \u00ab\u00a0 Yanarak, yanarak parmaklar\u0131 \u015ferr\u00e2relerden insan y\u00fcreklerine dokundu bu elleri yirmi be\u015f senedir yani bir rubu as\u0131r hapisane kaleminde mukayyit kulunuzun&#8230; \u0130nsano\u011flunun \u00f6mr\u00fc belki l\u00fczumundan fazla k\u0131sa belki l\u00fczumundan fazla uzun&#8230; Bir tek daha i\u00e7elim&#8230; &#8220;A\u011flamaktan, a\u011flamaktan yine zehroldu \u015farab\u0131m bu gece&#8230;&#8221;\u00bb Kalkt\u0131 Bebek tramvay\u0131 Emin\u00f6n\u00fc&#8217;nden.Zifiri karanl\u0131k Bal\u0131kpazar\u0131.Meyhanenin camlar\u0131na ya\u011fmur ya\u011f\u0131yor&#8230; \u00ab\u00a0 Ruhum, &#8220;hav\u00e2da [&hellip;]","og_url":"https:\/\/narteks.net\/index.php\/2011\/06\/07\/saban-oglu-selim-ile-kitabi\/","og_site_name":"narteks.net","article_published_time":"2011-06-07T09:13:06+00:00","og_image":[{"width":300,"height":90,"url":"https:\/\/narteks.net\/wp-content\/uploads\/narteks.png","type":"image\/png"}],"author":"Tar\u0131k","twitter_card":"summary_large_image","twitter_creator":"@narteks","twitter_site":"@narteks","twitter_misc":{"Yazan:":"Tar\u0131k","Tahmini okuma s\u00fcresi":"5 dakika"},"schema":{"@context":"https:\/\/schema.org","@graph":[{"@type":"Article","@id":"https:\/\/narteks.net\/index.php\/2011\/06\/07\/saban-oglu-selim-ile-kitabi\/#article","isPartOf":{"@id":"https:\/\/narteks.net\/index.php\/2011\/06\/07\/saban-oglu-selim-ile-kitabi\/"},"author":{"name":"Tar\u0131k","@id":"https:\/\/narteks.net\/#\/schema\/person\/61f37d9834294b72d31d274e7ed79bca"},"headline":"\u015eABAN O\u011eLU SEL\u0130M \u0130LE K\u0130TABI","datePublished":"2011-06-07T09:13:06+00:00","mainEntityOfPage":{"@id":"https:\/\/narteks.net\/index.php\/2011\/06\/07\/saban-oglu-selim-ile-kitabi\/"},"wordCount":988,"commentCount":0,"publisher":{"@id":"https:\/\/narteks.net\/#organization"},"articleSection":["Naz\u0131m H\u0130KMET RAN"],"inLanguage":"tr","potentialAction":[{"@type":"CommentAction","name":"Comment","target":["https:\/\/narteks.net\/index.php\/2011\/06\/07\/saban-oglu-selim-ile-kitabi\/#respond"]}]},{"@type":"WebPage","@id":"https:\/\/narteks.net\/index.php\/2011\/06\/07\/saban-oglu-selim-ile-kitabi\/","url":"https:\/\/narteks.net\/index.php\/2011\/06\/07\/saban-oglu-selim-ile-kitabi\/","name":"\u015eABAN O\u011eLU SEL\u0130M \u0130LE K\u0130TABI - narteks.net","isPartOf":{"@id":"https:\/\/narteks.net\/#website"},"datePublished":"2011-06-07T09:13:06+00:00","breadcrumb":{"@id":"https:\/\/narteks.net\/index.php\/2011\/06\/07\/saban-oglu-selim-ile-kitabi\/#breadcrumb"},"inLanguage":"tr","potentialAction":[{"@type":"ReadAction","target":["https:\/\/narteks.net\/index.php\/2011\/06\/07\/saban-oglu-selim-ile-kitabi\/"]}]},{"@type":"BreadcrumbList","@id":"https:\/\/narteks.net\/index.php\/2011\/06\/07\/saban-oglu-selim-ile-kitabi\/#breadcrumb","itemListElement":[{"@type":"ListItem","position":1,"name":"Anasayfa","item":"https:\/\/narteks.net\/"},{"@type":"ListItem","position":2,"name":"\u015eABAN O\u011eLU SEL\u0130M \u0130LE K\u0130TABI"}]},{"@type":"WebSite","@id":"https:\/\/narteks.net\/#website","url":"https:\/\/narteks.net\/","name":"narteks.net","description":"K\u00fclt\u00fcr Sanat Edebiyat Felsefe","publisher":{"@id":"https:\/\/narteks.net\/#organization"},"alternateName":"K\u00fclt\u00fcr Sanat Edebiyat Felsefe","potentialAction":[{"@type":"SearchAction","target":{"@type":"EntryPoint","urlTemplate":"https:\/\/narteks.net\/?s={search_term_string}"},"query-input":{"@type":"PropertyValueSpecification","valueRequired":true,"valueName":"search_term_string"}}],"inLanguage":"tr"},{"@type":"Organization","@id":"https:\/\/narteks.net\/#organization","name":"narteks.net","url":"https:\/\/narteks.net\/","logo":{"@type":"ImageObject","inLanguage":"tr","@id":"https:\/\/narteks.net\/#\/schema\/logo\/image\/","url":"https:\/\/narteks.net\/wp-content\/uploads\/narteks.png","contentUrl":"https:\/\/narteks.net\/wp-content\/uploads\/narteks.png","width":300,"height":90,"caption":"narteks.net"},"image":{"@id":"https:\/\/narteks.net\/#\/schema\/logo\/image\/"},"sameAs":["https:\/\/x.com\/narteks","https:\/\/instagram.com\/narteksnet"]},{"@type":"Person","@id":"https:\/\/narteks.net\/#\/schema\/person\/61f37d9834294b72d31d274e7ed79bca","name":"Tar\u0131k","image":{"@type":"ImageObject","inLanguage":"tr","@id":"https:\/\/narteks.net\/#\/schema\/person\/image\/","url":"https:\/\/secure.gravatar.com\/avatar\/50865afb55632c4ae467e0af0930f6510aa2297d8014be502a55b14f3b7550cf?s=96&d=mm&r=g","contentUrl":"https:\/\/secure.gravatar.com\/avatar\/50865afb55632c4ae467e0af0930f6510aa2297d8014be502a55b14f3b7550cf?s=96&d=mm&r=g","caption":"Tar\u0131k"},"sameAs":["http:\/\/narteks.net"],"url":"https:\/\/narteks.net\/index.php\/author\/narbak\/"}]}},"_links":{"self":[{"href":"https:\/\/narteks.net\/index.php\/wp-json\/wp\/v2\/posts\/6414","targetHints":{"allow":["GET"]}}],"collection":[{"href":"https:\/\/narteks.net\/index.php\/wp-json\/wp\/v2\/posts"}],"about":[{"href":"https:\/\/narteks.net\/index.php\/wp-json\/wp\/v2\/types\/post"}],"author":[{"embeddable":true,"href":"https:\/\/narteks.net\/index.php\/wp-json\/wp\/v2\/users\/1"}],"replies":[{"embeddable":true,"href":"https:\/\/narteks.net\/index.php\/wp-json\/wp\/v2\/comments?post=6414"}],"version-history":[{"count":0,"href":"https:\/\/narteks.net\/index.php\/wp-json\/wp\/v2\/posts\/6414\/revisions"}],"wp:attachment":[{"href":"https:\/\/narteks.net\/index.php\/wp-json\/wp\/v2\/media?parent=6414"}],"wp:term":[{"taxonomy":"category","embeddable":true,"href":"https:\/\/narteks.net\/index.php\/wp-json\/wp\/v2\/categories?post=6414"},{"taxonomy":"post_tag","embeddable":true,"href":"https:\/\/narteks.net\/index.php\/wp-json\/wp\/v2\/tags?post=6414"}],"curies":[{"name":"wp","href":"https:\/\/api.w.org\/{rel}","templated":true}]}}