{"id":6417,"date":"2011-06-07T12:16:10","date_gmt":"2011-06-07T09:16:10","guid":{"rendered":"http:\/\/localhost\/wordpress\/2011\/06\/07\/sehitler\/"},"modified":"2011-06-07T12:16:10","modified_gmt":"2011-06-07T09:16:10","slug":"sehitler","status":"publish","type":"post","link":"https:\/\/narteks.net\/index.php\/2011\/06\/07\/sehitler\/","title":{"rendered":"\u015eEH\u0130TLER"},"content":{"rendered":"<p>\u00a0<\/p>\n<p>\u015eehitler, Kuv\u00e2yi Milliye \u015fehitleri, <br \/> mezardan \u00e7\u0131kman\u0131n vaktidir! <br \/> \u015eehitler, Kuv\u00e2yi Milliye \u015fehitleri, <br \/> Sakarya&#8217;da, \u0130n\u00f6n\u00fc&#8217;nde, Afyon&#8217;dakiler <br \/> Dumlup\u0131nar&#8217;dakiler de elbet <br \/> ve de Ayd\u0131n&#8217;da, Antep&#8217;te vurulup d\u00fc\u015fenler, <br \/> siz toprak alt\u0131nda ulu k\u00f6klerimizsiniz <br \/> yatars\u0131n\u0131z al kanlar i\u00e7inde. <br \/> \u015eehitler, Kuv\u00e2yi Milliye \u015fehitleri, <br \/> siz toprak alt\u0131nda derin uykudayken <br \/> d\u00fc\u015fman\u0131 \u00e7a\u011f\u0131rd\u0131lar, <br \/> sat\u0131ld\u0131k, uyan\u0131n! <br \/> Biz toprak \u00fcst\u00fcnde derin uykularday\u0131z, <br \/> kalk\u0131p uyand\u0131r\u0131n bizi! <br \/> uyand\u0131r\u0131n bizi! <br \/> \u015eehitler, Kuv\u00e2yi Milliye \u015fehitleri, <br \/> mezardan \u00e7\u0131kman\u0131n vaktidir! <\/p>\n<p> 1959<\/p>\n<p>Naz\u0131m Hikmet RAN<\/p>\n","protected":false},"excerpt":{"rendered":"<p>\u00a0 \u015eehitler, Kuv\u00e2yi Milliye \u015fehitleri, mezardan \u00e7\u0131kman\u0131n vaktidir! \u015eehitler, Kuv\u00e2yi Milliye \u015fehitleri, Sakarya&#8217;da, \u0130n\u00f6n\u00fc&#8217;nde, Afyon&#8217;dakiler Dumlup\u0131nar&#8217;dakiler de elbet ve de Ayd\u0131n&#8217;da, Antep&#8217;te vurulup d\u00fc\u015fenler, siz toprak alt\u0131nda ulu k\u00f6klerimizsiniz yatars\u0131n\u0131z al kanlar i\u00e7inde. \u015eehitler, Kuv\u00e2yi Milliye \u015fehitleri, siz toprak alt\u0131nda derin uykudayken d\u00fc\u015fman\u0131 \u00e7a\u011f\u0131rd\u0131lar, sat\u0131ld\u0131k, uyan\u0131n! Biz toprak \u00fcst\u00fcnde derin uykularday\u0131z, kalk\u0131p uyand\u0131r\u0131n bizi! uyand\u0131r\u0131n [&hellip;]<\/p>\n","protected":false},"author":1,"featured_media":0,"comment_status":"open","ping_status":"open","sticky":false,"template":"","format":"standard","meta":{"footnotes":""},"categories":[59],"tags":[],"class_list":{"0":"post-6417","1":"post","2":"type-post","3":"status-publish","4":"format-standard","6":"category-nazim-hikmet-ran"},"yoast_head":"<!-- This site is optimized with the Yoast SEO Premium plugin v24.9 (Yoast SEO v24.9) - https:\/\/yoast.com\/wordpress\/plugins\/seo\/ -->\n<title>\u015eEH\u0130TLER - narteks.net<\/title>\n<meta name=\"robots\" content=\"index, follow, max-snippet:-1, max-image-preview:large, max-video-preview:-1\" \/>\n<link rel=\"canonical\" href=\"https:\/\/narteks.net\/index.php\/2011\/06\/07\/sehitler\/\" \/>\n<meta property=\"og:locale\" content=\"tr_TR\" \/>\n<meta property=\"og:type\" content=\"article\" \/>\n<meta property=\"og:title\" content=\"\u015eEH\u0130TLER\" \/>\n<meta property=\"og:description\" content=\"\u00a0 \u015eehitler, Kuv\u00e2yi Milliye \u015fehitleri, mezardan \u00e7\u0131kman\u0131n vaktidir! \u015eehitler, Kuv\u00e2yi Milliye \u015fehitleri, Sakarya&#8217;da, \u0130n\u00f6n\u00fc&#8217;nde, Afyon&#8217;dakiler Dumlup\u0131nar&#8217;dakiler de elbet ve de Ayd\u0131n&#8217;da, Antep&#8217;te vurulup d\u00fc\u015fenler, siz toprak alt\u0131nda ulu k\u00f6klerimizsiniz yatars\u0131n\u0131z al kanlar i\u00e7inde. \u015eehitler, Kuv\u00e2yi Milliye \u015fehitleri, siz toprak alt\u0131nda derin uykudayken d\u00fc\u015fman\u0131 \u00e7a\u011f\u0131rd\u0131lar, sat\u0131ld\u0131k, uyan\u0131n! Biz toprak \u00fcst\u00fcnde derin uykularday\u0131z, kalk\u0131p uyand\u0131r\u0131n bizi! uyand\u0131r\u0131n [&hellip;]\" \/>\n<meta property=\"og:url\" content=\"https:\/\/narteks.net\/index.php\/2011\/06\/07\/sehitler\/\" \/>\n<meta property=\"og:site_name\" content=\"narteks.net\" \/>\n<meta property=\"article:published_time\" content=\"2011-06-07T09:16:10+00:00\" \/>\n<meta property=\"og:image\" content=\"https:\/\/narteks.net\/wp-content\/uploads\/narteks.png\" \/>\n\t<meta property=\"og:image:width\" content=\"300\" \/>\n\t<meta property=\"og:image:height\" content=\"90\" \/>\n\t<meta property=\"og:image:type\" content=\"image\/png\" \/>\n<meta name=\"author\" content=\"Tar\u0131k\" \/>\n<meta name=\"twitter:card\" content=\"summary_large_image\" \/>\n<meta name=\"twitter:creator\" content=\"@narteks\" \/>\n<meta name=\"twitter:site\" content=\"@narteks\" \/>\n<meta name=\"twitter:label1\" content=\"Yazan:\" \/>\n\t<meta name=\"twitter:data1\" content=\"Tar\u0131k\" \/>\n<script type=\"application\/ld+json\" class=\"yoast-schema-graph\">{\"@context\":\"https:\/\/schema.org\",\"@graph\":[{\"@type\":\"Article\",\"@id\":\"https:\/\/narteks.net\/index.php\/2011\/06\/07\/sehitler\/#article\",\"isPartOf\":{\"@id\":\"https:\/\/narteks.net\/index.php\/2011\/06\/07\/sehitler\/\"},\"author\":{\"name\":\"Tar\u0131k\",\"@id\":\"https:\/\/narteks.net\/#\/schema\/person\/61f37d9834294b72d31d274e7ed79bca\"},\"headline\":\"\u015eEH\u0130TLER\",\"datePublished\":\"2011-06-07T09:16:10+00:00\",\"mainEntityOfPage\":{\"@id\":\"https:\/\/narteks.net\/index.php\/2011\/06\/07\/sehitler\/\"},\"wordCount\":98,\"commentCount\":0,\"publisher\":{\"@id\":\"https:\/\/narteks.net\/#organization\"},\"articleSection\":[\"Naz\u0131m H\u0130KMET RAN\"],\"inLanguage\":\"tr\",\"potentialAction\":[{\"@type\":\"CommentAction\",\"name\":\"Comment\",\"target\":[\"https:\/\/narteks.net\/index.php\/2011\/06\/07\/sehitler\/#respond\"]}]},{\"@type\":\"WebPage\",\"@id\":\"https:\/\/narteks.net\/index.php\/2011\/06\/07\/sehitler\/\",\"url\":\"https:\/\/narteks.net\/index.php\/2011\/06\/07\/sehitler\/\",\"name\":\"\u015eEH\u0130TLER - narteks.net\",\"isPartOf\":{\"@id\":\"https:\/\/narteks.net\/#website\"},\"datePublished\":\"2011-06-07T09:16:10+00:00\",\"breadcrumb\":{\"@id\":\"https:\/\/narteks.net\/index.php\/2011\/06\/07\/sehitler\/#breadcrumb\"},\"inLanguage\":\"tr\",\"potentialAction\":[{\"@type\":\"ReadAction\",\"target\":[\"https:\/\/narteks.net\/index.php\/2011\/06\/07\/sehitler\/\"]}]},{\"@type\":\"BreadcrumbList\",\"@id\":\"https:\/\/narteks.net\/index.php\/2011\/06\/07\/sehitler\/#breadcrumb\",\"itemListElement\":[{\"@type\":\"ListItem\",\"position\":1,\"name\":\"Anasayfa\",\"item\":\"https:\/\/narteks.net\/\"},{\"@type\":\"ListItem\",\"position\":2,\"name\":\"\u015eEH\u0130TLER\"}]},{\"@type\":\"WebSite\",\"@id\":\"https:\/\/narteks.net\/#website\",\"url\":\"https:\/\/narteks.net\/\",\"name\":\"narteks.net\",\"description\":\"K\u00fclt\u00fcr Sanat Edebiyat Felsefe\",\"publisher\":{\"@id\":\"https:\/\/narteks.net\/#organization\"},\"alternateName\":\"K\u00fclt\u00fcr Sanat Edebiyat Felsefe\",\"potentialAction\":[{\"@type\":\"SearchAction\",\"target\":{\"@type\":\"EntryPoint\",\"urlTemplate\":\"https:\/\/narteks.net\/?s={search_term_string}\"},\"query-input\":{\"@type\":\"PropertyValueSpecification\",\"valueRequired\":true,\"valueName\":\"search_term_string\"}}],\"inLanguage\":\"tr\"},{\"@type\":\"Organization\",\"@id\":\"https:\/\/narteks.net\/#organization\",\"name\":\"narteks.net\",\"url\":\"https:\/\/narteks.net\/\",\"logo\":{\"@type\":\"ImageObject\",\"inLanguage\":\"tr\",\"@id\":\"https:\/\/narteks.net\/#\/schema\/logo\/image\/\",\"url\":\"https:\/\/narteks.net\/wp-content\/uploads\/narteks.png\",\"contentUrl\":\"https:\/\/narteks.net\/wp-content\/uploads\/narteks.png\",\"width\":300,\"height\":90,\"caption\":\"narteks.net\"},\"image\":{\"@id\":\"https:\/\/narteks.net\/#\/schema\/logo\/image\/\"},\"sameAs\":[\"https:\/\/x.com\/narteks\",\"https:\/\/instagram.com\/narteksnet\"]},{\"@type\":\"Person\",\"@id\":\"https:\/\/narteks.net\/#\/schema\/person\/61f37d9834294b72d31d274e7ed79bca\",\"name\":\"Tar\u0131k\",\"image\":{\"@type\":\"ImageObject\",\"inLanguage\":\"tr\",\"@id\":\"https:\/\/narteks.net\/#\/schema\/person\/image\/\",\"url\":\"https:\/\/secure.gravatar.com\/avatar\/50865afb55632c4ae467e0af0930f6510aa2297d8014be502a55b14f3b7550cf?s=96&d=mm&r=g\",\"contentUrl\":\"https:\/\/secure.gravatar.com\/avatar\/50865afb55632c4ae467e0af0930f6510aa2297d8014be502a55b14f3b7550cf?s=96&d=mm&r=g\",\"caption\":\"Tar\u0131k\"},\"sameAs\":[\"http:\/\/narteks.net\"],\"url\":\"https:\/\/narteks.net\/index.php\/author\/narbak\/\"}]}<\/script>\n<!-- \/ Yoast SEO Premium plugin. -->","yoast_head_json":{"title":"\u015eEH\u0130TLER - narteks.net","robots":{"index":"index","follow":"follow","max-snippet":"max-snippet:-1","max-image-preview":"max-image-preview:large","max-video-preview":"max-video-preview:-1"},"canonical":"https:\/\/narteks.net\/index.php\/2011\/06\/07\/sehitler\/","og_locale":"tr_TR","og_type":"article","og_title":"\u015eEH\u0130TLER","og_description":"\u00a0 \u015eehitler, Kuv\u00e2yi Milliye \u015fehitleri, mezardan \u00e7\u0131kman\u0131n vaktidir! \u015eehitler, Kuv\u00e2yi Milliye \u015fehitleri, Sakarya&#8217;da, \u0130n\u00f6n\u00fc&#8217;nde, Afyon&#8217;dakiler Dumlup\u0131nar&#8217;dakiler de elbet ve de Ayd\u0131n&#8217;da, Antep&#8217;te vurulup d\u00fc\u015fenler, siz toprak alt\u0131nda ulu k\u00f6klerimizsiniz yatars\u0131n\u0131z al kanlar i\u00e7inde. \u015eehitler, Kuv\u00e2yi Milliye \u015fehitleri, siz toprak alt\u0131nda derin uykudayken d\u00fc\u015fman\u0131 \u00e7a\u011f\u0131rd\u0131lar, sat\u0131ld\u0131k, uyan\u0131n! Biz toprak \u00fcst\u00fcnde derin uykularday\u0131z, kalk\u0131p uyand\u0131r\u0131n bizi! uyand\u0131r\u0131n [&hellip;]","og_url":"https:\/\/narteks.net\/index.php\/2011\/06\/07\/sehitler\/","og_site_name":"narteks.net","article_published_time":"2011-06-07T09:16:10+00:00","og_image":[{"width":300,"height":90,"url":"https:\/\/narteks.net\/wp-content\/uploads\/narteks.png","type":"image\/png"}],"author":"Tar\u0131k","twitter_card":"summary_large_image","twitter_creator":"@narteks","twitter_site":"@narteks","twitter_misc":{"Yazan:":"Tar\u0131k"},"schema":{"@context":"https:\/\/schema.org","@graph":[{"@type":"Article","@id":"https:\/\/narteks.net\/index.php\/2011\/06\/07\/sehitler\/#article","isPartOf":{"@id":"https:\/\/narteks.net\/index.php\/2011\/06\/07\/sehitler\/"},"author":{"name":"Tar\u0131k","@id":"https:\/\/narteks.net\/#\/schema\/person\/61f37d9834294b72d31d274e7ed79bca"},"headline":"\u015eEH\u0130TLER","datePublished":"2011-06-07T09:16:10+00:00","mainEntityOfPage":{"@id":"https:\/\/narteks.net\/index.php\/2011\/06\/07\/sehitler\/"},"wordCount":98,"commentCount":0,"publisher":{"@id":"https:\/\/narteks.net\/#organization"},"articleSection":["Naz\u0131m H\u0130KMET RAN"],"inLanguage":"tr","potentialAction":[{"@type":"CommentAction","name":"Comment","target":["https:\/\/narteks.net\/index.php\/2011\/06\/07\/sehitler\/#respond"]}]},{"@type":"WebPage","@id":"https:\/\/narteks.net\/index.php\/2011\/06\/07\/sehitler\/","url":"https:\/\/narteks.net\/index.php\/2011\/06\/07\/sehitler\/","name":"\u015eEH\u0130TLER - narteks.net","isPartOf":{"@id":"https:\/\/narteks.net\/#website"},"datePublished":"2011-06-07T09:16:10+00:00","breadcrumb":{"@id":"https:\/\/narteks.net\/index.php\/2011\/06\/07\/sehitler\/#breadcrumb"},"inLanguage":"tr","potentialAction":[{"@type":"ReadAction","target":["https:\/\/narteks.net\/index.php\/2011\/06\/07\/sehitler\/"]}]},{"@type":"BreadcrumbList","@id":"https:\/\/narteks.net\/index.php\/2011\/06\/07\/sehitler\/#breadcrumb","itemListElement":[{"@type":"ListItem","position":1,"name":"Anasayfa","item":"https:\/\/narteks.net\/"},{"@type":"ListItem","position":2,"name":"\u015eEH\u0130TLER"}]},{"@type":"WebSite","@id":"https:\/\/narteks.net\/#website","url":"https:\/\/narteks.net\/","name":"narteks.net","description":"K\u00fclt\u00fcr Sanat Edebiyat Felsefe","publisher":{"@id":"https:\/\/narteks.net\/#organization"},"alternateName":"K\u00fclt\u00fcr Sanat Edebiyat Felsefe","potentialAction":[{"@type":"SearchAction","target":{"@type":"EntryPoint","urlTemplate":"https:\/\/narteks.net\/?s={search_term_string}"},"query-input":{"@type":"PropertyValueSpecification","valueRequired":true,"valueName":"search_term_string"}}],"inLanguage":"tr"},{"@type":"Organization","@id":"https:\/\/narteks.net\/#organization","name":"narteks.net","url":"https:\/\/narteks.net\/","logo":{"@type":"ImageObject","inLanguage":"tr","@id":"https:\/\/narteks.net\/#\/schema\/logo\/image\/","url":"https:\/\/narteks.net\/wp-content\/uploads\/narteks.png","contentUrl":"https:\/\/narteks.net\/wp-content\/uploads\/narteks.png","width":300,"height":90,"caption":"narteks.net"},"image":{"@id":"https:\/\/narteks.net\/#\/schema\/logo\/image\/"},"sameAs":["https:\/\/x.com\/narteks","https:\/\/instagram.com\/narteksnet"]},{"@type":"Person","@id":"https:\/\/narteks.net\/#\/schema\/person\/61f37d9834294b72d31d274e7ed79bca","name":"Tar\u0131k","image":{"@type":"ImageObject","inLanguage":"tr","@id":"https:\/\/narteks.net\/#\/schema\/person\/image\/","url":"https:\/\/secure.gravatar.com\/avatar\/50865afb55632c4ae467e0af0930f6510aa2297d8014be502a55b14f3b7550cf?s=96&d=mm&r=g","contentUrl":"https:\/\/secure.gravatar.com\/avatar\/50865afb55632c4ae467e0af0930f6510aa2297d8014be502a55b14f3b7550cf?s=96&d=mm&r=g","caption":"Tar\u0131k"},"sameAs":["http:\/\/narteks.net"],"url":"https:\/\/narteks.net\/index.php\/author\/narbak\/"}]}},"_links":{"self":[{"href":"https:\/\/narteks.net\/index.php\/wp-json\/wp\/v2\/posts\/6417","targetHints":{"allow":["GET"]}}],"collection":[{"href":"https:\/\/narteks.net\/index.php\/wp-json\/wp\/v2\/posts"}],"about":[{"href":"https:\/\/narteks.net\/index.php\/wp-json\/wp\/v2\/types\/post"}],"author":[{"embeddable":true,"href":"https:\/\/narteks.net\/index.php\/wp-json\/wp\/v2\/users\/1"}],"replies":[{"embeddable":true,"href":"https:\/\/narteks.net\/index.php\/wp-json\/wp\/v2\/comments?post=6417"}],"version-history":[{"count":0,"href":"https:\/\/narteks.net\/index.php\/wp-json\/wp\/v2\/posts\/6417\/revisions"}],"wp:attachment":[{"href":"https:\/\/narteks.net\/index.php\/wp-json\/wp\/v2\/media?parent=6417"}],"wp:term":[{"taxonomy":"category","embeddable":true,"href":"https:\/\/narteks.net\/index.php\/wp-json\/wp\/v2\/categories?post=6417"},{"taxonomy":"post_tag","embeddable":true,"href":"https:\/\/narteks.net\/index.php\/wp-json\/wp\/v2\/tags?post=6417"}],"curies":[{"name":"wp","href":"https:\/\/api.w.org\/{rel}","templated":true}]}}