{"id":6419,"date":"2011-06-07T12:17:51","date_gmt":"2011-06-07T09:17:51","guid":{"rendered":"http:\/\/localhost\/wordpress\/2011\/06\/07\/teftis\/"},"modified":"2011-06-07T12:17:51","modified_gmt":"2011-06-07T09:17:51","slug":"teftis","status":"publish","type":"post","link":"https:\/\/narteks.net\/index.php\/2011\/06\/07\/teftis\/","title":{"rendered":"TEFT\u0130\u015e"},"content":{"rendered":"<p>\u00a0<\/p>\n<p>Sayfada sayg\u0131yla g\u00f6ze \u00e7arps\u0131n diye <br \/> komu\u015flar foto\u011fraf\u0131 ba\u015f k\u00f6\u015feye. <br \/> \u0130zmir&#8217;de, Kordon&#8217;da, Memetleri tefti\u015f. <br \/> Vakit \u00f6\u011fle, hava s\u0131cak, g\u00fcn uzun belli. <br \/> \u00d6nde Amerikan pa\u015fas\u0131 kafay\u0131 dikmi\u015f <br \/> ve s\u0131rmal\u0131 \u015fapkas\u0131nda eli <br \/> kasap b\u0131\u00e7a\u011f\u0131 gibi parl\u0131yor keskin, geni\u015f <br \/> ve k\u00fcfredip sesini duyuyorum <br \/> topra\u011f\u0131ma tokat gibi inen ad\u0131mlar\u0131n\u0131n. <br \/> T\u00fcrk pa\u015fas\u0131 on be\u015f ad\u0131m geride. <br \/> Y\u00fcz\u00fcn\u00fc g\u00f6remiyorum, g\u00f6lgeli. <br \/> Belki al\u0131\u015fm\u0131\u015f, <br \/> belki utan\u0131yor, belki \u00f6fkeli. <br \/> Memetlere bak\u0131yorum : <br \/> Di\u015fleri kenetli, g\u00f6zleri karanl\u0131k, <br \/> g\u00f6zleri dikilmi\u015f yere. <br \/> San\u0131yorum yak\u0131nd\u0131r, bir daha \u00e7\u0131kmayacaklar <br \/> \u0130zmir&#8217;de, Kordonboyu&#8217;nda b\u00f6yle tefti\u015flere&#8230;<\/p>\n<p>1962<\/p>\n<p>Naz\u0131m Hikmet RAN<\/p>\n","protected":false},"excerpt":{"rendered":"<p>\u00a0 Sayfada sayg\u0131yla g\u00f6ze \u00e7arps\u0131n diye komu\u015flar foto\u011fraf\u0131 ba\u015f k\u00f6\u015feye. \u0130zmir&#8217;de, Kordon&#8217;da, Memetleri tefti\u015f. Vakit \u00f6\u011fle, hava s\u0131cak, g\u00fcn uzun belli. \u00d6nde Amerikan pa\u015fas\u0131 kafay\u0131 dikmi\u015f ve s\u0131rmal\u0131 \u015fapkas\u0131nda eli kasap b\u0131\u00e7a\u011f\u0131 gibi parl\u0131yor keskin, geni\u015f ve k\u00fcfredip sesini duyuyorum topra\u011f\u0131ma tokat gibi inen ad\u0131mlar\u0131n\u0131n. T\u00fcrk pa\u015fas\u0131 on be\u015f ad\u0131m geride. Y\u00fcz\u00fcn\u00fc g\u00f6remiyorum, g\u00f6lgeli. Belki [&hellip;]<\/p>\n","protected":false},"author":1,"featured_media":0,"comment_status":"open","ping_status":"open","sticky":false,"template":"","format":"standard","meta":{"footnotes":""},"categories":[59],"tags":[],"class_list":{"0":"post-6419","1":"post","2":"type-post","3":"status-publish","4":"format-standard","6":"category-nazim-hikmet-ran"},"yoast_head":"<!-- This site is optimized with the Yoast SEO Premium plugin v24.9 (Yoast SEO v24.9) - https:\/\/yoast.com\/wordpress\/plugins\/seo\/ -->\n<title>TEFT\u0130\u015e - narteks.net<\/title>\n<meta name=\"robots\" content=\"index, follow, max-snippet:-1, max-image-preview:large, max-video-preview:-1\" \/>\n<link rel=\"canonical\" href=\"https:\/\/narteks.net\/index.php\/2011\/06\/07\/teftis\/\" \/>\n<meta property=\"og:locale\" content=\"tr_TR\" \/>\n<meta property=\"og:type\" content=\"article\" \/>\n<meta property=\"og:title\" content=\"TEFT\u0130\u015e\" \/>\n<meta property=\"og:description\" content=\"\u00a0 Sayfada sayg\u0131yla g\u00f6ze \u00e7arps\u0131n diye komu\u015flar foto\u011fraf\u0131 ba\u015f k\u00f6\u015feye. \u0130zmir&#8217;de, Kordon&#8217;da, Memetleri tefti\u015f. Vakit \u00f6\u011fle, hava s\u0131cak, g\u00fcn uzun belli. \u00d6nde Amerikan pa\u015fas\u0131 kafay\u0131 dikmi\u015f ve s\u0131rmal\u0131 \u015fapkas\u0131nda eli kasap b\u0131\u00e7a\u011f\u0131 gibi parl\u0131yor keskin, geni\u015f ve k\u00fcfredip sesini duyuyorum topra\u011f\u0131ma tokat gibi inen ad\u0131mlar\u0131n\u0131n. T\u00fcrk pa\u015fas\u0131 on be\u015f ad\u0131m geride. Y\u00fcz\u00fcn\u00fc g\u00f6remiyorum, g\u00f6lgeli. Belki [&hellip;]\" \/>\n<meta property=\"og:url\" content=\"https:\/\/narteks.net\/index.php\/2011\/06\/07\/teftis\/\" \/>\n<meta property=\"og:site_name\" content=\"narteks.net\" \/>\n<meta property=\"article:published_time\" content=\"2011-06-07T09:17:51+00:00\" \/>\n<meta property=\"og:image\" content=\"https:\/\/narteks.net\/wp-content\/uploads\/narteks.png\" \/>\n\t<meta property=\"og:image:width\" content=\"300\" \/>\n\t<meta property=\"og:image:height\" content=\"90\" \/>\n\t<meta property=\"og:image:type\" content=\"image\/png\" \/>\n<meta name=\"author\" content=\"Tar\u0131k\" \/>\n<meta name=\"twitter:card\" content=\"summary_large_image\" \/>\n<meta name=\"twitter:creator\" content=\"@narteks\" \/>\n<meta name=\"twitter:site\" content=\"@narteks\" \/>\n<meta name=\"twitter:label1\" content=\"Yazan:\" \/>\n\t<meta name=\"twitter:data1\" content=\"Tar\u0131k\" \/>\n\t<meta name=\"twitter:label2\" content=\"Tahmini okuma s\u00fcresi\" \/>\n\t<meta name=\"twitter:data2\" content=\"1 dakika\" \/>\n<script type=\"application\/ld+json\" class=\"yoast-schema-graph\">{\"@context\":\"https:\/\/schema.org\",\"@graph\":[{\"@type\":\"Article\",\"@id\":\"https:\/\/narteks.net\/index.php\/2011\/06\/07\/teftis\/#article\",\"isPartOf\":{\"@id\":\"https:\/\/narteks.net\/index.php\/2011\/06\/07\/teftis\/\"},\"author\":{\"name\":\"Tar\u0131k\",\"@id\":\"https:\/\/narteks.net\/#\/schema\/person\/61f37d9834294b72d31d274e7ed79bca\"},\"headline\":\"TEFT\u0130\u015e\",\"datePublished\":\"2011-06-07T09:17:51+00:00\",\"mainEntityOfPage\":{\"@id\":\"https:\/\/narteks.net\/index.php\/2011\/06\/07\/teftis\/\"},\"wordCount\":119,\"commentCount\":0,\"publisher\":{\"@id\":\"https:\/\/narteks.net\/#organization\"},\"articleSection\":[\"Naz\u0131m H\u0130KMET RAN\"],\"inLanguage\":\"tr\",\"potentialAction\":[{\"@type\":\"CommentAction\",\"name\":\"Comment\",\"target\":[\"https:\/\/narteks.net\/index.php\/2011\/06\/07\/teftis\/#respond\"]}]},{\"@type\":\"WebPage\",\"@id\":\"https:\/\/narteks.net\/index.php\/2011\/06\/07\/teftis\/\",\"url\":\"https:\/\/narteks.net\/index.php\/2011\/06\/07\/teftis\/\",\"name\":\"TEFT\u0130\u015e - narteks.net\",\"isPartOf\":{\"@id\":\"https:\/\/narteks.net\/#website\"},\"datePublished\":\"2011-06-07T09:17:51+00:00\",\"breadcrumb\":{\"@id\":\"https:\/\/narteks.net\/index.php\/2011\/06\/07\/teftis\/#breadcrumb\"},\"inLanguage\":\"tr\",\"potentialAction\":[{\"@type\":\"ReadAction\",\"target\":[\"https:\/\/narteks.net\/index.php\/2011\/06\/07\/teftis\/\"]}]},{\"@type\":\"BreadcrumbList\",\"@id\":\"https:\/\/narteks.net\/index.php\/2011\/06\/07\/teftis\/#breadcrumb\",\"itemListElement\":[{\"@type\":\"ListItem\",\"position\":1,\"name\":\"Anasayfa\",\"item\":\"https:\/\/narteks.net\/\"},{\"@type\":\"ListItem\",\"position\":2,\"name\":\"TEFT\u0130\u015e\"}]},{\"@type\":\"WebSite\",\"@id\":\"https:\/\/narteks.net\/#website\",\"url\":\"https:\/\/narteks.net\/\",\"name\":\"narteks.net\",\"description\":\"K\u00fclt\u00fcr Sanat Edebiyat Felsefe\",\"publisher\":{\"@id\":\"https:\/\/narteks.net\/#organization\"},\"alternateName\":\"K\u00fclt\u00fcr Sanat Edebiyat Felsefe\",\"potentialAction\":[{\"@type\":\"SearchAction\",\"target\":{\"@type\":\"EntryPoint\",\"urlTemplate\":\"https:\/\/narteks.net\/?s={search_term_string}\"},\"query-input\":{\"@type\":\"PropertyValueSpecification\",\"valueRequired\":true,\"valueName\":\"search_term_string\"}}],\"inLanguage\":\"tr\"},{\"@type\":\"Organization\",\"@id\":\"https:\/\/narteks.net\/#organization\",\"name\":\"narteks.net\",\"url\":\"https:\/\/narteks.net\/\",\"logo\":{\"@type\":\"ImageObject\",\"inLanguage\":\"tr\",\"@id\":\"https:\/\/narteks.net\/#\/schema\/logo\/image\/\",\"url\":\"https:\/\/narteks.net\/wp-content\/uploads\/narteks.png\",\"contentUrl\":\"https:\/\/narteks.net\/wp-content\/uploads\/narteks.png\",\"width\":300,\"height\":90,\"caption\":\"narteks.net\"},\"image\":{\"@id\":\"https:\/\/narteks.net\/#\/schema\/logo\/image\/\"},\"sameAs\":[\"https:\/\/x.com\/narteks\",\"https:\/\/instagram.com\/narteksnet\"]},{\"@type\":\"Person\",\"@id\":\"https:\/\/narteks.net\/#\/schema\/person\/61f37d9834294b72d31d274e7ed79bca\",\"name\":\"Tar\u0131k\",\"image\":{\"@type\":\"ImageObject\",\"inLanguage\":\"tr\",\"@id\":\"https:\/\/narteks.net\/#\/schema\/person\/image\/\",\"url\":\"https:\/\/secure.gravatar.com\/avatar\/50865afb55632c4ae467e0af0930f6510aa2297d8014be502a55b14f3b7550cf?s=96&d=mm&r=g\",\"contentUrl\":\"https:\/\/secure.gravatar.com\/avatar\/50865afb55632c4ae467e0af0930f6510aa2297d8014be502a55b14f3b7550cf?s=96&d=mm&r=g\",\"caption\":\"Tar\u0131k\"},\"sameAs\":[\"http:\/\/narteks.net\"],\"url\":\"https:\/\/narteks.net\/index.php\/author\/narbak\/\"}]}<\/script>\n<!-- \/ Yoast SEO Premium plugin. -->","yoast_head_json":{"title":"TEFT\u0130\u015e - narteks.net","robots":{"index":"index","follow":"follow","max-snippet":"max-snippet:-1","max-image-preview":"max-image-preview:large","max-video-preview":"max-video-preview:-1"},"canonical":"https:\/\/narteks.net\/index.php\/2011\/06\/07\/teftis\/","og_locale":"tr_TR","og_type":"article","og_title":"TEFT\u0130\u015e","og_description":"\u00a0 Sayfada sayg\u0131yla g\u00f6ze \u00e7arps\u0131n diye komu\u015flar foto\u011fraf\u0131 ba\u015f k\u00f6\u015feye. \u0130zmir&#8217;de, Kordon&#8217;da, Memetleri tefti\u015f. Vakit \u00f6\u011fle, hava s\u0131cak, g\u00fcn uzun belli. \u00d6nde Amerikan pa\u015fas\u0131 kafay\u0131 dikmi\u015f ve s\u0131rmal\u0131 \u015fapkas\u0131nda eli kasap b\u0131\u00e7a\u011f\u0131 gibi parl\u0131yor keskin, geni\u015f ve k\u00fcfredip sesini duyuyorum topra\u011f\u0131ma tokat gibi inen ad\u0131mlar\u0131n\u0131n. T\u00fcrk pa\u015fas\u0131 on be\u015f ad\u0131m geride. Y\u00fcz\u00fcn\u00fc g\u00f6remiyorum, g\u00f6lgeli. Belki [&hellip;]","og_url":"https:\/\/narteks.net\/index.php\/2011\/06\/07\/teftis\/","og_site_name":"narteks.net","article_published_time":"2011-06-07T09:17:51+00:00","og_image":[{"width":300,"height":90,"url":"https:\/\/narteks.net\/wp-content\/uploads\/narteks.png","type":"image\/png"}],"author":"Tar\u0131k","twitter_card":"summary_large_image","twitter_creator":"@narteks","twitter_site":"@narteks","twitter_misc":{"Yazan:":"Tar\u0131k","Tahmini okuma s\u00fcresi":"1 dakika"},"schema":{"@context":"https:\/\/schema.org","@graph":[{"@type":"Article","@id":"https:\/\/narteks.net\/index.php\/2011\/06\/07\/teftis\/#article","isPartOf":{"@id":"https:\/\/narteks.net\/index.php\/2011\/06\/07\/teftis\/"},"author":{"name":"Tar\u0131k","@id":"https:\/\/narteks.net\/#\/schema\/person\/61f37d9834294b72d31d274e7ed79bca"},"headline":"TEFT\u0130\u015e","datePublished":"2011-06-07T09:17:51+00:00","mainEntityOfPage":{"@id":"https:\/\/narteks.net\/index.php\/2011\/06\/07\/teftis\/"},"wordCount":119,"commentCount":0,"publisher":{"@id":"https:\/\/narteks.net\/#organization"},"articleSection":["Naz\u0131m H\u0130KMET RAN"],"inLanguage":"tr","potentialAction":[{"@type":"CommentAction","name":"Comment","target":["https:\/\/narteks.net\/index.php\/2011\/06\/07\/teftis\/#respond"]}]},{"@type":"WebPage","@id":"https:\/\/narteks.net\/index.php\/2011\/06\/07\/teftis\/","url":"https:\/\/narteks.net\/index.php\/2011\/06\/07\/teftis\/","name":"TEFT\u0130\u015e - narteks.net","isPartOf":{"@id":"https:\/\/narteks.net\/#website"},"datePublished":"2011-06-07T09:17:51+00:00","breadcrumb":{"@id":"https:\/\/narteks.net\/index.php\/2011\/06\/07\/teftis\/#breadcrumb"},"inLanguage":"tr","potentialAction":[{"@type":"ReadAction","target":["https:\/\/narteks.net\/index.php\/2011\/06\/07\/teftis\/"]}]},{"@type":"BreadcrumbList","@id":"https:\/\/narteks.net\/index.php\/2011\/06\/07\/teftis\/#breadcrumb","itemListElement":[{"@type":"ListItem","position":1,"name":"Anasayfa","item":"https:\/\/narteks.net\/"},{"@type":"ListItem","position":2,"name":"TEFT\u0130\u015e"}]},{"@type":"WebSite","@id":"https:\/\/narteks.net\/#website","url":"https:\/\/narteks.net\/","name":"narteks.net","description":"K\u00fclt\u00fcr Sanat Edebiyat Felsefe","publisher":{"@id":"https:\/\/narteks.net\/#organization"},"alternateName":"K\u00fclt\u00fcr Sanat Edebiyat Felsefe","potentialAction":[{"@type":"SearchAction","target":{"@type":"EntryPoint","urlTemplate":"https:\/\/narteks.net\/?s={search_term_string}"},"query-input":{"@type":"PropertyValueSpecification","valueRequired":true,"valueName":"search_term_string"}}],"inLanguage":"tr"},{"@type":"Organization","@id":"https:\/\/narteks.net\/#organization","name":"narteks.net","url":"https:\/\/narteks.net\/","logo":{"@type":"ImageObject","inLanguage":"tr","@id":"https:\/\/narteks.net\/#\/schema\/logo\/image\/","url":"https:\/\/narteks.net\/wp-content\/uploads\/narteks.png","contentUrl":"https:\/\/narteks.net\/wp-content\/uploads\/narteks.png","width":300,"height":90,"caption":"narteks.net"},"image":{"@id":"https:\/\/narteks.net\/#\/schema\/logo\/image\/"},"sameAs":["https:\/\/x.com\/narteks","https:\/\/instagram.com\/narteksnet"]},{"@type":"Person","@id":"https:\/\/narteks.net\/#\/schema\/person\/61f37d9834294b72d31d274e7ed79bca","name":"Tar\u0131k","image":{"@type":"ImageObject","inLanguage":"tr","@id":"https:\/\/narteks.net\/#\/schema\/person\/image\/","url":"https:\/\/secure.gravatar.com\/avatar\/50865afb55632c4ae467e0af0930f6510aa2297d8014be502a55b14f3b7550cf?s=96&d=mm&r=g","contentUrl":"https:\/\/secure.gravatar.com\/avatar\/50865afb55632c4ae467e0af0930f6510aa2297d8014be502a55b14f3b7550cf?s=96&d=mm&r=g","caption":"Tar\u0131k"},"sameAs":["http:\/\/narteks.net"],"url":"https:\/\/narteks.net\/index.php\/author\/narbak\/"}]}},"_links":{"self":[{"href":"https:\/\/narteks.net\/index.php\/wp-json\/wp\/v2\/posts\/6419","targetHints":{"allow":["GET"]}}],"collection":[{"href":"https:\/\/narteks.net\/index.php\/wp-json\/wp\/v2\/posts"}],"about":[{"href":"https:\/\/narteks.net\/index.php\/wp-json\/wp\/v2\/types\/post"}],"author":[{"embeddable":true,"href":"https:\/\/narteks.net\/index.php\/wp-json\/wp\/v2\/users\/1"}],"replies":[{"embeddable":true,"href":"https:\/\/narteks.net\/index.php\/wp-json\/wp\/v2\/comments?post=6419"}],"version-history":[{"count":0,"href":"https:\/\/narteks.net\/index.php\/wp-json\/wp\/v2\/posts\/6419\/revisions"}],"wp:attachment":[{"href":"https:\/\/narteks.net\/index.php\/wp-json\/wp\/v2\/media?parent=6419"}],"wp:term":[{"taxonomy":"category","embeddable":true,"href":"https:\/\/narteks.net\/index.php\/wp-json\/wp\/v2\/categories?post=6419"},{"taxonomy":"post_tag","embeddable":true,"href":"https:\/\/narteks.net\/index.php\/wp-json\/wp\/v2\/tags?post=6419"}],"curies":[{"name":"wp","href":"https:\/\/api.w.org\/{rel}","templated":true}]}}