{"id":6421,"date":"2011-06-07T12:19:16","date_gmt":"2011-06-07T09:19:16","guid":{"rendered":"http:\/\/localhost\/wordpress\/2011\/06\/07\/turkiye-isci-sinifina-selam\/"},"modified":"2011-06-07T12:19:16","modified_gmt":"2011-06-07T09:19:16","slug":"turkiye-isci-sinifina-selam","status":"publish","type":"post","link":"https:\/\/narteks.net\/index.php\/2011\/06\/07\/turkiye-isci-sinifina-selam\/","title":{"rendered":"T\u00dcRK\u0130YE \u0130\u015e\u00c7\u0130 SINIFINA SELAM"},"content":{"rendered":"<p>\u00a0<\/p>\n<p>T\u00fcrkiye i\u015f\u00e7i s\u0131n\u0131f\u0131na sel\u00e2m! <br \/> Sel\u00e2m yaratana! <br \/> Tohumlar\u0131n tohumuna, serpilip geli\u015fene sel\u00e2m! <br \/> B\u00fct\u00fcn yemi\u015fler dallar\u0131n\u0131zdad\u0131r. <br \/> Beklenen g\u00fcnler, g\u00fczel g\u00fcnlerimiz ellerinizdedir, <br \/> hakl\u0131 g\u00fcnler, b\u00fcy\u00fck g\u00fcnler, <br \/> g\u00fcnd\u00fczlerinde s\u00f6m\u00fcr\u00fclmeyen, gecelerinde a\u00e7 yat\u0131lmayan, <br \/> ekmek, g\u00fcl ve h\u00fcrriyet g\u00fcnleri.<\/p>\n<p>T\u00fcrkiye i\u015f\u00e7i s\u0131n\u0131f\u0131na sel\u00e2m! <br \/> Meydanlarda hasretimizi hayk\u0131ranlara, <br \/> topra\u011fa, kitaba, i\u015fe hasretimizi, <br \/> hasretimizi, ayy\u0131ld\u0131z\u0131 esir bayra\u011f\u0131m\u0131za.<\/p>\n<p>D\u00fc\u015fman\u0131 yenecek i\u015f\u00e7i s\u0131n\u0131f\u0131m\u0131za sel\u00e2m! <br \/> Paran\u0131n padi\u015fahl\u0131\u011f\u0131n\u0131, <br \/> karanl\u0131\u011f\u0131n\u0131 yobaz\u0131n <br \/> ve yabanc\u0131n\u0131n roketini yenecek i\u015f\u00e7i s\u0131n\u0131f\u0131na sel\u00e2m!<\/p>\n<p>T\u00fcrkiye i\u015f\u00e7i s\u0131n\u0131f\u0131na sel\u00e2m! <br \/> Sel\u00e2m yaratana!<\/p>\n<p>12 A\u011fustos 1962<\/p>\n<p>Naz\u0131m Hikmet RAN<\/p>\n","protected":false},"excerpt":{"rendered":"<p>\u00a0 T\u00fcrkiye i\u015f\u00e7i s\u0131n\u0131f\u0131na sel\u00e2m! Sel\u00e2m yaratana! Tohumlar\u0131n tohumuna, serpilip geli\u015fene sel\u00e2m! B\u00fct\u00fcn yemi\u015fler dallar\u0131n\u0131zdad\u0131r. Beklenen g\u00fcnler, g\u00fczel g\u00fcnlerimiz ellerinizdedir, hakl\u0131 g\u00fcnler, b\u00fcy\u00fck g\u00fcnler, g\u00fcnd\u00fczlerinde s\u00f6m\u00fcr\u00fclmeyen, gecelerinde a\u00e7 yat\u0131lmayan, ekmek, g\u00fcl ve h\u00fcrriyet g\u00fcnleri. T\u00fcrkiye i\u015f\u00e7i s\u0131n\u0131f\u0131na sel\u00e2m! Meydanlarda hasretimizi hayk\u0131ranlara, topra\u011fa, kitaba, i\u015fe hasretimizi, hasretimizi, ayy\u0131ld\u0131z\u0131 esir bayra\u011f\u0131m\u0131za. D\u00fc\u015fman\u0131 yenecek i\u015f\u00e7i s\u0131n\u0131f\u0131m\u0131za sel\u00e2m! Paran\u0131n [&hellip;]<\/p>\n","protected":false},"author":1,"featured_media":0,"comment_status":"open","ping_status":"open","sticky":false,"template":"","format":"standard","meta":{"footnotes":""},"categories":[59],"tags":[],"class_list":{"0":"post-6421","1":"post","2":"type-post","3":"status-publish","4":"format-standard","6":"category-nazim-hikmet-ran"},"yoast_head":"<!-- This site is optimized with the Yoast SEO Premium plugin v24.9 (Yoast SEO v24.9) - https:\/\/yoast.com\/wordpress\/plugins\/seo\/ -->\n<title>T\u00dcRK\u0130YE \u0130\u015e\u00c7\u0130 SINIFINA SELAM - narteks.net<\/title>\n<meta name=\"robots\" content=\"index, follow, max-snippet:-1, max-image-preview:large, max-video-preview:-1\" \/>\n<link rel=\"canonical\" href=\"https:\/\/narteks.net\/index.php\/2011\/06\/07\/turkiye-isci-sinifina-selam\/\" \/>\n<meta property=\"og:locale\" content=\"tr_TR\" \/>\n<meta property=\"og:type\" content=\"article\" \/>\n<meta property=\"og:title\" content=\"T\u00dcRK\u0130YE \u0130\u015e\u00c7\u0130 SINIFINA SELAM\" \/>\n<meta property=\"og:description\" content=\"\u00a0 T\u00fcrkiye i\u015f\u00e7i s\u0131n\u0131f\u0131na sel\u00e2m! Sel\u00e2m yaratana! Tohumlar\u0131n tohumuna, serpilip geli\u015fene sel\u00e2m! B\u00fct\u00fcn yemi\u015fler dallar\u0131n\u0131zdad\u0131r. Beklenen g\u00fcnler, g\u00fczel g\u00fcnlerimiz ellerinizdedir, hakl\u0131 g\u00fcnler, b\u00fcy\u00fck g\u00fcnler, g\u00fcnd\u00fczlerinde s\u00f6m\u00fcr\u00fclmeyen, gecelerinde a\u00e7 yat\u0131lmayan, ekmek, g\u00fcl ve h\u00fcrriyet g\u00fcnleri. T\u00fcrkiye i\u015f\u00e7i s\u0131n\u0131f\u0131na sel\u00e2m! Meydanlarda hasretimizi hayk\u0131ranlara, topra\u011fa, kitaba, i\u015fe hasretimizi, hasretimizi, ayy\u0131ld\u0131z\u0131 esir bayra\u011f\u0131m\u0131za. D\u00fc\u015fman\u0131 yenecek i\u015f\u00e7i s\u0131n\u0131f\u0131m\u0131za sel\u00e2m! Paran\u0131n [&hellip;]\" \/>\n<meta property=\"og:url\" content=\"https:\/\/narteks.net\/index.php\/2011\/06\/07\/turkiye-isci-sinifina-selam\/\" \/>\n<meta property=\"og:site_name\" content=\"narteks.net\" \/>\n<meta property=\"article:published_time\" content=\"2011-06-07T09:19:16+00:00\" \/>\n<meta property=\"og:image\" content=\"https:\/\/narteks.net\/wp-content\/uploads\/narteks.png\" \/>\n\t<meta property=\"og:image:width\" content=\"300\" \/>\n\t<meta property=\"og:image:height\" content=\"90\" \/>\n\t<meta property=\"og:image:type\" content=\"image\/png\" \/>\n<meta name=\"author\" content=\"Tar\u0131k\" \/>\n<meta name=\"twitter:card\" content=\"summary_large_image\" \/>\n<meta name=\"twitter:creator\" content=\"@narteks\" \/>\n<meta name=\"twitter:site\" content=\"@narteks\" \/>\n<meta name=\"twitter:label1\" content=\"Yazan:\" \/>\n\t<meta name=\"twitter:data1\" content=\"Tar\u0131k\" \/>\n\t<meta name=\"twitter:label2\" content=\"Tahmini okuma s\u00fcresi\" \/>\n\t<meta name=\"twitter:data2\" content=\"1 dakika\" \/>\n<script type=\"application\/ld+json\" class=\"yoast-schema-graph\">{\"@context\":\"https:\/\/schema.org\",\"@graph\":[{\"@type\":\"Article\",\"@id\":\"https:\/\/narteks.net\/index.php\/2011\/06\/07\/turkiye-isci-sinifina-selam\/#article\",\"isPartOf\":{\"@id\":\"https:\/\/narteks.net\/index.php\/2011\/06\/07\/turkiye-isci-sinifina-selam\/\"},\"author\":{\"name\":\"Tar\u0131k\",\"@id\":\"https:\/\/narteks.net\/#\/schema\/person\/61f37d9834294b72d31d274e7ed79bca\"},\"headline\":\"T\u00dcRK\u0130YE \u0130\u015e\u00c7\u0130 SINIFINA SELAM\",\"datePublished\":\"2011-06-07T09:19:16+00:00\",\"mainEntityOfPage\":{\"@id\":\"https:\/\/narteks.net\/index.php\/2011\/06\/07\/turkiye-isci-sinifina-selam\/\"},\"wordCount\":152,\"commentCount\":0,\"publisher\":{\"@id\":\"https:\/\/narteks.net\/#organization\"},\"articleSection\":[\"Naz\u0131m H\u0130KMET RAN\"],\"inLanguage\":\"tr\",\"potentialAction\":[{\"@type\":\"CommentAction\",\"name\":\"Comment\",\"target\":[\"https:\/\/narteks.net\/index.php\/2011\/06\/07\/turkiye-isci-sinifina-selam\/#respond\"]}]},{\"@type\":\"WebPage\",\"@id\":\"https:\/\/narteks.net\/index.php\/2011\/06\/07\/turkiye-isci-sinifina-selam\/\",\"url\":\"https:\/\/narteks.net\/index.php\/2011\/06\/07\/turkiye-isci-sinifina-selam\/\",\"name\":\"T\u00dcRK\u0130YE \u0130\u015e\u00c7\u0130 SINIFINA SELAM - narteks.net\",\"isPartOf\":{\"@id\":\"https:\/\/narteks.net\/#website\"},\"datePublished\":\"2011-06-07T09:19:16+00:00\",\"breadcrumb\":{\"@id\":\"https:\/\/narteks.net\/index.php\/2011\/06\/07\/turkiye-isci-sinifina-selam\/#breadcrumb\"},\"inLanguage\":\"tr\",\"potentialAction\":[{\"@type\":\"ReadAction\",\"target\":[\"https:\/\/narteks.net\/index.php\/2011\/06\/07\/turkiye-isci-sinifina-selam\/\"]}]},{\"@type\":\"BreadcrumbList\",\"@id\":\"https:\/\/narteks.net\/index.php\/2011\/06\/07\/turkiye-isci-sinifina-selam\/#breadcrumb\",\"itemListElement\":[{\"@type\":\"ListItem\",\"position\":1,\"name\":\"Anasayfa\",\"item\":\"https:\/\/narteks.net\/\"},{\"@type\":\"ListItem\",\"position\":2,\"name\":\"T\u00dcRK\u0130YE \u0130\u015e\u00c7\u0130 SINIFINA SELAM\"}]},{\"@type\":\"WebSite\",\"@id\":\"https:\/\/narteks.net\/#website\",\"url\":\"https:\/\/narteks.net\/\",\"name\":\"narteks.net\",\"description\":\"K\u00fclt\u00fcr Sanat Edebiyat Felsefe\",\"publisher\":{\"@id\":\"https:\/\/narteks.net\/#organization\"},\"alternateName\":\"K\u00fclt\u00fcr Sanat Edebiyat Felsefe\",\"potentialAction\":[{\"@type\":\"SearchAction\",\"target\":{\"@type\":\"EntryPoint\",\"urlTemplate\":\"https:\/\/narteks.net\/?s={search_term_string}\"},\"query-input\":{\"@type\":\"PropertyValueSpecification\",\"valueRequired\":true,\"valueName\":\"search_term_string\"}}],\"inLanguage\":\"tr\"},{\"@type\":\"Organization\",\"@id\":\"https:\/\/narteks.net\/#organization\",\"name\":\"narteks.net\",\"url\":\"https:\/\/narteks.net\/\",\"logo\":{\"@type\":\"ImageObject\",\"inLanguage\":\"tr\",\"@id\":\"https:\/\/narteks.net\/#\/schema\/logo\/image\/\",\"url\":\"https:\/\/narteks.net\/wp-content\/uploads\/narteks.png\",\"contentUrl\":\"https:\/\/narteks.net\/wp-content\/uploads\/narteks.png\",\"width\":300,\"height\":90,\"caption\":\"narteks.net\"},\"image\":{\"@id\":\"https:\/\/narteks.net\/#\/schema\/logo\/image\/\"},\"sameAs\":[\"https:\/\/x.com\/narteks\",\"https:\/\/instagram.com\/narteksnet\"]},{\"@type\":\"Person\",\"@id\":\"https:\/\/narteks.net\/#\/schema\/person\/61f37d9834294b72d31d274e7ed79bca\",\"name\":\"Tar\u0131k\",\"image\":{\"@type\":\"ImageObject\",\"inLanguage\":\"tr\",\"@id\":\"https:\/\/narteks.net\/#\/schema\/person\/image\/\",\"url\":\"https:\/\/secure.gravatar.com\/avatar\/50865afb55632c4ae467e0af0930f6510aa2297d8014be502a55b14f3b7550cf?s=96&d=mm&r=g\",\"contentUrl\":\"https:\/\/secure.gravatar.com\/avatar\/50865afb55632c4ae467e0af0930f6510aa2297d8014be502a55b14f3b7550cf?s=96&d=mm&r=g\",\"caption\":\"Tar\u0131k\"},\"sameAs\":[\"http:\/\/narteks.net\"],\"url\":\"https:\/\/narteks.net\/index.php\/author\/narbak\/\"}]}<\/script>\n<!-- \/ Yoast SEO Premium plugin. -->","yoast_head_json":{"title":"T\u00dcRK\u0130YE \u0130\u015e\u00c7\u0130 SINIFINA SELAM - narteks.net","robots":{"index":"index","follow":"follow","max-snippet":"max-snippet:-1","max-image-preview":"max-image-preview:large","max-video-preview":"max-video-preview:-1"},"canonical":"https:\/\/narteks.net\/index.php\/2011\/06\/07\/turkiye-isci-sinifina-selam\/","og_locale":"tr_TR","og_type":"article","og_title":"T\u00dcRK\u0130YE \u0130\u015e\u00c7\u0130 SINIFINA SELAM","og_description":"\u00a0 T\u00fcrkiye i\u015f\u00e7i s\u0131n\u0131f\u0131na sel\u00e2m! Sel\u00e2m yaratana! Tohumlar\u0131n tohumuna, serpilip geli\u015fene sel\u00e2m! B\u00fct\u00fcn yemi\u015fler dallar\u0131n\u0131zdad\u0131r. Beklenen g\u00fcnler, g\u00fczel g\u00fcnlerimiz ellerinizdedir, hakl\u0131 g\u00fcnler, b\u00fcy\u00fck g\u00fcnler, g\u00fcnd\u00fczlerinde s\u00f6m\u00fcr\u00fclmeyen, gecelerinde a\u00e7 yat\u0131lmayan, ekmek, g\u00fcl ve h\u00fcrriyet g\u00fcnleri. T\u00fcrkiye i\u015f\u00e7i s\u0131n\u0131f\u0131na sel\u00e2m! Meydanlarda hasretimizi hayk\u0131ranlara, topra\u011fa, kitaba, i\u015fe hasretimizi, hasretimizi, ayy\u0131ld\u0131z\u0131 esir bayra\u011f\u0131m\u0131za. D\u00fc\u015fman\u0131 yenecek i\u015f\u00e7i s\u0131n\u0131f\u0131m\u0131za sel\u00e2m! Paran\u0131n [&hellip;]","og_url":"https:\/\/narteks.net\/index.php\/2011\/06\/07\/turkiye-isci-sinifina-selam\/","og_site_name":"narteks.net","article_published_time":"2011-06-07T09:19:16+00:00","og_image":[{"width":300,"height":90,"url":"https:\/\/narteks.net\/wp-content\/uploads\/narteks.png","type":"image\/png"}],"author":"Tar\u0131k","twitter_card":"summary_large_image","twitter_creator":"@narteks","twitter_site":"@narteks","twitter_misc":{"Yazan:":"Tar\u0131k","Tahmini okuma s\u00fcresi":"1 dakika"},"schema":{"@context":"https:\/\/schema.org","@graph":[{"@type":"Article","@id":"https:\/\/narteks.net\/index.php\/2011\/06\/07\/turkiye-isci-sinifina-selam\/#article","isPartOf":{"@id":"https:\/\/narteks.net\/index.php\/2011\/06\/07\/turkiye-isci-sinifina-selam\/"},"author":{"name":"Tar\u0131k","@id":"https:\/\/narteks.net\/#\/schema\/person\/61f37d9834294b72d31d274e7ed79bca"},"headline":"T\u00dcRK\u0130YE \u0130\u015e\u00c7\u0130 SINIFINA SELAM","datePublished":"2011-06-07T09:19:16+00:00","mainEntityOfPage":{"@id":"https:\/\/narteks.net\/index.php\/2011\/06\/07\/turkiye-isci-sinifina-selam\/"},"wordCount":152,"commentCount":0,"publisher":{"@id":"https:\/\/narteks.net\/#organization"},"articleSection":["Naz\u0131m H\u0130KMET RAN"],"inLanguage":"tr","potentialAction":[{"@type":"CommentAction","name":"Comment","target":["https:\/\/narteks.net\/index.php\/2011\/06\/07\/turkiye-isci-sinifina-selam\/#respond"]}]},{"@type":"WebPage","@id":"https:\/\/narteks.net\/index.php\/2011\/06\/07\/turkiye-isci-sinifina-selam\/","url":"https:\/\/narteks.net\/index.php\/2011\/06\/07\/turkiye-isci-sinifina-selam\/","name":"T\u00dcRK\u0130YE \u0130\u015e\u00c7\u0130 SINIFINA SELAM - narteks.net","isPartOf":{"@id":"https:\/\/narteks.net\/#website"},"datePublished":"2011-06-07T09:19:16+00:00","breadcrumb":{"@id":"https:\/\/narteks.net\/index.php\/2011\/06\/07\/turkiye-isci-sinifina-selam\/#breadcrumb"},"inLanguage":"tr","potentialAction":[{"@type":"ReadAction","target":["https:\/\/narteks.net\/index.php\/2011\/06\/07\/turkiye-isci-sinifina-selam\/"]}]},{"@type":"BreadcrumbList","@id":"https:\/\/narteks.net\/index.php\/2011\/06\/07\/turkiye-isci-sinifina-selam\/#breadcrumb","itemListElement":[{"@type":"ListItem","position":1,"name":"Anasayfa","item":"https:\/\/narteks.net\/"},{"@type":"ListItem","position":2,"name":"T\u00dcRK\u0130YE \u0130\u015e\u00c7\u0130 SINIFINA SELAM"}]},{"@type":"WebSite","@id":"https:\/\/narteks.net\/#website","url":"https:\/\/narteks.net\/","name":"narteks.net","description":"K\u00fclt\u00fcr Sanat Edebiyat Felsefe","publisher":{"@id":"https:\/\/narteks.net\/#organization"},"alternateName":"K\u00fclt\u00fcr Sanat Edebiyat Felsefe","potentialAction":[{"@type":"SearchAction","target":{"@type":"EntryPoint","urlTemplate":"https:\/\/narteks.net\/?s={search_term_string}"},"query-input":{"@type":"PropertyValueSpecification","valueRequired":true,"valueName":"search_term_string"}}],"inLanguage":"tr"},{"@type":"Organization","@id":"https:\/\/narteks.net\/#organization","name":"narteks.net","url":"https:\/\/narteks.net\/","logo":{"@type":"ImageObject","inLanguage":"tr","@id":"https:\/\/narteks.net\/#\/schema\/logo\/image\/","url":"https:\/\/narteks.net\/wp-content\/uploads\/narteks.png","contentUrl":"https:\/\/narteks.net\/wp-content\/uploads\/narteks.png","width":300,"height":90,"caption":"narteks.net"},"image":{"@id":"https:\/\/narteks.net\/#\/schema\/logo\/image\/"},"sameAs":["https:\/\/x.com\/narteks","https:\/\/instagram.com\/narteksnet"]},{"@type":"Person","@id":"https:\/\/narteks.net\/#\/schema\/person\/61f37d9834294b72d31d274e7ed79bca","name":"Tar\u0131k","image":{"@type":"ImageObject","inLanguage":"tr","@id":"https:\/\/narteks.net\/#\/schema\/person\/image\/","url":"https:\/\/secure.gravatar.com\/avatar\/50865afb55632c4ae467e0af0930f6510aa2297d8014be502a55b14f3b7550cf?s=96&d=mm&r=g","contentUrl":"https:\/\/secure.gravatar.com\/avatar\/50865afb55632c4ae467e0af0930f6510aa2297d8014be502a55b14f3b7550cf?s=96&d=mm&r=g","caption":"Tar\u0131k"},"sameAs":["http:\/\/narteks.net"],"url":"https:\/\/narteks.net\/index.php\/author\/narbak\/"}]}},"_links":{"self":[{"href":"https:\/\/narteks.net\/index.php\/wp-json\/wp\/v2\/posts\/6421","targetHints":{"allow":["GET"]}}],"collection":[{"href":"https:\/\/narteks.net\/index.php\/wp-json\/wp\/v2\/posts"}],"about":[{"href":"https:\/\/narteks.net\/index.php\/wp-json\/wp\/v2\/types\/post"}],"author":[{"embeddable":true,"href":"https:\/\/narteks.net\/index.php\/wp-json\/wp\/v2\/users\/1"}],"replies":[{"embeddable":true,"href":"https:\/\/narteks.net\/index.php\/wp-json\/wp\/v2\/comments?post=6421"}],"version-history":[{"count":0,"href":"https:\/\/narteks.net\/index.php\/wp-json\/wp\/v2\/posts\/6421\/revisions"}],"wp:attachment":[{"href":"https:\/\/narteks.net\/index.php\/wp-json\/wp\/v2\/media?parent=6421"}],"wp:term":[{"taxonomy":"category","embeddable":true,"href":"https:\/\/narteks.net\/index.php\/wp-json\/wp\/v2\/categories?post=6421"},{"taxonomy":"post_tag","embeddable":true,"href":"https:\/\/narteks.net\/index.php\/wp-json\/wp\/v2\/tags?post=6421"}],"curies":[{"name":"wp","href":"https:\/\/api.w.org\/{rel}","templated":true}]}}