{"id":6422,"date":"2011-06-07T12:20:01","date_gmt":"2011-06-07T09:20:01","guid":{"rendered":"http:\/\/localhost\/wordpress\/2011\/06\/07\/uc-selvi\/"},"modified":"2011-06-07T12:20:01","modified_gmt":"2011-06-07T09:20:01","slug":"uc-selvi","status":"publish","type":"post","link":"https:\/\/narteks.net\/index.php\/2011\/06\/07\/uc-selvi\/","title":{"rendered":"\u00dc\u00c7 SELV\u0130"},"content":{"rendered":"<p>\u00a0<\/p>\n<p>Kap\u0131m\u0131n \u00f6n\u00fcnde \u00fc\u00e7 selvi vard\u0131.<br \/> \u00dc\u00e7 selvi.<br \/> Selviler r\u00fczgarda sallan\u0131rlard\u0131.<br \/> \u00dc\u00e7 selvi.<br \/> K\u00f6kleri yerde, ba\u015flar\u0131 y\u0131ld\u0131zlarda<br \/> \u00fc\u00e7 selvi.<br \/> Selviler sallan\u0131rlard\u0131 r\u00fczgarda.<br \/> \u00dc\u00e7 selvi.<br \/> Bir gece d\u00fc\u015fman bast\u0131 evi.<br \/> \u00dc\u00e7 selvi.<br \/> Yata\u011f\u0131mda \u00f6ld\u00fcr\u00fcld\u00fcm ben.<br \/> \u00dc\u00e7 selvi.<br \/> Kesildi selviler k\u00f6klerinden.<br \/> \u00dc\u00e7 selvi.<br \/> Art\u0131k ne k\u00f6kleri yerde, ba\u015flar\u0131 y\u0131ld\u0131zlarda<br \/> \u00fc\u00e7 selvi.<br \/> Selviler sallanm\u0131yorlar r\u00fczgarda.<br \/> \u00dc\u00e7 selvi.<br \/> Mermer bir ocakta par\u00e7alanm\u0131\u015f yat\u0131yor<br \/> \u00fc\u00e7 selvi.<br \/> Kanl\u0131 bir baltay\u0131 ayd\u0131nlat\u0131yor<br \/> \u00fc\u00e7 selvi.<\/p>\n<p>Naz\u0131m Hikmet RAN<\/p>\n","protected":false},"excerpt":{"rendered":"<p>\u00a0 Kap\u0131m\u0131n \u00f6n\u00fcnde \u00fc\u00e7 selvi vard\u0131. \u00dc\u00e7 selvi. Selviler r\u00fczgarda sallan\u0131rlard\u0131. \u00dc\u00e7 selvi. K\u00f6kleri yerde, ba\u015flar\u0131 y\u0131ld\u0131zlarda \u00fc\u00e7 selvi. Selviler sallan\u0131rlard\u0131 r\u00fczgarda. \u00dc\u00e7 selvi. Bir gece d\u00fc\u015fman bast\u0131 evi. \u00dc\u00e7 selvi. Yata\u011f\u0131mda \u00f6ld\u00fcr\u00fcld\u00fcm ben. \u00dc\u00e7 selvi. Kesildi selviler k\u00f6klerinden. \u00dc\u00e7 selvi. Art\u0131k ne k\u00f6kleri yerde, ba\u015flar\u0131 y\u0131ld\u0131zlarda \u00fc\u00e7 selvi. Selviler sallanm\u0131yorlar r\u00fczgarda. \u00dc\u00e7 selvi. Mermer [&hellip;]<\/p>\n","protected":false},"author":1,"featured_media":0,"comment_status":"open","ping_status":"open","sticky":false,"template":"","format":"standard","meta":{"footnotes":""},"categories":[59],"tags":[],"class_list":{"0":"post-6422","1":"post","2":"type-post","3":"status-publish","4":"format-standard","6":"category-nazim-hikmet-ran"},"yoast_head":"<!-- This site is optimized with the Yoast SEO Premium plugin v24.9 (Yoast SEO v24.9) - https:\/\/yoast.com\/wordpress\/plugins\/seo\/ -->\n<title>\u00dc\u00c7 SELV\u0130 - narteks.net<\/title>\n<meta name=\"robots\" content=\"index, follow, max-snippet:-1, max-image-preview:large, max-video-preview:-1\" \/>\n<link rel=\"canonical\" href=\"https:\/\/narteks.net\/index.php\/2011\/06\/07\/uc-selvi\/\" \/>\n<meta property=\"og:locale\" content=\"tr_TR\" \/>\n<meta property=\"og:type\" content=\"article\" \/>\n<meta property=\"og:title\" content=\"\u00dc\u00c7 SELV\u0130\" \/>\n<meta property=\"og:description\" content=\"\u00a0 Kap\u0131m\u0131n \u00f6n\u00fcnde \u00fc\u00e7 selvi vard\u0131. \u00dc\u00e7 selvi. Selviler r\u00fczgarda sallan\u0131rlard\u0131. \u00dc\u00e7 selvi. K\u00f6kleri yerde, ba\u015flar\u0131 y\u0131ld\u0131zlarda \u00fc\u00e7 selvi. Selviler sallan\u0131rlard\u0131 r\u00fczgarda. \u00dc\u00e7 selvi. Bir gece d\u00fc\u015fman bast\u0131 evi. \u00dc\u00e7 selvi. Yata\u011f\u0131mda \u00f6ld\u00fcr\u00fcld\u00fcm ben. \u00dc\u00e7 selvi. Kesildi selviler k\u00f6klerinden. \u00dc\u00e7 selvi. Art\u0131k ne k\u00f6kleri yerde, ba\u015flar\u0131 y\u0131ld\u0131zlarda \u00fc\u00e7 selvi. Selviler sallanm\u0131yorlar r\u00fczgarda. \u00dc\u00e7 selvi. Mermer [&hellip;]\" \/>\n<meta property=\"og:url\" content=\"https:\/\/narteks.net\/index.php\/2011\/06\/07\/uc-selvi\/\" \/>\n<meta property=\"og:site_name\" content=\"narteks.net\" \/>\n<meta property=\"article:published_time\" content=\"2011-06-07T09:20:01+00:00\" \/>\n<meta property=\"og:image\" content=\"https:\/\/narteks.net\/wp-content\/uploads\/narteks.png\" \/>\n\t<meta property=\"og:image:width\" content=\"300\" \/>\n\t<meta property=\"og:image:height\" content=\"90\" \/>\n\t<meta property=\"og:image:type\" content=\"image\/png\" \/>\n<meta name=\"author\" content=\"Tar\u0131k\" \/>\n<meta name=\"twitter:card\" content=\"summary_large_image\" \/>\n<meta name=\"twitter:creator\" content=\"@narteks\" \/>\n<meta name=\"twitter:site\" content=\"@narteks\" \/>\n<meta name=\"twitter:label1\" content=\"Yazan:\" \/>\n\t<meta name=\"twitter:data1\" content=\"Tar\u0131k\" \/>\n<script type=\"application\/ld+json\" class=\"yoast-schema-graph\">{\"@context\":\"https:\/\/schema.org\",\"@graph\":[{\"@type\":\"Article\",\"@id\":\"https:\/\/narteks.net\/index.php\/2011\/06\/07\/uc-selvi\/#article\",\"isPartOf\":{\"@id\":\"https:\/\/narteks.net\/index.php\/2011\/06\/07\/uc-selvi\/\"},\"author\":{\"name\":\"Tar\u0131k\",\"@id\":\"https:\/\/narteks.net\/#\/schema\/person\/61f37d9834294b72d31d274e7ed79bca\"},\"headline\":\"\u00dc\u00c7 SELV\u0130\",\"datePublished\":\"2011-06-07T09:20:01+00:00\",\"mainEntityOfPage\":{\"@id\":\"https:\/\/narteks.net\/index.php\/2011\/06\/07\/uc-selvi\/\"},\"wordCount\":87,\"commentCount\":0,\"publisher\":{\"@id\":\"https:\/\/narteks.net\/#organization\"},\"articleSection\":[\"Naz\u0131m H\u0130KMET RAN\"],\"inLanguage\":\"tr\",\"potentialAction\":[{\"@type\":\"CommentAction\",\"name\":\"Comment\",\"target\":[\"https:\/\/narteks.net\/index.php\/2011\/06\/07\/uc-selvi\/#respond\"]}]},{\"@type\":\"WebPage\",\"@id\":\"https:\/\/narteks.net\/index.php\/2011\/06\/07\/uc-selvi\/\",\"url\":\"https:\/\/narteks.net\/index.php\/2011\/06\/07\/uc-selvi\/\",\"name\":\"\u00dc\u00c7 SELV\u0130 - narteks.net\",\"isPartOf\":{\"@id\":\"https:\/\/narteks.net\/#website\"},\"datePublished\":\"2011-06-07T09:20:01+00:00\",\"breadcrumb\":{\"@id\":\"https:\/\/narteks.net\/index.php\/2011\/06\/07\/uc-selvi\/#breadcrumb\"},\"inLanguage\":\"tr\",\"potentialAction\":[{\"@type\":\"ReadAction\",\"target\":[\"https:\/\/narteks.net\/index.php\/2011\/06\/07\/uc-selvi\/\"]}]},{\"@type\":\"BreadcrumbList\",\"@id\":\"https:\/\/narteks.net\/index.php\/2011\/06\/07\/uc-selvi\/#breadcrumb\",\"itemListElement\":[{\"@type\":\"ListItem\",\"position\":1,\"name\":\"Anasayfa\",\"item\":\"https:\/\/narteks.net\/\"},{\"@type\":\"ListItem\",\"position\":2,\"name\":\"\u00dc\u00c7 SELV\u0130\"}]},{\"@type\":\"WebSite\",\"@id\":\"https:\/\/narteks.net\/#website\",\"url\":\"https:\/\/narteks.net\/\",\"name\":\"narteks.net\",\"description\":\"K\u00fclt\u00fcr Sanat Edebiyat Felsefe\",\"publisher\":{\"@id\":\"https:\/\/narteks.net\/#organization\"},\"alternateName\":\"K\u00fclt\u00fcr Sanat Edebiyat Felsefe\",\"potentialAction\":[{\"@type\":\"SearchAction\",\"target\":{\"@type\":\"EntryPoint\",\"urlTemplate\":\"https:\/\/narteks.net\/?s={search_term_string}\"},\"query-input\":{\"@type\":\"PropertyValueSpecification\",\"valueRequired\":true,\"valueName\":\"search_term_string\"}}],\"inLanguage\":\"tr\"},{\"@type\":\"Organization\",\"@id\":\"https:\/\/narteks.net\/#organization\",\"name\":\"narteks.net\",\"url\":\"https:\/\/narteks.net\/\",\"logo\":{\"@type\":\"ImageObject\",\"inLanguage\":\"tr\",\"@id\":\"https:\/\/narteks.net\/#\/schema\/logo\/image\/\",\"url\":\"https:\/\/narteks.net\/wp-content\/uploads\/narteks.png\",\"contentUrl\":\"https:\/\/narteks.net\/wp-content\/uploads\/narteks.png\",\"width\":300,\"height\":90,\"caption\":\"narteks.net\"},\"image\":{\"@id\":\"https:\/\/narteks.net\/#\/schema\/logo\/image\/\"},\"sameAs\":[\"https:\/\/x.com\/narteks\",\"https:\/\/instagram.com\/narteksnet\"]},{\"@type\":\"Person\",\"@id\":\"https:\/\/narteks.net\/#\/schema\/person\/61f37d9834294b72d31d274e7ed79bca\",\"name\":\"Tar\u0131k\",\"image\":{\"@type\":\"ImageObject\",\"inLanguage\":\"tr\",\"@id\":\"https:\/\/narteks.net\/#\/schema\/person\/image\/\",\"url\":\"https:\/\/secure.gravatar.com\/avatar\/50865afb55632c4ae467e0af0930f6510aa2297d8014be502a55b14f3b7550cf?s=96&d=mm&r=g\",\"contentUrl\":\"https:\/\/secure.gravatar.com\/avatar\/50865afb55632c4ae467e0af0930f6510aa2297d8014be502a55b14f3b7550cf?s=96&d=mm&r=g\",\"caption\":\"Tar\u0131k\"},\"sameAs\":[\"http:\/\/narteks.net\"],\"url\":\"https:\/\/narteks.net\/index.php\/author\/narbak\/\"}]}<\/script>\n<!-- \/ Yoast SEO Premium plugin. -->","yoast_head_json":{"title":"\u00dc\u00c7 SELV\u0130 - narteks.net","robots":{"index":"index","follow":"follow","max-snippet":"max-snippet:-1","max-image-preview":"max-image-preview:large","max-video-preview":"max-video-preview:-1"},"canonical":"https:\/\/narteks.net\/index.php\/2011\/06\/07\/uc-selvi\/","og_locale":"tr_TR","og_type":"article","og_title":"\u00dc\u00c7 SELV\u0130","og_description":"\u00a0 Kap\u0131m\u0131n \u00f6n\u00fcnde \u00fc\u00e7 selvi vard\u0131. \u00dc\u00e7 selvi. Selviler r\u00fczgarda sallan\u0131rlard\u0131. \u00dc\u00e7 selvi. K\u00f6kleri yerde, ba\u015flar\u0131 y\u0131ld\u0131zlarda \u00fc\u00e7 selvi. Selviler sallan\u0131rlard\u0131 r\u00fczgarda. \u00dc\u00e7 selvi. Bir gece d\u00fc\u015fman bast\u0131 evi. \u00dc\u00e7 selvi. Yata\u011f\u0131mda \u00f6ld\u00fcr\u00fcld\u00fcm ben. \u00dc\u00e7 selvi. Kesildi selviler k\u00f6klerinden. \u00dc\u00e7 selvi. Art\u0131k ne k\u00f6kleri yerde, ba\u015flar\u0131 y\u0131ld\u0131zlarda \u00fc\u00e7 selvi. Selviler sallanm\u0131yorlar r\u00fczgarda. \u00dc\u00e7 selvi. Mermer [&hellip;]","og_url":"https:\/\/narteks.net\/index.php\/2011\/06\/07\/uc-selvi\/","og_site_name":"narteks.net","article_published_time":"2011-06-07T09:20:01+00:00","og_image":[{"width":300,"height":90,"url":"https:\/\/narteks.net\/wp-content\/uploads\/narteks.png","type":"image\/png"}],"author":"Tar\u0131k","twitter_card":"summary_large_image","twitter_creator":"@narteks","twitter_site":"@narteks","twitter_misc":{"Yazan:":"Tar\u0131k"},"schema":{"@context":"https:\/\/schema.org","@graph":[{"@type":"Article","@id":"https:\/\/narteks.net\/index.php\/2011\/06\/07\/uc-selvi\/#article","isPartOf":{"@id":"https:\/\/narteks.net\/index.php\/2011\/06\/07\/uc-selvi\/"},"author":{"name":"Tar\u0131k","@id":"https:\/\/narteks.net\/#\/schema\/person\/61f37d9834294b72d31d274e7ed79bca"},"headline":"\u00dc\u00c7 SELV\u0130","datePublished":"2011-06-07T09:20:01+00:00","mainEntityOfPage":{"@id":"https:\/\/narteks.net\/index.php\/2011\/06\/07\/uc-selvi\/"},"wordCount":87,"commentCount":0,"publisher":{"@id":"https:\/\/narteks.net\/#organization"},"articleSection":["Naz\u0131m H\u0130KMET RAN"],"inLanguage":"tr","potentialAction":[{"@type":"CommentAction","name":"Comment","target":["https:\/\/narteks.net\/index.php\/2011\/06\/07\/uc-selvi\/#respond"]}]},{"@type":"WebPage","@id":"https:\/\/narteks.net\/index.php\/2011\/06\/07\/uc-selvi\/","url":"https:\/\/narteks.net\/index.php\/2011\/06\/07\/uc-selvi\/","name":"\u00dc\u00c7 SELV\u0130 - narteks.net","isPartOf":{"@id":"https:\/\/narteks.net\/#website"},"datePublished":"2011-06-07T09:20:01+00:00","breadcrumb":{"@id":"https:\/\/narteks.net\/index.php\/2011\/06\/07\/uc-selvi\/#breadcrumb"},"inLanguage":"tr","potentialAction":[{"@type":"ReadAction","target":["https:\/\/narteks.net\/index.php\/2011\/06\/07\/uc-selvi\/"]}]},{"@type":"BreadcrumbList","@id":"https:\/\/narteks.net\/index.php\/2011\/06\/07\/uc-selvi\/#breadcrumb","itemListElement":[{"@type":"ListItem","position":1,"name":"Anasayfa","item":"https:\/\/narteks.net\/"},{"@type":"ListItem","position":2,"name":"\u00dc\u00c7 SELV\u0130"}]},{"@type":"WebSite","@id":"https:\/\/narteks.net\/#website","url":"https:\/\/narteks.net\/","name":"narteks.net","description":"K\u00fclt\u00fcr Sanat Edebiyat Felsefe","publisher":{"@id":"https:\/\/narteks.net\/#organization"},"alternateName":"K\u00fclt\u00fcr Sanat Edebiyat Felsefe","potentialAction":[{"@type":"SearchAction","target":{"@type":"EntryPoint","urlTemplate":"https:\/\/narteks.net\/?s={search_term_string}"},"query-input":{"@type":"PropertyValueSpecification","valueRequired":true,"valueName":"search_term_string"}}],"inLanguage":"tr"},{"@type":"Organization","@id":"https:\/\/narteks.net\/#organization","name":"narteks.net","url":"https:\/\/narteks.net\/","logo":{"@type":"ImageObject","inLanguage":"tr","@id":"https:\/\/narteks.net\/#\/schema\/logo\/image\/","url":"https:\/\/narteks.net\/wp-content\/uploads\/narteks.png","contentUrl":"https:\/\/narteks.net\/wp-content\/uploads\/narteks.png","width":300,"height":90,"caption":"narteks.net"},"image":{"@id":"https:\/\/narteks.net\/#\/schema\/logo\/image\/"},"sameAs":["https:\/\/x.com\/narteks","https:\/\/instagram.com\/narteksnet"]},{"@type":"Person","@id":"https:\/\/narteks.net\/#\/schema\/person\/61f37d9834294b72d31d274e7ed79bca","name":"Tar\u0131k","image":{"@type":"ImageObject","inLanguage":"tr","@id":"https:\/\/narteks.net\/#\/schema\/person\/image\/","url":"https:\/\/secure.gravatar.com\/avatar\/50865afb55632c4ae467e0af0930f6510aa2297d8014be502a55b14f3b7550cf?s=96&d=mm&r=g","contentUrl":"https:\/\/secure.gravatar.com\/avatar\/50865afb55632c4ae467e0af0930f6510aa2297d8014be502a55b14f3b7550cf?s=96&d=mm&r=g","caption":"Tar\u0131k"},"sameAs":["http:\/\/narteks.net"],"url":"https:\/\/narteks.net\/index.php\/author\/narbak\/"}]}},"_links":{"self":[{"href":"https:\/\/narteks.net\/index.php\/wp-json\/wp\/v2\/posts\/6422","targetHints":{"allow":["GET"]}}],"collection":[{"href":"https:\/\/narteks.net\/index.php\/wp-json\/wp\/v2\/posts"}],"about":[{"href":"https:\/\/narteks.net\/index.php\/wp-json\/wp\/v2\/types\/post"}],"author":[{"embeddable":true,"href":"https:\/\/narteks.net\/index.php\/wp-json\/wp\/v2\/users\/1"}],"replies":[{"embeddable":true,"href":"https:\/\/narteks.net\/index.php\/wp-json\/wp\/v2\/comments?post=6422"}],"version-history":[{"count":0,"href":"https:\/\/narteks.net\/index.php\/wp-json\/wp\/v2\/posts\/6422\/revisions"}],"wp:attachment":[{"href":"https:\/\/narteks.net\/index.php\/wp-json\/wp\/v2\/media?parent=6422"}],"wp:term":[{"taxonomy":"category","embeddable":true,"href":"https:\/\/narteks.net\/index.php\/wp-json\/wp\/v2\/categories?post=6422"},{"taxonomy":"post_tag","embeddable":true,"href":"https:\/\/narteks.net\/index.php\/wp-json\/wp\/v2\/tags?post=6422"}],"curies":[{"name":"wp","href":"https:\/\/api.w.org\/{rel}","templated":true}]}}