{"id":6423,"date":"2011-06-07T12:21:22","date_gmt":"2011-06-07T09:21:22","guid":{"rendered":"http:\/\/localhost\/wordpress\/2011\/06\/07\/vasiyet\/"},"modified":"2011-06-07T12:21:22","modified_gmt":"2011-06-07T09:21:22","slug":"vasiyet","status":"publish","type":"post","link":"https:\/\/narteks.net\/index.php\/2011\/06\/07\/vasiyet\/","title":{"rendered":"VAS\u0130YET"},"content":{"rendered":"<p>\u00a0<\/p>\n<p>Yolda\u015flar, nasip olmazsa g\u00f6rmek o g\u00fcn\u00fc, <br \/> \u00f6l\u00fcrsem kurtulu\u015ftan \u00f6nce yani, <br \/> al\u0131p g\u00f6t\u00fcr\u00fcn <br \/> Anadolu&#8217;da bir k\u00f6y mezarl\u0131\u011f\u0131na g\u00f6m\u00fcn beni.<\/p>\n<p>Hasan beyin vurdurdu\u011fu <br \/> \u0131rgat Osman yats\u0131n bir yan\u0131mda <br \/> ve \u00e7avdar\u0131n dibinde topra\u011fa \u00e7ocuklay\u0131p <br \/> k\u0131rk\u0131 \u00e7\u0131kmadan \u00f6len \u015fehit Ay\u015fe \u00f6b\u00fcr yan\u0131mda.<\/p>\n<p>Trakt\u00f6rlerle t\u00fcrk\u00fcler ge\u00e7sin altba\u015f\u0131ndan mezarl\u0131\u011f\u0131n, <br \/> seher ayd\u0131nl\u0131\u011f\u0131nda taze insan, yan\u0131k benzin kokusu, <br \/> tarlalar orta mal\u0131, kanallarda su, <br \/> ne kurakl\u0131k, ne candarma korkusu.<\/p>\n<p>Biz bu t\u00fcrk\u00fcleri elbette i\u015fitecek de\u011filiz, <br \/> topra\u011f\u0131n alt\u0131nda yatar upuzun, <br \/> \u00e7\u00fcr\u00fcr kara dallar gibi \u00f6l\u00fcler, <br \/> topra\u011f\u0131n alt\u0131nda sa\u011f\u0131r, k\u00f6r, dilsiz.<\/p>\n<p>Ama bu t\u00fcrk\u00fcleri s\u00f6ylemi\u015fim ben <br \/> daha onlar d\u00fcz\u00fclmeden, <br \/> duymu\u015fum yan\u0131k benzin kokusunu <br \/> trakt\u00f6rlerin resmi bile \u00e7izilmeden.<\/p>\n<p>Benim sessiz kom\u015fulara gelince, <br \/> \u015fehit Ay\u015fe&#8217;yle \u0131rgat Osman <br \/> \u00e7ektiler b\u00fcy\u00fck hasreti sa\u011fl\u0131klar\u0131nda <br \/> belki de fark\u0131nda bile olmadan.<\/p>\n<p>Yolda\u015flar, \u00f6l\u00fcrsem o g\u00fcnden \u00f6nce yani, <br \/> &#8211; \u00f6yle gibi de g\u00f6r\u00fcn\u00fcyor &#8211; <br \/> Anadolu&#8217;da bir k\u00f6y mezarl\u0131\u011f\u0131na g\u00f6m\u00fcn beni <br \/> ve de uyar\u0131na gelirse, <br \/> tepemde bir de \u00e7\u0131nar olursa <br \/> ta\u015f ma\u015f da istemez hani&#8230;<\/p>\n<p>Naz\u0131m Hikmet RAN<\/p>\n","protected":false},"excerpt":{"rendered":"<p>\u00a0 Yolda\u015flar, nasip olmazsa g\u00f6rmek o g\u00fcn\u00fc, \u00f6l\u00fcrsem kurtulu\u015ftan \u00f6nce yani, al\u0131p g\u00f6t\u00fcr\u00fcn Anadolu&#8217;da bir k\u00f6y mezarl\u0131\u011f\u0131na g\u00f6m\u00fcn beni. Hasan beyin vurdurdu\u011fu \u0131rgat Osman yats\u0131n bir yan\u0131mda ve \u00e7avdar\u0131n dibinde topra\u011fa \u00e7ocuklay\u0131p k\u0131rk\u0131 \u00e7\u0131kmadan \u00f6len \u015fehit Ay\u015fe \u00f6b\u00fcr yan\u0131mda. Trakt\u00f6rlerle t\u00fcrk\u00fcler ge\u00e7sin altba\u015f\u0131ndan mezarl\u0131\u011f\u0131n, seher ayd\u0131nl\u0131\u011f\u0131nda taze insan, yan\u0131k benzin kokusu, tarlalar orta mal\u0131, kanallarda [&hellip;]<\/p>\n","protected":false},"author":1,"featured_media":0,"comment_status":"open","ping_status":"open","sticky":false,"template":"","format":"standard","meta":{"footnotes":""},"categories":[59],"tags":[],"class_list":{"0":"post-6423","1":"post","2":"type-post","3":"status-publish","4":"format-standard","6":"category-nazim-hikmet-ran"},"yoast_head":"<!-- This site is optimized with the Yoast SEO Premium plugin v24.9 (Yoast SEO v24.9) - https:\/\/yoast.com\/wordpress\/plugins\/seo\/ -->\n<title>VAS\u0130YET - narteks.net<\/title>\n<meta name=\"robots\" content=\"index, follow, max-snippet:-1, max-image-preview:large, max-video-preview:-1\" \/>\n<link rel=\"canonical\" href=\"https:\/\/narteks.net\/index.php\/2011\/06\/07\/vasiyet\/\" \/>\n<meta property=\"og:locale\" content=\"tr_TR\" \/>\n<meta property=\"og:type\" content=\"article\" \/>\n<meta property=\"og:title\" content=\"VAS\u0130YET\" \/>\n<meta property=\"og:description\" content=\"\u00a0 Yolda\u015flar, nasip olmazsa g\u00f6rmek o g\u00fcn\u00fc, \u00f6l\u00fcrsem kurtulu\u015ftan \u00f6nce yani, al\u0131p g\u00f6t\u00fcr\u00fcn Anadolu&#8217;da bir k\u00f6y mezarl\u0131\u011f\u0131na g\u00f6m\u00fcn beni. Hasan beyin vurdurdu\u011fu \u0131rgat Osman yats\u0131n bir yan\u0131mda ve \u00e7avdar\u0131n dibinde topra\u011fa \u00e7ocuklay\u0131p k\u0131rk\u0131 \u00e7\u0131kmadan \u00f6len \u015fehit Ay\u015fe \u00f6b\u00fcr yan\u0131mda. Trakt\u00f6rlerle t\u00fcrk\u00fcler ge\u00e7sin altba\u015f\u0131ndan mezarl\u0131\u011f\u0131n, seher ayd\u0131nl\u0131\u011f\u0131nda taze insan, yan\u0131k benzin kokusu, tarlalar orta mal\u0131, kanallarda [&hellip;]\" \/>\n<meta property=\"og:url\" content=\"https:\/\/narteks.net\/index.php\/2011\/06\/07\/vasiyet\/\" \/>\n<meta property=\"og:site_name\" content=\"narteks.net\" \/>\n<meta property=\"article:published_time\" content=\"2011-06-07T09:21:22+00:00\" \/>\n<meta property=\"og:image\" content=\"https:\/\/narteks.net\/wp-content\/uploads\/narteks.png\" \/>\n\t<meta property=\"og:image:width\" content=\"300\" \/>\n\t<meta property=\"og:image:height\" content=\"90\" \/>\n\t<meta property=\"og:image:type\" content=\"image\/png\" \/>\n<meta name=\"author\" content=\"Tar\u0131k\" \/>\n<meta name=\"twitter:card\" content=\"summary_large_image\" \/>\n<meta name=\"twitter:creator\" content=\"@narteks\" \/>\n<meta name=\"twitter:site\" content=\"@narteks\" \/>\n<meta name=\"twitter:label1\" content=\"Yazan:\" \/>\n\t<meta name=\"twitter:data1\" content=\"Tar\u0131k\" \/>\n\t<meta name=\"twitter:label2\" content=\"Tahmini okuma s\u00fcresi\" \/>\n\t<meta name=\"twitter:data2\" content=\"1 dakika\" \/>\n<script type=\"application\/ld+json\" class=\"yoast-schema-graph\">{\"@context\":\"https:\/\/schema.org\",\"@graph\":[{\"@type\":\"Article\",\"@id\":\"https:\/\/narteks.net\/index.php\/2011\/06\/07\/vasiyet\/#article\",\"isPartOf\":{\"@id\":\"https:\/\/narteks.net\/index.php\/2011\/06\/07\/vasiyet\/\"},\"author\":{\"name\":\"Tar\u0131k\",\"@id\":\"https:\/\/narteks.net\/#\/schema\/person\/61f37d9834294b72d31d274e7ed79bca\"},\"headline\":\"VAS\u0130YET\",\"datePublished\":\"2011-06-07T09:21:22+00:00\",\"mainEntityOfPage\":{\"@id\":\"https:\/\/narteks.net\/index.php\/2011\/06\/07\/vasiyet\/\"},\"wordCount\":224,\"commentCount\":0,\"publisher\":{\"@id\":\"https:\/\/narteks.net\/#organization\"},\"articleSection\":[\"Naz\u0131m H\u0130KMET RAN\"],\"inLanguage\":\"tr\",\"potentialAction\":[{\"@type\":\"CommentAction\",\"name\":\"Comment\",\"target\":[\"https:\/\/narteks.net\/index.php\/2011\/06\/07\/vasiyet\/#respond\"]}]},{\"@type\":\"WebPage\",\"@id\":\"https:\/\/narteks.net\/index.php\/2011\/06\/07\/vasiyet\/\",\"url\":\"https:\/\/narteks.net\/index.php\/2011\/06\/07\/vasiyet\/\",\"name\":\"VAS\u0130YET - narteks.net\",\"isPartOf\":{\"@id\":\"https:\/\/narteks.net\/#website\"},\"datePublished\":\"2011-06-07T09:21:22+00:00\",\"breadcrumb\":{\"@id\":\"https:\/\/narteks.net\/index.php\/2011\/06\/07\/vasiyet\/#breadcrumb\"},\"inLanguage\":\"tr\",\"potentialAction\":[{\"@type\":\"ReadAction\",\"target\":[\"https:\/\/narteks.net\/index.php\/2011\/06\/07\/vasiyet\/\"]}]},{\"@type\":\"BreadcrumbList\",\"@id\":\"https:\/\/narteks.net\/index.php\/2011\/06\/07\/vasiyet\/#breadcrumb\",\"itemListElement\":[{\"@type\":\"ListItem\",\"position\":1,\"name\":\"Anasayfa\",\"item\":\"https:\/\/narteks.net\/\"},{\"@type\":\"ListItem\",\"position\":2,\"name\":\"VAS\u0130YET\"}]},{\"@type\":\"WebSite\",\"@id\":\"https:\/\/narteks.net\/#website\",\"url\":\"https:\/\/narteks.net\/\",\"name\":\"narteks.net\",\"description\":\"K\u00fclt\u00fcr Sanat Edebiyat Felsefe\",\"publisher\":{\"@id\":\"https:\/\/narteks.net\/#organization\"},\"alternateName\":\"K\u00fclt\u00fcr Sanat Edebiyat Felsefe\",\"potentialAction\":[{\"@type\":\"SearchAction\",\"target\":{\"@type\":\"EntryPoint\",\"urlTemplate\":\"https:\/\/narteks.net\/?s={search_term_string}\"},\"query-input\":{\"@type\":\"PropertyValueSpecification\",\"valueRequired\":true,\"valueName\":\"search_term_string\"}}],\"inLanguage\":\"tr\"},{\"@type\":\"Organization\",\"@id\":\"https:\/\/narteks.net\/#organization\",\"name\":\"narteks.net\",\"url\":\"https:\/\/narteks.net\/\",\"logo\":{\"@type\":\"ImageObject\",\"inLanguage\":\"tr\",\"@id\":\"https:\/\/narteks.net\/#\/schema\/logo\/image\/\",\"url\":\"https:\/\/narteks.net\/wp-content\/uploads\/narteks.png\",\"contentUrl\":\"https:\/\/narteks.net\/wp-content\/uploads\/narteks.png\",\"width\":300,\"height\":90,\"caption\":\"narteks.net\"},\"image\":{\"@id\":\"https:\/\/narteks.net\/#\/schema\/logo\/image\/\"},\"sameAs\":[\"https:\/\/x.com\/narteks\",\"https:\/\/instagram.com\/narteksnet\"]},{\"@type\":\"Person\",\"@id\":\"https:\/\/narteks.net\/#\/schema\/person\/61f37d9834294b72d31d274e7ed79bca\",\"name\":\"Tar\u0131k\",\"image\":{\"@type\":\"ImageObject\",\"inLanguage\":\"tr\",\"@id\":\"https:\/\/narteks.net\/#\/schema\/person\/image\/\",\"url\":\"https:\/\/secure.gravatar.com\/avatar\/50865afb55632c4ae467e0af0930f6510aa2297d8014be502a55b14f3b7550cf?s=96&d=mm&r=g\",\"contentUrl\":\"https:\/\/secure.gravatar.com\/avatar\/50865afb55632c4ae467e0af0930f6510aa2297d8014be502a55b14f3b7550cf?s=96&d=mm&r=g\",\"caption\":\"Tar\u0131k\"},\"sameAs\":[\"http:\/\/narteks.net\"],\"url\":\"https:\/\/narteks.net\/index.php\/author\/narbak\/\"}]}<\/script>\n<!-- \/ Yoast SEO Premium plugin. -->","yoast_head_json":{"title":"VAS\u0130YET - narteks.net","robots":{"index":"index","follow":"follow","max-snippet":"max-snippet:-1","max-image-preview":"max-image-preview:large","max-video-preview":"max-video-preview:-1"},"canonical":"https:\/\/narteks.net\/index.php\/2011\/06\/07\/vasiyet\/","og_locale":"tr_TR","og_type":"article","og_title":"VAS\u0130YET","og_description":"\u00a0 Yolda\u015flar, nasip olmazsa g\u00f6rmek o g\u00fcn\u00fc, \u00f6l\u00fcrsem kurtulu\u015ftan \u00f6nce yani, al\u0131p g\u00f6t\u00fcr\u00fcn Anadolu&#8217;da bir k\u00f6y mezarl\u0131\u011f\u0131na g\u00f6m\u00fcn beni. Hasan beyin vurdurdu\u011fu \u0131rgat Osman yats\u0131n bir yan\u0131mda ve \u00e7avdar\u0131n dibinde topra\u011fa \u00e7ocuklay\u0131p k\u0131rk\u0131 \u00e7\u0131kmadan \u00f6len \u015fehit Ay\u015fe \u00f6b\u00fcr yan\u0131mda. Trakt\u00f6rlerle t\u00fcrk\u00fcler ge\u00e7sin altba\u015f\u0131ndan mezarl\u0131\u011f\u0131n, seher ayd\u0131nl\u0131\u011f\u0131nda taze insan, yan\u0131k benzin kokusu, tarlalar orta mal\u0131, kanallarda [&hellip;]","og_url":"https:\/\/narteks.net\/index.php\/2011\/06\/07\/vasiyet\/","og_site_name":"narteks.net","article_published_time":"2011-06-07T09:21:22+00:00","og_image":[{"width":300,"height":90,"url":"https:\/\/narteks.net\/wp-content\/uploads\/narteks.png","type":"image\/png"}],"author":"Tar\u0131k","twitter_card":"summary_large_image","twitter_creator":"@narteks","twitter_site":"@narteks","twitter_misc":{"Yazan:":"Tar\u0131k","Tahmini okuma s\u00fcresi":"1 dakika"},"schema":{"@context":"https:\/\/schema.org","@graph":[{"@type":"Article","@id":"https:\/\/narteks.net\/index.php\/2011\/06\/07\/vasiyet\/#article","isPartOf":{"@id":"https:\/\/narteks.net\/index.php\/2011\/06\/07\/vasiyet\/"},"author":{"name":"Tar\u0131k","@id":"https:\/\/narteks.net\/#\/schema\/person\/61f37d9834294b72d31d274e7ed79bca"},"headline":"VAS\u0130YET","datePublished":"2011-06-07T09:21:22+00:00","mainEntityOfPage":{"@id":"https:\/\/narteks.net\/index.php\/2011\/06\/07\/vasiyet\/"},"wordCount":224,"commentCount":0,"publisher":{"@id":"https:\/\/narteks.net\/#organization"},"articleSection":["Naz\u0131m H\u0130KMET RAN"],"inLanguage":"tr","potentialAction":[{"@type":"CommentAction","name":"Comment","target":["https:\/\/narteks.net\/index.php\/2011\/06\/07\/vasiyet\/#respond"]}]},{"@type":"WebPage","@id":"https:\/\/narteks.net\/index.php\/2011\/06\/07\/vasiyet\/","url":"https:\/\/narteks.net\/index.php\/2011\/06\/07\/vasiyet\/","name":"VAS\u0130YET - narteks.net","isPartOf":{"@id":"https:\/\/narteks.net\/#website"},"datePublished":"2011-06-07T09:21:22+00:00","breadcrumb":{"@id":"https:\/\/narteks.net\/index.php\/2011\/06\/07\/vasiyet\/#breadcrumb"},"inLanguage":"tr","potentialAction":[{"@type":"ReadAction","target":["https:\/\/narteks.net\/index.php\/2011\/06\/07\/vasiyet\/"]}]},{"@type":"BreadcrumbList","@id":"https:\/\/narteks.net\/index.php\/2011\/06\/07\/vasiyet\/#breadcrumb","itemListElement":[{"@type":"ListItem","position":1,"name":"Anasayfa","item":"https:\/\/narteks.net\/"},{"@type":"ListItem","position":2,"name":"VAS\u0130YET"}]},{"@type":"WebSite","@id":"https:\/\/narteks.net\/#website","url":"https:\/\/narteks.net\/","name":"narteks.net","description":"K\u00fclt\u00fcr Sanat Edebiyat Felsefe","publisher":{"@id":"https:\/\/narteks.net\/#organization"},"alternateName":"K\u00fclt\u00fcr Sanat Edebiyat Felsefe","potentialAction":[{"@type":"SearchAction","target":{"@type":"EntryPoint","urlTemplate":"https:\/\/narteks.net\/?s={search_term_string}"},"query-input":{"@type":"PropertyValueSpecification","valueRequired":true,"valueName":"search_term_string"}}],"inLanguage":"tr"},{"@type":"Organization","@id":"https:\/\/narteks.net\/#organization","name":"narteks.net","url":"https:\/\/narteks.net\/","logo":{"@type":"ImageObject","inLanguage":"tr","@id":"https:\/\/narteks.net\/#\/schema\/logo\/image\/","url":"https:\/\/narteks.net\/wp-content\/uploads\/narteks.png","contentUrl":"https:\/\/narteks.net\/wp-content\/uploads\/narteks.png","width":300,"height":90,"caption":"narteks.net"},"image":{"@id":"https:\/\/narteks.net\/#\/schema\/logo\/image\/"},"sameAs":["https:\/\/x.com\/narteks","https:\/\/instagram.com\/narteksnet"]},{"@type":"Person","@id":"https:\/\/narteks.net\/#\/schema\/person\/61f37d9834294b72d31d274e7ed79bca","name":"Tar\u0131k","image":{"@type":"ImageObject","inLanguage":"tr","@id":"https:\/\/narteks.net\/#\/schema\/person\/image\/","url":"https:\/\/secure.gravatar.com\/avatar\/50865afb55632c4ae467e0af0930f6510aa2297d8014be502a55b14f3b7550cf?s=96&d=mm&r=g","contentUrl":"https:\/\/secure.gravatar.com\/avatar\/50865afb55632c4ae467e0af0930f6510aa2297d8014be502a55b14f3b7550cf?s=96&d=mm&r=g","caption":"Tar\u0131k"},"sameAs":["http:\/\/narteks.net"],"url":"https:\/\/narteks.net\/index.php\/author\/narbak\/"}]}},"_links":{"self":[{"href":"https:\/\/narteks.net\/index.php\/wp-json\/wp\/v2\/posts\/6423","targetHints":{"allow":["GET"]}}],"collection":[{"href":"https:\/\/narteks.net\/index.php\/wp-json\/wp\/v2\/posts"}],"about":[{"href":"https:\/\/narteks.net\/index.php\/wp-json\/wp\/v2\/types\/post"}],"author":[{"embeddable":true,"href":"https:\/\/narteks.net\/index.php\/wp-json\/wp\/v2\/users\/1"}],"replies":[{"embeddable":true,"href":"https:\/\/narteks.net\/index.php\/wp-json\/wp\/v2\/comments?post=6423"}],"version-history":[{"count":0,"href":"https:\/\/narteks.net\/index.php\/wp-json\/wp\/v2\/posts\/6423\/revisions"}],"wp:attachment":[{"href":"https:\/\/narteks.net\/index.php\/wp-json\/wp\/v2\/media?parent=6423"}],"wp:term":[{"taxonomy":"category","embeddable":true,"href":"https:\/\/narteks.net\/index.php\/wp-json\/wp\/v2\/categories?post=6423"},{"taxonomy":"post_tag","embeddable":true,"href":"https:\/\/narteks.net\/index.php\/wp-json\/wp\/v2\/tags?post=6423"}],"curies":[{"name":"wp","href":"https:\/\/api.w.org\/{rel}","templated":true}]}}