{"id":6425,"date":"2011-06-07T12:24:19","date_gmt":"2011-06-07T09:24:19","guid":{"rendered":"http:\/\/localhost\/wordpress\/2011\/06\/07\/yine-iyimserlik-ustune\/"},"modified":"2011-06-07T12:24:19","modified_gmt":"2011-06-07T09:24:19","slug":"yine-iyimserlik-ustune","status":"publish","type":"post","link":"https:\/\/narteks.net\/index.php\/2011\/06\/07\/yine-iyimserlik-ustune\/","title":{"rendered":"Y\u0130NE \u0130Y\u0130MSERL\u0130K \u00dcST\u00dcNE"},"content":{"rendered":"<p>\u00a0<\/p>\n<p>Sa\u011fl\u0131\u011f\u0131mda a\u00e7\u0131ld\u0131 kosmos yolu, <br \/> Moskova&#8217;da a\u00e7\u0131l\u0131\u015f t\u00f6renindeyim. <br \/> Avucumda bir \u00e7ocu\u011fun sar\u0131\u015f\u0131n eli, <br \/> bir y\u0131lba\u015f\u0131 a\u011fac\u0131 \u00f6n\u00fcndeyim.<\/p>\n<p>Biliyordum, ya\u015f\u0131na bile gelmeden, <br \/> g\u00f6zlerinde s\u0131r\u00e7a toplar yanan \u00e7ocuk, <br \/> yolcu f\u00fczeleri g\u00fcne\u015fe do\u011fru, y\u0131ld\u0131zlar\u0131n aras\u0131ndan, <br \/> bal\u0131klar gibi sessiz sedas\u0131z ak\u0131p gidecek.<\/p>\n<p>Ama f\u00fcze yolcular\u0131 yola \u00e7\u0131kabilecek mi pasaportsuz? <br \/> Bilet olacak m\u0131? Parayla m\u0131 alacaklar? <br \/> Ve uzakla\u015f\u0131p karpuzla\u015f\u0131r, elmala\u015f\u0131rken d\u00fcnyam\u0131z, <br \/> \u0131st\u0131ratosferde sava\u015f f\u00fczelerine mi rastgelecekler?<\/p>\n<p>Beni ilgilendiren bavullar\u0131n\u0131n e\u015fyas\u0131 de\u011fil, <br \/> y\u00fcreklerinin y\u00fck\u00fc. <br \/> Korkuyorlarsa kimden, neden, ni\u00e7in, nas\u0131l? <br \/> Ya ara h\u0131rs\u0131? Emir verme merak\u0131?<\/p>\n<p>Y\u00fcz\u00fcne y\u0131lba\u015f\u0131 a\u011fac\u0131n\u0131n telli pullu <br \/> ayd\u0131nl\u0131\u011f\u0131 vuran \u00e7ocuk, <br \/> belli, bilmiyorum neden, ama belli <br \/> ya\u015fayacak benden iki kere \u00e7ok.<\/p>\n<p>Kosmosa filan gidip gelecek. \u0130\u015f bunda de\u011fil. <br \/> Yery\u00fcz\u00fcnde g\u00f6recek mucizenin b\u00fcy\u00fc\u011f\u00fcn\u00fc : <br \/> tek insan milletini p\u0131r\u0131l p\u0131r\u0131l. <br \/> Ben iyimserim, dostlar, akarsu gibi&#8230;<\/p>\n<p>7.1.1959, Moskova<\/p>\n<p>Naz\u0131m Hikmet RAN<\/p>\n","protected":false},"excerpt":{"rendered":"<p>\u00a0 Sa\u011fl\u0131\u011f\u0131mda a\u00e7\u0131ld\u0131 kosmos yolu, Moskova&#8217;da a\u00e7\u0131l\u0131\u015f t\u00f6renindeyim. Avucumda bir \u00e7ocu\u011fun sar\u0131\u015f\u0131n eli, bir y\u0131lba\u015f\u0131 a\u011fac\u0131 \u00f6n\u00fcndeyim. Biliyordum, ya\u015f\u0131na bile gelmeden, g\u00f6zlerinde s\u0131r\u00e7a toplar yanan \u00e7ocuk, yolcu f\u00fczeleri g\u00fcne\u015fe do\u011fru, y\u0131ld\u0131zlar\u0131n aras\u0131ndan, bal\u0131klar gibi sessiz sedas\u0131z ak\u0131p gidecek. Ama f\u00fcze yolcular\u0131 yola \u00e7\u0131kabilecek mi pasaportsuz? Bilet olacak m\u0131? Parayla m\u0131 alacaklar? Ve uzakla\u015f\u0131p karpuzla\u015f\u0131r, elmala\u015f\u0131rken [&hellip;]<\/p>\n","protected":false},"author":1,"featured_media":0,"comment_status":"open","ping_status":"open","sticky":false,"template":"","format":"standard","meta":{"footnotes":""},"categories":[59],"tags":[],"class_list":{"0":"post-6425","1":"post","2":"type-post","3":"status-publish","4":"format-standard","6":"category-nazim-hikmet-ran"},"yoast_head":"<!-- This site is optimized with the Yoast SEO Premium plugin v24.9 (Yoast SEO v24.9) - https:\/\/yoast.com\/wordpress\/plugins\/seo\/ -->\n<title>Y\u0130NE \u0130Y\u0130MSERL\u0130K \u00dcST\u00dcNE - narteks.net<\/title>\n<meta name=\"robots\" content=\"index, follow, max-snippet:-1, max-image-preview:large, max-video-preview:-1\" \/>\n<link rel=\"canonical\" href=\"https:\/\/narteks.net\/index.php\/2011\/06\/07\/yine-iyimserlik-ustune\/\" \/>\n<meta property=\"og:locale\" content=\"tr_TR\" \/>\n<meta property=\"og:type\" content=\"article\" \/>\n<meta property=\"og:title\" content=\"Y\u0130NE \u0130Y\u0130MSERL\u0130K \u00dcST\u00dcNE\" \/>\n<meta property=\"og:description\" content=\"\u00a0 Sa\u011fl\u0131\u011f\u0131mda a\u00e7\u0131ld\u0131 kosmos yolu, Moskova&#8217;da a\u00e7\u0131l\u0131\u015f t\u00f6renindeyim. Avucumda bir \u00e7ocu\u011fun sar\u0131\u015f\u0131n eli, bir y\u0131lba\u015f\u0131 a\u011fac\u0131 \u00f6n\u00fcndeyim. Biliyordum, ya\u015f\u0131na bile gelmeden, g\u00f6zlerinde s\u0131r\u00e7a toplar yanan \u00e7ocuk, yolcu f\u00fczeleri g\u00fcne\u015fe do\u011fru, y\u0131ld\u0131zlar\u0131n aras\u0131ndan, bal\u0131klar gibi sessiz sedas\u0131z ak\u0131p gidecek. Ama f\u00fcze yolcular\u0131 yola \u00e7\u0131kabilecek mi pasaportsuz? Bilet olacak m\u0131? Parayla m\u0131 alacaklar? Ve uzakla\u015f\u0131p karpuzla\u015f\u0131r, elmala\u015f\u0131rken [&hellip;]\" \/>\n<meta property=\"og:url\" content=\"https:\/\/narteks.net\/index.php\/2011\/06\/07\/yine-iyimserlik-ustune\/\" \/>\n<meta property=\"og:site_name\" content=\"narteks.net\" \/>\n<meta property=\"article:published_time\" content=\"2011-06-07T09:24:19+00:00\" \/>\n<meta property=\"og:image\" content=\"https:\/\/narteks.net\/wp-content\/uploads\/narteks.png\" \/>\n\t<meta property=\"og:image:width\" content=\"300\" \/>\n\t<meta property=\"og:image:height\" content=\"90\" \/>\n\t<meta property=\"og:image:type\" content=\"image\/png\" \/>\n<meta name=\"author\" content=\"Tar\u0131k\" \/>\n<meta name=\"twitter:card\" content=\"summary_large_image\" \/>\n<meta name=\"twitter:creator\" content=\"@narteks\" \/>\n<meta name=\"twitter:site\" content=\"@narteks\" \/>\n<meta name=\"twitter:label1\" content=\"Yazan:\" \/>\n\t<meta name=\"twitter:data1\" content=\"Tar\u0131k\" \/>\n\t<meta name=\"twitter:label2\" content=\"Tahmini okuma s\u00fcresi\" \/>\n\t<meta name=\"twitter:data2\" content=\"1 dakika\" \/>\n<script type=\"application\/ld+json\" class=\"yoast-schema-graph\">{\"@context\":\"https:\/\/schema.org\",\"@graph\":[{\"@type\":\"Article\",\"@id\":\"https:\/\/narteks.net\/index.php\/2011\/06\/07\/yine-iyimserlik-ustune\/#article\",\"isPartOf\":{\"@id\":\"https:\/\/narteks.net\/index.php\/2011\/06\/07\/yine-iyimserlik-ustune\/\"},\"author\":{\"name\":\"Tar\u0131k\",\"@id\":\"https:\/\/narteks.net\/#\/schema\/person\/61f37d9834294b72d31d274e7ed79bca\"},\"headline\":\"Y\u0130NE \u0130Y\u0130MSERL\u0130K \u00dcST\u00dcNE\",\"datePublished\":\"2011-06-07T09:24:19+00:00\",\"mainEntityOfPage\":{\"@id\":\"https:\/\/narteks.net\/index.php\/2011\/06\/07\/yine-iyimserlik-ustune\/\"},\"wordCount\":188,\"commentCount\":0,\"publisher\":{\"@id\":\"https:\/\/narteks.net\/#organization\"},\"articleSection\":[\"Naz\u0131m H\u0130KMET RAN\"],\"inLanguage\":\"tr\",\"potentialAction\":[{\"@type\":\"CommentAction\",\"name\":\"Comment\",\"target\":[\"https:\/\/narteks.net\/index.php\/2011\/06\/07\/yine-iyimserlik-ustune\/#respond\"]}]},{\"@type\":\"WebPage\",\"@id\":\"https:\/\/narteks.net\/index.php\/2011\/06\/07\/yine-iyimserlik-ustune\/\",\"url\":\"https:\/\/narteks.net\/index.php\/2011\/06\/07\/yine-iyimserlik-ustune\/\",\"name\":\"Y\u0130NE \u0130Y\u0130MSERL\u0130K \u00dcST\u00dcNE - narteks.net\",\"isPartOf\":{\"@id\":\"https:\/\/narteks.net\/#website\"},\"datePublished\":\"2011-06-07T09:24:19+00:00\",\"breadcrumb\":{\"@id\":\"https:\/\/narteks.net\/index.php\/2011\/06\/07\/yine-iyimserlik-ustune\/#breadcrumb\"},\"inLanguage\":\"tr\",\"potentialAction\":[{\"@type\":\"ReadAction\",\"target\":[\"https:\/\/narteks.net\/index.php\/2011\/06\/07\/yine-iyimserlik-ustune\/\"]}]},{\"@type\":\"BreadcrumbList\",\"@id\":\"https:\/\/narteks.net\/index.php\/2011\/06\/07\/yine-iyimserlik-ustune\/#breadcrumb\",\"itemListElement\":[{\"@type\":\"ListItem\",\"position\":1,\"name\":\"Anasayfa\",\"item\":\"https:\/\/narteks.net\/\"},{\"@type\":\"ListItem\",\"position\":2,\"name\":\"Y\u0130NE \u0130Y\u0130MSERL\u0130K \u00dcST\u00dcNE\"}]},{\"@type\":\"WebSite\",\"@id\":\"https:\/\/narteks.net\/#website\",\"url\":\"https:\/\/narteks.net\/\",\"name\":\"narteks.net\",\"description\":\"K\u00fclt\u00fcr Sanat Edebiyat Felsefe\",\"publisher\":{\"@id\":\"https:\/\/narteks.net\/#organization\"},\"alternateName\":\"K\u00fclt\u00fcr Sanat Edebiyat Felsefe\",\"potentialAction\":[{\"@type\":\"SearchAction\",\"target\":{\"@type\":\"EntryPoint\",\"urlTemplate\":\"https:\/\/narteks.net\/?s={search_term_string}\"},\"query-input\":{\"@type\":\"PropertyValueSpecification\",\"valueRequired\":true,\"valueName\":\"search_term_string\"}}],\"inLanguage\":\"tr\"},{\"@type\":\"Organization\",\"@id\":\"https:\/\/narteks.net\/#organization\",\"name\":\"narteks.net\",\"url\":\"https:\/\/narteks.net\/\",\"logo\":{\"@type\":\"ImageObject\",\"inLanguage\":\"tr\",\"@id\":\"https:\/\/narteks.net\/#\/schema\/logo\/image\/\",\"url\":\"https:\/\/narteks.net\/wp-content\/uploads\/narteks.png\",\"contentUrl\":\"https:\/\/narteks.net\/wp-content\/uploads\/narteks.png\",\"width\":300,\"height\":90,\"caption\":\"narteks.net\"},\"image\":{\"@id\":\"https:\/\/narteks.net\/#\/schema\/logo\/image\/\"},\"sameAs\":[\"https:\/\/x.com\/narteks\",\"https:\/\/instagram.com\/narteksnet\"]},{\"@type\":\"Person\",\"@id\":\"https:\/\/narteks.net\/#\/schema\/person\/61f37d9834294b72d31d274e7ed79bca\",\"name\":\"Tar\u0131k\",\"image\":{\"@type\":\"ImageObject\",\"inLanguage\":\"tr\",\"@id\":\"https:\/\/narteks.net\/#\/schema\/person\/image\/\",\"url\":\"https:\/\/secure.gravatar.com\/avatar\/50865afb55632c4ae467e0af0930f6510aa2297d8014be502a55b14f3b7550cf?s=96&d=mm&r=g\",\"contentUrl\":\"https:\/\/secure.gravatar.com\/avatar\/50865afb55632c4ae467e0af0930f6510aa2297d8014be502a55b14f3b7550cf?s=96&d=mm&r=g\",\"caption\":\"Tar\u0131k\"},\"sameAs\":[\"http:\/\/narteks.net\"],\"url\":\"https:\/\/narteks.net\/index.php\/author\/narbak\/\"}]}<\/script>\n<!-- \/ Yoast SEO Premium plugin. -->","yoast_head_json":{"title":"Y\u0130NE \u0130Y\u0130MSERL\u0130K \u00dcST\u00dcNE - narteks.net","robots":{"index":"index","follow":"follow","max-snippet":"max-snippet:-1","max-image-preview":"max-image-preview:large","max-video-preview":"max-video-preview:-1"},"canonical":"https:\/\/narteks.net\/index.php\/2011\/06\/07\/yine-iyimserlik-ustune\/","og_locale":"tr_TR","og_type":"article","og_title":"Y\u0130NE \u0130Y\u0130MSERL\u0130K \u00dcST\u00dcNE","og_description":"\u00a0 Sa\u011fl\u0131\u011f\u0131mda a\u00e7\u0131ld\u0131 kosmos yolu, Moskova&#8217;da a\u00e7\u0131l\u0131\u015f t\u00f6renindeyim. Avucumda bir \u00e7ocu\u011fun sar\u0131\u015f\u0131n eli, bir y\u0131lba\u015f\u0131 a\u011fac\u0131 \u00f6n\u00fcndeyim. Biliyordum, ya\u015f\u0131na bile gelmeden, g\u00f6zlerinde s\u0131r\u00e7a toplar yanan \u00e7ocuk, yolcu f\u00fczeleri g\u00fcne\u015fe do\u011fru, y\u0131ld\u0131zlar\u0131n aras\u0131ndan, bal\u0131klar gibi sessiz sedas\u0131z ak\u0131p gidecek. Ama f\u00fcze yolcular\u0131 yola \u00e7\u0131kabilecek mi pasaportsuz? Bilet olacak m\u0131? Parayla m\u0131 alacaklar? Ve uzakla\u015f\u0131p karpuzla\u015f\u0131r, elmala\u015f\u0131rken [&hellip;]","og_url":"https:\/\/narteks.net\/index.php\/2011\/06\/07\/yine-iyimserlik-ustune\/","og_site_name":"narteks.net","article_published_time":"2011-06-07T09:24:19+00:00","og_image":[{"width":300,"height":90,"url":"https:\/\/narteks.net\/wp-content\/uploads\/narteks.png","type":"image\/png"}],"author":"Tar\u0131k","twitter_card":"summary_large_image","twitter_creator":"@narteks","twitter_site":"@narteks","twitter_misc":{"Yazan:":"Tar\u0131k","Tahmini okuma s\u00fcresi":"1 dakika"},"schema":{"@context":"https:\/\/schema.org","@graph":[{"@type":"Article","@id":"https:\/\/narteks.net\/index.php\/2011\/06\/07\/yine-iyimserlik-ustune\/#article","isPartOf":{"@id":"https:\/\/narteks.net\/index.php\/2011\/06\/07\/yine-iyimserlik-ustune\/"},"author":{"name":"Tar\u0131k","@id":"https:\/\/narteks.net\/#\/schema\/person\/61f37d9834294b72d31d274e7ed79bca"},"headline":"Y\u0130NE \u0130Y\u0130MSERL\u0130K \u00dcST\u00dcNE","datePublished":"2011-06-07T09:24:19+00:00","mainEntityOfPage":{"@id":"https:\/\/narteks.net\/index.php\/2011\/06\/07\/yine-iyimserlik-ustune\/"},"wordCount":188,"commentCount":0,"publisher":{"@id":"https:\/\/narteks.net\/#organization"},"articleSection":["Naz\u0131m H\u0130KMET RAN"],"inLanguage":"tr","potentialAction":[{"@type":"CommentAction","name":"Comment","target":["https:\/\/narteks.net\/index.php\/2011\/06\/07\/yine-iyimserlik-ustune\/#respond"]}]},{"@type":"WebPage","@id":"https:\/\/narteks.net\/index.php\/2011\/06\/07\/yine-iyimserlik-ustune\/","url":"https:\/\/narteks.net\/index.php\/2011\/06\/07\/yine-iyimserlik-ustune\/","name":"Y\u0130NE \u0130Y\u0130MSERL\u0130K \u00dcST\u00dcNE - narteks.net","isPartOf":{"@id":"https:\/\/narteks.net\/#website"},"datePublished":"2011-06-07T09:24:19+00:00","breadcrumb":{"@id":"https:\/\/narteks.net\/index.php\/2011\/06\/07\/yine-iyimserlik-ustune\/#breadcrumb"},"inLanguage":"tr","potentialAction":[{"@type":"ReadAction","target":["https:\/\/narteks.net\/index.php\/2011\/06\/07\/yine-iyimserlik-ustune\/"]}]},{"@type":"BreadcrumbList","@id":"https:\/\/narteks.net\/index.php\/2011\/06\/07\/yine-iyimserlik-ustune\/#breadcrumb","itemListElement":[{"@type":"ListItem","position":1,"name":"Anasayfa","item":"https:\/\/narteks.net\/"},{"@type":"ListItem","position":2,"name":"Y\u0130NE \u0130Y\u0130MSERL\u0130K \u00dcST\u00dcNE"}]},{"@type":"WebSite","@id":"https:\/\/narteks.net\/#website","url":"https:\/\/narteks.net\/","name":"narteks.net","description":"K\u00fclt\u00fcr Sanat Edebiyat Felsefe","publisher":{"@id":"https:\/\/narteks.net\/#organization"},"alternateName":"K\u00fclt\u00fcr Sanat Edebiyat Felsefe","potentialAction":[{"@type":"SearchAction","target":{"@type":"EntryPoint","urlTemplate":"https:\/\/narteks.net\/?s={search_term_string}"},"query-input":{"@type":"PropertyValueSpecification","valueRequired":true,"valueName":"search_term_string"}}],"inLanguage":"tr"},{"@type":"Organization","@id":"https:\/\/narteks.net\/#organization","name":"narteks.net","url":"https:\/\/narteks.net\/","logo":{"@type":"ImageObject","inLanguage":"tr","@id":"https:\/\/narteks.net\/#\/schema\/logo\/image\/","url":"https:\/\/narteks.net\/wp-content\/uploads\/narteks.png","contentUrl":"https:\/\/narteks.net\/wp-content\/uploads\/narteks.png","width":300,"height":90,"caption":"narteks.net"},"image":{"@id":"https:\/\/narteks.net\/#\/schema\/logo\/image\/"},"sameAs":["https:\/\/x.com\/narteks","https:\/\/instagram.com\/narteksnet"]},{"@type":"Person","@id":"https:\/\/narteks.net\/#\/schema\/person\/61f37d9834294b72d31d274e7ed79bca","name":"Tar\u0131k","image":{"@type":"ImageObject","inLanguage":"tr","@id":"https:\/\/narteks.net\/#\/schema\/person\/image\/","url":"https:\/\/secure.gravatar.com\/avatar\/50865afb55632c4ae467e0af0930f6510aa2297d8014be502a55b14f3b7550cf?s=96&d=mm&r=g","contentUrl":"https:\/\/secure.gravatar.com\/avatar\/50865afb55632c4ae467e0af0930f6510aa2297d8014be502a55b14f3b7550cf?s=96&d=mm&r=g","caption":"Tar\u0131k"},"sameAs":["http:\/\/narteks.net"],"url":"https:\/\/narteks.net\/index.php\/author\/narbak\/"}]}},"_links":{"self":[{"href":"https:\/\/narteks.net\/index.php\/wp-json\/wp\/v2\/posts\/6425","targetHints":{"allow":["GET"]}}],"collection":[{"href":"https:\/\/narteks.net\/index.php\/wp-json\/wp\/v2\/posts"}],"about":[{"href":"https:\/\/narteks.net\/index.php\/wp-json\/wp\/v2\/types\/post"}],"author":[{"embeddable":true,"href":"https:\/\/narteks.net\/index.php\/wp-json\/wp\/v2\/users\/1"}],"replies":[{"embeddable":true,"href":"https:\/\/narteks.net\/index.php\/wp-json\/wp\/v2\/comments?post=6425"}],"version-history":[{"count":0,"href":"https:\/\/narteks.net\/index.php\/wp-json\/wp\/v2\/posts\/6425\/revisions"}],"wp:attachment":[{"href":"https:\/\/narteks.net\/index.php\/wp-json\/wp\/v2\/media?parent=6425"}],"wp:term":[{"taxonomy":"category","embeddable":true,"href":"https:\/\/narteks.net\/index.php\/wp-json\/wp\/v2\/categories?post=6425"},{"taxonomy":"post_tag","embeddable":true,"href":"https:\/\/narteks.net\/index.php\/wp-json\/wp\/v2\/tags?post=6425"}],"curies":[{"name":"wp","href":"https:\/\/api.w.org\/{rel}","templated":true}]}}