{"id":6427,"date":"2011-06-07T12:26:16","date_gmt":"2011-06-07T09:26:16","guid":{"rendered":"http:\/\/localhost\/wordpress\/2011\/06\/07\/yirminci-asra-dair\/"},"modified":"2011-06-07T12:26:16","modified_gmt":"2011-06-07T09:26:16","slug":"yirminci-asra-dair","status":"publish","type":"post","link":"https:\/\/narteks.net\/index.php\/2011\/06\/07\/yirminci-asra-dair\/","title":{"rendered":"Y\u0130RM\u0130NC\u0130 ASRA DA\u0130R"},"content":{"rendered":"<p>\u00a0<\/p>\n<p>Uyumak \u015fimdi,<br \/> uyanmak y\u00fcz y\u0131l sonra, sevgilim&#8230;<\/p>\n<p> Hay\u0131r,<br \/> kendi asr\u0131m beni korkutmuyor<br \/> ben ka\u00e7ak de\u011filim.<br \/> Asr\u0131m sefil,<br \/> asr\u0131m y\u00fcz k\u0131zart\u0131c\u0131,<br \/> asr\u0131m cesur,<br \/> b\u00fcy\u00fck<br \/> ve kahraman.<br \/> D\u00fcnyaya erken gelmi\u015fim diye kahretmedim hi\u00e7bir zaman.<br \/> Ben yirminci as\u0131rl\u0131y\u0131m<br \/> ve bununla \u00f6v\u00fcn\u00fcyorum.<br \/> Bana yeter<br \/> yirminci as\u0131rda oldu\u011fum safta olmak<br \/> bizim tarafta olmak<br \/> ve d\u00f6v\u00fc\u015fmek yeni bir \u00e2lem i\u00e7in&#8230;<\/p>\n<p> Y\u00fcz y\u0131l sonra, sevgilim&#8230;<\/p>\n<p> Hay\u0131r, her \u015feye ra\u011fmen daha evvel.<br \/> Ve \u00f6len ve do\u011fan<br \/> ve son g\u00fclenleri g\u00fczel g\u00fclecek olan yirminci as\u0131r<br \/> (benim \u015fafak \u00e7\u0131\u011fl\u0131klar\u0131yla sabaha eren m\u00fcthi\u015f gecem),<br \/> senin g\u00f6zlerin gibi, Hat\u00e7em,<br \/> g\u00fcne\u015fli olacakt\u0131r&#8230;<\/p>\n<p> 12.11.1941<\/p>\n<p>Naz\u0131m Hikmet RAN<\/p>\n","protected":false},"excerpt":{"rendered":"<p>\u00a0 Uyumak \u015fimdi, uyanmak y\u00fcz y\u0131l sonra, sevgilim&#8230; Hay\u0131r, kendi asr\u0131m beni korkutmuyor ben ka\u00e7ak de\u011filim. Asr\u0131m sefil, asr\u0131m y\u00fcz k\u0131zart\u0131c\u0131, asr\u0131m cesur, b\u00fcy\u00fck ve kahraman. D\u00fcnyaya erken gelmi\u015fim diye kahretmedim hi\u00e7bir zaman. Ben yirminci as\u0131rl\u0131y\u0131m ve bununla \u00f6v\u00fcn\u00fcyorum. Bana yeter yirminci as\u0131rda oldu\u011fum safta olmak bizim tarafta olmak ve d\u00f6v\u00fc\u015fmek yeni bir \u00e2lem i\u00e7in&#8230; [&hellip;]<\/p>\n","protected":false},"author":1,"featured_media":0,"comment_status":"open","ping_status":"open","sticky":false,"template":"","format":"standard","meta":{"footnotes":""},"categories":[59],"tags":[],"class_list":{"0":"post-6427","1":"post","2":"type-post","3":"status-publish","4":"format-standard","6":"category-nazim-hikmet-ran"},"yoast_head":"<!-- This site is optimized with the Yoast SEO Premium plugin v24.9 (Yoast SEO v24.9) - https:\/\/yoast.com\/wordpress\/plugins\/seo\/ -->\n<title>Y\u0130RM\u0130NC\u0130 ASRA DA\u0130R - narteks.net<\/title>\n<meta name=\"robots\" content=\"index, follow, max-snippet:-1, max-image-preview:large, max-video-preview:-1\" \/>\n<link rel=\"canonical\" href=\"https:\/\/narteks.net\/index.php\/2011\/06\/07\/yirminci-asra-dair\/\" \/>\n<meta property=\"og:locale\" content=\"tr_TR\" \/>\n<meta property=\"og:type\" content=\"article\" \/>\n<meta property=\"og:title\" content=\"Y\u0130RM\u0130NC\u0130 ASRA DA\u0130R\" \/>\n<meta property=\"og:description\" content=\"\u00a0 Uyumak \u015fimdi, uyanmak y\u00fcz y\u0131l sonra, sevgilim&#8230; Hay\u0131r, kendi asr\u0131m beni korkutmuyor ben ka\u00e7ak de\u011filim. Asr\u0131m sefil, asr\u0131m y\u00fcz k\u0131zart\u0131c\u0131, asr\u0131m cesur, b\u00fcy\u00fck ve kahraman. D\u00fcnyaya erken gelmi\u015fim diye kahretmedim hi\u00e7bir zaman. Ben yirminci as\u0131rl\u0131y\u0131m ve bununla \u00f6v\u00fcn\u00fcyorum. Bana yeter yirminci as\u0131rda oldu\u011fum safta olmak bizim tarafta olmak ve d\u00f6v\u00fc\u015fmek yeni bir \u00e2lem i\u00e7in&#8230; [&hellip;]\" \/>\n<meta property=\"og:url\" content=\"https:\/\/narteks.net\/index.php\/2011\/06\/07\/yirminci-asra-dair\/\" \/>\n<meta property=\"og:site_name\" content=\"narteks.net\" \/>\n<meta property=\"article:published_time\" content=\"2011-06-07T09:26:16+00:00\" \/>\n<meta property=\"og:image\" content=\"https:\/\/narteks.net\/wp-content\/uploads\/narteks.png\" \/>\n\t<meta property=\"og:image:width\" content=\"300\" \/>\n\t<meta property=\"og:image:height\" content=\"90\" \/>\n\t<meta property=\"og:image:type\" content=\"image\/png\" \/>\n<meta name=\"author\" content=\"Tar\u0131k\" \/>\n<meta name=\"twitter:card\" content=\"summary_large_image\" \/>\n<meta name=\"twitter:creator\" content=\"@narteks\" \/>\n<meta name=\"twitter:site\" content=\"@narteks\" \/>\n<meta name=\"twitter:label1\" content=\"Yazan:\" \/>\n\t<meta name=\"twitter:data1\" content=\"Tar\u0131k\" \/>\n\t<meta name=\"twitter:label2\" content=\"Tahmini okuma s\u00fcresi\" \/>\n\t<meta name=\"twitter:data2\" content=\"1 dakika\" \/>\n<script type=\"application\/ld+json\" class=\"yoast-schema-graph\">{\"@context\":\"https:\/\/schema.org\",\"@graph\":[{\"@type\":\"Article\",\"@id\":\"https:\/\/narteks.net\/index.php\/2011\/06\/07\/yirminci-asra-dair\/#article\",\"isPartOf\":{\"@id\":\"https:\/\/narteks.net\/index.php\/2011\/06\/07\/yirminci-asra-dair\/\"},\"author\":{\"name\":\"Tar\u0131k\",\"@id\":\"https:\/\/narteks.net\/#\/schema\/person\/61f37d9834294b72d31d274e7ed79bca\"},\"headline\":\"Y\u0130RM\u0130NC\u0130 ASRA DA\u0130R\",\"datePublished\":\"2011-06-07T09:26:16+00:00\",\"mainEntityOfPage\":{\"@id\":\"https:\/\/narteks.net\/index.php\/2011\/06\/07\/yirminci-asra-dair\/\"},\"wordCount\":143,\"commentCount\":0,\"publisher\":{\"@id\":\"https:\/\/narteks.net\/#organization\"},\"articleSection\":[\"Naz\u0131m H\u0130KMET RAN\"],\"inLanguage\":\"tr\",\"potentialAction\":[{\"@type\":\"CommentAction\",\"name\":\"Comment\",\"target\":[\"https:\/\/narteks.net\/index.php\/2011\/06\/07\/yirminci-asra-dair\/#respond\"]}]},{\"@type\":\"WebPage\",\"@id\":\"https:\/\/narteks.net\/index.php\/2011\/06\/07\/yirminci-asra-dair\/\",\"url\":\"https:\/\/narteks.net\/index.php\/2011\/06\/07\/yirminci-asra-dair\/\",\"name\":\"Y\u0130RM\u0130NC\u0130 ASRA DA\u0130R - narteks.net\",\"isPartOf\":{\"@id\":\"https:\/\/narteks.net\/#website\"},\"datePublished\":\"2011-06-07T09:26:16+00:00\",\"breadcrumb\":{\"@id\":\"https:\/\/narteks.net\/index.php\/2011\/06\/07\/yirminci-asra-dair\/#breadcrumb\"},\"inLanguage\":\"tr\",\"potentialAction\":[{\"@type\":\"ReadAction\",\"target\":[\"https:\/\/narteks.net\/index.php\/2011\/06\/07\/yirminci-asra-dair\/\"]}]},{\"@type\":\"BreadcrumbList\",\"@id\":\"https:\/\/narteks.net\/index.php\/2011\/06\/07\/yirminci-asra-dair\/#breadcrumb\",\"itemListElement\":[{\"@type\":\"ListItem\",\"position\":1,\"name\":\"Anasayfa\",\"item\":\"https:\/\/narteks.net\/\"},{\"@type\":\"ListItem\",\"position\":2,\"name\":\"Y\u0130RM\u0130NC\u0130 ASRA DA\u0130R\"}]},{\"@type\":\"WebSite\",\"@id\":\"https:\/\/narteks.net\/#website\",\"url\":\"https:\/\/narteks.net\/\",\"name\":\"narteks.net\",\"description\":\"K\u00fclt\u00fcr Sanat Edebiyat Felsefe\",\"publisher\":{\"@id\":\"https:\/\/narteks.net\/#organization\"},\"alternateName\":\"K\u00fclt\u00fcr Sanat Edebiyat Felsefe\",\"potentialAction\":[{\"@type\":\"SearchAction\",\"target\":{\"@type\":\"EntryPoint\",\"urlTemplate\":\"https:\/\/narteks.net\/?s={search_term_string}\"},\"query-input\":{\"@type\":\"PropertyValueSpecification\",\"valueRequired\":true,\"valueName\":\"search_term_string\"}}],\"inLanguage\":\"tr\"},{\"@type\":\"Organization\",\"@id\":\"https:\/\/narteks.net\/#organization\",\"name\":\"narteks.net\",\"url\":\"https:\/\/narteks.net\/\",\"logo\":{\"@type\":\"ImageObject\",\"inLanguage\":\"tr\",\"@id\":\"https:\/\/narteks.net\/#\/schema\/logo\/image\/\",\"url\":\"https:\/\/narteks.net\/wp-content\/uploads\/narteks.png\",\"contentUrl\":\"https:\/\/narteks.net\/wp-content\/uploads\/narteks.png\",\"width\":300,\"height\":90,\"caption\":\"narteks.net\"},\"image\":{\"@id\":\"https:\/\/narteks.net\/#\/schema\/logo\/image\/\"},\"sameAs\":[\"https:\/\/x.com\/narteks\",\"https:\/\/instagram.com\/narteksnet\"]},{\"@type\":\"Person\",\"@id\":\"https:\/\/narteks.net\/#\/schema\/person\/61f37d9834294b72d31d274e7ed79bca\",\"name\":\"Tar\u0131k\",\"image\":{\"@type\":\"ImageObject\",\"inLanguage\":\"tr\",\"@id\":\"https:\/\/narteks.net\/#\/schema\/person\/image\/\",\"url\":\"https:\/\/secure.gravatar.com\/avatar\/50865afb55632c4ae467e0af0930f6510aa2297d8014be502a55b14f3b7550cf?s=96&d=mm&r=g\",\"contentUrl\":\"https:\/\/secure.gravatar.com\/avatar\/50865afb55632c4ae467e0af0930f6510aa2297d8014be502a55b14f3b7550cf?s=96&d=mm&r=g\",\"caption\":\"Tar\u0131k\"},\"sameAs\":[\"http:\/\/narteks.net\"],\"url\":\"https:\/\/narteks.net\/index.php\/author\/narbak\/\"}]}<\/script>\n<!-- \/ Yoast SEO Premium plugin. -->","yoast_head_json":{"title":"Y\u0130RM\u0130NC\u0130 ASRA DA\u0130R - narteks.net","robots":{"index":"index","follow":"follow","max-snippet":"max-snippet:-1","max-image-preview":"max-image-preview:large","max-video-preview":"max-video-preview:-1"},"canonical":"https:\/\/narteks.net\/index.php\/2011\/06\/07\/yirminci-asra-dair\/","og_locale":"tr_TR","og_type":"article","og_title":"Y\u0130RM\u0130NC\u0130 ASRA DA\u0130R","og_description":"\u00a0 Uyumak \u015fimdi, uyanmak y\u00fcz y\u0131l sonra, sevgilim&#8230; Hay\u0131r, kendi asr\u0131m beni korkutmuyor ben ka\u00e7ak de\u011filim. Asr\u0131m sefil, asr\u0131m y\u00fcz k\u0131zart\u0131c\u0131, asr\u0131m cesur, b\u00fcy\u00fck ve kahraman. D\u00fcnyaya erken gelmi\u015fim diye kahretmedim hi\u00e7bir zaman. Ben yirminci as\u0131rl\u0131y\u0131m ve bununla \u00f6v\u00fcn\u00fcyorum. Bana yeter yirminci as\u0131rda oldu\u011fum safta olmak bizim tarafta olmak ve d\u00f6v\u00fc\u015fmek yeni bir \u00e2lem i\u00e7in&#8230; [&hellip;]","og_url":"https:\/\/narteks.net\/index.php\/2011\/06\/07\/yirminci-asra-dair\/","og_site_name":"narteks.net","article_published_time":"2011-06-07T09:26:16+00:00","og_image":[{"width":300,"height":90,"url":"https:\/\/narteks.net\/wp-content\/uploads\/narteks.png","type":"image\/png"}],"author":"Tar\u0131k","twitter_card":"summary_large_image","twitter_creator":"@narteks","twitter_site":"@narteks","twitter_misc":{"Yazan:":"Tar\u0131k","Tahmini okuma s\u00fcresi":"1 dakika"},"schema":{"@context":"https:\/\/schema.org","@graph":[{"@type":"Article","@id":"https:\/\/narteks.net\/index.php\/2011\/06\/07\/yirminci-asra-dair\/#article","isPartOf":{"@id":"https:\/\/narteks.net\/index.php\/2011\/06\/07\/yirminci-asra-dair\/"},"author":{"name":"Tar\u0131k","@id":"https:\/\/narteks.net\/#\/schema\/person\/61f37d9834294b72d31d274e7ed79bca"},"headline":"Y\u0130RM\u0130NC\u0130 ASRA DA\u0130R","datePublished":"2011-06-07T09:26:16+00:00","mainEntityOfPage":{"@id":"https:\/\/narteks.net\/index.php\/2011\/06\/07\/yirminci-asra-dair\/"},"wordCount":143,"commentCount":0,"publisher":{"@id":"https:\/\/narteks.net\/#organization"},"articleSection":["Naz\u0131m H\u0130KMET RAN"],"inLanguage":"tr","potentialAction":[{"@type":"CommentAction","name":"Comment","target":["https:\/\/narteks.net\/index.php\/2011\/06\/07\/yirminci-asra-dair\/#respond"]}]},{"@type":"WebPage","@id":"https:\/\/narteks.net\/index.php\/2011\/06\/07\/yirminci-asra-dair\/","url":"https:\/\/narteks.net\/index.php\/2011\/06\/07\/yirminci-asra-dair\/","name":"Y\u0130RM\u0130NC\u0130 ASRA DA\u0130R - narteks.net","isPartOf":{"@id":"https:\/\/narteks.net\/#website"},"datePublished":"2011-06-07T09:26:16+00:00","breadcrumb":{"@id":"https:\/\/narteks.net\/index.php\/2011\/06\/07\/yirminci-asra-dair\/#breadcrumb"},"inLanguage":"tr","potentialAction":[{"@type":"ReadAction","target":["https:\/\/narteks.net\/index.php\/2011\/06\/07\/yirminci-asra-dair\/"]}]},{"@type":"BreadcrumbList","@id":"https:\/\/narteks.net\/index.php\/2011\/06\/07\/yirminci-asra-dair\/#breadcrumb","itemListElement":[{"@type":"ListItem","position":1,"name":"Anasayfa","item":"https:\/\/narteks.net\/"},{"@type":"ListItem","position":2,"name":"Y\u0130RM\u0130NC\u0130 ASRA DA\u0130R"}]},{"@type":"WebSite","@id":"https:\/\/narteks.net\/#website","url":"https:\/\/narteks.net\/","name":"narteks.net","description":"K\u00fclt\u00fcr Sanat Edebiyat Felsefe","publisher":{"@id":"https:\/\/narteks.net\/#organization"},"alternateName":"K\u00fclt\u00fcr Sanat Edebiyat Felsefe","potentialAction":[{"@type":"SearchAction","target":{"@type":"EntryPoint","urlTemplate":"https:\/\/narteks.net\/?s={search_term_string}"},"query-input":{"@type":"PropertyValueSpecification","valueRequired":true,"valueName":"search_term_string"}}],"inLanguage":"tr"},{"@type":"Organization","@id":"https:\/\/narteks.net\/#organization","name":"narteks.net","url":"https:\/\/narteks.net\/","logo":{"@type":"ImageObject","inLanguage":"tr","@id":"https:\/\/narteks.net\/#\/schema\/logo\/image\/","url":"https:\/\/narteks.net\/wp-content\/uploads\/narteks.png","contentUrl":"https:\/\/narteks.net\/wp-content\/uploads\/narteks.png","width":300,"height":90,"caption":"narteks.net"},"image":{"@id":"https:\/\/narteks.net\/#\/schema\/logo\/image\/"},"sameAs":["https:\/\/x.com\/narteks","https:\/\/instagram.com\/narteksnet"]},{"@type":"Person","@id":"https:\/\/narteks.net\/#\/schema\/person\/61f37d9834294b72d31d274e7ed79bca","name":"Tar\u0131k","image":{"@type":"ImageObject","inLanguage":"tr","@id":"https:\/\/narteks.net\/#\/schema\/person\/image\/","url":"https:\/\/secure.gravatar.com\/avatar\/50865afb55632c4ae467e0af0930f6510aa2297d8014be502a55b14f3b7550cf?s=96&d=mm&r=g","contentUrl":"https:\/\/secure.gravatar.com\/avatar\/50865afb55632c4ae467e0af0930f6510aa2297d8014be502a55b14f3b7550cf?s=96&d=mm&r=g","caption":"Tar\u0131k"},"sameAs":["http:\/\/narteks.net"],"url":"https:\/\/narteks.net\/index.php\/author\/narbak\/"}]}},"_links":{"self":[{"href":"https:\/\/narteks.net\/index.php\/wp-json\/wp\/v2\/posts\/6427","targetHints":{"allow":["GET"]}}],"collection":[{"href":"https:\/\/narteks.net\/index.php\/wp-json\/wp\/v2\/posts"}],"about":[{"href":"https:\/\/narteks.net\/index.php\/wp-json\/wp\/v2\/types\/post"}],"author":[{"embeddable":true,"href":"https:\/\/narteks.net\/index.php\/wp-json\/wp\/v2\/users\/1"}],"replies":[{"embeddable":true,"href":"https:\/\/narteks.net\/index.php\/wp-json\/wp\/v2\/comments?post=6427"}],"version-history":[{"count":0,"href":"https:\/\/narteks.net\/index.php\/wp-json\/wp\/v2\/posts\/6427\/revisions"}],"wp:attachment":[{"href":"https:\/\/narteks.net\/index.php\/wp-json\/wp\/v2\/media?parent=6427"}],"wp:term":[{"taxonomy":"category","embeddable":true,"href":"https:\/\/narteks.net\/index.php\/wp-json\/wp\/v2\/categories?post=6427"},{"taxonomy":"post_tag","embeddable":true,"href":"https:\/\/narteks.net\/index.php\/wp-json\/wp\/v2\/tags?post=6427"}],"curies":[{"name":"wp","href":"https:\/\/api.w.org\/{rel}","templated":true}]}}