{"id":6429,"date":"2011-06-07T12:27:58","date_gmt":"2011-06-07T09:27:58","guid":{"rendered":"http:\/\/localhost\/wordpress\/2011\/06\/07\/zafere-dair\/"},"modified":"2011-06-07T12:27:58","modified_gmt":"2011-06-07T09:27:58","slug":"zafere-dair","status":"publish","type":"post","link":"https:\/\/narteks.net\/index.php\/2011\/06\/07\/zafere-dair\/","title":{"rendered":"ZAFERE DA\u0130R"},"content":{"rendered":"<p>\u00a0<\/p>\n<p>Korkun\u00e7 ellerinle bast\u0131r\u0131p yaran\u0131<br \/> dudaklar\u0131n\u0131 kanatarak<br \/> dayan\u0131lmakta a\u011fr\u0131ya.<br \/>\u015eimdi \u00e7\u0131plak ve merhametsiz<br \/> bir \u00e7\u0131\u011fl\u0131k oldu \u00fcmid&#8230;<br \/>Ve zafer<br \/> art\u0131k hi\u00e7bir \u015feyi affetmeyecek kadar<br \/> t\u0131rnakla s\u00f6k\u00fcl\u00fcp kopar\u0131lacakt\u0131r&#8230;<\/p>\n<p>G\u00fcnler a\u011f\u0131r.<br \/>G\u00fcnler \u00f6l\u00fcm haberleriyle geliyor.<br \/>D\u00fc\u015fman ha\u015fin<br \/> zalim<br \/> ve kurnaz.<br \/>\u00d6l\u00fcyor \u00e7arp\u0131\u015farak insanlar\u0131m\u0131z<br \/> halbuki nas\u0131l hakketmi\u015flerdi ya\u015famay\u0131\u00a0 <br \/>\u00f6l\u00fcyor insanlar\u0131m\u0131z<br \/> ne kadar \u00e7ok\u00a0 <br \/>sanki \u015fark\u0131lar ve bayraklarla<br \/> bir bayram g\u00fcn\u00fc n\u00fcmayi\u015fe \u00e7\u0131kt\u0131lar<br \/> \u00f6yle gen\u00e7<br \/> ve f\u00fctursuz&#8230;<\/p>\n<p>G\u00fcnler a\u011f\u0131r.<br \/>G\u00fcnler \u00f6l\u00fcm haberleriyle geliyor.<br \/>En g\u00fczel d\u00fcnyalar\u0131<br \/> yakt\u0131k ellerimizle<br \/>ve g\u00f6z\u00fcm\u00fczde kaybettik a\u011flamay\u0131 :<br \/>bizi bir par\u00e7a hazin ve dimdik b\u0131rak\u0131p<br \/> g\u00f6zya\u015flar\u0131m\u0131z gittiler<br \/>ve bundan dolay\u0131<br \/> biz unuttuk ba\u011f\u0131\u015flamay\u0131&#8230;<\/p>\n<p>Var\u0131lacak yere<br \/> kan i\u00e7inde var\u0131lacakt\u0131r.<br \/>Ve zafer<br \/> art\u0131k hi\u00e7bir \u015feyi affetmeyecek kadar<br \/> t\u0131rnakla s\u00f6k\u00fcl\u00fcp<br \/> kopar\u0131lacakt\u0131r&#8230;<\/p>\n<p> 1941<\/p>\n<p>Naz\u0131m Hikmet RAN<\/p>\n","protected":false},"excerpt":{"rendered":"<p>\u00a0 Korkun\u00e7 ellerinle bast\u0131r\u0131p yaran\u0131 dudaklar\u0131n\u0131 kanatarak dayan\u0131lmakta a\u011fr\u0131ya.\u015eimdi \u00e7\u0131plak ve merhametsiz bir \u00e7\u0131\u011fl\u0131k oldu \u00fcmid&#8230;Ve zafer art\u0131k hi\u00e7bir \u015feyi affetmeyecek kadar t\u0131rnakla s\u00f6k\u00fcl\u00fcp kopar\u0131lacakt\u0131r&#8230; G\u00fcnler a\u011f\u0131r.G\u00fcnler \u00f6l\u00fcm haberleriyle geliyor.D\u00fc\u015fman ha\u015fin zalim ve kurnaz.\u00d6l\u00fcyor \u00e7arp\u0131\u015farak insanlar\u0131m\u0131z halbuki nas\u0131l hakketmi\u015flerdi ya\u015famay\u0131\u00a0 \u00f6l\u00fcyor insanlar\u0131m\u0131z ne kadar \u00e7ok\u00a0 sanki \u015fark\u0131lar ve bayraklarla bir bayram g\u00fcn\u00fc n\u00fcmayi\u015fe \u00e7\u0131kt\u0131lar \u00f6yle [&hellip;]<\/p>\n","protected":false},"author":1,"featured_media":0,"comment_status":"open","ping_status":"open","sticky":false,"template":"","format":"standard","meta":{"footnotes":""},"categories":[59],"tags":[],"class_list":{"0":"post-6429","1":"post","2":"type-post","3":"status-publish","4":"format-standard","6":"category-nazim-hikmet-ran"},"yoast_head":"<!-- This site is optimized with the Yoast SEO Premium plugin v24.9 (Yoast SEO v24.9) - https:\/\/yoast.com\/wordpress\/plugins\/seo\/ -->\n<title>ZAFERE DA\u0130R - narteks.net<\/title>\n<meta name=\"robots\" content=\"index, follow, max-snippet:-1, max-image-preview:large, max-video-preview:-1\" \/>\n<link rel=\"canonical\" href=\"https:\/\/narteks.net\/index.php\/2011\/06\/07\/zafere-dair\/\" \/>\n<meta property=\"og:locale\" content=\"tr_TR\" \/>\n<meta property=\"og:type\" content=\"article\" \/>\n<meta property=\"og:title\" content=\"ZAFERE DA\u0130R\" \/>\n<meta property=\"og:description\" content=\"\u00a0 Korkun\u00e7 ellerinle bast\u0131r\u0131p yaran\u0131 dudaklar\u0131n\u0131 kanatarak dayan\u0131lmakta a\u011fr\u0131ya.\u015eimdi \u00e7\u0131plak ve merhametsiz bir \u00e7\u0131\u011fl\u0131k oldu \u00fcmid&#8230;Ve zafer art\u0131k hi\u00e7bir \u015feyi affetmeyecek kadar t\u0131rnakla s\u00f6k\u00fcl\u00fcp kopar\u0131lacakt\u0131r&#8230; G\u00fcnler a\u011f\u0131r.G\u00fcnler \u00f6l\u00fcm haberleriyle geliyor.D\u00fc\u015fman ha\u015fin zalim ve kurnaz.\u00d6l\u00fcyor \u00e7arp\u0131\u015farak insanlar\u0131m\u0131z halbuki nas\u0131l hakketmi\u015flerdi ya\u015famay\u0131\u00a0 \u00f6l\u00fcyor insanlar\u0131m\u0131z ne kadar \u00e7ok\u00a0 sanki \u015fark\u0131lar ve bayraklarla bir bayram g\u00fcn\u00fc n\u00fcmayi\u015fe \u00e7\u0131kt\u0131lar \u00f6yle [&hellip;]\" \/>\n<meta property=\"og:url\" content=\"https:\/\/narteks.net\/index.php\/2011\/06\/07\/zafere-dair\/\" \/>\n<meta property=\"og:site_name\" content=\"narteks.net\" \/>\n<meta property=\"article:published_time\" content=\"2011-06-07T09:27:58+00:00\" \/>\n<meta property=\"og:image\" content=\"https:\/\/narteks.net\/wp-content\/uploads\/narteks.png\" \/>\n\t<meta property=\"og:image:width\" content=\"300\" \/>\n\t<meta property=\"og:image:height\" content=\"90\" \/>\n\t<meta property=\"og:image:type\" content=\"image\/png\" \/>\n<meta name=\"author\" content=\"Tar\u0131k\" \/>\n<meta name=\"twitter:card\" content=\"summary_large_image\" \/>\n<meta name=\"twitter:creator\" content=\"@narteks\" \/>\n<meta name=\"twitter:site\" content=\"@narteks\" \/>\n<meta name=\"twitter:label1\" content=\"Yazan:\" \/>\n\t<meta name=\"twitter:data1\" content=\"Tar\u0131k\" \/>\n\t<meta name=\"twitter:label2\" content=\"Tahmini okuma s\u00fcresi\" \/>\n\t<meta name=\"twitter:data2\" content=\"1 dakika\" \/>\n<script type=\"application\/ld+json\" class=\"yoast-schema-graph\">{\"@context\":\"https:\/\/schema.org\",\"@graph\":[{\"@type\":\"Article\",\"@id\":\"https:\/\/narteks.net\/index.php\/2011\/06\/07\/zafere-dair\/#article\",\"isPartOf\":{\"@id\":\"https:\/\/narteks.net\/index.php\/2011\/06\/07\/zafere-dair\/\"},\"author\":{\"name\":\"Tar\u0131k\",\"@id\":\"https:\/\/narteks.net\/#\/schema\/person\/61f37d9834294b72d31d274e7ed79bca\"},\"headline\":\"ZAFERE DA\u0130R\",\"datePublished\":\"2011-06-07T09:27:58+00:00\",\"mainEntityOfPage\":{\"@id\":\"https:\/\/narteks.net\/index.php\/2011\/06\/07\/zafere-dair\/\"},\"wordCount\":180,\"commentCount\":0,\"publisher\":{\"@id\":\"https:\/\/narteks.net\/#organization\"},\"articleSection\":[\"Naz\u0131m H\u0130KMET RAN\"],\"inLanguage\":\"tr\",\"potentialAction\":[{\"@type\":\"CommentAction\",\"name\":\"Comment\",\"target\":[\"https:\/\/narteks.net\/index.php\/2011\/06\/07\/zafere-dair\/#respond\"]}]},{\"@type\":\"WebPage\",\"@id\":\"https:\/\/narteks.net\/index.php\/2011\/06\/07\/zafere-dair\/\",\"url\":\"https:\/\/narteks.net\/index.php\/2011\/06\/07\/zafere-dair\/\",\"name\":\"ZAFERE DA\u0130R - narteks.net\",\"isPartOf\":{\"@id\":\"https:\/\/narteks.net\/#website\"},\"datePublished\":\"2011-06-07T09:27:58+00:00\",\"breadcrumb\":{\"@id\":\"https:\/\/narteks.net\/index.php\/2011\/06\/07\/zafere-dair\/#breadcrumb\"},\"inLanguage\":\"tr\",\"potentialAction\":[{\"@type\":\"ReadAction\",\"target\":[\"https:\/\/narteks.net\/index.php\/2011\/06\/07\/zafere-dair\/\"]}]},{\"@type\":\"BreadcrumbList\",\"@id\":\"https:\/\/narteks.net\/index.php\/2011\/06\/07\/zafere-dair\/#breadcrumb\",\"itemListElement\":[{\"@type\":\"ListItem\",\"position\":1,\"name\":\"Anasayfa\",\"item\":\"https:\/\/narteks.net\/\"},{\"@type\":\"ListItem\",\"position\":2,\"name\":\"ZAFERE DA\u0130R\"}]},{\"@type\":\"WebSite\",\"@id\":\"https:\/\/narteks.net\/#website\",\"url\":\"https:\/\/narteks.net\/\",\"name\":\"narteks.net\",\"description\":\"K\u00fclt\u00fcr Sanat Edebiyat Felsefe\",\"publisher\":{\"@id\":\"https:\/\/narteks.net\/#organization\"},\"alternateName\":\"K\u00fclt\u00fcr Sanat Edebiyat Felsefe\",\"potentialAction\":[{\"@type\":\"SearchAction\",\"target\":{\"@type\":\"EntryPoint\",\"urlTemplate\":\"https:\/\/narteks.net\/?s={search_term_string}\"},\"query-input\":{\"@type\":\"PropertyValueSpecification\",\"valueRequired\":true,\"valueName\":\"search_term_string\"}}],\"inLanguage\":\"tr\"},{\"@type\":\"Organization\",\"@id\":\"https:\/\/narteks.net\/#organization\",\"name\":\"narteks.net\",\"url\":\"https:\/\/narteks.net\/\",\"logo\":{\"@type\":\"ImageObject\",\"inLanguage\":\"tr\",\"@id\":\"https:\/\/narteks.net\/#\/schema\/logo\/image\/\",\"url\":\"https:\/\/narteks.net\/wp-content\/uploads\/narteks.png\",\"contentUrl\":\"https:\/\/narteks.net\/wp-content\/uploads\/narteks.png\",\"width\":300,\"height\":90,\"caption\":\"narteks.net\"},\"image\":{\"@id\":\"https:\/\/narteks.net\/#\/schema\/logo\/image\/\"},\"sameAs\":[\"https:\/\/x.com\/narteks\",\"https:\/\/instagram.com\/narteksnet\"]},{\"@type\":\"Person\",\"@id\":\"https:\/\/narteks.net\/#\/schema\/person\/61f37d9834294b72d31d274e7ed79bca\",\"name\":\"Tar\u0131k\",\"image\":{\"@type\":\"ImageObject\",\"inLanguage\":\"tr\",\"@id\":\"https:\/\/narteks.net\/#\/schema\/person\/image\/\",\"url\":\"https:\/\/secure.gravatar.com\/avatar\/50865afb55632c4ae467e0af0930f6510aa2297d8014be502a55b14f3b7550cf?s=96&d=mm&r=g\",\"contentUrl\":\"https:\/\/secure.gravatar.com\/avatar\/50865afb55632c4ae467e0af0930f6510aa2297d8014be502a55b14f3b7550cf?s=96&d=mm&r=g\",\"caption\":\"Tar\u0131k\"},\"sameAs\":[\"http:\/\/narteks.net\"],\"url\":\"https:\/\/narteks.net\/index.php\/author\/narbak\/\"}]}<\/script>\n<!-- \/ Yoast SEO Premium plugin. -->","yoast_head_json":{"title":"ZAFERE DA\u0130R - narteks.net","robots":{"index":"index","follow":"follow","max-snippet":"max-snippet:-1","max-image-preview":"max-image-preview:large","max-video-preview":"max-video-preview:-1"},"canonical":"https:\/\/narteks.net\/index.php\/2011\/06\/07\/zafere-dair\/","og_locale":"tr_TR","og_type":"article","og_title":"ZAFERE DA\u0130R","og_description":"\u00a0 Korkun\u00e7 ellerinle bast\u0131r\u0131p yaran\u0131 dudaklar\u0131n\u0131 kanatarak dayan\u0131lmakta a\u011fr\u0131ya.\u015eimdi \u00e7\u0131plak ve merhametsiz bir \u00e7\u0131\u011fl\u0131k oldu \u00fcmid&#8230;Ve zafer art\u0131k hi\u00e7bir \u015feyi affetmeyecek kadar t\u0131rnakla s\u00f6k\u00fcl\u00fcp kopar\u0131lacakt\u0131r&#8230; G\u00fcnler a\u011f\u0131r.G\u00fcnler \u00f6l\u00fcm haberleriyle geliyor.D\u00fc\u015fman ha\u015fin zalim ve kurnaz.\u00d6l\u00fcyor \u00e7arp\u0131\u015farak insanlar\u0131m\u0131z halbuki nas\u0131l hakketmi\u015flerdi ya\u015famay\u0131\u00a0 \u00f6l\u00fcyor insanlar\u0131m\u0131z ne kadar \u00e7ok\u00a0 sanki \u015fark\u0131lar ve bayraklarla bir bayram g\u00fcn\u00fc n\u00fcmayi\u015fe \u00e7\u0131kt\u0131lar \u00f6yle [&hellip;]","og_url":"https:\/\/narteks.net\/index.php\/2011\/06\/07\/zafere-dair\/","og_site_name":"narteks.net","article_published_time":"2011-06-07T09:27:58+00:00","og_image":[{"width":300,"height":90,"url":"https:\/\/narteks.net\/wp-content\/uploads\/narteks.png","type":"image\/png"}],"author":"Tar\u0131k","twitter_card":"summary_large_image","twitter_creator":"@narteks","twitter_site":"@narteks","twitter_misc":{"Yazan:":"Tar\u0131k","Tahmini okuma s\u00fcresi":"1 dakika"},"schema":{"@context":"https:\/\/schema.org","@graph":[{"@type":"Article","@id":"https:\/\/narteks.net\/index.php\/2011\/06\/07\/zafere-dair\/#article","isPartOf":{"@id":"https:\/\/narteks.net\/index.php\/2011\/06\/07\/zafere-dair\/"},"author":{"name":"Tar\u0131k","@id":"https:\/\/narteks.net\/#\/schema\/person\/61f37d9834294b72d31d274e7ed79bca"},"headline":"ZAFERE DA\u0130R","datePublished":"2011-06-07T09:27:58+00:00","mainEntityOfPage":{"@id":"https:\/\/narteks.net\/index.php\/2011\/06\/07\/zafere-dair\/"},"wordCount":180,"commentCount":0,"publisher":{"@id":"https:\/\/narteks.net\/#organization"},"articleSection":["Naz\u0131m H\u0130KMET RAN"],"inLanguage":"tr","potentialAction":[{"@type":"CommentAction","name":"Comment","target":["https:\/\/narteks.net\/index.php\/2011\/06\/07\/zafere-dair\/#respond"]}]},{"@type":"WebPage","@id":"https:\/\/narteks.net\/index.php\/2011\/06\/07\/zafere-dair\/","url":"https:\/\/narteks.net\/index.php\/2011\/06\/07\/zafere-dair\/","name":"ZAFERE DA\u0130R - narteks.net","isPartOf":{"@id":"https:\/\/narteks.net\/#website"},"datePublished":"2011-06-07T09:27:58+00:00","breadcrumb":{"@id":"https:\/\/narteks.net\/index.php\/2011\/06\/07\/zafere-dair\/#breadcrumb"},"inLanguage":"tr","potentialAction":[{"@type":"ReadAction","target":["https:\/\/narteks.net\/index.php\/2011\/06\/07\/zafere-dair\/"]}]},{"@type":"BreadcrumbList","@id":"https:\/\/narteks.net\/index.php\/2011\/06\/07\/zafere-dair\/#breadcrumb","itemListElement":[{"@type":"ListItem","position":1,"name":"Anasayfa","item":"https:\/\/narteks.net\/"},{"@type":"ListItem","position":2,"name":"ZAFERE DA\u0130R"}]},{"@type":"WebSite","@id":"https:\/\/narteks.net\/#website","url":"https:\/\/narteks.net\/","name":"narteks.net","description":"K\u00fclt\u00fcr Sanat Edebiyat Felsefe","publisher":{"@id":"https:\/\/narteks.net\/#organization"},"alternateName":"K\u00fclt\u00fcr Sanat Edebiyat Felsefe","potentialAction":[{"@type":"SearchAction","target":{"@type":"EntryPoint","urlTemplate":"https:\/\/narteks.net\/?s={search_term_string}"},"query-input":{"@type":"PropertyValueSpecification","valueRequired":true,"valueName":"search_term_string"}}],"inLanguage":"tr"},{"@type":"Organization","@id":"https:\/\/narteks.net\/#organization","name":"narteks.net","url":"https:\/\/narteks.net\/","logo":{"@type":"ImageObject","inLanguage":"tr","@id":"https:\/\/narteks.net\/#\/schema\/logo\/image\/","url":"https:\/\/narteks.net\/wp-content\/uploads\/narteks.png","contentUrl":"https:\/\/narteks.net\/wp-content\/uploads\/narteks.png","width":300,"height":90,"caption":"narteks.net"},"image":{"@id":"https:\/\/narteks.net\/#\/schema\/logo\/image\/"},"sameAs":["https:\/\/x.com\/narteks","https:\/\/instagram.com\/narteksnet"]},{"@type":"Person","@id":"https:\/\/narteks.net\/#\/schema\/person\/61f37d9834294b72d31d274e7ed79bca","name":"Tar\u0131k","image":{"@type":"ImageObject","inLanguage":"tr","@id":"https:\/\/narteks.net\/#\/schema\/person\/image\/","url":"https:\/\/secure.gravatar.com\/avatar\/50865afb55632c4ae467e0af0930f6510aa2297d8014be502a55b14f3b7550cf?s=96&d=mm&r=g","contentUrl":"https:\/\/secure.gravatar.com\/avatar\/50865afb55632c4ae467e0af0930f6510aa2297d8014be502a55b14f3b7550cf?s=96&d=mm&r=g","caption":"Tar\u0131k"},"sameAs":["http:\/\/narteks.net"],"url":"https:\/\/narteks.net\/index.php\/author\/narbak\/"}]}},"_links":{"self":[{"href":"https:\/\/narteks.net\/index.php\/wp-json\/wp\/v2\/posts\/6429","targetHints":{"allow":["GET"]}}],"collection":[{"href":"https:\/\/narteks.net\/index.php\/wp-json\/wp\/v2\/posts"}],"about":[{"href":"https:\/\/narteks.net\/index.php\/wp-json\/wp\/v2\/types\/post"}],"author":[{"embeddable":true,"href":"https:\/\/narteks.net\/index.php\/wp-json\/wp\/v2\/users\/1"}],"replies":[{"embeddable":true,"href":"https:\/\/narteks.net\/index.php\/wp-json\/wp\/v2\/comments?post=6429"}],"version-history":[{"count":0,"href":"https:\/\/narteks.net\/index.php\/wp-json\/wp\/v2\/posts\/6429\/revisions"}],"wp:attachment":[{"href":"https:\/\/narteks.net\/index.php\/wp-json\/wp\/v2\/media?parent=6429"}],"wp:term":[{"taxonomy":"category","embeddable":true,"href":"https:\/\/narteks.net\/index.php\/wp-json\/wp\/v2\/categories?post=6429"},{"taxonomy":"post_tag","embeddable":true,"href":"https:\/\/narteks.net\/index.php\/wp-json\/wp\/v2\/tags?post=6429"}],"curies":[{"name":"wp","href":"https:\/\/api.w.org\/{rel}","templated":true}]}}