{"id":6435,"date":"2011-06-07T12:36:51","date_gmt":"2011-06-07T09:36:51","guid":{"rendered":"http:\/\/localhost\/wordpress\/2011\/06\/07\/bayramoglu\/"},"modified":"2011-06-07T12:36:51","modified_gmt":"2011-06-07T09:36:51","slug":"bayramoglu","status":"publish","type":"post","link":"https:\/\/narteks.net\/index.php\/2011\/06\/07\/bayramoglu\/","title":{"rendered":"BAYRAMO\u011eLU"},"content":{"rendered":"<p>Mahpusanedeyim.<br \/>Mahpusanede kalbimin<br \/>kanayan \u00e7\u0131plak ayaklar\u0131<br \/>ne zaman \u00e7ok uzun bulsa yolunu,<br \/>hat\u0131rlar\u0131m bilmem neden<br \/>Azeri yolda\u015f\u0131m Bayram O\u011flunu:<br \/>Baki.<br \/>Gece saat iki<br \/>sular\u0131nda ..<br \/>Kara\u015fehrin kara damlar\u0131nda yatanlar<br \/>g\u00f6r\u00fcyor kanl\u0131 renklerin nescini uykular\u0131nda ..<br \/>Y\u0131ld\u0131zlar\u0131n alt\u0131nda kara neft burgular\u0131<br \/>h\u0131\u015f\u0131rd\u0131yor servilikler gibi derinden<br \/>y\u00fcre\u011finden.<br \/>Bak\u0131yor uykulu sar\u0131 g\u00f6zler<br \/>kara topraktaki ya\u011fl\u0131 neft birikintilerinden.<br \/>G\u00f6k kara,<br \/>y\u0131ld\u0131zlar sar\u0131.<br \/>Tek katl\u0131,<br \/>d\u00fcz daml\u0131 d\u00f6rt k\u00f6\u015fe tas d\u00fckkanlar\u0131n<br \/>kapal\u0131 kara kap\u0131lar\u0131.<br \/>Kara\u015fehrin kara damlar\u0131nda yatanlar<br \/>g\u00f6r\u00fcyor kanl\u0131 renklerin nescini uykular\u0131nda.<br \/>Baki.<br \/>Gece saat iki<br \/>sular\u0131nda<br \/>Ta\u015flarda yuvarlanan<br \/>nal ve tekerlek sesleri.<br \/>Seslerde seslenen sesler ..<br \/>\u0130\u015fte bir fayton ge\u00e7iyor<br \/>ge\u00e7mede<br \/>ge\u00e7ti:<br \/>son evlerin yak\u0131n\u0131ndan<br \/>uza\u011f\u0131ndan<br \/>\u0131ra\u011f\u0131ndan..<br \/>Kara bir lanettir ki bu,<br \/>kopmu\u015f geliyor gecenin duda\u011f\u0131ndan&#8230;<br \/>Bu faytonun fenerinde deh\u015feti var:<br \/>han\u00e7erle oyulmu\u015f<br \/>kor<br \/>ve derin<br \/>g\u00f6zlerin..<br \/>Ta\u015flarda yuvarlanan<br \/>nal ve tekerlek sesleri<br \/>Gittik\u00e7e uzakla\u015fan,<br \/>gittik\u00e7e al\u00e7alan sesler&#8230;<br \/>Ortada demiryolu,<br \/>sa\u011f yanda Kara\u015fehir;<br \/>solda fabrikalar\u0131n<br \/>duvarlar\u0131 y\u00fckselir.<br \/>Kar\u015f\u0131dan fayton gelir.<br \/>i\u00e7inde Bayram O\u011flu.<br \/>Ba\u011flanm\u0131\u015f kolu<br \/>Bayram O\u011flunun..<br \/>Kar\u015f\u0131dan fayton gelir<br \/>i\u00e7inde<br \/>Bayram O\u011flu.<br \/>Jandarma sa\u011f\u0131,<br \/>Jandarma solu<br \/>Bayram O\u011flunun&#8230;<br \/>Kolunu ba\u011flam\u0131\u015flar<br \/>kanad\u0131 k\u0131r\u0131k de\u011fil ..<br \/>G\u00f6z\u00fcnde toplanan<br \/>h\u0131\u00e7k\u0131r\u0131k de\u011fil&#8230;<br \/>G\u00f6zleri \u0131\u015f\u0131k dolu<br \/>Bayram O\u011flunun.<br \/>Kar\u015f\u0131dan fayton gelir,<br \/>i\u00e7inde<br \/>Bayram O\u011flu.<br \/>\u00d6l\u00fcmd\u00fcr yolu<br \/>Bayram O\u011flunun<br \/>Bayram<br \/>O\u011flunun&#8230;&#8221;<\/p>\n<p>Kalbimi bunaltan bu d\u00f6rt duvar m\u0131?<br \/>\u00d6l\u00fcmden \u00f6teye k\u00f6y var m\u0131?<\/p>\n<p>1927<\/p>\n<p>Naz\u0131m Hikmet RAN<\/p>\n","protected":false},"excerpt":{"rendered":"<p>Mahpusanedeyim.Mahpusanede kalbiminkanayan \u00e7\u0131plak ayaklar\u0131ne zaman \u00e7ok uzun bulsa yolunu,hat\u0131rlar\u0131m bilmem nedenAzeri yolda\u015f\u0131m Bayram O\u011flunu:Baki.Gece saat ikisular\u0131nda ..Kara\u015fehrin kara damlar\u0131nda yatanlarg\u00f6r\u00fcyor kanl\u0131 renklerin nescini uykular\u0131nda ..Y\u0131ld\u0131zlar\u0131n alt\u0131nda kara neft burgular\u0131h\u0131\u015f\u0131rd\u0131yor servilikler gibi derindeny\u00fcre\u011finden.Bak\u0131yor uykulu sar\u0131 g\u00f6zlerkara topraktaki ya\u011fl\u0131 neft birikintilerinden.G\u00f6k kara,y\u0131ld\u0131zlar sar\u0131.Tek katl\u0131,d\u00fcz daml\u0131 d\u00f6rt k\u00f6\u015fe tas d\u00fckkanlar\u0131nkapal\u0131 kara kap\u0131lar\u0131.Kara\u015fehrin kara damlar\u0131nda yatanlarg\u00f6r\u00fcyor kanl\u0131 renklerin nescini [&hellip;]<\/p>\n","protected":false},"author":1,"featured_media":0,"comment_status":"open","ping_status":"open","sticky":false,"template":"","format":"standard","meta":{"footnotes":""},"categories":[59],"tags":[],"class_list":{"0":"post-6435","1":"post","2":"type-post","3":"status-publish","4":"format-standard","6":"category-nazim-hikmet-ran"},"yoast_head":"<!-- This site is optimized with the Yoast SEO Premium plugin v24.9 (Yoast SEO v24.9) - https:\/\/yoast.com\/wordpress\/plugins\/seo\/ -->\n<title>BAYRAMO\u011eLU - narteks.net<\/title>\n<meta name=\"robots\" content=\"index, follow, max-snippet:-1, max-image-preview:large, max-video-preview:-1\" \/>\n<link rel=\"canonical\" href=\"https:\/\/narteks.net\/index.php\/2011\/06\/07\/bayramoglu\/\" \/>\n<meta property=\"og:locale\" content=\"tr_TR\" \/>\n<meta property=\"og:type\" content=\"article\" \/>\n<meta property=\"og:title\" content=\"BAYRAMO\u011eLU\" \/>\n<meta property=\"og:description\" content=\"Mahpusanedeyim.Mahpusanede kalbiminkanayan \u00e7\u0131plak ayaklar\u0131ne zaman \u00e7ok uzun bulsa yolunu,hat\u0131rlar\u0131m bilmem nedenAzeri yolda\u015f\u0131m Bayram O\u011flunu:Baki.Gece saat ikisular\u0131nda ..Kara\u015fehrin kara damlar\u0131nda yatanlarg\u00f6r\u00fcyor kanl\u0131 renklerin nescini uykular\u0131nda ..Y\u0131ld\u0131zlar\u0131n alt\u0131nda kara neft burgular\u0131h\u0131\u015f\u0131rd\u0131yor servilikler gibi derindeny\u00fcre\u011finden.Bak\u0131yor uykulu sar\u0131 g\u00f6zlerkara topraktaki ya\u011fl\u0131 neft birikintilerinden.G\u00f6k kara,y\u0131ld\u0131zlar sar\u0131.Tek katl\u0131,d\u00fcz daml\u0131 d\u00f6rt k\u00f6\u015fe tas d\u00fckkanlar\u0131nkapal\u0131 kara kap\u0131lar\u0131.Kara\u015fehrin kara damlar\u0131nda yatanlarg\u00f6r\u00fcyor kanl\u0131 renklerin nescini [&hellip;]\" \/>\n<meta property=\"og:url\" content=\"https:\/\/narteks.net\/index.php\/2011\/06\/07\/bayramoglu\/\" \/>\n<meta property=\"og:site_name\" content=\"narteks.net\" \/>\n<meta property=\"article:published_time\" content=\"2011-06-07T09:36:51+00:00\" \/>\n<meta property=\"og:image\" content=\"https:\/\/narteks.net\/wp-content\/uploads\/narteks.png\" \/>\n\t<meta property=\"og:image:width\" content=\"300\" \/>\n\t<meta property=\"og:image:height\" content=\"90\" \/>\n\t<meta property=\"og:image:type\" content=\"image\/png\" \/>\n<meta name=\"author\" content=\"Tar\u0131k\" \/>\n<meta name=\"twitter:card\" content=\"summary_large_image\" \/>\n<meta name=\"twitter:creator\" content=\"@narteks\" \/>\n<meta name=\"twitter:site\" content=\"@narteks\" \/>\n<meta name=\"twitter:label1\" content=\"Yazan:\" \/>\n\t<meta name=\"twitter:data1\" content=\"Tar\u0131k\" \/>\n\t<meta name=\"twitter:label2\" content=\"Tahmini okuma s\u00fcresi\" \/>\n\t<meta name=\"twitter:data2\" content=\"1 dakika\" \/>\n<script type=\"application\/ld+json\" class=\"yoast-schema-graph\">{\"@context\":\"https:\/\/schema.org\",\"@graph\":[{\"@type\":\"Article\",\"@id\":\"https:\/\/narteks.net\/index.php\/2011\/06\/07\/bayramoglu\/#article\",\"isPartOf\":{\"@id\":\"https:\/\/narteks.net\/index.php\/2011\/06\/07\/bayramoglu\/\"},\"author\":{\"name\":\"Tar\u0131k\",\"@id\":\"https:\/\/narteks.net\/#\/schema\/person\/61f37d9834294b72d31d274e7ed79bca\"},\"headline\":\"BAYRAMO\u011eLU\",\"datePublished\":\"2011-06-07T09:36:51+00:00\",\"mainEntityOfPage\":{\"@id\":\"https:\/\/narteks.net\/index.php\/2011\/06\/07\/bayramoglu\/\"},\"wordCount\":264,\"commentCount\":0,\"publisher\":{\"@id\":\"https:\/\/narteks.net\/#organization\"},\"articleSection\":[\"Naz\u0131m H\u0130KMET RAN\"],\"inLanguage\":\"tr\",\"potentialAction\":[{\"@type\":\"CommentAction\",\"name\":\"Comment\",\"target\":[\"https:\/\/narteks.net\/index.php\/2011\/06\/07\/bayramoglu\/#respond\"]}]},{\"@type\":\"WebPage\",\"@id\":\"https:\/\/narteks.net\/index.php\/2011\/06\/07\/bayramoglu\/\",\"url\":\"https:\/\/narteks.net\/index.php\/2011\/06\/07\/bayramoglu\/\",\"name\":\"BAYRAMO\u011eLU - narteks.net\",\"isPartOf\":{\"@id\":\"https:\/\/narteks.net\/#website\"},\"datePublished\":\"2011-06-07T09:36:51+00:00\",\"breadcrumb\":{\"@id\":\"https:\/\/narteks.net\/index.php\/2011\/06\/07\/bayramoglu\/#breadcrumb\"},\"inLanguage\":\"tr\",\"potentialAction\":[{\"@type\":\"ReadAction\",\"target\":[\"https:\/\/narteks.net\/index.php\/2011\/06\/07\/bayramoglu\/\"]}]},{\"@type\":\"BreadcrumbList\",\"@id\":\"https:\/\/narteks.net\/index.php\/2011\/06\/07\/bayramoglu\/#breadcrumb\",\"itemListElement\":[{\"@type\":\"ListItem\",\"position\":1,\"name\":\"Anasayfa\",\"item\":\"https:\/\/narteks.net\/\"},{\"@type\":\"ListItem\",\"position\":2,\"name\":\"BAYRAMO\u011eLU\"}]},{\"@type\":\"WebSite\",\"@id\":\"https:\/\/narteks.net\/#website\",\"url\":\"https:\/\/narteks.net\/\",\"name\":\"narteks.net\",\"description\":\"K\u00fclt\u00fcr Sanat Edebiyat Felsefe\",\"publisher\":{\"@id\":\"https:\/\/narteks.net\/#organization\"},\"alternateName\":\"K\u00fclt\u00fcr Sanat Edebiyat Felsefe\",\"potentialAction\":[{\"@type\":\"SearchAction\",\"target\":{\"@type\":\"EntryPoint\",\"urlTemplate\":\"https:\/\/narteks.net\/?s={search_term_string}\"},\"query-input\":{\"@type\":\"PropertyValueSpecification\",\"valueRequired\":true,\"valueName\":\"search_term_string\"}}],\"inLanguage\":\"tr\"},{\"@type\":\"Organization\",\"@id\":\"https:\/\/narteks.net\/#organization\",\"name\":\"narteks.net\",\"url\":\"https:\/\/narteks.net\/\",\"logo\":{\"@type\":\"ImageObject\",\"inLanguage\":\"tr\",\"@id\":\"https:\/\/narteks.net\/#\/schema\/logo\/image\/\",\"url\":\"https:\/\/narteks.net\/wp-content\/uploads\/narteks.png\",\"contentUrl\":\"https:\/\/narteks.net\/wp-content\/uploads\/narteks.png\",\"width\":300,\"height\":90,\"caption\":\"narteks.net\"},\"image\":{\"@id\":\"https:\/\/narteks.net\/#\/schema\/logo\/image\/\"},\"sameAs\":[\"https:\/\/x.com\/narteks\",\"https:\/\/instagram.com\/narteksnet\"]},{\"@type\":\"Person\",\"@id\":\"https:\/\/narteks.net\/#\/schema\/person\/61f37d9834294b72d31d274e7ed79bca\",\"name\":\"Tar\u0131k\",\"image\":{\"@type\":\"ImageObject\",\"inLanguage\":\"tr\",\"@id\":\"https:\/\/narteks.net\/#\/schema\/person\/image\/\",\"url\":\"https:\/\/secure.gravatar.com\/avatar\/50865afb55632c4ae467e0af0930f6510aa2297d8014be502a55b14f3b7550cf?s=96&d=mm&r=g\",\"contentUrl\":\"https:\/\/secure.gravatar.com\/avatar\/50865afb55632c4ae467e0af0930f6510aa2297d8014be502a55b14f3b7550cf?s=96&d=mm&r=g\",\"caption\":\"Tar\u0131k\"},\"sameAs\":[\"http:\/\/narteks.net\"],\"url\":\"https:\/\/narteks.net\/index.php\/author\/narbak\/\"}]}<\/script>\n<!-- \/ Yoast SEO Premium plugin. -->","yoast_head_json":{"title":"BAYRAMO\u011eLU - narteks.net","robots":{"index":"index","follow":"follow","max-snippet":"max-snippet:-1","max-image-preview":"max-image-preview:large","max-video-preview":"max-video-preview:-1"},"canonical":"https:\/\/narteks.net\/index.php\/2011\/06\/07\/bayramoglu\/","og_locale":"tr_TR","og_type":"article","og_title":"BAYRAMO\u011eLU","og_description":"Mahpusanedeyim.Mahpusanede kalbiminkanayan \u00e7\u0131plak ayaklar\u0131ne zaman \u00e7ok uzun bulsa yolunu,hat\u0131rlar\u0131m bilmem nedenAzeri yolda\u015f\u0131m Bayram O\u011flunu:Baki.Gece saat ikisular\u0131nda ..Kara\u015fehrin kara damlar\u0131nda yatanlarg\u00f6r\u00fcyor kanl\u0131 renklerin nescini uykular\u0131nda ..Y\u0131ld\u0131zlar\u0131n alt\u0131nda kara neft burgular\u0131h\u0131\u015f\u0131rd\u0131yor servilikler gibi derindeny\u00fcre\u011finden.Bak\u0131yor uykulu sar\u0131 g\u00f6zlerkara topraktaki ya\u011fl\u0131 neft birikintilerinden.G\u00f6k kara,y\u0131ld\u0131zlar sar\u0131.Tek katl\u0131,d\u00fcz daml\u0131 d\u00f6rt k\u00f6\u015fe tas d\u00fckkanlar\u0131nkapal\u0131 kara kap\u0131lar\u0131.Kara\u015fehrin kara damlar\u0131nda yatanlarg\u00f6r\u00fcyor kanl\u0131 renklerin nescini [&hellip;]","og_url":"https:\/\/narteks.net\/index.php\/2011\/06\/07\/bayramoglu\/","og_site_name":"narteks.net","article_published_time":"2011-06-07T09:36:51+00:00","og_image":[{"width":300,"height":90,"url":"https:\/\/narteks.net\/wp-content\/uploads\/narteks.png","type":"image\/png"}],"author":"Tar\u0131k","twitter_card":"summary_large_image","twitter_creator":"@narteks","twitter_site":"@narteks","twitter_misc":{"Yazan:":"Tar\u0131k","Tahmini okuma s\u00fcresi":"1 dakika"},"schema":{"@context":"https:\/\/schema.org","@graph":[{"@type":"Article","@id":"https:\/\/narteks.net\/index.php\/2011\/06\/07\/bayramoglu\/#article","isPartOf":{"@id":"https:\/\/narteks.net\/index.php\/2011\/06\/07\/bayramoglu\/"},"author":{"name":"Tar\u0131k","@id":"https:\/\/narteks.net\/#\/schema\/person\/61f37d9834294b72d31d274e7ed79bca"},"headline":"BAYRAMO\u011eLU","datePublished":"2011-06-07T09:36:51+00:00","mainEntityOfPage":{"@id":"https:\/\/narteks.net\/index.php\/2011\/06\/07\/bayramoglu\/"},"wordCount":264,"commentCount":0,"publisher":{"@id":"https:\/\/narteks.net\/#organization"},"articleSection":["Naz\u0131m H\u0130KMET RAN"],"inLanguage":"tr","potentialAction":[{"@type":"CommentAction","name":"Comment","target":["https:\/\/narteks.net\/index.php\/2011\/06\/07\/bayramoglu\/#respond"]}]},{"@type":"WebPage","@id":"https:\/\/narteks.net\/index.php\/2011\/06\/07\/bayramoglu\/","url":"https:\/\/narteks.net\/index.php\/2011\/06\/07\/bayramoglu\/","name":"BAYRAMO\u011eLU - narteks.net","isPartOf":{"@id":"https:\/\/narteks.net\/#website"},"datePublished":"2011-06-07T09:36:51+00:00","breadcrumb":{"@id":"https:\/\/narteks.net\/index.php\/2011\/06\/07\/bayramoglu\/#breadcrumb"},"inLanguage":"tr","potentialAction":[{"@type":"ReadAction","target":["https:\/\/narteks.net\/index.php\/2011\/06\/07\/bayramoglu\/"]}]},{"@type":"BreadcrumbList","@id":"https:\/\/narteks.net\/index.php\/2011\/06\/07\/bayramoglu\/#breadcrumb","itemListElement":[{"@type":"ListItem","position":1,"name":"Anasayfa","item":"https:\/\/narteks.net\/"},{"@type":"ListItem","position":2,"name":"BAYRAMO\u011eLU"}]},{"@type":"WebSite","@id":"https:\/\/narteks.net\/#website","url":"https:\/\/narteks.net\/","name":"narteks.net","description":"K\u00fclt\u00fcr Sanat Edebiyat Felsefe","publisher":{"@id":"https:\/\/narteks.net\/#organization"},"alternateName":"K\u00fclt\u00fcr Sanat Edebiyat Felsefe","potentialAction":[{"@type":"SearchAction","target":{"@type":"EntryPoint","urlTemplate":"https:\/\/narteks.net\/?s={search_term_string}"},"query-input":{"@type":"PropertyValueSpecification","valueRequired":true,"valueName":"search_term_string"}}],"inLanguage":"tr"},{"@type":"Organization","@id":"https:\/\/narteks.net\/#organization","name":"narteks.net","url":"https:\/\/narteks.net\/","logo":{"@type":"ImageObject","inLanguage":"tr","@id":"https:\/\/narteks.net\/#\/schema\/logo\/image\/","url":"https:\/\/narteks.net\/wp-content\/uploads\/narteks.png","contentUrl":"https:\/\/narteks.net\/wp-content\/uploads\/narteks.png","width":300,"height":90,"caption":"narteks.net"},"image":{"@id":"https:\/\/narteks.net\/#\/schema\/logo\/image\/"},"sameAs":["https:\/\/x.com\/narteks","https:\/\/instagram.com\/narteksnet"]},{"@type":"Person","@id":"https:\/\/narteks.net\/#\/schema\/person\/61f37d9834294b72d31d274e7ed79bca","name":"Tar\u0131k","image":{"@type":"ImageObject","inLanguage":"tr","@id":"https:\/\/narteks.net\/#\/schema\/person\/image\/","url":"https:\/\/secure.gravatar.com\/avatar\/50865afb55632c4ae467e0af0930f6510aa2297d8014be502a55b14f3b7550cf?s=96&d=mm&r=g","contentUrl":"https:\/\/secure.gravatar.com\/avatar\/50865afb55632c4ae467e0af0930f6510aa2297d8014be502a55b14f3b7550cf?s=96&d=mm&r=g","caption":"Tar\u0131k"},"sameAs":["http:\/\/narteks.net"],"url":"https:\/\/narteks.net\/index.php\/author\/narbak\/"}]}},"_links":{"self":[{"href":"https:\/\/narteks.net\/index.php\/wp-json\/wp\/v2\/posts\/6435","targetHints":{"allow":["GET"]}}],"collection":[{"href":"https:\/\/narteks.net\/index.php\/wp-json\/wp\/v2\/posts"}],"about":[{"href":"https:\/\/narteks.net\/index.php\/wp-json\/wp\/v2\/types\/post"}],"author":[{"embeddable":true,"href":"https:\/\/narteks.net\/index.php\/wp-json\/wp\/v2\/users\/1"}],"replies":[{"embeddable":true,"href":"https:\/\/narteks.net\/index.php\/wp-json\/wp\/v2\/comments?post=6435"}],"version-history":[{"count":0,"href":"https:\/\/narteks.net\/index.php\/wp-json\/wp\/v2\/posts\/6435\/revisions"}],"wp:attachment":[{"href":"https:\/\/narteks.net\/index.php\/wp-json\/wp\/v2\/media?parent=6435"}],"wp:term":[{"taxonomy":"category","embeddable":true,"href":"https:\/\/narteks.net\/index.php\/wp-json\/wp\/v2\/categories?post=6435"},{"taxonomy":"post_tag","embeddable":true,"href":"https:\/\/narteks.net\/index.php\/wp-json\/wp\/v2\/tags?post=6435"}],"curies":[{"name":"wp","href":"https:\/\/api.w.org\/{rel}","templated":true}]}}