{"id":6436,"date":"2011-06-07T12:38:20","date_gmt":"2011-06-07T09:38:20","guid":{"rendered":"http:\/\/localhost\/wordpress\/2011\/06\/07\/benim-oglan-fotograflarda-buyuyor\/"},"modified":"2011-06-07T12:38:20","modified_gmt":"2011-06-07T09:38:20","slug":"benim-oglan-fotograflarda-buyuyor","status":"publish","type":"post","link":"https:\/\/narteks.net\/index.php\/2011\/06\/07\/benim-oglan-fotograflarda-buyuyor\/","title":{"rendered":"BEN\u0130M O\u011eLAN FOTO\u011eRAFLARDA B\u00dcY\u00dcYOR"},"content":{"rendered":"<p>\u00a0<\/p>\n<p>\u0130\u00e7imde ac\u0131s\u0131 var yemi\u015fi kopar\u0131lm\u0131\u015f bir dal\u0131n,<br \/>gitmez g\u00f6z\u00fcmden hayali Hali\u00e7e inen yolun,<br \/>iki g\u00f6zl\u00fc bir b\u0131\u00e7akt\u0131r y\u00fcre\u011fime saplanm\u0131\u015f<br \/>evl\u00e2t hasretiyle hasreti \u0130stanbulun.<\/p>\n<p>Ayr\u0131l\u0131k dayan\u0131l\u0131r gibi de\u011fil mi?<br \/>Bize pek mi m\u00fcthi\u015f geliyor kendi kaderimiz?<br \/>El\u00e2leme haset mi ediyoruz?<br \/>El\u00e2lemin babas\u0131 \u0130stanbul&#8217;da hapiste,<br \/>el\u00e2lemin o\u011flunu asmak istiyorlar<br \/>yol ortas\u0131nda<br \/>g\u00fcpeg\u00fcnd\u00fcz.<br \/>Bense burda r\u00fczg\u00e2r gibi<br \/>bir halk t\u00fcrk\u00fcs\u00fc gibi h\u00fcr\u00fcm,<br \/>sen ordas\u0131n yavrum,<br \/>ama as\u0131lam\u0131yacak kadar k\u00fc\u00e7\u00fcks\u00fcn hen\u00fcz.<br \/>El\u00e2lemin o\u011flu katil olmas\u0131n,<br \/>el\u00e2lemin babas\u0131 \u00f6lmesin,<br \/>eve ekmekle u\u00e7urtma getirsin diye,<br \/>orda onlar ald\u0131 g\u00f6ze ipi.<\/p>\n<p>\u0130nsanlar,<br \/>iyi insanlar,<br \/>seslenin d\u00fcnyan\u0131n d\u00f6rt k\u00f6\u015fesinden<br \/>dur deyin,<br \/>cell\u00e2t ge\u00e7irmesin ipi.<\/p>\n<p>Naz\u0131m Hikmet RAN<\/p>\n","protected":false},"excerpt":{"rendered":"<p>\u00a0 \u0130\u00e7imde ac\u0131s\u0131 var yemi\u015fi kopar\u0131lm\u0131\u015f bir dal\u0131n,gitmez g\u00f6z\u00fcmden hayali Hali\u00e7e inen yolun,iki g\u00f6zl\u00fc bir b\u0131\u00e7akt\u0131r y\u00fcre\u011fime saplanm\u0131\u015fevl\u00e2t hasretiyle hasreti \u0130stanbulun. Ayr\u0131l\u0131k dayan\u0131l\u0131r gibi de\u011fil mi?Bize pek mi m\u00fcthi\u015f geliyor kendi kaderimiz?El\u00e2leme haset mi ediyoruz?El\u00e2lemin babas\u0131 \u0130stanbul&#8217;da hapiste,el\u00e2lemin o\u011flunu asmak istiyorlaryol ortas\u0131ndag\u00fcpeg\u00fcnd\u00fcz.Bense burda r\u00fczg\u00e2r gibibir halk t\u00fcrk\u00fcs\u00fc gibi h\u00fcr\u00fcm,sen ordas\u0131n yavrum,ama as\u0131lam\u0131yacak kadar k\u00fc\u00e7\u00fcks\u00fcn hen\u00fcz.El\u00e2lemin [&hellip;]<\/p>\n","protected":false},"author":1,"featured_media":0,"comment_status":"open","ping_status":"open","sticky":false,"template":"","format":"standard","meta":{"footnotes":""},"categories":[59],"tags":[],"class_list":{"0":"post-6436","1":"post","2":"type-post","3":"status-publish","4":"format-standard","6":"category-nazim-hikmet-ran"},"yoast_head":"<!-- This site is optimized with the Yoast SEO Premium plugin v24.9 (Yoast SEO v24.9) - https:\/\/yoast.com\/wordpress\/plugins\/seo\/ -->\n<title>BEN\u0130M O\u011eLAN FOTO\u011eRAFLARDA B\u00dcY\u00dcYOR - narteks.net<\/title>\n<meta name=\"robots\" content=\"index, follow, max-snippet:-1, max-image-preview:large, max-video-preview:-1\" \/>\n<link rel=\"canonical\" href=\"https:\/\/narteks.net\/index.php\/2011\/06\/07\/benim-oglan-fotograflarda-buyuyor\/\" \/>\n<meta property=\"og:locale\" content=\"tr_TR\" \/>\n<meta property=\"og:type\" content=\"article\" \/>\n<meta property=\"og:title\" content=\"BEN\u0130M O\u011eLAN FOTO\u011eRAFLARDA B\u00dcY\u00dcYOR\" \/>\n<meta property=\"og:description\" content=\"\u00a0 \u0130\u00e7imde ac\u0131s\u0131 var yemi\u015fi kopar\u0131lm\u0131\u015f bir dal\u0131n,gitmez g\u00f6z\u00fcmden hayali Hali\u00e7e inen yolun,iki g\u00f6zl\u00fc bir b\u0131\u00e7akt\u0131r y\u00fcre\u011fime saplanm\u0131\u015fevl\u00e2t hasretiyle hasreti \u0130stanbulun. Ayr\u0131l\u0131k dayan\u0131l\u0131r gibi de\u011fil mi?Bize pek mi m\u00fcthi\u015f geliyor kendi kaderimiz?El\u00e2leme haset mi ediyoruz?El\u00e2lemin babas\u0131 \u0130stanbul&#8217;da hapiste,el\u00e2lemin o\u011flunu asmak istiyorlaryol ortas\u0131ndag\u00fcpeg\u00fcnd\u00fcz.Bense burda r\u00fczg\u00e2r gibibir halk t\u00fcrk\u00fcs\u00fc gibi h\u00fcr\u00fcm,sen ordas\u0131n yavrum,ama as\u0131lam\u0131yacak kadar k\u00fc\u00e7\u00fcks\u00fcn hen\u00fcz.El\u00e2lemin [&hellip;]\" \/>\n<meta property=\"og:url\" content=\"https:\/\/narteks.net\/index.php\/2011\/06\/07\/benim-oglan-fotograflarda-buyuyor\/\" \/>\n<meta property=\"og:site_name\" content=\"narteks.net\" \/>\n<meta property=\"article:published_time\" content=\"2011-06-07T09:38:20+00:00\" \/>\n<meta property=\"og:image\" content=\"https:\/\/narteks.net\/wp-content\/uploads\/narteks.png\" \/>\n\t<meta property=\"og:image:width\" content=\"300\" \/>\n\t<meta property=\"og:image:height\" content=\"90\" \/>\n\t<meta property=\"og:image:type\" content=\"image\/png\" \/>\n<meta name=\"author\" content=\"Tar\u0131k\" \/>\n<meta name=\"twitter:card\" content=\"summary_large_image\" \/>\n<meta name=\"twitter:creator\" content=\"@narteks\" \/>\n<meta name=\"twitter:site\" content=\"@narteks\" \/>\n<meta name=\"twitter:label1\" content=\"Yazan:\" \/>\n\t<meta name=\"twitter:data1\" content=\"Tar\u0131k\" \/>\n\t<meta name=\"twitter:label2\" content=\"Tahmini okuma s\u00fcresi\" \/>\n\t<meta name=\"twitter:data2\" content=\"1 dakika\" \/>\n<script type=\"application\/ld+json\" class=\"yoast-schema-graph\">{\"@context\":\"https:\/\/schema.org\",\"@graph\":[{\"@type\":\"Article\",\"@id\":\"https:\/\/narteks.net\/index.php\/2011\/06\/07\/benim-oglan-fotograflarda-buyuyor\/#article\",\"isPartOf\":{\"@id\":\"https:\/\/narteks.net\/index.php\/2011\/06\/07\/benim-oglan-fotograflarda-buyuyor\/\"},\"author\":{\"name\":\"Tar\u0131k\",\"@id\":\"https:\/\/narteks.net\/#\/schema\/person\/61f37d9834294b72d31d274e7ed79bca\"},\"headline\":\"BEN\u0130M O\u011eLAN FOTO\u011eRAFLARDA B\u00dcY\u00dcYOR\",\"datePublished\":\"2011-06-07T09:38:20+00:00\",\"mainEntityOfPage\":{\"@id\":\"https:\/\/narteks.net\/index.php\/2011\/06\/07\/benim-oglan-fotograflarda-buyuyor\/\"},\"wordCount\":156,\"commentCount\":0,\"publisher\":{\"@id\":\"https:\/\/narteks.net\/#organization\"},\"articleSection\":[\"Naz\u0131m H\u0130KMET RAN\"],\"inLanguage\":\"tr\",\"potentialAction\":[{\"@type\":\"CommentAction\",\"name\":\"Comment\",\"target\":[\"https:\/\/narteks.net\/index.php\/2011\/06\/07\/benim-oglan-fotograflarda-buyuyor\/#respond\"]}]},{\"@type\":\"WebPage\",\"@id\":\"https:\/\/narteks.net\/index.php\/2011\/06\/07\/benim-oglan-fotograflarda-buyuyor\/\",\"url\":\"https:\/\/narteks.net\/index.php\/2011\/06\/07\/benim-oglan-fotograflarda-buyuyor\/\",\"name\":\"BEN\u0130M O\u011eLAN FOTO\u011eRAFLARDA B\u00dcY\u00dcYOR - narteks.net\",\"isPartOf\":{\"@id\":\"https:\/\/narteks.net\/#website\"},\"datePublished\":\"2011-06-07T09:38:20+00:00\",\"breadcrumb\":{\"@id\":\"https:\/\/narteks.net\/index.php\/2011\/06\/07\/benim-oglan-fotograflarda-buyuyor\/#breadcrumb\"},\"inLanguage\":\"tr\",\"potentialAction\":[{\"@type\":\"ReadAction\",\"target\":[\"https:\/\/narteks.net\/index.php\/2011\/06\/07\/benim-oglan-fotograflarda-buyuyor\/\"]}]},{\"@type\":\"BreadcrumbList\",\"@id\":\"https:\/\/narteks.net\/index.php\/2011\/06\/07\/benim-oglan-fotograflarda-buyuyor\/#breadcrumb\",\"itemListElement\":[{\"@type\":\"ListItem\",\"position\":1,\"name\":\"Anasayfa\",\"item\":\"https:\/\/narteks.net\/\"},{\"@type\":\"ListItem\",\"position\":2,\"name\":\"BEN\u0130M O\u011eLAN FOTO\u011eRAFLARDA B\u00dcY\u00dcYOR\"}]},{\"@type\":\"WebSite\",\"@id\":\"https:\/\/narteks.net\/#website\",\"url\":\"https:\/\/narteks.net\/\",\"name\":\"narteks.net\",\"description\":\"K\u00fclt\u00fcr Sanat Edebiyat Felsefe\",\"publisher\":{\"@id\":\"https:\/\/narteks.net\/#organization\"},\"alternateName\":\"K\u00fclt\u00fcr Sanat Edebiyat Felsefe\",\"potentialAction\":[{\"@type\":\"SearchAction\",\"target\":{\"@type\":\"EntryPoint\",\"urlTemplate\":\"https:\/\/narteks.net\/?s={search_term_string}\"},\"query-input\":{\"@type\":\"PropertyValueSpecification\",\"valueRequired\":true,\"valueName\":\"search_term_string\"}}],\"inLanguage\":\"tr\"},{\"@type\":\"Organization\",\"@id\":\"https:\/\/narteks.net\/#organization\",\"name\":\"narteks.net\",\"url\":\"https:\/\/narteks.net\/\",\"logo\":{\"@type\":\"ImageObject\",\"inLanguage\":\"tr\",\"@id\":\"https:\/\/narteks.net\/#\/schema\/logo\/image\/\",\"url\":\"https:\/\/narteks.net\/wp-content\/uploads\/narteks.png\",\"contentUrl\":\"https:\/\/narteks.net\/wp-content\/uploads\/narteks.png\",\"width\":300,\"height\":90,\"caption\":\"narteks.net\"},\"image\":{\"@id\":\"https:\/\/narteks.net\/#\/schema\/logo\/image\/\"},\"sameAs\":[\"https:\/\/x.com\/narteks\",\"https:\/\/instagram.com\/narteksnet\"]},{\"@type\":\"Person\",\"@id\":\"https:\/\/narteks.net\/#\/schema\/person\/61f37d9834294b72d31d274e7ed79bca\",\"name\":\"Tar\u0131k\",\"image\":{\"@type\":\"ImageObject\",\"inLanguage\":\"tr\",\"@id\":\"https:\/\/narteks.net\/#\/schema\/person\/image\/\",\"url\":\"https:\/\/secure.gravatar.com\/avatar\/50865afb55632c4ae467e0af0930f6510aa2297d8014be502a55b14f3b7550cf?s=96&d=mm&r=g\",\"contentUrl\":\"https:\/\/secure.gravatar.com\/avatar\/50865afb55632c4ae467e0af0930f6510aa2297d8014be502a55b14f3b7550cf?s=96&d=mm&r=g\",\"caption\":\"Tar\u0131k\"},\"sameAs\":[\"http:\/\/narteks.net\"],\"url\":\"https:\/\/narteks.net\/index.php\/author\/narbak\/\"}]}<\/script>\n<!-- \/ Yoast SEO Premium plugin. -->","yoast_head_json":{"title":"BEN\u0130M O\u011eLAN FOTO\u011eRAFLARDA B\u00dcY\u00dcYOR - narteks.net","robots":{"index":"index","follow":"follow","max-snippet":"max-snippet:-1","max-image-preview":"max-image-preview:large","max-video-preview":"max-video-preview:-1"},"canonical":"https:\/\/narteks.net\/index.php\/2011\/06\/07\/benim-oglan-fotograflarda-buyuyor\/","og_locale":"tr_TR","og_type":"article","og_title":"BEN\u0130M O\u011eLAN FOTO\u011eRAFLARDA B\u00dcY\u00dcYOR","og_description":"\u00a0 \u0130\u00e7imde ac\u0131s\u0131 var yemi\u015fi kopar\u0131lm\u0131\u015f bir dal\u0131n,gitmez g\u00f6z\u00fcmden hayali Hali\u00e7e inen yolun,iki g\u00f6zl\u00fc bir b\u0131\u00e7akt\u0131r y\u00fcre\u011fime saplanm\u0131\u015fevl\u00e2t hasretiyle hasreti \u0130stanbulun. Ayr\u0131l\u0131k dayan\u0131l\u0131r gibi de\u011fil mi?Bize pek mi m\u00fcthi\u015f geliyor kendi kaderimiz?El\u00e2leme haset mi ediyoruz?El\u00e2lemin babas\u0131 \u0130stanbul&#8217;da hapiste,el\u00e2lemin o\u011flunu asmak istiyorlaryol ortas\u0131ndag\u00fcpeg\u00fcnd\u00fcz.Bense burda r\u00fczg\u00e2r gibibir halk t\u00fcrk\u00fcs\u00fc gibi h\u00fcr\u00fcm,sen ordas\u0131n yavrum,ama as\u0131lam\u0131yacak kadar k\u00fc\u00e7\u00fcks\u00fcn hen\u00fcz.El\u00e2lemin [&hellip;]","og_url":"https:\/\/narteks.net\/index.php\/2011\/06\/07\/benim-oglan-fotograflarda-buyuyor\/","og_site_name":"narteks.net","article_published_time":"2011-06-07T09:38:20+00:00","og_image":[{"width":300,"height":90,"url":"https:\/\/narteks.net\/wp-content\/uploads\/narteks.png","type":"image\/png"}],"author":"Tar\u0131k","twitter_card":"summary_large_image","twitter_creator":"@narteks","twitter_site":"@narteks","twitter_misc":{"Yazan:":"Tar\u0131k","Tahmini okuma s\u00fcresi":"1 dakika"},"schema":{"@context":"https:\/\/schema.org","@graph":[{"@type":"Article","@id":"https:\/\/narteks.net\/index.php\/2011\/06\/07\/benim-oglan-fotograflarda-buyuyor\/#article","isPartOf":{"@id":"https:\/\/narteks.net\/index.php\/2011\/06\/07\/benim-oglan-fotograflarda-buyuyor\/"},"author":{"name":"Tar\u0131k","@id":"https:\/\/narteks.net\/#\/schema\/person\/61f37d9834294b72d31d274e7ed79bca"},"headline":"BEN\u0130M O\u011eLAN FOTO\u011eRAFLARDA B\u00dcY\u00dcYOR","datePublished":"2011-06-07T09:38:20+00:00","mainEntityOfPage":{"@id":"https:\/\/narteks.net\/index.php\/2011\/06\/07\/benim-oglan-fotograflarda-buyuyor\/"},"wordCount":156,"commentCount":0,"publisher":{"@id":"https:\/\/narteks.net\/#organization"},"articleSection":["Naz\u0131m H\u0130KMET RAN"],"inLanguage":"tr","potentialAction":[{"@type":"CommentAction","name":"Comment","target":["https:\/\/narteks.net\/index.php\/2011\/06\/07\/benim-oglan-fotograflarda-buyuyor\/#respond"]}]},{"@type":"WebPage","@id":"https:\/\/narteks.net\/index.php\/2011\/06\/07\/benim-oglan-fotograflarda-buyuyor\/","url":"https:\/\/narteks.net\/index.php\/2011\/06\/07\/benim-oglan-fotograflarda-buyuyor\/","name":"BEN\u0130M O\u011eLAN FOTO\u011eRAFLARDA B\u00dcY\u00dcYOR - narteks.net","isPartOf":{"@id":"https:\/\/narteks.net\/#website"},"datePublished":"2011-06-07T09:38:20+00:00","breadcrumb":{"@id":"https:\/\/narteks.net\/index.php\/2011\/06\/07\/benim-oglan-fotograflarda-buyuyor\/#breadcrumb"},"inLanguage":"tr","potentialAction":[{"@type":"ReadAction","target":["https:\/\/narteks.net\/index.php\/2011\/06\/07\/benim-oglan-fotograflarda-buyuyor\/"]}]},{"@type":"BreadcrumbList","@id":"https:\/\/narteks.net\/index.php\/2011\/06\/07\/benim-oglan-fotograflarda-buyuyor\/#breadcrumb","itemListElement":[{"@type":"ListItem","position":1,"name":"Anasayfa","item":"https:\/\/narteks.net\/"},{"@type":"ListItem","position":2,"name":"BEN\u0130M O\u011eLAN FOTO\u011eRAFLARDA B\u00dcY\u00dcYOR"}]},{"@type":"WebSite","@id":"https:\/\/narteks.net\/#website","url":"https:\/\/narteks.net\/","name":"narteks.net","description":"K\u00fclt\u00fcr Sanat Edebiyat Felsefe","publisher":{"@id":"https:\/\/narteks.net\/#organization"},"alternateName":"K\u00fclt\u00fcr Sanat Edebiyat Felsefe","potentialAction":[{"@type":"SearchAction","target":{"@type":"EntryPoint","urlTemplate":"https:\/\/narteks.net\/?s={search_term_string}"},"query-input":{"@type":"PropertyValueSpecification","valueRequired":true,"valueName":"search_term_string"}}],"inLanguage":"tr"},{"@type":"Organization","@id":"https:\/\/narteks.net\/#organization","name":"narteks.net","url":"https:\/\/narteks.net\/","logo":{"@type":"ImageObject","inLanguage":"tr","@id":"https:\/\/narteks.net\/#\/schema\/logo\/image\/","url":"https:\/\/narteks.net\/wp-content\/uploads\/narteks.png","contentUrl":"https:\/\/narteks.net\/wp-content\/uploads\/narteks.png","width":300,"height":90,"caption":"narteks.net"},"image":{"@id":"https:\/\/narteks.net\/#\/schema\/logo\/image\/"},"sameAs":["https:\/\/x.com\/narteks","https:\/\/instagram.com\/narteksnet"]},{"@type":"Person","@id":"https:\/\/narteks.net\/#\/schema\/person\/61f37d9834294b72d31d274e7ed79bca","name":"Tar\u0131k","image":{"@type":"ImageObject","inLanguage":"tr","@id":"https:\/\/narteks.net\/#\/schema\/person\/image\/","url":"https:\/\/secure.gravatar.com\/avatar\/50865afb55632c4ae467e0af0930f6510aa2297d8014be502a55b14f3b7550cf?s=96&d=mm&r=g","contentUrl":"https:\/\/secure.gravatar.com\/avatar\/50865afb55632c4ae467e0af0930f6510aa2297d8014be502a55b14f3b7550cf?s=96&d=mm&r=g","caption":"Tar\u0131k"},"sameAs":["http:\/\/narteks.net"],"url":"https:\/\/narteks.net\/index.php\/author\/narbak\/"}]}},"_links":{"self":[{"href":"https:\/\/narteks.net\/index.php\/wp-json\/wp\/v2\/posts\/6436","targetHints":{"allow":["GET"]}}],"collection":[{"href":"https:\/\/narteks.net\/index.php\/wp-json\/wp\/v2\/posts"}],"about":[{"href":"https:\/\/narteks.net\/index.php\/wp-json\/wp\/v2\/types\/post"}],"author":[{"embeddable":true,"href":"https:\/\/narteks.net\/index.php\/wp-json\/wp\/v2\/users\/1"}],"replies":[{"embeddable":true,"href":"https:\/\/narteks.net\/index.php\/wp-json\/wp\/v2\/comments?post=6436"}],"version-history":[{"count":0,"href":"https:\/\/narteks.net\/index.php\/wp-json\/wp\/v2\/posts\/6436\/revisions"}],"wp:attachment":[{"href":"https:\/\/narteks.net\/index.php\/wp-json\/wp\/v2\/media?parent=6436"}],"wp:term":[{"taxonomy":"category","embeddable":true,"href":"https:\/\/narteks.net\/index.php\/wp-json\/wp\/v2\/categories?post=6436"},{"taxonomy":"post_tag","embeddable":true,"href":"https:\/\/narteks.net\/index.php\/wp-json\/wp\/v2\/tags?post=6436"}],"curies":[{"name":"wp","href":"https:\/\/api.w.org\/{rel}","templated":true}]}}