{"id":644,"date":"2009-04-16T10:30:08","date_gmt":"2009-04-16T07:30:08","guid":{"rendered":"http:\/\/localhost\/wordpress\/2009\/04\/16\/edip-cansever-biyografisi\/"},"modified":"2009-04-16T10:30:08","modified_gmt":"2009-04-16T07:30:08","slug":"edip-cansever-biyografisi","status":"publish","type":"post","link":"https:\/\/narteks.net\/index.php\/2009\/04\/16\/edip-cansever-biyografisi\/","title":{"rendered":"Edip CANSEVER Biyografisi"},"content":{"rendered":"<p><span class=\"image\"><img loading=\"lazy\" decoding=\"async\" src=\"http:\/\/upload.wikimedia.org\/wikipedia\/tr\/a\/ac\/EdipCansever.jpg\" border=\"0\" alt=\"\u015fair\" width=\"155\" height=\"205\" style=\"border: 0;\" \/><\/span><\/p>\n<p style=\"text-align: justify;\">Edip Cansever, (8 A\u011fustos 1928\u201328 May\u0131s 1986) T\u00fcrk \u015fair.<\/p>\n<p>8 A\u011fustos 1928\u2019de \u0130stanbul\u2019da do\u011fdu. \u0130stanbul Erkek Lisesi\u2019ni bitirdi. Kapal\u0131\u00e7ar\u015f\u0131\u2019da turistik e\u015fya ve hal\u0131 ticareti yapmaya ba\u015flad\u0131. 1976\u2019dan sonra yaln\u0131zca \u015fiirle u\u011fra\u015ft\u0131. Bodrum&#8217;da tatildeyken beyin kanamas\u0131 ge\u00e7irdi, tedavi i\u00e7in getirildi\u011fi \u0130stanbul&#8217;da 28 May\u0131s 1986\u2019da ya\u015fam\u0131n\u0131 yitirdi.<\/p>\n<p>\u0130lk \u015fiiri 1944&#8217;te \u0130stanbul dergisinde yay\u0131nland\u0131. Y\u00fccel, Fikirler, Edebiyat D\u00fcnyas\u0131, Kaynak dergilerinde \u00e7\u0131kan ilk gen\u00e7lik \u015fiirlerini &#8220;\u0130kindi \u00dcst\u00fc&#8221; kitab\u0131nda toplad\u0131. Bu \u015fiirlerde varl\u0131kl\u0131, her \u015feye ya\u015fama sevinciyle bakan bir gencin avarelikleri, duygular\u0131 \u00f6n plandayd\u0131. 1951&#8217;de &#8220;Nokta&#8221; dergisini \u00e7\u0131kard\u0131. Bu dergi gen\u00e7 \u015fairlerle ve yazarlarla tan\u0131\u015fmas\u0131n\u0131 sa\u011flad\u0131. \u0130lk kitab\u0131ndan 7 y\u0131l sonra yay\u0131nlad\u0131\u011f\u0131 &#8220;Dirlik D\u00fczenlik&#8221; bu d\u00f6nemin \u00fcr\u00fcn\u00fcd\u00fcr. Bu kitaptaki \u015fiirlerde d\u00fc\u015f\u00fcnceyi dil i\u00e7inde eritmeye y\u00f6nelen, \u00f6zl\u00fc bir s\u00f6yleyi\u015f ve \u00e7arp\u0131c\u0131 bi\u00e7im arayan, toplumsal ele\u015ftiri i\u00e7in mizah arac\u0131n\u0131 kullanan bir tutum g\u00f6r\u00fcld\u00fc. 1957&#8217;de yay\u0131nlanan &#8220;Yer\u00e7ekimli Karanfil&#8221; ile kendisine \u00f6zg\u00fc bir \u015fiir evreni kurdu. \u0130kinci Yeni ak\u0131m\u0131n\u0131n \u00f6zg\u00fcn \u00f6rneklerini verdi. Yenilik, Pazar Postas\u0131, Yeni Dergi gibi d\u00f6nemin sanat yay\u0131nlar\u0131nda \u015fiirsel canl\u0131l\u0131\u011f\u0131 besleyen \u015fairlerden biri oldu. \u015eirinde zamanla sevin\u00e7 yerini bunal\u0131ma, toplumsal dengesizlikleri ele\u015ftirme kayg\u0131s\u0131 yerini y\u0131k\u0131c\u0131 bir umutsuzlu\u011fa b\u0131rakt\u0131. &#8220;Dize i\u015flevini yitirdi&#8221; gerek\u00e7esiyle yeni aray\u0131\u015flara y\u00f6neldi. \u015eiirde tiyatrodan esinlenen diyaloglar kulland\u0131. &#8220;Nerde Antigone&#8221;, &#8220;Tragedyalar&#8221;, &#8220;\u00c7a\u011fr\u0131lmayan Yakup&#8221; bu d\u00f6nemin \u00fcr\u00fcnleri. Yine de \u0130kinci Yeni i\u00e7indeki baz\u0131 \u015fairler gibi anlams\u0131zl\u0131\u011f\u0131 savunmad\u0131. Kapal\u0131, anla\u015f\u0131lmas\u0131 g\u00fc\u00e7, yine de anlamdan ayr\u0131lmayan bir \u015fiire y\u00f6neldi. \u00c7ok farkl\u0131 imgeler kullan\u0131rken bile d\u00fc\u015f\u00fcnce \u00f6\u011fesini g\u00f6zard\u0131 etmedi. Yap\u0131tlar\u0131na tutarl\u0131 bir b\u00fct\u00fcnl\u00fck kazand\u0131rd\u0131. \u015eiirinde d\u00fczyaz\u0131 olanaklar\u0131n\u0131 kullanmaktan da \u00e7ekinmedi. Yaln\u0131z \u015fiirleriyle de\u011fil tepkileri ve ya\u015fama bi\u00e7imiyle de kendisinden s\u00f6z ettirdi. S\u00fcrekli yazan, yay\u0131nlayan bir \u015fair olarak ilgileri hep \u00fcst\u00fcnde tuttu.<\/p>\n<p>Eserleri<\/p>\n<p>\u015eiir<\/p>\n<p> * \u0130kindi \u00dcst\u00fc (1947)<br \/> * Dirlik D\u00fczenlik (1954)<br \/> * Yer\u00e7ekimli Karanfil (1957)<br \/> * Umutsuzlar Park\u0131 (1958)<br \/> * Petrol (1959)<br \/> * Nerde Antigone (1961)<br \/> * Tragedyalar (1964)<br \/> * \u00c7a\u011fr\u0131lmayan Yakup (1966)<br \/> * Kirli A\u011fustos (1970)<\/p>\n<p> * Sonras\u0131 Kal\u0131r (1974)<br \/> * Ben Ruhi Bey Nas\u0131l\u0131m (1976)<br \/> * Sevda ile Sevgi (1977)<br \/> * \u015eairin Seyif Defteri (1980)<br \/> * Yeniden (1981)<br \/> * Bezik Oynayan Kad\u0131nlar (1982)<br \/> * \u0130lkyaz \u015eikayet\u00e7ileri (1984)<br \/> * Oteller Kenti (1985)<\/p>\n<p>D\u00fczyaz\u0131<\/p>\n<p> * G\u00fcl D\u00f6n\u00fcyor Avucumda (\u00d6l\u00fcm\u00fcnden sonra, 1987)<br \/> * \u015eiiri \u015eiirle \u00d6l\u00e7mek: \u015eiir \u00dczerine Yaz\u0131lar, S\u00f6yle\u015filer, Soru\u015fturmalar. Haz\u0131rlayan: Devrim Dirlikyapan. Yap\u0131 Kredi Yay\u0131nlar\u0131, 2009.<\/p>\n<p>\u00d6d\u00fcller<\/p>\n<p> * 1958 Yeditepe \u015eiir Arma\u011fan\u0131: &#8220;Yer\u00e7ekimli Karanfil&#8221;<br \/> * 1977 T\u00fcrk Dil Kurumu \u015eiir \u00d6d\u00fcl\u00fc: &#8220;Ben Ruhi Bey Nas\u0131l\u0131m&#8221;<br \/> * 1982 Sedat Simavi Edebiyat \u00d6d\u00fcl\u00fc: &#8220;Yeniden&#8221;<\/p>\n<p><\/p>\n","protected":false},"excerpt":{"rendered":"<p>Edip Cansever, (8 A\u011fustos 1928\u201328 May\u0131s 1986) T\u00fcrk \u015fair. 8 A\u011fustos 1928\u2019de \u0130stanbul\u2019da do\u011fdu. \u0130stanbul Erkek Lisesi\u2019ni bitirdi. Kapal\u0131\u00e7ar\u015f\u0131\u2019da turistik e\u015fya ve hal\u0131 ticareti yapmaya ba\u015flad\u0131. 1976\u2019dan sonra yaln\u0131zca \u015fiirle u\u011fra\u015ft\u0131. Bodrum&#8217;da tatildeyken beyin kanamas\u0131 ge\u00e7irdi, tedavi i\u00e7in getirildi\u011fi \u0130stanbul&#8217;da 28 May\u0131s 1986\u2019da ya\u015fam\u0131n\u0131 yitirdi. \u0130lk \u015fiiri 1944&#8217;te \u0130stanbul dergisinde yay\u0131nland\u0131. Y\u00fccel, Fikirler, Edebiyat D\u00fcnyas\u0131, [&hellip;]<\/p>\n","protected":false},"author":1,"featured_media":0,"comment_status":"open","ping_status":"open","sticky":false,"template":"","format":"standard","meta":{"footnotes":""},"categories":[19],"tags":[],"class_list":{"0":"post-644","1":"post","2":"type-post","3":"status-publish","4":"format-standard","6":"category-edip-cansever"},"yoast_head":"<!-- This site is optimized with the Yoast SEO Premium plugin v24.9 (Yoast SEO v24.9) - https:\/\/yoast.com\/wordpress\/plugins\/seo\/ -->\n<title>Edip CANSEVER Biyografisi - narteks.net<\/title>\n<meta name=\"robots\" content=\"index, follow, max-snippet:-1, max-image-preview:large, max-video-preview:-1\" \/>\n<link rel=\"canonical\" href=\"https:\/\/narteks.net\/index.php\/2009\/04\/16\/edip-cansever-biyografisi\/\" \/>\n<meta property=\"og:locale\" content=\"tr_TR\" \/>\n<meta property=\"og:type\" content=\"article\" \/>\n<meta property=\"og:title\" content=\"Edip CANSEVER Biyografisi\" \/>\n<meta property=\"og:description\" content=\"Edip Cansever, (8 A\u011fustos 1928\u201328 May\u0131s 1986) T\u00fcrk \u015fair. 8 A\u011fustos 1928\u2019de \u0130stanbul\u2019da do\u011fdu. \u0130stanbul Erkek Lisesi\u2019ni bitirdi. Kapal\u0131\u00e7ar\u015f\u0131\u2019da turistik e\u015fya ve hal\u0131 ticareti yapmaya ba\u015flad\u0131. 1976\u2019dan sonra yaln\u0131zca \u015fiirle u\u011fra\u015ft\u0131. Bodrum&#8217;da tatildeyken beyin kanamas\u0131 ge\u00e7irdi, tedavi i\u00e7in getirildi\u011fi \u0130stanbul&#8217;da 28 May\u0131s 1986\u2019da ya\u015fam\u0131n\u0131 yitirdi. \u0130lk \u015fiiri 1944&#8217;te \u0130stanbul dergisinde yay\u0131nland\u0131. Y\u00fccel, Fikirler, Edebiyat D\u00fcnyas\u0131, [&hellip;]\" \/>\n<meta property=\"og:url\" content=\"https:\/\/narteks.net\/index.php\/2009\/04\/16\/edip-cansever-biyografisi\/\" \/>\n<meta property=\"og:site_name\" content=\"narteks.net\" \/>\n<meta property=\"article:published_time\" content=\"2009-04-16T07:30:08+00:00\" \/>\n<meta property=\"og:image\" content=\"http:\/\/upload.wikimedia.org\/wikipedia\/tr\/a\/ac\/EdipCansever.jpg\" \/>\n<meta name=\"author\" content=\"Tar\u0131k\" \/>\n<meta name=\"twitter:card\" content=\"summary_large_image\" \/>\n<meta name=\"twitter:creator\" content=\"@narteks\" \/>\n<meta name=\"twitter:site\" content=\"@narteks\" \/>\n<meta name=\"twitter:label1\" content=\"Yazan:\" \/>\n\t<meta name=\"twitter:data1\" content=\"Tar\u0131k\" \/>\n\t<meta name=\"twitter:label2\" content=\"Tahmini okuma s\u00fcresi\" \/>\n\t<meta name=\"twitter:data2\" content=\"2 dakika\" \/>\n<script type=\"application\/ld+json\" class=\"yoast-schema-graph\">{\"@context\":\"https:\/\/schema.org\",\"@graph\":[{\"@type\":\"Article\",\"@id\":\"https:\/\/narteks.net\/index.php\/2009\/04\/16\/edip-cansever-biyografisi\/#article\",\"isPartOf\":{\"@id\":\"https:\/\/narteks.net\/index.php\/2009\/04\/16\/edip-cansever-biyografisi\/\"},\"author\":{\"name\":\"Tar\u0131k\",\"@id\":\"https:\/\/narteks.net\/#\/schema\/person\/61f37d9834294b72d31d274e7ed79bca\"},\"headline\":\"Edip CANSEVER Biyografisi\",\"datePublished\":\"2009-04-16T07:30:08+00:00\",\"mainEntityOfPage\":{\"@id\":\"https:\/\/narteks.net\/index.php\/2009\/04\/16\/edip-cansever-biyografisi\/\"},\"wordCount\":457,\"commentCount\":0,\"publisher\":{\"@id\":\"https:\/\/narteks.net\/#organization\"},\"image\":{\"@id\":\"https:\/\/narteks.net\/index.php\/2009\/04\/16\/edip-cansever-biyografisi\/#primaryimage\"},\"thumbnailUrl\":\"http:\/\/upload.wikimedia.org\/wikipedia\/tr\/a\/ac\/EdipCansever.jpg\",\"articleSection\":[\"Edip CANSEVER\"],\"inLanguage\":\"tr\",\"potentialAction\":[{\"@type\":\"CommentAction\",\"name\":\"Comment\",\"target\":[\"https:\/\/narteks.net\/index.php\/2009\/04\/16\/edip-cansever-biyografisi\/#respond\"]}]},{\"@type\":\"WebPage\",\"@id\":\"https:\/\/narteks.net\/index.php\/2009\/04\/16\/edip-cansever-biyografisi\/\",\"url\":\"https:\/\/narteks.net\/index.php\/2009\/04\/16\/edip-cansever-biyografisi\/\",\"name\":\"Edip CANSEVER Biyografisi - narteks.net\",\"isPartOf\":{\"@id\":\"https:\/\/narteks.net\/#website\"},\"primaryImageOfPage\":{\"@id\":\"https:\/\/narteks.net\/index.php\/2009\/04\/16\/edip-cansever-biyografisi\/#primaryimage\"},\"image\":{\"@id\":\"https:\/\/narteks.net\/index.php\/2009\/04\/16\/edip-cansever-biyografisi\/#primaryimage\"},\"thumbnailUrl\":\"http:\/\/upload.wikimedia.org\/wikipedia\/tr\/a\/ac\/EdipCansever.jpg\",\"datePublished\":\"2009-04-16T07:30:08+00:00\",\"breadcrumb\":{\"@id\":\"https:\/\/narteks.net\/index.php\/2009\/04\/16\/edip-cansever-biyografisi\/#breadcrumb\"},\"inLanguage\":\"tr\",\"potentialAction\":[{\"@type\":\"ReadAction\",\"target\":[\"https:\/\/narteks.net\/index.php\/2009\/04\/16\/edip-cansever-biyografisi\/\"]}]},{\"@type\":\"ImageObject\",\"inLanguage\":\"tr\",\"@id\":\"https:\/\/narteks.net\/index.php\/2009\/04\/16\/edip-cansever-biyografisi\/#primaryimage\",\"url\":\"http:\/\/upload.wikimedia.org\/wikipedia\/tr\/a\/ac\/EdipCansever.jpg\",\"contentUrl\":\"http:\/\/upload.wikimedia.org\/wikipedia\/tr\/a\/ac\/EdipCansever.jpg\"},{\"@type\":\"BreadcrumbList\",\"@id\":\"https:\/\/narteks.net\/index.php\/2009\/04\/16\/edip-cansever-biyografisi\/#breadcrumb\",\"itemListElement\":[{\"@type\":\"ListItem\",\"position\":1,\"name\":\"Anasayfa\",\"item\":\"https:\/\/narteks.net\/\"},{\"@type\":\"ListItem\",\"position\":2,\"name\":\"Edip CANSEVER Biyografisi\"}]},{\"@type\":\"WebSite\",\"@id\":\"https:\/\/narteks.net\/#website\",\"url\":\"https:\/\/narteks.net\/\",\"name\":\"narteks.net\",\"description\":\"K\u00fclt\u00fcr Sanat Edebiyat Felsefe\",\"publisher\":{\"@id\":\"https:\/\/narteks.net\/#organization\"},\"alternateName\":\"K\u00fclt\u00fcr Sanat Edebiyat Felsefe\",\"potentialAction\":[{\"@type\":\"SearchAction\",\"target\":{\"@type\":\"EntryPoint\",\"urlTemplate\":\"https:\/\/narteks.net\/?s={search_term_string}\"},\"query-input\":{\"@type\":\"PropertyValueSpecification\",\"valueRequired\":true,\"valueName\":\"search_term_string\"}}],\"inLanguage\":\"tr\"},{\"@type\":\"Organization\",\"@id\":\"https:\/\/narteks.net\/#organization\",\"name\":\"narteks.net\",\"url\":\"https:\/\/narteks.net\/\",\"logo\":{\"@type\":\"ImageObject\",\"inLanguage\":\"tr\",\"@id\":\"https:\/\/narteks.net\/#\/schema\/logo\/image\/\",\"url\":\"https:\/\/narteks.net\/wp-content\/uploads\/narteks.png\",\"contentUrl\":\"https:\/\/narteks.net\/wp-content\/uploads\/narteks.png\",\"width\":300,\"height\":90,\"caption\":\"narteks.net\"},\"image\":{\"@id\":\"https:\/\/narteks.net\/#\/schema\/logo\/image\/\"},\"sameAs\":[\"https:\/\/x.com\/narteks\",\"https:\/\/instagram.com\/narteksnet\"]},{\"@type\":\"Person\",\"@id\":\"https:\/\/narteks.net\/#\/schema\/person\/61f37d9834294b72d31d274e7ed79bca\",\"name\":\"Tar\u0131k\",\"image\":{\"@type\":\"ImageObject\",\"inLanguage\":\"tr\",\"@id\":\"https:\/\/narteks.net\/#\/schema\/person\/image\/\",\"url\":\"https:\/\/secure.gravatar.com\/avatar\/50865afb55632c4ae467e0af0930f6510aa2297d8014be502a55b14f3b7550cf?s=96&d=mm&r=g\",\"contentUrl\":\"https:\/\/secure.gravatar.com\/avatar\/50865afb55632c4ae467e0af0930f6510aa2297d8014be502a55b14f3b7550cf?s=96&d=mm&r=g\",\"caption\":\"Tar\u0131k\"},\"sameAs\":[\"http:\/\/narteks.net\"],\"url\":\"https:\/\/narteks.net\/index.php\/author\/narbak\/\"}]}<\/script>\n<!-- \/ Yoast SEO Premium plugin. -->","yoast_head_json":{"title":"Edip CANSEVER Biyografisi - narteks.net","robots":{"index":"index","follow":"follow","max-snippet":"max-snippet:-1","max-image-preview":"max-image-preview:large","max-video-preview":"max-video-preview:-1"},"canonical":"https:\/\/narteks.net\/index.php\/2009\/04\/16\/edip-cansever-biyografisi\/","og_locale":"tr_TR","og_type":"article","og_title":"Edip CANSEVER Biyografisi","og_description":"Edip Cansever, (8 A\u011fustos 1928\u201328 May\u0131s 1986) T\u00fcrk \u015fair. 8 A\u011fustos 1928\u2019de \u0130stanbul\u2019da do\u011fdu. \u0130stanbul Erkek Lisesi\u2019ni bitirdi. Kapal\u0131\u00e7ar\u015f\u0131\u2019da turistik e\u015fya ve hal\u0131 ticareti yapmaya ba\u015flad\u0131. 1976\u2019dan sonra yaln\u0131zca \u015fiirle u\u011fra\u015ft\u0131. Bodrum&#8217;da tatildeyken beyin kanamas\u0131 ge\u00e7irdi, tedavi i\u00e7in getirildi\u011fi \u0130stanbul&#8217;da 28 May\u0131s 1986\u2019da ya\u015fam\u0131n\u0131 yitirdi. \u0130lk \u015fiiri 1944&#8217;te \u0130stanbul dergisinde yay\u0131nland\u0131. Y\u00fccel, Fikirler, Edebiyat D\u00fcnyas\u0131, [&hellip;]","og_url":"https:\/\/narteks.net\/index.php\/2009\/04\/16\/edip-cansever-biyografisi\/","og_site_name":"narteks.net","article_published_time":"2009-04-16T07:30:08+00:00","og_image":[{"url":"http:\/\/upload.wikimedia.org\/wikipedia\/tr\/a\/ac\/EdipCansever.jpg","type":"","width":"","height":""}],"author":"Tar\u0131k","twitter_card":"summary_large_image","twitter_creator":"@narteks","twitter_site":"@narteks","twitter_misc":{"Yazan:":"Tar\u0131k","Tahmini okuma s\u00fcresi":"2 dakika"},"schema":{"@context":"https:\/\/schema.org","@graph":[{"@type":"Article","@id":"https:\/\/narteks.net\/index.php\/2009\/04\/16\/edip-cansever-biyografisi\/#article","isPartOf":{"@id":"https:\/\/narteks.net\/index.php\/2009\/04\/16\/edip-cansever-biyografisi\/"},"author":{"name":"Tar\u0131k","@id":"https:\/\/narteks.net\/#\/schema\/person\/61f37d9834294b72d31d274e7ed79bca"},"headline":"Edip CANSEVER Biyografisi","datePublished":"2009-04-16T07:30:08+00:00","mainEntityOfPage":{"@id":"https:\/\/narteks.net\/index.php\/2009\/04\/16\/edip-cansever-biyografisi\/"},"wordCount":457,"commentCount":0,"publisher":{"@id":"https:\/\/narteks.net\/#organization"},"image":{"@id":"https:\/\/narteks.net\/index.php\/2009\/04\/16\/edip-cansever-biyografisi\/#primaryimage"},"thumbnailUrl":"http:\/\/upload.wikimedia.org\/wikipedia\/tr\/a\/ac\/EdipCansever.jpg","articleSection":["Edip CANSEVER"],"inLanguage":"tr","potentialAction":[{"@type":"CommentAction","name":"Comment","target":["https:\/\/narteks.net\/index.php\/2009\/04\/16\/edip-cansever-biyografisi\/#respond"]}]},{"@type":"WebPage","@id":"https:\/\/narteks.net\/index.php\/2009\/04\/16\/edip-cansever-biyografisi\/","url":"https:\/\/narteks.net\/index.php\/2009\/04\/16\/edip-cansever-biyografisi\/","name":"Edip CANSEVER Biyografisi - narteks.net","isPartOf":{"@id":"https:\/\/narteks.net\/#website"},"primaryImageOfPage":{"@id":"https:\/\/narteks.net\/index.php\/2009\/04\/16\/edip-cansever-biyografisi\/#primaryimage"},"image":{"@id":"https:\/\/narteks.net\/index.php\/2009\/04\/16\/edip-cansever-biyografisi\/#primaryimage"},"thumbnailUrl":"http:\/\/upload.wikimedia.org\/wikipedia\/tr\/a\/ac\/EdipCansever.jpg","datePublished":"2009-04-16T07:30:08+00:00","breadcrumb":{"@id":"https:\/\/narteks.net\/index.php\/2009\/04\/16\/edip-cansever-biyografisi\/#breadcrumb"},"inLanguage":"tr","potentialAction":[{"@type":"ReadAction","target":["https:\/\/narteks.net\/index.php\/2009\/04\/16\/edip-cansever-biyografisi\/"]}]},{"@type":"ImageObject","inLanguage":"tr","@id":"https:\/\/narteks.net\/index.php\/2009\/04\/16\/edip-cansever-biyografisi\/#primaryimage","url":"http:\/\/upload.wikimedia.org\/wikipedia\/tr\/a\/ac\/EdipCansever.jpg","contentUrl":"http:\/\/upload.wikimedia.org\/wikipedia\/tr\/a\/ac\/EdipCansever.jpg"},{"@type":"BreadcrumbList","@id":"https:\/\/narteks.net\/index.php\/2009\/04\/16\/edip-cansever-biyografisi\/#breadcrumb","itemListElement":[{"@type":"ListItem","position":1,"name":"Anasayfa","item":"https:\/\/narteks.net\/"},{"@type":"ListItem","position":2,"name":"Edip CANSEVER Biyografisi"}]},{"@type":"WebSite","@id":"https:\/\/narteks.net\/#website","url":"https:\/\/narteks.net\/","name":"narteks.net","description":"K\u00fclt\u00fcr Sanat Edebiyat Felsefe","publisher":{"@id":"https:\/\/narteks.net\/#organization"},"alternateName":"K\u00fclt\u00fcr Sanat Edebiyat Felsefe","potentialAction":[{"@type":"SearchAction","target":{"@type":"EntryPoint","urlTemplate":"https:\/\/narteks.net\/?s={search_term_string}"},"query-input":{"@type":"PropertyValueSpecification","valueRequired":true,"valueName":"search_term_string"}}],"inLanguage":"tr"},{"@type":"Organization","@id":"https:\/\/narteks.net\/#organization","name":"narteks.net","url":"https:\/\/narteks.net\/","logo":{"@type":"ImageObject","inLanguage":"tr","@id":"https:\/\/narteks.net\/#\/schema\/logo\/image\/","url":"https:\/\/narteks.net\/wp-content\/uploads\/narteks.png","contentUrl":"https:\/\/narteks.net\/wp-content\/uploads\/narteks.png","width":300,"height":90,"caption":"narteks.net"},"image":{"@id":"https:\/\/narteks.net\/#\/schema\/logo\/image\/"},"sameAs":["https:\/\/x.com\/narteks","https:\/\/instagram.com\/narteksnet"]},{"@type":"Person","@id":"https:\/\/narteks.net\/#\/schema\/person\/61f37d9834294b72d31d274e7ed79bca","name":"Tar\u0131k","image":{"@type":"ImageObject","inLanguage":"tr","@id":"https:\/\/narteks.net\/#\/schema\/person\/image\/","url":"https:\/\/secure.gravatar.com\/avatar\/50865afb55632c4ae467e0af0930f6510aa2297d8014be502a55b14f3b7550cf?s=96&d=mm&r=g","contentUrl":"https:\/\/secure.gravatar.com\/avatar\/50865afb55632c4ae467e0af0930f6510aa2297d8014be502a55b14f3b7550cf?s=96&d=mm&r=g","caption":"Tar\u0131k"},"sameAs":["http:\/\/narteks.net"],"url":"https:\/\/narteks.net\/index.php\/author\/narbak\/"}]}},"_links":{"self":[{"href":"https:\/\/narteks.net\/index.php\/wp-json\/wp\/v2\/posts\/644","targetHints":{"allow":["GET"]}}],"collection":[{"href":"https:\/\/narteks.net\/index.php\/wp-json\/wp\/v2\/posts"}],"about":[{"href":"https:\/\/narteks.net\/index.php\/wp-json\/wp\/v2\/types\/post"}],"author":[{"embeddable":true,"href":"https:\/\/narteks.net\/index.php\/wp-json\/wp\/v2\/users\/1"}],"replies":[{"embeddable":true,"href":"https:\/\/narteks.net\/index.php\/wp-json\/wp\/v2\/comments?post=644"}],"version-history":[{"count":0,"href":"https:\/\/narteks.net\/index.php\/wp-json\/wp\/v2\/posts\/644\/revisions"}],"wp:attachment":[{"href":"https:\/\/narteks.net\/index.php\/wp-json\/wp\/v2\/media?parent=644"}],"wp:term":[{"taxonomy":"category","embeddable":true,"href":"https:\/\/narteks.net\/index.php\/wp-json\/wp\/v2\/categories?post=644"},{"taxonomy":"post_tag","embeddable":true,"href":"https:\/\/narteks.net\/index.php\/wp-json\/wp\/v2\/tags?post=644"}],"curies":[{"name":"wp","href":"https:\/\/api.w.org\/{rel}","templated":true}]}}