{"id":6441,"date":"2011-06-07T12:44:50","date_gmt":"2011-06-07T09:44:50","guid":{"rendered":"http:\/\/localhost\/wordpress\/2011\/06\/07\/cocuklar-olebilir-yarin\/"},"modified":"2011-06-07T12:44:50","modified_gmt":"2011-06-07T09:44:50","slug":"cocuklar-olebilir-yarin","status":"publish","type":"post","link":"https:\/\/narteks.net\/index.php\/2011\/06\/07\/cocuklar-olebilir-yarin\/","title":{"rendered":"\u00c7OCUKLAR \u00d6LEB\u0130L\u0130R YARIN"},"content":{"rendered":"<p>\u00a0<\/p>\n<p>\u00c7ocuklar \u00f6lebilir yar\u0131n,<br \/>hem de ne s\u0131tmadan ne ku\u015fpalaz\u0131ndan<br \/>d\u00fc\u015ferek de de\u011fil kuyulara fil\u00e2n;<br \/>\u00e7ocuklar \u00f6lebilir yar\u0131n,<br \/>\u00e7ocuklar sakall\u0131 askerler gibi \u00f6lebilir yar\u0131n,<br \/>\u00e7ocuklar \u00f6lebilir yar\u0131n atom bulutlar\u0131n\u0131n \u0131\u015f\u0131\u011f\u0131nda,<br \/>ne bir santim kemik, ne bir damla kan,<br \/>\u00e7ocuklar \u00f6lebilir yar\u0131n atom bulutlar\u0131n\u0131n \u0131\u015f\u0131\u011f\u0131nda<br \/>arkalar\u0131nda bir avu\u00e7 k\u00fcl bile de\u011fil<br \/>arkalar\u0131nda g\u00f6lgelerinden ba\u015fka bir \u015fey b\u0131rakmadan.<br \/>&#8230;.<\/p>\n<p>Naz\u0131m Hikmet RAN<\/p>\n","protected":false},"excerpt":{"rendered":"<p>\u00a0 \u00c7ocuklar \u00f6lebilir yar\u0131n,hem de ne s\u0131tmadan ne ku\u015fpalaz\u0131ndand\u00fc\u015ferek de de\u011fil kuyulara fil\u00e2n;\u00e7ocuklar \u00f6lebilir yar\u0131n,\u00e7ocuklar sakall\u0131 askerler gibi \u00f6lebilir yar\u0131n,\u00e7ocuklar \u00f6lebilir yar\u0131n atom bulutlar\u0131n\u0131n \u0131\u015f\u0131\u011f\u0131nda,ne bir santim kemik, ne bir damla kan,\u00e7ocuklar \u00f6lebilir yar\u0131n atom bulutlar\u0131n\u0131n \u0131\u015f\u0131\u011f\u0131ndaarkalar\u0131nda bir avu\u00e7 k\u00fcl bile de\u011filarkalar\u0131nda g\u00f6lgelerinden ba\u015fka bir \u015fey b\u0131rakmadan.&#8230;. Naz\u0131m Hikmet RAN<\/p>\n","protected":false},"author":1,"featured_media":0,"comment_status":"open","ping_status":"open","sticky":false,"template":"","format":"standard","meta":{"footnotes":""},"categories":[59],"tags":[],"class_list":{"0":"post-6441","1":"post","2":"type-post","3":"status-publish","4":"format-standard","6":"category-nazim-hikmet-ran"},"yoast_head":"<!-- This site is optimized with the Yoast SEO Premium plugin v24.9 (Yoast SEO v24.9) - https:\/\/yoast.com\/wordpress\/plugins\/seo\/ -->\n<title>\u00c7OCUKLAR \u00d6LEB\u0130L\u0130R YARIN - narteks.net<\/title>\n<meta name=\"robots\" content=\"index, follow, max-snippet:-1, max-image-preview:large, max-video-preview:-1\" \/>\n<link rel=\"canonical\" href=\"https:\/\/narteks.net\/index.php\/2011\/06\/07\/cocuklar-olebilir-yarin\/\" \/>\n<meta property=\"og:locale\" content=\"tr_TR\" \/>\n<meta property=\"og:type\" content=\"article\" \/>\n<meta property=\"og:title\" content=\"\u00c7OCUKLAR \u00d6LEB\u0130L\u0130R YARIN\" \/>\n<meta property=\"og:description\" content=\"\u00a0 \u00c7ocuklar \u00f6lebilir yar\u0131n,hem de ne s\u0131tmadan ne ku\u015fpalaz\u0131ndand\u00fc\u015ferek de de\u011fil kuyulara fil\u00e2n;\u00e7ocuklar \u00f6lebilir yar\u0131n,\u00e7ocuklar sakall\u0131 askerler gibi \u00f6lebilir yar\u0131n,\u00e7ocuklar \u00f6lebilir yar\u0131n atom bulutlar\u0131n\u0131n \u0131\u015f\u0131\u011f\u0131nda,ne bir santim kemik, ne bir damla kan,\u00e7ocuklar \u00f6lebilir yar\u0131n atom bulutlar\u0131n\u0131n \u0131\u015f\u0131\u011f\u0131ndaarkalar\u0131nda bir avu\u00e7 k\u00fcl bile de\u011filarkalar\u0131nda g\u00f6lgelerinden ba\u015fka bir \u015fey b\u0131rakmadan.&#8230;. Naz\u0131m Hikmet RAN\" \/>\n<meta property=\"og:url\" content=\"https:\/\/narteks.net\/index.php\/2011\/06\/07\/cocuklar-olebilir-yarin\/\" \/>\n<meta property=\"og:site_name\" content=\"narteks.net\" \/>\n<meta property=\"article:published_time\" content=\"2011-06-07T09:44:50+00:00\" \/>\n<meta property=\"og:image\" content=\"https:\/\/narteks.net\/wp-content\/uploads\/narteks.png\" \/>\n\t<meta property=\"og:image:width\" content=\"300\" \/>\n\t<meta property=\"og:image:height\" content=\"90\" \/>\n\t<meta property=\"og:image:type\" content=\"image\/png\" \/>\n<meta name=\"author\" content=\"Tar\u0131k\" \/>\n<meta name=\"twitter:card\" content=\"summary_large_image\" \/>\n<meta name=\"twitter:creator\" content=\"@narteks\" \/>\n<meta name=\"twitter:site\" content=\"@narteks\" \/>\n<meta name=\"twitter:label1\" content=\"Yazan:\" \/>\n\t<meta name=\"twitter:data1\" content=\"Tar\u0131k\" \/>\n<script type=\"application\/ld+json\" class=\"yoast-schema-graph\">{\"@context\":\"https:\/\/schema.org\",\"@graph\":[{\"@type\":\"Article\",\"@id\":\"https:\/\/narteks.net\/index.php\/2011\/06\/07\/cocuklar-olebilir-yarin\/#article\",\"isPartOf\":{\"@id\":\"https:\/\/narteks.net\/index.php\/2011\/06\/07\/cocuklar-olebilir-yarin\/\"},\"author\":{\"name\":\"Tar\u0131k\",\"@id\":\"https:\/\/narteks.net\/#\/schema\/person\/61f37d9834294b72d31d274e7ed79bca\"},\"headline\":\"\u00c7OCUKLAR \u00d6LEB\u0130L\u0130R YARIN\",\"datePublished\":\"2011-06-07T09:44:50+00:00\",\"mainEntityOfPage\":{\"@id\":\"https:\/\/narteks.net\/index.php\/2011\/06\/07\/cocuklar-olebilir-yarin\/\"},\"wordCount\":83,\"commentCount\":0,\"publisher\":{\"@id\":\"https:\/\/narteks.net\/#organization\"},\"articleSection\":[\"Naz\u0131m H\u0130KMET RAN\"],\"inLanguage\":\"tr\",\"potentialAction\":[{\"@type\":\"CommentAction\",\"name\":\"Comment\",\"target\":[\"https:\/\/narteks.net\/index.php\/2011\/06\/07\/cocuklar-olebilir-yarin\/#respond\"]}]},{\"@type\":\"WebPage\",\"@id\":\"https:\/\/narteks.net\/index.php\/2011\/06\/07\/cocuklar-olebilir-yarin\/\",\"url\":\"https:\/\/narteks.net\/index.php\/2011\/06\/07\/cocuklar-olebilir-yarin\/\",\"name\":\"\u00c7OCUKLAR \u00d6LEB\u0130L\u0130R YARIN - narteks.net\",\"isPartOf\":{\"@id\":\"https:\/\/narteks.net\/#website\"},\"datePublished\":\"2011-06-07T09:44:50+00:00\",\"breadcrumb\":{\"@id\":\"https:\/\/narteks.net\/index.php\/2011\/06\/07\/cocuklar-olebilir-yarin\/#breadcrumb\"},\"inLanguage\":\"tr\",\"potentialAction\":[{\"@type\":\"ReadAction\",\"target\":[\"https:\/\/narteks.net\/index.php\/2011\/06\/07\/cocuklar-olebilir-yarin\/\"]}]},{\"@type\":\"BreadcrumbList\",\"@id\":\"https:\/\/narteks.net\/index.php\/2011\/06\/07\/cocuklar-olebilir-yarin\/#breadcrumb\",\"itemListElement\":[{\"@type\":\"ListItem\",\"position\":1,\"name\":\"Anasayfa\",\"item\":\"https:\/\/narteks.net\/\"},{\"@type\":\"ListItem\",\"position\":2,\"name\":\"\u00c7OCUKLAR \u00d6LEB\u0130L\u0130R YARIN\"}]},{\"@type\":\"WebSite\",\"@id\":\"https:\/\/narteks.net\/#website\",\"url\":\"https:\/\/narteks.net\/\",\"name\":\"narteks.net\",\"description\":\"K\u00fclt\u00fcr Sanat Edebiyat Felsefe\",\"publisher\":{\"@id\":\"https:\/\/narteks.net\/#organization\"},\"alternateName\":\"K\u00fclt\u00fcr Sanat Edebiyat Felsefe\",\"potentialAction\":[{\"@type\":\"SearchAction\",\"target\":{\"@type\":\"EntryPoint\",\"urlTemplate\":\"https:\/\/narteks.net\/?s={search_term_string}\"},\"query-input\":{\"@type\":\"PropertyValueSpecification\",\"valueRequired\":true,\"valueName\":\"search_term_string\"}}],\"inLanguage\":\"tr\"},{\"@type\":\"Organization\",\"@id\":\"https:\/\/narteks.net\/#organization\",\"name\":\"narteks.net\",\"url\":\"https:\/\/narteks.net\/\",\"logo\":{\"@type\":\"ImageObject\",\"inLanguage\":\"tr\",\"@id\":\"https:\/\/narteks.net\/#\/schema\/logo\/image\/\",\"url\":\"https:\/\/narteks.net\/wp-content\/uploads\/narteks.png\",\"contentUrl\":\"https:\/\/narteks.net\/wp-content\/uploads\/narteks.png\",\"width\":300,\"height\":90,\"caption\":\"narteks.net\"},\"image\":{\"@id\":\"https:\/\/narteks.net\/#\/schema\/logo\/image\/\"},\"sameAs\":[\"https:\/\/x.com\/narteks\",\"https:\/\/instagram.com\/narteksnet\"]},{\"@type\":\"Person\",\"@id\":\"https:\/\/narteks.net\/#\/schema\/person\/61f37d9834294b72d31d274e7ed79bca\",\"name\":\"Tar\u0131k\",\"image\":{\"@type\":\"ImageObject\",\"inLanguage\":\"tr\",\"@id\":\"https:\/\/narteks.net\/#\/schema\/person\/image\/\",\"url\":\"https:\/\/secure.gravatar.com\/avatar\/50865afb55632c4ae467e0af0930f6510aa2297d8014be502a55b14f3b7550cf?s=96&d=mm&r=g\",\"contentUrl\":\"https:\/\/secure.gravatar.com\/avatar\/50865afb55632c4ae467e0af0930f6510aa2297d8014be502a55b14f3b7550cf?s=96&d=mm&r=g\",\"caption\":\"Tar\u0131k\"},\"sameAs\":[\"http:\/\/narteks.net\"],\"url\":\"https:\/\/narteks.net\/index.php\/author\/narbak\/\"}]}<\/script>\n<!-- \/ Yoast SEO Premium plugin. -->","yoast_head_json":{"title":"\u00c7OCUKLAR \u00d6LEB\u0130L\u0130R YARIN - narteks.net","robots":{"index":"index","follow":"follow","max-snippet":"max-snippet:-1","max-image-preview":"max-image-preview:large","max-video-preview":"max-video-preview:-1"},"canonical":"https:\/\/narteks.net\/index.php\/2011\/06\/07\/cocuklar-olebilir-yarin\/","og_locale":"tr_TR","og_type":"article","og_title":"\u00c7OCUKLAR \u00d6LEB\u0130L\u0130R YARIN","og_description":"\u00a0 \u00c7ocuklar \u00f6lebilir yar\u0131n,hem de ne s\u0131tmadan ne ku\u015fpalaz\u0131ndand\u00fc\u015ferek de de\u011fil kuyulara fil\u00e2n;\u00e7ocuklar \u00f6lebilir yar\u0131n,\u00e7ocuklar sakall\u0131 askerler gibi \u00f6lebilir yar\u0131n,\u00e7ocuklar \u00f6lebilir yar\u0131n atom bulutlar\u0131n\u0131n \u0131\u015f\u0131\u011f\u0131nda,ne bir santim kemik, ne bir damla kan,\u00e7ocuklar \u00f6lebilir yar\u0131n atom bulutlar\u0131n\u0131n \u0131\u015f\u0131\u011f\u0131ndaarkalar\u0131nda bir avu\u00e7 k\u00fcl bile de\u011filarkalar\u0131nda g\u00f6lgelerinden ba\u015fka bir \u015fey b\u0131rakmadan.&#8230;. Naz\u0131m Hikmet RAN","og_url":"https:\/\/narteks.net\/index.php\/2011\/06\/07\/cocuklar-olebilir-yarin\/","og_site_name":"narteks.net","article_published_time":"2011-06-07T09:44:50+00:00","og_image":[{"width":300,"height":90,"url":"https:\/\/narteks.net\/wp-content\/uploads\/narteks.png","type":"image\/png"}],"author":"Tar\u0131k","twitter_card":"summary_large_image","twitter_creator":"@narteks","twitter_site":"@narteks","twitter_misc":{"Yazan:":"Tar\u0131k"},"schema":{"@context":"https:\/\/schema.org","@graph":[{"@type":"Article","@id":"https:\/\/narteks.net\/index.php\/2011\/06\/07\/cocuklar-olebilir-yarin\/#article","isPartOf":{"@id":"https:\/\/narteks.net\/index.php\/2011\/06\/07\/cocuklar-olebilir-yarin\/"},"author":{"name":"Tar\u0131k","@id":"https:\/\/narteks.net\/#\/schema\/person\/61f37d9834294b72d31d274e7ed79bca"},"headline":"\u00c7OCUKLAR \u00d6LEB\u0130L\u0130R YARIN","datePublished":"2011-06-07T09:44:50+00:00","mainEntityOfPage":{"@id":"https:\/\/narteks.net\/index.php\/2011\/06\/07\/cocuklar-olebilir-yarin\/"},"wordCount":83,"commentCount":0,"publisher":{"@id":"https:\/\/narteks.net\/#organization"},"articleSection":["Naz\u0131m H\u0130KMET RAN"],"inLanguage":"tr","potentialAction":[{"@type":"CommentAction","name":"Comment","target":["https:\/\/narteks.net\/index.php\/2011\/06\/07\/cocuklar-olebilir-yarin\/#respond"]}]},{"@type":"WebPage","@id":"https:\/\/narteks.net\/index.php\/2011\/06\/07\/cocuklar-olebilir-yarin\/","url":"https:\/\/narteks.net\/index.php\/2011\/06\/07\/cocuklar-olebilir-yarin\/","name":"\u00c7OCUKLAR \u00d6LEB\u0130L\u0130R YARIN - narteks.net","isPartOf":{"@id":"https:\/\/narteks.net\/#website"},"datePublished":"2011-06-07T09:44:50+00:00","breadcrumb":{"@id":"https:\/\/narteks.net\/index.php\/2011\/06\/07\/cocuklar-olebilir-yarin\/#breadcrumb"},"inLanguage":"tr","potentialAction":[{"@type":"ReadAction","target":["https:\/\/narteks.net\/index.php\/2011\/06\/07\/cocuklar-olebilir-yarin\/"]}]},{"@type":"BreadcrumbList","@id":"https:\/\/narteks.net\/index.php\/2011\/06\/07\/cocuklar-olebilir-yarin\/#breadcrumb","itemListElement":[{"@type":"ListItem","position":1,"name":"Anasayfa","item":"https:\/\/narteks.net\/"},{"@type":"ListItem","position":2,"name":"\u00c7OCUKLAR \u00d6LEB\u0130L\u0130R YARIN"}]},{"@type":"WebSite","@id":"https:\/\/narteks.net\/#website","url":"https:\/\/narteks.net\/","name":"narteks.net","description":"K\u00fclt\u00fcr Sanat Edebiyat Felsefe","publisher":{"@id":"https:\/\/narteks.net\/#organization"},"alternateName":"K\u00fclt\u00fcr Sanat Edebiyat Felsefe","potentialAction":[{"@type":"SearchAction","target":{"@type":"EntryPoint","urlTemplate":"https:\/\/narteks.net\/?s={search_term_string}"},"query-input":{"@type":"PropertyValueSpecification","valueRequired":true,"valueName":"search_term_string"}}],"inLanguage":"tr"},{"@type":"Organization","@id":"https:\/\/narteks.net\/#organization","name":"narteks.net","url":"https:\/\/narteks.net\/","logo":{"@type":"ImageObject","inLanguage":"tr","@id":"https:\/\/narteks.net\/#\/schema\/logo\/image\/","url":"https:\/\/narteks.net\/wp-content\/uploads\/narteks.png","contentUrl":"https:\/\/narteks.net\/wp-content\/uploads\/narteks.png","width":300,"height":90,"caption":"narteks.net"},"image":{"@id":"https:\/\/narteks.net\/#\/schema\/logo\/image\/"},"sameAs":["https:\/\/x.com\/narteks","https:\/\/instagram.com\/narteksnet"]},{"@type":"Person","@id":"https:\/\/narteks.net\/#\/schema\/person\/61f37d9834294b72d31d274e7ed79bca","name":"Tar\u0131k","image":{"@type":"ImageObject","inLanguage":"tr","@id":"https:\/\/narteks.net\/#\/schema\/person\/image\/","url":"https:\/\/secure.gravatar.com\/avatar\/50865afb55632c4ae467e0af0930f6510aa2297d8014be502a55b14f3b7550cf?s=96&d=mm&r=g","contentUrl":"https:\/\/secure.gravatar.com\/avatar\/50865afb55632c4ae467e0af0930f6510aa2297d8014be502a55b14f3b7550cf?s=96&d=mm&r=g","caption":"Tar\u0131k"},"sameAs":["http:\/\/narteks.net"],"url":"https:\/\/narteks.net\/index.php\/author\/narbak\/"}]}},"_links":{"self":[{"href":"https:\/\/narteks.net\/index.php\/wp-json\/wp\/v2\/posts\/6441","targetHints":{"allow":["GET"]}}],"collection":[{"href":"https:\/\/narteks.net\/index.php\/wp-json\/wp\/v2\/posts"}],"about":[{"href":"https:\/\/narteks.net\/index.php\/wp-json\/wp\/v2\/types\/post"}],"author":[{"embeddable":true,"href":"https:\/\/narteks.net\/index.php\/wp-json\/wp\/v2\/users\/1"}],"replies":[{"embeddable":true,"href":"https:\/\/narteks.net\/index.php\/wp-json\/wp\/v2\/comments?post=6441"}],"version-history":[{"count":0,"href":"https:\/\/narteks.net\/index.php\/wp-json\/wp\/v2\/posts\/6441\/revisions"}],"wp:attachment":[{"href":"https:\/\/narteks.net\/index.php\/wp-json\/wp\/v2\/media?parent=6441"}],"wp:term":[{"taxonomy":"category","embeddable":true,"href":"https:\/\/narteks.net\/index.php\/wp-json\/wp\/v2\/categories?post=6441"},{"taxonomy":"post_tag","embeddable":true,"href":"https:\/\/narteks.net\/index.php\/wp-json\/wp\/v2\/tags?post=6441"}],"curies":[{"name":"wp","href":"https:\/\/api.w.org\/{rel}","templated":true}]}}