{"id":6442,"date":"2011-06-07T12:46:22","date_gmt":"2011-06-07T09:46:22","guid":{"rendered":"http:\/\/localhost\/wordpress\/2011\/06\/07\/dogum\/"},"modified":"2011-06-07T12:46:22","modified_gmt":"2011-06-07T09:46:22","slug":"dogum","status":"publish","type":"post","link":"https:\/\/narteks.net\/index.php\/2011\/06\/07\/dogum\/","title":{"rendered":"DO\u011eUM"},"content":{"rendered":"<p>\u00a0<\/p>\n<p>Anas\u0131 bir o\u011flanc\u0131k do\u011furdu bana;<br \/>ka\u015fs\u0131z, sar\u0131 bir o\u011flan,<br \/>masmavi kunda\u011f\u0131nda yatan<br \/>bir nur topu, \u00fc\u00e7 kilo a\u011f\u0131rl\u0131\u011f\u0131nda.<\/p>\n<p>Benim o\u011flan<br \/>d\u00fcnyaya geldi\u011fi zaman,<br \/>\u00e7ocuklar do\u011fdu Korede,<br \/>sar\u0131 ay \u00e7i\u00e7e\u011fine benziyorlard\u0131.<br \/>Makart\u0131r kesti onlar\u0131,<br \/>gittiler ana s\u00fct\u00fcne bile doymadan<br \/>Benim o\u011flan<br \/>d\u00fcnyaya geldi\u011fi zaman,<br \/>\u00e7ocuklar do\u011fdu Yunan zindanlar\u0131nda,<br \/>babalar\u0131 kur\u015funa dizilmi\u015f.<br \/>Bu d\u00fcnyada ilk g\u00f6r\u00fclecek \u015fey diye<br \/>demir parmakl\u0131\u011f\u0131 g\u00f6rd\u00fcler.<\/p>\n<p>Benim o\u011flan<br \/>d\u00fcnyaya geldi\u011fi zaman<br \/>\u00e7ocuklar do\u011fdu Anadoluda,<br \/>mavi g\u00f6zl\u00fc, kara g\u00f6zl\u00fc, el\u00e2 g\u00f6zl\u00fc bebeklerdi.<br \/>Bitlendiler do\u011far do\u011fmaz<br \/>kim bilir ka\u00e7\u0131 sa\u011f kal\u0131r mucize kabilinden.<br \/>Benim o\u011flan<br \/>benim ya\u015f\u0131ma bast\u0131\u011f\u0131 zaman,<br \/>ben bu d\u00fcnyada olm\u0131yaca\u011f\u0131m,<br \/>ama harikul\u00e2de bir be\u015fik olacak d\u00fcnya,<br \/>siyah,<br \/>beyaz,<br \/>sar\u0131<br \/>b\u00fct\u00fcn \u00e7ocuklar\u0131<br \/>sall\u0131yan<br \/>mavi atlas d\u00f6\u015fekli bir be\u015fik.<\/p>\n<p>Naz\u0131m Hikmet RAN<\/p>\n","protected":false},"excerpt":{"rendered":"<p>\u00a0 Anas\u0131 bir o\u011flanc\u0131k do\u011furdu bana;ka\u015fs\u0131z, sar\u0131 bir o\u011flan,masmavi kunda\u011f\u0131nda yatanbir nur topu, \u00fc\u00e7 kilo a\u011f\u0131rl\u0131\u011f\u0131nda. Benim o\u011fland\u00fcnyaya geldi\u011fi zaman,\u00e7ocuklar do\u011fdu Korede,sar\u0131 ay \u00e7i\u00e7e\u011fine benziyorlard\u0131.Makart\u0131r kesti onlar\u0131,gittiler ana s\u00fct\u00fcne bile doymadanBenim o\u011fland\u00fcnyaya geldi\u011fi zaman,\u00e7ocuklar do\u011fdu Yunan zindanlar\u0131nda,babalar\u0131 kur\u015funa dizilmi\u015f.Bu d\u00fcnyada ilk g\u00f6r\u00fclecek \u015fey diyedemir parmakl\u0131\u011f\u0131 g\u00f6rd\u00fcler. Benim o\u011fland\u00fcnyaya geldi\u011fi zaman\u00e7ocuklar do\u011fdu Anadoluda,mavi g\u00f6zl\u00fc, kara g\u00f6zl\u00fc, [&hellip;]<\/p>\n","protected":false},"author":1,"featured_media":0,"comment_status":"open","ping_status":"open","sticky":false,"template":"","format":"standard","meta":{"footnotes":""},"categories":[59],"tags":[],"class_list":{"0":"post-6442","1":"post","2":"type-post","3":"status-publish","4":"format-standard","6":"category-nazim-hikmet-ran"},"yoast_head":"<!-- This site is optimized with the Yoast SEO Premium plugin v24.9 (Yoast SEO v24.9) - https:\/\/yoast.com\/wordpress\/plugins\/seo\/ -->\n<title>DO\u011eUM - narteks.net<\/title>\n<meta name=\"robots\" content=\"index, follow, max-snippet:-1, max-image-preview:large, max-video-preview:-1\" \/>\n<link rel=\"canonical\" href=\"https:\/\/narteks.net\/index.php\/2011\/06\/07\/dogum\/\" \/>\n<meta property=\"og:locale\" content=\"tr_TR\" \/>\n<meta property=\"og:type\" content=\"article\" \/>\n<meta property=\"og:title\" content=\"DO\u011eUM\" \/>\n<meta property=\"og:description\" content=\"\u00a0 Anas\u0131 bir o\u011flanc\u0131k do\u011furdu bana;ka\u015fs\u0131z, sar\u0131 bir o\u011flan,masmavi kunda\u011f\u0131nda yatanbir nur topu, \u00fc\u00e7 kilo a\u011f\u0131rl\u0131\u011f\u0131nda. Benim o\u011fland\u00fcnyaya geldi\u011fi zaman,\u00e7ocuklar do\u011fdu Korede,sar\u0131 ay \u00e7i\u00e7e\u011fine benziyorlard\u0131.Makart\u0131r kesti onlar\u0131,gittiler ana s\u00fct\u00fcne bile doymadanBenim o\u011fland\u00fcnyaya geldi\u011fi zaman,\u00e7ocuklar do\u011fdu Yunan zindanlar\u0131nda,babalar\u0131 kur\u015funa dizilmi\u015f.Bu d\u00fcnyada ilk g\u00f6r\u00fclecek \u015fey diyedemir parmakl\u0131\u011f\u0131 g\u00f6rd\u00fcler. Benim o\u011fland\u00fcnyaya geldi\u011fi zaman\u00e7ocuklar do\u011fdu Anadoluda,mavi g\u00f6zl\u00fc, kara g\u00f6zl\u00fc, [&hellip;]\" \/>\n<meta property=\"og:url\" content=\"https:\/\/narteks.net\/index.php\/2011\/06\/07\/dogum\/\" \/>\n<meta property=\"og:site_name\" content=\"narteks.net\" \/>\n<meta property=\"article:published_time\" content=\"2011-06-07T09:46:22+00:00\" \/>\n<meta property=\"og:image\" content=\"https:\/\/narteks.net\/wp-content\/uploads\/narteks.png\" \/>\n\t<meta property=\"og:image:width\" content=\"300\" \/>\n\t<meta property=\"og:image:height\" content=\"90\" \/>\n\t<meta property=\"og:image:type\" content=\"image\/png\" \/>\n<meta name=\"author\" content=\"Tar\u0131k\" \/>\n<meta name=\"twitter:card\" content=\"summary_large_image\" \/>\n<meta name=\"twitter:creator\" content=\"@narteks\" \/>\n<meta name=\"twitter:site\" content=\"@narteks\" \/>\n<meta name=\"twitter:label1\" content=\"Yazan:\" \/>\n\t<meta name=\"twitter:data1\" content=\"Tar\u0131k\" \/>\n\t<meta name=\"twitter:label2\" content=\"Tahmini okuma s\u00fcresi\" \/>\n\t<meta name=\"twitter:data2\" content=\"1 dakika\" \/>\n<script type=\"application\/ld+json\" class=\"yoast-schema-graph\">{\"@context\":\"https:\/\/schema.org\",\"@graph\":[{\"@type\":\"Article\",\"@id\":\"https:\/\/narteks.net\/index.php\/2011\/06\/07\/dogum\/#article\",\"isPartOf\":{\"@id\":\"https:\/\/narteks.net\/index.php\/2011\/06\/07\/dogum\/\"},\"author\":{\"name\":\"Tar\u0131k\",\"@id\":\"https:\/\/narteks.net\/#\/schema\/person\/61f37d9834294b72d31d274e7ed79bca\"},\"headline\":\"DO\u011eUM\",\"datePublished\":\"2011-06-07T09:46:22+00:00\",\"mainEntityOfPage\":{\"@id\":\"https:\/\/narteks.net\/index.php\/2011\/06\/07\/dogum\/\"},\"wordCount\":159,\"commentCount\":0,\"publisher\":{\"@id\":\"https:\/\/narteks.net\/#organization\"},\"articleSection\":[\"Naz\u0131m H\u0130KMET RAN\"],\"inLanguage\":\"tr\",\"potentialAction\":[{\"@type\":\"CommentAction\",\"name\":\"Comment\",\"target\":[\"https:\/\/narteks.net\/index.php\/2011\/06\/07\/dogum\/#respond\"]}]},{\"@type\":\"WebPage\",\"@id\":\"https:\/\/narteks.net\/index.php\/2011\/06\/07\/dogum\/\",\"url\":\"https:\/\/narteks.net\/index.php\/2011\/06\/07\/dogum\/\",\"name\":\"DO\u011eUM - narteks.net\",\"isPartOf\":{\"@id\":\"https:\/\/narteks.net\/#website\"},\"datePublished\":\"2011-06-07T09:46:22+00:00\",\"breadcrumb\":{\"@id\":\"https:\/\/narteks.net\/index.php\/2011\/06\/07\/dogum\/#breadcrumb\"},\"inLanguage\":\"tr\",\"potentialAction\":[{\"@type\":\"ReadAction\",\"target\":[\"https:\/\/narteks.net\/index.php\/2011\/06\/07\/dogum\/\"]}]},{\"@type\":\"BreadcrumbList\",\"@id\":\"https:\/\/narteks.net\/index.php\/2011\/06\/07\/dogum\/#breadcrumb\",\"itemListElement\":[{\"@type\":\"ListItem\",\"position\":1,\"name\":\"Anasayfa\",\"item\":\"https:\/\/narteks.net\/\"},{\"@type\":\"ListItem\",\"position\":2,\"name\":\"DO\u011eUM\"}]},{\"@type\":\"WebSite\",\"@id\":\"https:\/\/narteks.net\/#website\",\"url\":\"https:\/\/narteks.net\/\",\"name\":\"narteks.net\",\"description\":\"K\u00fclt\u00fcr Sanat Edebiyat Felsefe\",\"publisher\":{\"@id\":\"https:\/\/narteks.net\/#organization\"},\"alternateName\":\"K\u00fclt\u00fcr Sanat Edebiyat Felsefe\",\"potentialAction\":[{\"@type\":\"SearchAction\",\"target\":{\"@type\":\"EntryPoint\",\"urlTemplate\":\"https:\/\/narteks.net\/?s={search_term_string}\"},\"query-input\":{\"@type\":\"PropertyValueSpecification\",\"valueRequired\":true,\"valueName\":\"search_term_string\"}}],\"inLanguage\":\"tr\"},{\"@type\":\"Organization\",\"@id\":\"https:\/\/narteks.net\/#organization\",\"name\":\"narteks.net\",\"url\":\"https:\/\/narteks.net\/\",\"logo\":{\"@type\":\"ImageObject\",\"inLanguage\":\"tr\",\"@id\":\"https:\/\/narteks.net\/#\/schema\/logo\/image\/\",\"url\":\"https:\/\/narteks.net\/wp-content\/uploads\/narteks.png\",\"contentUrl\":\"https:\/\/narteks.net\/wp-content\/uploads\/narteks.png\",\"width\":300,\"height\":90,\"caption\":\"narteks.net\"},\"image\":{\"@id\":\"https:\/\/narteks.net\/#\/schema\/logo\/image\/\"},\"sameAs\":[\"https:\/\/x.com\/narteks\",\"https:\/\/instagram.com\/narteksnet\"]},{\"@type\":\"Person\",\"@id\":\"https:\/\/narteks.net\/#\/schema\/person\/61f37d9834294b72d31d274e7ed79bca\",\"name\":\"Tar\u0131k\",\"image\":{\"@type\":\"ImageObject\",\"inLanguage\":\"tr\",\"@id\":\"https:\/\/narteks.net\/#\/schema\/person\/image\/\",\"url\":\"https:\/\/secure.gravatar.com\/avatar\/50865afb55632c4ae467e0af0930f6510aa2297d8014be502a55b14f3b7550cf?s=96&d=mm&r=g\",\"contentUrl\":\"https:\/\/secure.gravatar.com\/avatar\/50865afb55632c4ae467e0af0930f6510aa2297d8014be502a55b14f3b7550cf?s=96&d=mm&r=g\",\"caption\":\"Tar\u0131k\"},\"sameAs\":[\"http:\/\/narteks.net\"],\"url\":\"https:\/\/narteks.net\/index.php\/author\/narbak\/\"}]}<\/script>\n<!-- \/ Yoast SEO Premium plugin. -->","yoast_head_json":{"title":"DO\u011eUM - narteks.net","robots":{"index":"index","follow":"follow","max-snippet":"max-snippet:-1","max-image-preview":"max-image-preview:large","max-video-preview":"max-video-preview:-1"},"canonical":"https:\/\/narteks.net\/index.php\/2011\/06\/07\/dogum\/","og_locale":"tr_TR","og_type":"article","og_title":"DO\u011eUM","og_description":"\u00a0 Anas\u0131 bir o\u011flanc\u0131k do\u011furdu bana;ka\u015fs\u0131z, sar\u0131 bir o\u011flan,masmavi kunda\u011f\u0131nda yatanbir nur topu, \u00fc\u00e7 kilo a\u011f\u0131rl\u0131\u011f\u0131nda. Benim o\u011fland\u00fcnyaya geldi\u011fi zaman,\u00e7ocuklar do\u011fdu Korede,sar\u0131 ay \u00e7i\u00e7e\u011fine benziyorlard\u0131.Makart\u0131r kesti onlar\u0131,gittiler ana s\u00fct\u00fcne bile doymadanBenim o\u011fland\u00fcnyaya geldi\u011fi zaman,\u00e7ocuklar do\u011fdu Yunan zindanlar\u0131nda,babalar\u0131 kur\u015funa dizilmi\u015f.Bu d\u00fcnyada ilk g\u00f6r\u00fclecek \u015fey diyedemir parmakl\u0131\u011f\u0131 g\u00f6rd\u00fcler. Benim o\u011fland\u00fcnyaya geldi\u011fi zaman\u00e7ocuklar do\u011fdu Anadoluda,mavi g\u00f6zl\u00fc, kara g\u00f6zl\u00fc, [&hellip;]","og_url":"https:\/\/narteks.net\/index.php\/2011\/06\/07\/dogum\/","og_site_name":"narteks.net","article_published_time":"2011-06-07T09:46:22+00:00","og_image":[{"width":300,"height":90,"url":"https:\/\/narteks.net\/wp-content\/uploads\/narteks.png","type":"image\/png"}],"author":"Tar\u0131k","twitter_card":"summary_large_image","twitter_creator":"@narteks","twitter_site":"@narteks","twitter_misc":{"Yazan:":"Tar\u0131k","Tahmini okuma s\u00fcresi":"1 dakika"},"schema":{"@context":"https:\/\/schema.org","@graph":[{"@type":"Article","@id":"https:\/\/narteks.net\/index.php\/2011\/06\/07\/dogum\/#article","isPartOf":{"@id":"https:\/\/narteks.net\/index.php\/2011\/06\/07\/dogum\/"},"author":{"name":"Tar\u0131k","@id":"https:\/\/narteks.net\/#\/schema\/person\/61f37d9834294b72d31d274e7ed79bca"},"headline":"DO\u011eUM","datePublished":"2011-06-07T09:46:22+00:00","mainEntityOfPage":{"@id":"https:\/\/narteks.net\/index.php\/2011\/06\/07\/dogum\/"},"wordCount":159,"commentCount":0,"publisher":{"@id":"https:\/\/narteks.net\/#organization"},"articleSection":["Naz\u0131m H\u0130KMET RAN"],"inLanguage":"tr","potentialAction":[{"@type":"CommentAction","name":"Comment","target":["https:\/\/narteks.net\/index.php\/2011\/06\/07\/dogum\/#respond"]}]},{"@type":"WebPage","@id":"https:\/\/narteks.net\/index.php\/2011\/06\/07\/dogum\/","url":"https:\/\/narteks.net\/index.php\/2011\/06\/07\/dogum\/","name":"DO\u011eUM - narteks.net","isPartOf":{"@id":"https:\/\/narteks.net\/#website"},"datePublished":"2011-06-07T09:46:22+00:00","breadcrumb":{"@id":"https:\/\/narteks.net\/index.php\/2011\/06\/07\/dogum\/#breadcrumb"},"inLanguage":"tr","potentialAction":[{"@type":"ReadAction","target":["https:\/\/narteks.net\/index.php\/2011\/06\/07\/dogum\/"]}]},{"@type":"BreadcrumbList","@id":"https:\/\/narteks.net\/index.php\/2011\/06\/07\/dogum\/#breadcrumb","itemListElement":[{"@type":"ListItem","position":1,"name":"Anasayfa","item":"https:\/\/narteks.net\/"},{"@type":"ListItem","position":2,"name":"DO\u011eUM"}]},{"@type":"WebSite","@id":"https:\/\/narteks.net\/#website","url":"https:\/\/narteks.net\/","name":"narteks.net","description":"K\u00fclt\u00fcr Sanat Edebiyat Felsefe","publisher":{"@id":"https:\/\/narteks.net\/#organization"},"alternateName":"K\u00fclt\u00fcr Sanat Edebiyat Felsefe","potentialAction":[{"@type":"SearchAction","target":{"@type":"EntryPoint","urlTemplate":"https:\/\/narteks.net\/?s={search_term_string}"},"query-input":{"@type":"PropertyValueSpecification","valueRequired":true,"valueName":"search_term_string"}}],"inLanguage":"tr"},{"@type":"Organization","@id":"https:\/\/narteks.net\/#organization","name":"narteks.net","url":"https:\/\/narteks.net\/","logo":{"@type":"ImageObject","inLanguage":"tr","@id":"https:\/\/narteks.net\/#\/schema\/logo\/image\/","url":"https:\/\/narteks.net\/wp-content\/uploads\/narteks.png","contentUrl":"https:\/\/narteks.net\/wp-content\/uploads\/narteks.png","width":300,"height":90,"caption":"narteks.net"},"image":{"@id":"https:\/\/narteks.net\/#\/schema\/logo\/image\/"},"sameAs":["https:\/\/x.com\/narteks","https:\/\/instagram.com\/narteksnet"]},{"@type":"Person","@id":"https:\/\/narteks.net\/#\/schema\/person\/61f37d9834294b72d31d274e7ed79bca","name":"Tar\u0131k","image":{"@type":"ImageObject","inLanguage":"tr","@id":"https:\/\/narteks.net\/#\/schema\/person\/image\/","url":"https:\/\/secure.gravatar.com\/avatar\/50865afb55632c4ae467e0af0930f6510aa2297d8014be502a55b14f3b7550cf?s=96&d=mm&r=g","contentUrl":"https:\/\/secure.gravatar.com\/avatar\/50865afb55632c4ae467e0af0930f6510aa2297d8014be502a55b14f3b7550cf?s=96&d=mm&r=g","caption":"Tar\u0131k"},"sameAs":["http:\/\/narteks.net"],"url":"https:\/\/narteks.net\/index.php\/author\/narbak\/"}]}},"_links":{"self":[{"href":"https:\/\/narteks.net\/index.php\/wp-json\/wp\/v2\/posts\/6442","targetHints":{"allow":["GET"]}}],"collection":[{"href":"https:\/\/narteks.net\/index.php\/wp-json\/wp\/v2\/posts"}],"about":[{"href":"https:\/\/narteks.net\/index.php\/wp-json\/wp\/v2\/types\/post"}],"author":[{"embeddable":true,"href":"https:\/\/narteks.net\/index.php\/wp-json\/wp\/v2\/users\/1"}],"replies":[{"embeddable":true,"href":"https:\/\/narteks.net\/index.php\/wp-json\/wp\/v2\/comments?post=6442"}],"version-history":[{"count":0,"href":"https:\/\/narteks.net\/index.php\/wp-json\/wp\/v2\/posts\/6442\/revisions"}],"wp:attachment":[{"href":"https:\/\/narteks.net\/index.php\/wp-json\/wp\/v2\/media?parent=6442"}],"wp:term":[{"taxonomy":"category","embeddable":true,"href":"https:\/\/narteks.net\/index.php\/wp-json\/wp\/v2\/categories?post=6442"},{"taxonomy":"post_tag","embeddable":true,"href":"https:\/\/narteks.net\/index.php\/wp-json\/wp\/v2\/tags?post=6442"}],"curies":[{"name":"wp","href":"https:\/\/api.w.org\/{rel}","templated":true}]}}