{"id":6447,"date":"2011-06-07T12:51:19","date_gmt":"2011-06-07T09:51:19","guid":{"rendered":"http:\/\/localhost\/wordpress\/2011\/06\/07\/guney-daglarinin-hatirasinda-kalan\/"},"modified":"2011-06-07T12:51:19","modified_gmt":"2011-06-07T09:51:19","slug":"guney-daglarinin-hatirasinda-kalan","status":"publish","type":"post","link":"https:\/\/narteks.net\/index.php\/2011\/06\/07\/guney-daglarinin-hatirasinda-kalan\/","title":{"rendered":"G\u00dcNEY DA\u011eLARININ HATIRASINDA KALAN"},"content":{"rendered":"<p>\u00a0<\/p>\n<p>Kuzeyden indim bu g\u00fcney da\u011flar\u0131n\u0131n memleketine ikindi \u00fczeri&#8230;<br \/>Yan\u0131mda gen\u00e7, ak bir kad\u0131n vard\u0131,<br \/>Y\u00fcz\u00fcne mavi bir tanyeri gibi \u00e7ekilmi\u015f olan g\u00f6zleri,<br \/>D\u00fcmd\u00fcz saman sar\u0131s\u0131 sa\u00e7lar\u0131yla&#8230;<br \/>Kuzeyden indim bu g\u00fcney da\u011flar\u0131n\u0131n memleketine ikindi \u00fczeri.<\/p>\n<p>Bu da\u011flar,<br \/>insanlar\u0131n, ineklerin, kamyonlar\u0131n aras\u0131nda ya\u015f\u0131yorlard\u0131.<br \/>S\u00f6\u011f\u00fctler, elmalar, me\u015feler ve \u00e7am a\u011fa\u00e7lar\u0131yla,<br \/>kaplanlar ve alabal\u0131klarla beraber.<\/p>\n<p>Bu da\u011flar,<br \/>karl\u0131yd\u0131lar, g\u00fcne\u015fliydiler, k\u0131rm\u0131z\u0131 ve koyu ye\u015fildiler,<br \/>y\u0131k\u0131lm\u0131\u015f hisarlar\u0131 vard\u0131.<\/p>\n<p>Bu da\u011flar,<br \/>okul defterlerinin yapraklar\u0131 aras\u0131nda ya\u015f\u0131yorlard\u0131,<br \/>sanatoryumlar\u0131n ve devlet ma\u011fazalar\u0131n\u0131n i\u00e7inde,<br \/>k\u0131vr\u0131m k\u0131vr\u0131m asfalt yollarla tahta k\u00f6pr\u00fclerin aras\u0131nda.<\/p>\n<p>Bu da\u011flar,<br \/>vurulmu\u015f yabanke\u00e7ilerinin yaras\u0131nda,<br \/>ve g\u00f6llerin dibinde ya\u015f\u0131yorlard\u0131.<\/p>\n<p>Ve art\u0131k<br \/>bir kad\u0131n vard\u0131,<br \/>Y\u00fcz\u00fcne mavi bir tanyeri gibi \u00e7ekilmi\u015f g\u00f6zleriyle<br \/>ak bir kad\u0131n&#8230;<\/p>\n<p>Ve art\u0131k biliyorum<br \/>yaln\u0131z bu mavi tanyeri kalacak akl\u0131nda<br \/>bu g\u00fcney da\u011flar\u0131n\u0131n&#8230;<\/p>\n<p>Kislovodsk &#8211; 04.02.1960<\/p>\n<p>Naz\u0131m Hikmet RAN<\/p>\n","protected":false},"excerpt":{"rendered":"<p>\u00a0 Kuzeyden indim bu g\u00fcney da\u011flar\u0131n\u0131n memleketine ikindi \u00fczeri&#8230;Yan\u0131mda gen\u00e7, ak bir kad\u0131n vard\u0131,Y\u00fcz\u00fcne mavi bir tanyeri gibi \u00e7ekilmi\u015f olan g\u00f6zleri,D\u00fcmd\u00fcz saman sar\u0131s\u0131 sa\u00e7lar\u0131yla&#8230;Kuzeyden indim bu g\u00fcney da\u011flar\u0131n\u0131n memleketine ikindi \u00fczeri. Bu da\u011flar,insanlar\u0131n, ineklerin, kamyonlar\u0131n aras\u0131nda ya\u015f\u0131yorlard\u0131.S\u00f6\u011f\u00fctler, elmalar, me\u015feler ve \u00e7am a\u011fa\u00e7lar\u0131yla,kaplanlar ve alabal\u0131klarla beraber. Bu da\u011flar,karl\u0131yd\u0131lar, g\u00fcne\u015fliydiler, k\u0131rm\u0131z\u0131 ve koyu ye\u015fildiler,y\u0131k\u0131lm\u0131\u015f hisarlar\u0131 vard\u0131. Bu [&hellip;]<\/p>\n","protected":false},"author":1,"featured_media":0,"comment_status":"open","ping_status":"open","sticky":false,"template":"","format":"standard","meta":{"footnotes":""},"categories":[59],"tags":[],"class_list":{"0":"post-6447","1":"post","2":"type-post","3":"status-publish","4":"format-standard","6":"category-nazim-hikmet-ran"},"yoast_head":"<!-- This site is optimized with the Yoast SEO Premium plugin v24.9 (Yoast SEO v24.9) - https:\/\/yoast.com\/wordpress\/plugins\/seo\/ -->\n<title>G\u00dcNEY DA\u011eLARININ HATIRASINDA KALAN - narteks.net<\/title>\n<meta name=\"robots\" content=\"index, follow, max-snippet:-1, max-image-preview:large, max-video-preview:-1\" \/>\n<link rel=\"canonical\" href=\"https:\/\/narteks.net\/index.php\/2011\/06\/07\/guney-daglarinin-hatirasinda-kalan\/\" \/>\n<meta property=\"og:locale\" content=\"tr_TR\" \/>\n<meta property=\"og:type\" content=\"article\" \/>\n<meta property=\"og:title\" content=\"G\u00dcNEY DA\u011eLARININ HATIRASINDA KALAN\" \/>\n<meta property=\"og:description\" content=\"\u00a0 Kuzeyden indim bu g\u00fcney da\u011flar\u0131n\u0131n memleketine ikindi \u00fczeri&#8230;Yan\u0131mda gen\u00e7, ak bir kad\u0131n vard\u0131,Y\u00fcz\u00fcne mavi bir tanyeri gibi \u00e7ekilmi\u015f olan g\u00f6zleri,D\u00fcmd\u00fcz saman sar\u0131s\u0131 sa\u00e7lar\u0131yla&#8230;Kuzeyden indim bu g\u00fcney da\u011flar\u0131n\u0131n memleketine ikindi \u00fczeri. Bu da\u011flar,insanlar\u0131n, ineklerin, kamyonlar\u0131n aras\u0131nda ya\u015f\u0131yorlard\u0131.S\u00f6\u011f\u00fctler, elmalar, me\u015feler ve \u00e7am a\u011fa\u00e7lar\u0131yla,kaplanlar ve alabal\u0131klarla beraber. Bu da\u011flar,karl\u0131yd\u0131lar, g\u00fcne\u015fliydiler, k\u0131rm\u0131z\u0131 ve koyu ye\u015fildiler,y\u0131k\u0131lm\u0131\u015f hisarlar\u0131 vard\u0131. Bu [&hellip;]\" \/>\n<meta property=\"og:url\" content=\"https:\/\/narteks.net\/index.php\/2011\/06\/07\/guney-daglarinin-hatirasinda-kalan\/\" \/>\n<meta property=\"og:site_name\" content=\"narteks.net\" \/>\n<meta property=\"article:published_time\" content=\"2011-06-07T09:51:19+00:00\" \/>\n<meta property=\"og:image\" content=\"https:\/\/narteks.net\/wp-content\/uploads\/narteks.png\" \/>\n\t<meta property=\"og:image:width\" content=\"300\" \/>\n\t<meta property=\"og:image:height\" content=\"90\" \/>\n\t<meta property=\"og:image:type\" content=\"image\/png\" \/>\n<meta name=\"author\" content=\"Tar\u0131k\" \/>\n<meta name=\"twitter:card\" content=\"summary_large_image\" \/>\n<meta name=\"twitter:creator\" content=\"@narteks\" \/>\n<meta name=\"twitter:site\" content=\"@narteks\" \/>\n<meta name=\"twitter:label1\" content=\"Yazan:\" \/>\n\t<meta name=\"twitter:data1\" content=\"Tar\u0131k\" \/>\n\t<meta name=\"twitter:label2\" content=\"Tahmini okuma s\u00fcresi\" \/>\n\t<meta name=\"twitter:data2\" content=\"1 dakika\" \/>\n<script type=\"application\/ld+json\" class=\"yoast-schema-graph\">{\"@context\":\"https:\/\/schema.org\",\"@graph\":[{\"@type\":\"Article\",\"@id\":\"https:\/\/narteks.net\/index.php\/2011\/06\/07\/guney-daglarinin-hatirasinda-kalan\/#article\",\"isPartOf\":{\"@id\":\"https:\/\/narteks.net\/index.php\/2011\/06\/07\/guney-daglarinin-hatirasinda-kalan\/\"},\"author\":{\"name\":\"Tar\u0131k\",\"@id\":\"https:\/\/narteks.net\/#\/schema\/person\/61f37d9834294b72d31d274e7ed79bca\"},\"headline\":\"G\u00dcNEY DA\u011eLARININ HATIRASINDA KALAN\",\"datePublished\":\"2011-06-07T09:51:19+00:00\",\"mainEntityOfPage\":{\"@id\":\"https:\/\/narteks.net\/index.php\/2011\/06\/07\/guney-daglarinin-hatirasinda-kalan\/\"},\"wordCount\":197,\"commentCount\":0,\"publisher\":{\"@id\":\"https:\/\/narteks.net\/#organization\"},\"articleSection\":[\"Naz\u0131m H\u0130KMET RAN\"],\"inLanguage\":\"tr\",\"potentialAction\":[{\"@type\":\"CommentAction\",\"name\":\"Comment\",\"target\":[\"https:\/\/narteks.net\/index.php\/2011\/06\/07\/guney-daglarinin-hatirasinda-kalan\/#respond\"]}]},{\"@type\":\"WebPage\",\"@id\":\"https:\/\/narteks.net\/index.php\/2011\/06\/07\/guney-daglarinin-hatirasinda-kalan\/\",\"url\":\"https:\/\/narteks.net\/index.php\/2011\/06\/07\/guney-daglarinin-hatirasinda-kalan\/\",\"name\":\"G\u00dcNEY DA\u011eLARININ HATIRASINDA KALAN - narteks.net\",\"isPartOf\":{\"@id\":\"https:\/\/narteks.net\/#website\"},\"datePublished\":\"2011-06-07T09:51:19+00:00\",\"breadcrumb\":{\"@id\":\"https:\/\/narteks.net\/index.php\/2011\/06\/07\/guney-daglarinin-hatirasinda-kalan\/#breadcrumb\"},\"inLanguage\":\"tr\",\"potentialAction\":[{\"@type\":\"ReadAction\",\"target\":[\"https:\/\/narteks.net\/index.php\/2011\/06\/07\/guney-daglarinin-hatirasinda-kalan\/\"]}]},{\"@type\":\"BreadcrumbList\",\"@id\":\"https:\/\/narteks.net\/index.php\/2011\/06\/07\/guney-daglarinin-hatirasinda-kalan\/#breadcrumb\",\"itemListElement\":[{\"@type\":\"ListItem\",\"position\":1,\"name\":\"Anasayfa\",\"item\":\"https:\/\/narteks.net\/\"},{\"@type\":\"ListItem\",\"position\":2,\"name\":\"G\u00dcNEY DA\u011eLARININ HATIRASINDA KALAN\"}]},{\"@type\":\"WebSite\",\"@id\":\"https:\/\/narteks.net\/#website\",\"url\":\"https:\/\/narteks.net\/\",\"name\":\"narteks.net\",\"description\":\"K\u00fclt\u00fcr Sanat Edebiyat Felsefe\",\"publisher\":{\"@id\":\"https:\/\/narteks.net\/#organization\"},\"alternateName\":\"K\u00fclt\u00fcr Sanat Edebiyat Felsefe\",\"potentialAction\":[{\"@type\":\"SearchAction\",\"target\":{\"@type\":\"EntryPoint\",\"urlTemplate\":\"https:\/\/narteks.net\/?s={search_term_string}\"},\"query-input\":{\"@type\":\"PropertyValueSpecification\",\"valueRequired\":true,\"valueName\":\"search_term_string\"}}],\"inLanguage\":\"tr\"},{\"@type\":\"Organization\",\"@id\":\"https:\/\/narteks.net\/#organization\",\"name\":\"narteks.net\",\"url\":\"https:\/\/narteks.net\/\",\"logo\":{\"@type\":\"ImageObject\",\"inLanguage\":\"tr\",\"@id\":\"https:\/\/narteks.net\/#\/schema\/logo\/image\/\",\"url\":\"https:\/\/narteks.net\/wp-content\/uploads\/narteks.png\",\"contentUrl\":\"https:\/\/narteks.net\/wp-content\/uploads\/narteks.png\",\"width\":300,\"height\":90,\"caption\":\"narteks.net\"},\"image\":{\"@id\":\"https:\/\/narteks.net\/#\/schema\/logo\/image\/\"},\"sameAs\":[\"https:\/\/x.com\/narteks\",\"https:\/\/instagram.com\/narteksnet\"]},{\"@type\":\"Person\",\"@id\":\"https:\/\/narteks.net\/#\/schema\/person\/61f37d9834294b72d31d274e7ed79bca\",\"name\":\"Tar\u0131k\",\"image\":{\"@type\":\"ImageObject\",\"inLanguage\":\"tr\",\"@id\":\"https:\/\/narteks.net\/#\/schema\/person\/image\/\",\"url\":\"https:\/\/secure.gravatar.com\/avatar\/50865afb55632c4ae467e0af0930f6510aa2297d8014be502a55b14f3b7550cf?s=96&d=mm&r=g\",\"contentUrl\":\"https:\/\/secure.gravatar.com\/avatar\/50865afb55632c4ae467e0af0930f6510aa2297d8014be502a55b14f3b7550cf?s=96&d=mm&r=g\",\"caption\":\"Tar\u0131k\"},\"sameAs\":[\"http:\/\/narteks.net\"],\"url\":\"https:\/\/narteks.net\/index.php\/author\/narbak\/\"}]}<\/script>\n<!-- \/ Yoast SEO Premium plugin. -->","yoast_head_json":{"title":"G\u00dcNEY DA\u011eLARININ HATIRASINDA KALAN - narteks.net","robots":{"index":"index","follow":"follow","max-snippet":"max-snippet:-1","max-image-preview":"max-image-preview:large","max-video-preview":"max-video-preview:-1"},"canonical":"https:\/\/narteks.net\/index.php\/2011\/06\/07\/guney-daglarinin-hatirasinda-kalan\/","og_locale":"tr_TR","og_type":"article","og_title":"G\u00dcNEY DA\u011eLARININ HATIRASINDA KALAN","og_description":"\u00a0 Kuzeyden indim bu g\u00fcney da\u011flar\u0131n\u0131n memleketine ikindi \u00fczeri&#8230;Yan\u0131mda gen\u00e7, ak bir kad\u0131n vard\u0131,Y\u00fcz\u00fcne mavi bir tanyeri gibi \u00e7ekilmi\u015f olan g\u00f6zleri,D\u00fcmd\u00fcz saman sar\u0131s\u0131 sa\u00e7lar\u0131yla&#8230;Kuzeyden indim bu g\u00fcney da\u011flar\u0131n\u0131n memleketine ikindi \u00fczeri. Bu da\u011flar,insanlar\u0131n, ineklerin, kamyonlar\u0131n aras\u0131nda ya\u015f\u0131yorlard\u0131.S\u00f6\u011f\u00fctler, elmalar, me\u015feler ve \u00e7am a\u011fa\u00e7lar\u0131yla,kaplanlar ve alabal\u0131klarla beraber. Bu da\u011flar,karl\u0131yd\u0131lar, g\u00fcne\u015fliydiler, k\u0131rm\u0131z\u0131 ve koyu ye\u015fildiler,y\u0131k\u0131lm\u0131\u015f hisarlar\u0131 vard\u0131. Bu [&hellip;]","og_url":"https:\/\/narteks.net\/index.php\/2011\/06\/07\/guney-daglarinin-hatirasinda-kalan\/","og_site_name":"narteks.net","article_published_time":"2011-06-07T09:51:19+00:00","og_image":[{"width":300,"height":90,"url":"https:\/\/narteks.net\/wp-content\/uploads\/narteks.png","type":"image\/png"}],"author":"Tar\u0131k","twitter_card":"summary_large_image","twitter_creator":"@narteks","twitter_site":"@narteks","twitter_misc":{"Yazan:":"Tar\u0131k","Tahmini okuma s\u00fcresi":"1 dakika"},"schema":{"@context":"https:\/\/schema.org","@graph":[{"@type":"Article","@id":"https:\/\/narteks.net\/index.php\/2011\/06\/07\/guney-daglarinin-hatirasinda-kalan\/#article","isPartOf":{"@id":"https:\/\/narteks.net\/index.php\/2011\/06\/07\/guney-daglarinin-hatirasinda-kalan\/"},"author":{"name":"Tar\u0131k","@id":"https:\/\/narteks.net\/#\/schema\/person\/61f37d9834294b72d31d274e7ed79bca"},"headline":"G\u00dcNEY DA\u011eLARININ HATIRASINDA KALAN","datePublished":"2011-06-07T09:51:19+00:00","mainEntityOfPage":{"@id":"https:\/\/narteks.net\/index.php\/2011\/06\/07\/guney-daglarinin-hatirasinda-kalan\/"},"wordCount":197,"commentCount":0,"publisher":{"@id":"https:\/\/narteks.net\/#organization"},"articleSection":["Naz\u0131m H\u0130KMET RAN"],"inLanguage":"tr","potentialAction":[{"@type":"CommentAction","name":"Comment","target":["https:\/\/narteks.net\/index.php\/2011\/06\/07\/guney-daglarinin-hatirasinda-kalan\/#respond"]}]},{"@type":"WebPage","@id":"https:\/\/narteks.net\/index.php\/2011\/06\/07\/guney-daglarinin-hatirasinda-kalan\/","url":"https:\/\/narteks.net\/index.php\/2011\/06\/07\/guney-daglarinin-hatirasinda-kalan\/","name":"G\u00dcNEY DA\u011eLARININ HATIRASINDA KALAN - narteks.net","isPartOf":{"@id":"https:\/\/narteks.net\/#website"},"datePublished":"2011-06-07T09:51:19+00:00","breadcrumb":{"@id":"https:\/\/narteks.net\/index.php\/2011\/06\/07\/guney-daglarinin-hatirasinda-kalan\/#breadcrumb"},"inLanguage":"tr","potentialAction":[{"@type":"ReadAction","target":["https:\/\/narteks.net\/index.php\/2011\/06\/07\/guney-daglarinin-hatirasinda-kalan\/"]}]},{"@type":"BreadcrumbList","@id":"https:\/\/narteks.net\/index.php\/2011\/06\/07\/guney-daglarinin-hatirasinda-kalan\/#breadcrumb","itemListElement":[{"@type":"ListItem","position":1,"name":"Anasayfa","item":"https:\/\/narteks.net\/"},{"@type":"ListItem","position":2,"name":"G\u00dcNEY DA\u011eLARININ HATIRASINDA KALAN"}]},{"@type":"WebSite","@id":"https:\/\/narteks.net\/#website","url":"https:\/\/narteks.net\/","name":"narteks.net","description":"K\u00fclt\u00fcr Sanat Edebiyat Felsefe","publisher":{"@id":"https:\/\/narteks.net\/#organization"},"alternateName":"K\u00fclt\u00fcr Sanat Edebiyat Felsefe","potentialAction":[{"@type":"SearchAction","target":{"@type":"EntryPoint","urlTemplate":"https:\/\/narteks.net\/?s={search_term_string}"},"query-input":{"@type":"PropertyValueSpecification","valueRequired":true,"valueName":"search_term_string"}}],"inLanguage":"tr"},{"@type":"Organization","@id":"https:\/\/narteks.net\/#organization","name":"narteks.net","url":"https:\/\/narteks.net\/","logo":{"@type":"ImageObject","inLanguage":"tr","@id":"https:\/\/narteks.net\/#\/schema\/logo\/image\/","url":"https:\/\/narteks.net\/wp-content\/uploads\/narteks.png","contentUrl":"https:\/\/narteks.net\/wp-content\/uploads\/narteks.png","width":300,"height":90,"caption":"narteks.net"},"image":{"@id":"https:\/\/narteks.net\/#\/schema\/logo\/image\/"},"sameAs":["https:\/\/x.com\/narteks","https:\/\/instagram.com\/narteksnet"]},{"@type":"Person","@id":"https:\/\/narteks.net\/#\/schema\/person\/61f37d9834294b72d31d274e7ed79bca","name":"Tar\u0131k","image":{"@type":"ImageObject","inLanguage":"tr","@id":"https:\/\/narteks.net\/#\/schema\/person\/image\/","url":"https:\/\/secure.gravatar.com\/avatar\/50865afb55632c4ae467e0af0930f6510aa2297d8014be502a55b14f3b7550cf?s=96&d=mm&r=g","contentUrl":"https:\/\/secure.gravatar.com\/avatar\/50865afb55632c4ae467e0af0930f6510aa2297d8014be502a55b14f3b7550cf?s=96&d=mm&r=g","caption":"Tar\u0131k"},"sameAs":["http:\/\/narteks.net"],"url":"https:\/\/narteks.net\/index.php\/author\/narbak\/"}]}},"_links":{"self":[{"href":"https:\/\/narteks.net\/index.php\/wp-json\/wp\/v2\/posts\/6447","targetHints":{"allow":["GET"]}}],"collection":[{"href":"https:\/\/narteks.net\/index.php\/wp-json\/wp\/v2\/posts"}],"about":[{"href":"https:\/\/narteks.net\/index.php\/wp-json\/wp\/v2\/types\/post"}],"author":[{"embeddable":true,"href":"https:\/\/narteks.net\/index.php\/wp-json\/wp\/v2\/users\/1"}],"replies":[{"embeddable":true,"href":"https:\/\/narteks.net\/index.php\/wp-json\/wp\/v2\/comments?post=6447"}],"version-history":[{"count":0,"href":"https:\/\/narteks.net\/index.php\/wp-json\/wp\/v2\/posts\/6447\/revisions"}],"wp:attachment":[{"href":"https:\/\/narteks.net\/index.php\/wp-json\/wp\/v2\/media?parent=6447"}],"wp:term":[{"taxonomy":"category","embeddable":true,"href":"https:\/\/narteks.net\/index.php\/wp-json\/wp\/v2\/categories?post=6447"},{"taxonomy":"post_tag","embeddable":true,"href":"https:\/\/narteks.net\/index.php\/wp-json\/wp\/v2\/tags?post=6447"}],"curies":[{"name":"wp","href":"https:\/\/api.w.org\/{rel}","templated":true}]}}