{"id":645,"date":"2009-04-16T10:36:03","date_gmt":"2009-04-16T07:36:03","guid":{"rendered":"http:\/\/localhost\/wordpress\/2009\/04\/16\/yercekimli-karanfil\/"},"modified":"2009-04-16T10:36:03","modified_gmt":"2009-04-16T07:36:03","slug":"yercekimli-karanfil","status":"publish","type":"post","link":"https:\/\/narteks.net\/index.php\/2009\/04\/16\/yercekimli-karanfil\/","title":{"rendered":"YER\u00c7EK\u0130ML\u0130 KARANF\u0130L"},"content":{"rendered":"<p>\u00a0<\/p>\n<p>Biliyor musun az az ya\u015f\u0131yorsun i\u00e7imde  <br \/> Oysaki seninle g\u00fczel olmak var  <br \/> \u00d6rne\u011fin rak\u0131 i\u00e7iyoruz, i\u00e7imize bir karanfil d\u00fc\u015f\u00fcyor gibi  <br \/> Bir a\u011fa\u00e7 i\u015fliyor t\u0131k\u0131r t\u0131k\u0131r yan\u0131m\u0131zda  <br \/> Midemdi akl\u0131md\u0131 \u015fu kadarc\u0131k kal\u0131yor.  <br \/> Sen o karanfile e\u011filimlisin, al\u0131p sana veriyorum i\u015fte  <br \/> Sen de bir ba\u015fkas\u0131na  veriyorsun daha g\u00fczel  <br \/> O ba\u015fkas\u0131 yok mu bir yan\u0131ndakine veriyor  <br \/> Derken karanfil elden ele.  <br \/> G\u00f6r\u00fcyorsun ya bir sevday\u0131 b\u00fcy\u00fct\u00fcyoruz seninle  <br \/> Sana de\u011finiyorum, sana \u0131s\u0131n\u0131yorum, bu o de\u011fil  <br \/> Bak nas\u0131l, beyaza keser gibisine yedi renk  <br \/> Birle\u015fiyoruz sessizce.<\/p>\n<p>Edip CANSEVER<\/p>\n","protected":false},"excerpt":{"rendered":"<p>\u00a0 Biliyor musun az az ya\u015f\u0131yorsun i\u00e7imde Oysaki seninle g\u00fczel olmak var \u00d6rne\u011fin rak\u0131 i\u00e7iyoruz, i\u00e7imize bir karanfil d\u00fc\u015f\u00fcyor gibi Bir a\u011fa\u00e7 i\u015fliyor t\u0131k\u0131r t\u0131k\u0131r yan\u0131m\u0131zda Midemdi akl\u0131md\u0131 \u015fu kadarc\u0131k kal\u0131yor. Sen o karanfile e\u011filimlisin, al\u0131p sana veriyorum i\u015fte Sen de bir ba\u015fkas\u0131na veriyorsun daha g\u00fczel O ba\u015fkas\u0131 yok mu bir yan\u0131ndakine veriyor Derken karanfil [&hellip;]<\/p>\n","protected":false},"author":1,"featured_media":0,"comment_status":"open","ping_status":"open","sticky":false,"template":"","format":"standard","meta":{"footnotes":""},"categories":[19],"tags":[],"class_list":{"0":"post-645","1":"post","2":"type-post","3":"status-publish","4":"format-standard","6":"category-edip-cansever"},"yoast_head":"<!-- This site is optimized with the Yoast SEO Premium plugin v24.9 (Yoast SEO v24.9) - https:\/\/yoast.com\/wordpress\/plugins\/seo\/ -->\n<title>YER\u00c7EK\u0130ML\u0130 KARANF\u0130L - narteks.net<\/title>\n<meta name=\"robots\" content=\"index, follow, max-snippet:-1, max-image-preview:large, max-video-preview:-1\" \/>\n<link rel=\"canonical\" href=\"https:\/\/narteks.net\/index.php\/2009\/04\/16\/yercekimli-karanfil\/\" \/>\n<meta property=\"og:locale\" content=\"tr_TR\" \/>\n<meta property=\"og:type\" content=\"article\" \/>\n<meta property=\"og:title\" content=\"YER\u00c7EK\u0130ML\u0130 KARANF\u0130L\" \/>\n<meta property=\"og:description\" content=\"\u00a0 Biliyor musun az az ya\u015f\u0131yorsun i\u00e7imde Oysaki seninle g\u00fczel olmak var \u00d6rne\u011fin rak\u0131 i\u00e7iyoruz, i\u00e7imize bir karanfil d\u00fc\u015f\u00fcyor gibi Bir a\u011fa\u00e7 i\u015fliyor t\u0131k\u0131r t\u0131k\u0131r yan\u0131m\u0131zda Midemdi akl\u0131md\u0131 \u015fu kadarc\u0131k kal\u0131yor. Sen o karanfile e\u011filimlisin, al\u0131p sana veriyorum i\u015fte Sen de bir ba\u015fkas\u0131na veriyorsun daha g\u00fczel O ba\u015fkas\u0131 yok mu bir yan\u0131ndakine veriyor Derken karanfil [&hellip;]\" \/>\n<meta property=\"og:url\" content=\"https:\/\/narteks.net\/index.php\/2009\/04\/16\/yercekimli-karanfil\/\" \/>\n<meta property=\"og:site_name\" content=\"narteks.net\" \/>\n<meta property=\"article:published_time\" content=\"2009-04-16T07:36:03+00:00\" \/>\n<meta property=\"og:image\" content=\"https:\/\/narteks.net\/wp-content\/uploads\/narteks.png\" \/>\n\t<meta property=\"og:image:width\" content=\"300\" \/>\n\t<meta property=\"og:image:height\" content=\"90\" \/>\n\t<meta property=\"og:image:type\" content=\"image\/png\" \/>\n<meta name=\"author\" content=\"Tar\u0131k\" \/>\n<meta name=\"twitter:card\" content=\"summary_large_image\" \/>\n<meta name=\"twitter:creator\" content=\"@narteks\" \/>\n<meta name=\"twitter:site\" content=\"@narteks\" \/>\n<meta name=\"twitter:label1\" content=\"Yazan:\" \/>\n\t<meta name=\"twitter:data1\" content=\"Tar\u0131k\" \/>\n\t<meta name=\"twitter:label2\" content=\"Tahmini okuma s\u00fcresi\" \/>\n\t<meta name=\"twitter:data2\" content=\"1 dakika\" \/>\n<script type=\"application\/ld+json\" class=\"yoast-schema-graph\">{\"@context\":\"https:\/\/schema.org\",\"@graph\":[{\"@type\":\"Article\",\"@id\":\"https:\/\/narteks.net\/index.php\/2009\/04\/16\/yercekimli-karanfil\/#article\",\"isPartOf\":{\"@id\":\"https:\/\/narteks.net\/index.php\/2009\/04\/16\/yercekimli-karanfil\/\"},\"author\":{\"name\":\"Tar\u0131k\",\"@id\":\"https:\/\/narteks.net\/#\/schema\/person\/61f37d9834294b72d31d274e7ed79bca\"},\"headline\":\"YER\u00c7EK\u0130ML\u0130 KARANF\u0130L\",\"datePublished\":\"2009-04-16T07:36:03+00:00\",\"mainEntityOfPage\":{\"@id\":\"https:\/\/narteks.net\/index.php\/2009\/04\/16\/yercekimli-karanfil\/\"},\"wordCount\":122,\"commentCount\":0,\"publisher\":{\"@id\":\"https:\/\/narteks.net\/#organization\"},\"articleSection\":[\"Edip CANSEVER\"],\"inLanguage\":\"tr\",\"potentialAction\":[{\"@type\":\"CommentAction\",\"name\":\"Comment\",\"target\":[\"https:\/\/narteks.net\/index.php\/2009\/04\/16\/yercekimli-karanfil\/#respond\"]}]},{\"@type\":\"WebPage\",\"@id\":\"https:\/\/narteks.net\/index.php\/2009\/04\/16\/yercekimli-karanfil\/\",\"url\":\"https:\/\/narteks.net\/index.php\/2009\/04\/16\/yercekimli-karanfil\/\",\"name\":\"YER\u00c7EK\u0130ML\u0130 KARANF\u0130L - narteks.net\",\"isPartOf\":{\"@id\":\"https:\/\/narteks.net\/#website\"},\"datePublished\":\"2009-04-16T07:36:03+00:00\",\"breadcrumb\":{\"@id\":\"https:\/\/narteks.net\/index.php\/2009\/04\/16\/yercekimli-karanfil\/#breadcrumb\"},\"inLanguage\":\"tr\",\"potentialAction\":[{\"@type\":\"ReadAction\",\"target\":[\"https:\/\/narteks.net\/index.php\/2009\/04\/16\/yercekimli-karanfil\/\"]}]},{\"@type\":\"BreadcrumbList\",\"@id\":\"https:\/\/narteks.net\/index.php\/2009\/04\/16\/yercekimli-karanfil\/#breadcrumb\",\"itemListElement\":[{\"@type\":\"ListItem\",\"position\":1,\"name\":\"Anasayfa\",\"item\":\"https:\/\/narteks.net\/\"},{\"@type\":\"ListItem\",\"position\":2,\"name\":\"YER\u00c7EK\u0130ML\u0130 KARANF\u0130L\"}]},{\"@type\":\"WebSite\",\"@id\":\"https:\/\/narteks.net\/#website\",\"url\":\"https:\/\/narteks.net\/\",\"name\":\"narteks.net\",\"description\":\"K\u00fclt\u00fcr Sanat Edebiyat Felsefe\",\"publisher\":{\"@id\":\"https:\/\/narteks.net\/#organization\"},\"alternateName\":\"K\u00fclt\u00fcr Sanat Edebiyat Felsefe\",\"potentialAction\":[{\"@type\":\"SearchAction\",\"target\":{\"@type\":\"EntryPoint\",\"urlTemplate\":\"https:\/\/narteks.net\/?s={search_term_string}\"},\"query-input\":{\"@type\":\"PropertyValueSpecification\",\"valueRequired\":true,\"valueName\":\"search_term_string\"}}],\"inLanguage\":\"tr\"},{\"@type\":\"Organization\",\"@id\":\"https:\/\/narteks.net\/#organization\",\"name\":\"narteks.net\",\"url\":\"https:\/\/narteks.net\/\",\"logo\":{\"@type\":\"ImageObject\",\"inLanguage\":\"tr\",\"@id\":\"https:\/\/narteks.net\/#\/schema\/logo\/image\/\",\"url\":\"https:\/\/narteks.net\/wp-content\/uploads\/narteks.png\",\"contentUrl\":\"https:\/\/narteks.net\/wp-content\/uploads\/narteks.png\",\"width\":300,\"height\":90,\"caption\":\"narteks.net\"},\"image\":{\"@id\":\"https:\/\/narteks.net\/#\/schema\/logo\/image\/\"},\"sameAs\":[\"https:\/\/x.com\/narteks\",\"https:\/\/instagram.com\/narteksnet\"]},{\"@type\":\"Person\",\"@id\":\"https:\/\/narteks.net\/#\/schema\/person\/61f37d9834294b72d31d274e7ed79bca\",\"name\":\"Tar\u0131k\",\"image\":{\"@type\":\"ImageObject\",\"inLanguage\":\"tr\",\"@id\":\"https:\/\/narteks.net\/#\/schema\/person\/image\/\",\"url\":\"https:\/\/secure.gravatar.com\/avatar\/50865afb55632c4ae467e0af0930f6510aa2297d8014be502a55b14f3b7550cf?s=96&d=mm&r=g\",\"contentUrl\":\"https:\/\/secure.gravatar.com\/avatar\/50865afb55632c4ae467e0af0930f6510aa2297d8014be502a55b14f3b7550cf?s=96&d=mm&r=g\",\"caption\":\"Tar\u0131k\"},\"sameAs\":[\"http:\/\/narteks.net\"],\"url\":\"https:\/\/narteks.net\/index.php\/author\/narbak\/\"}]}<\/script>\n<!-- \/ Yoast SEO Premium plugin. -->","yoast_head_json":{"title":"YER\u00c7EK\u0130ML\u0130 KARANF\u0130L - narteks.net","robots":{"index":"index","follow":"follow","max-snippet":"max-snippet:-1","max-image-preview":"max-image-preview:large","max-video-preview":"max-video-preview:-1"},"canonical":"https:\/\/narteks.net\/index.php\/2009\/04\/16\/yercekimli-karanfil\/","og_locale":"tr_TR","og_type":"article","og_title":"YER\u00c7EK\u0130ML\u0130 KARANF\u0130L","og_description":"\u00a0 Biliyor musun az az ya\u015f\u0131yorsun i\u00e7imde Oysaki seninle g\u00fczel olmak var \u00d6rne\u011fin rak\u0131 i\u00e7iyoruz, i\u00e7imize bir karanfil d\u00fc\u015f\u00fcyor gibi Bir a\u011fa\u00e7 i\u015fliyor t\u0131k\u0131r t\u0131k\u0131r yan\u0131m\u0131zda Midemdi akl\u0131md\u0131 \u015fu kadarc\u0131k kal\u0131yor. Sen o karanfile e\u011filimlisin, al\u0131p sana veriyorum i\u015fte Sen de bir ba\u015fkas\u0131na veriyorsun daha g\u00fczel O ba\u015fkas\u0131 yok mu bir yan\u0131ndakine veriyor Derken karanfil [&hellip;]","og_url":"https:\/\/narteks.net\/index.php\/2009\/04\/16\/yercekimli-karanfil\/","og_site_name":"narteks.net","article_published_time":"2009-04-16T07:36:03+00:00","og_image":[{"width":300,"height":90,"url":"https:\/\/narteks.net\/wp-content\/uploads\/narteks.png","type":"image\/png"}],"author":"Tar\u0131k","twitter_card":"summary_large_image","twitter_creator":"@narteks","twitter_site":"@narteks","twitter_misc":{"Yazan:":"Tar\u0131k","Tahmini okuma s\u00fcresi":"1 dakika"},"schema":{"@context":"https:\/\/schema.org","@graph":[{"@type":"Article","@id":"https:\/\/narteks.net\/index.php\/2009\/04\/16\/yercekimli-karanfil\/#article","isPartOf":{"@id":"https:\/\/narteks.net\/index.php\/2009\/04\/16\/yercekimli-karanfil\/"},"author":{"name":"Tar\u0131k","@id":"https:\/\/narteks.net\/#\/schema\/person\/61f37d9834294b72d31d274e7ed79bca"},"headline":"YER\u00c7EK\u0130ML\u0130 KARANF\u0130L","datePublished":"2009-04-16T07:36:03+00:00","mainEntityOfPage":{"@id":"https:\/\/narteks.net\/index.php\/2009\/04\/16\/yercekimli-karanfil\/"},"wordCount":122,"commentCount":0,"publisher":{"@id":"https:\/\/narteks.net\/#organization"},"articleSection":["Edip CANSEVER"],"inLanguage":"tr","potentialAction":[{"@type":"CommentAction","name":"Comment","target":["https:\/\/narteks.net\/index.php\/2009\/04\/16\/yercekimli-karanfil\/#respond"]}]},{"@type":"WebPage","@id":"https:\/\/narteks.net\/index.php\/2009\/04\/16\/yercekimli-karanfil\/","url":"https:\/\/narteks.net\/index.php\/2009\/04\/16\/yercekimli-karanfil\/","name":"YER\u00c7EK\u0130ML\u0130 KARANF\u0130L - narteks.net","isPartOf":{"@id":"https:\/\/narteks.net\/#website"},"datePublished":"2009-04-16T07:36:03+00:00","breadcrumb":{"@id":"https:\/\/narteks.net\/index.php\/2009\/04\/16\/yercekimli-karanfil\/#breadcrumb"},"inLanguage":"tr","potentialAction":[{"@type":"ReadAction","target":["https:\/\/narteks.net\/index.php\/2009\/04\/16\/yercekimli-karanfil\/"]}]},{"@type":"BreadcrumbList","@id":"https:\/\/narteks.net\/index.php\/2009\/04\/16\/yercekimli-karanfil\/#breadcrumb","itemListElement":[{"@type":"ListItem","position":1,"name":"Anasayfa","item":"https:\/\/narteks.net\/"},{"@type":"ListItem","position":2,"name":"YER\u00c7EK\u0130ML\u0130 KARANF\u0130L"}]},{"@type":"WebSite","@id":"https:\/\/narteks.net\/#website","url":"https:\/\/narteks.net\/","name":"narteks.net","description":"K\u00fclt\u00fcr Sanat Edebiyat Felsefe","publisher":{"@id":"https:\/\/narteks.net\/#organization"},"alternateName":"K\u00fclt\u00fcr Sanat Edebiyat Felsefe","potentialAction":[{"@type":"SearchAction","target":{"@type":"EntryPoint","urlTemplate":"https:\/\/narteks.net\/?s={search_term_string}"},"query-input":{"@type":"PropertyValueSpecification","valueRequired":true,"valueName":"search_term_string"}}],"inLanguage":"tr"},{"@type":"Organization","@id":"https:\/\/narteks.net\/#organization","name":"narteks.net","url":"https:\/\/narteks.net\/","logo":{"@type":"ImageObject","inLanguage":"tr","@id":"https:\/\/narteks.net\/#\/schema\/logo\/image\/","url":"https:\/\/narteks.net\/wp-content\/uploads\/narteks.png","contentUrl":"https:\/\/narteks.net\/wp-content\/uploads\/narteks.png","width":300,"height":90,"caption":"narteks.net"},"image":{"@id":"https:\/\/narteks.net\/#\/schema\/logo\/image\/"},"sameAs":["https:\/\/x.com\/narteks","https:\/\/instagram.com\/narteksnet"]},{"@type":"Person","@id":"https:\/\/narteks.net\/#\/schema\/person\/61f37d9834294b72d31d274e7ed79bca","name":"Tar\u0131k","image":{"@type":"ImageObject","inLanguage":"tr","@id":"https:\/\/narteks.net\/#\/schema\/person\/image\/","url":"https:\/\/secure.gravatar.com\/avatar\/50865afb55632c4ae467e0af0930f6510aa2297d8014be502a55b14f3b7550cf?s=96&d=mm&r=g","contentUrl":"https:\/\/secure.gravatar.com\/avatar\/50865afb55632c4ae467e0af0930f6510aa2297d8014be502a55b14f3b7550cf?s=96&d=mm&r=g","caption":"Tar\u0131k"},"sameAs":["http:\/\/narteks.net"],"url":"https:\/\/narteks.net\/index.php\/author\/narbak\/"}]}},"_links":{"self":[{"href":"https:\/\/narteks.net\/index.php\/wp-json\/wp\/v2\/posts\/645","targetHints":{"allow":["GET"]}}],"collection":[{"href":"https:\/\/narteks.net\/index.php\/wp-json\/wp\/v2\/posts"}],"about":[{"href":"https:\/\/narteks.net\/index.php\/wp-json\/wp\/v2\/types\/post"}],"author":[{"embeddable":true,"href":"https:\/\/narteks.net\/index.php\/wp-json\/wp\/v2\/users\/1"}],"replies":[{"embeddable":true,"href":"https:\/\/narteks.net\/index.php\/wp-json\/wp\/v2\/comments?post=645"}],"version-history":[{"count":0,"href":"https:\/\/narteks.net\/index.php\/wp-json\/wp\/v2\/posts\/645\/revisions"}],"wp:attachment":[{"href":"https:\/\/narteks.net\/index.php\/wp-json\/wp\/v2\/media?parent=645"}],"wp:term":[{"taxonomy":"category","embeddable":true,"href":"https:\/\/narteks.net\/index.php\/wp-json\/wp\/v2\/categories?post=645"},{"taxonomy":"post_tag","embeddable":true,"href":"https:\/\/narteks.net\/index.php\/wp-json\/wp\/v2\/tags?post=645"}],"curies":[{"name":"wp","href":"https:\/\/api.w.org\/{rel}","templated":true}]}}