{"id":6455,"date":"2011-06-07T14:08:20","date_gmt":"2011-06-07T11:08:20","guid":{"rendered":"http:\/\/localhost\/wordpress\/2011\/06\/07\/butun-yolculuk-boyunca-hasret-ayrilmadi-benden\/"},"modified":"2011-06-07T14:08:20","modified_gmt":"2011-06-07T11:08:20","slug":"butun-yolculuk-boyunca-hasret-ayrilmadi-benden","status":"publish","type":"post","link":"https:\/\/narteks.net\/index.php\/2011\/06\/07\/butun-yolculuk-boyunca-hasret-ayrilmadi-benden\/","title":{"rendered":"B\u00dcT\u00dcN YOLCULUK BOYUNCA HASRET AYRILMADI BENDEN"},"content":{"rendered":"<p>\u00a0<\/p>\n<p>B\u00fct\u00fcn yolculuk boyunca hasret ayr\u0131lmad\u0131 benden<br \/>g\u00f6lgem gibi demiyorum<br \/>\u00e7\u00fcnk\u00fc hasret yan\u0131mdayd\u0131 zifiri karanl\u0131kta da<br \/>Ellerim ayaklar\u0131m gibi de de\u011fil<br \/>uykudayken yitirirsin elini aya\u011f\u0131n\u0131<br \/>ben hasreti uykuda da yitirmiyordum<br \/>B\u00fct\u00fcn yolculuk boyunca hasret ayr\u0131lmad\u0131 benden<br \/>a\u00e7l\u0131kt\u0131, susuzluktu demiyorum<br \/>s\u0131cakta so\u011fu\u011fu, so\u011fukta s\u0131ca\u011f\u0131 aramak gibi de de\u011fil<br \/>giderilmesi imk\u00e2ns\u0131z bir \u015fey<br \/>ne sevin\u00e7 ne keder<br \/>\u015fehirlerle bulutlarla t\u00fcrk\u00fclerle de ilgisiz<br \/>i\u00e7imdeydi d\u0131\u015f\u0131mdayd\u0131<br \/>B\u00fct\u00fcn yolculuk boyunca hasret ayr\u0131lmad\u0131 benden<br \/>zaten elimde ne kald\u0131 bu yolculuktan<br \/>hasretten gayr\u0131<\/p>\n<p>Naz\u0131m Hikmet RAN<\/p>\n","protected":false},"excerpt":{"rendered":"<p>\u00a0 B\u00fct\u00fcn yolculuk boyunca hasret ayr\u0131lmad\u0131 bendeng\u00f6lgem gibi demiyorum\u00e7\u00fcnk\u00fc hasret yan\u0131mdayd\u0131 zifiri karanl\u0131kta daEllerim ayaklar\u0131m gibi de de\u011filuykudayken yitirirsin elini aya\u011f\u0131n\u0131ben hasreti uykuda da yitirmiyordumB\u00fct\u00fcn yolculuk boyunca hasret ayr\u0131lmad\u0131 bendena\u00e7l\u0131kt\u0131, susuzluktu demiyorums\u0131cakta so\u011fu\u011fu, so\u011fukta s\u0131ca\u011f\u0131 aramak gibi de de\u011filgiderilmesi imk\u00e2ns\u0131z bir \u015feyne sevin\u00e7 ne keder\u015fehirlerle bulutlarla t\u00fcrk\u00fclerle de ilgisizi\u00e7imdeydi d\u0131\u015f\u0131mdayd\u0131B\u00fct\u00fcn yolculuk boyunca hasret ayr\u0131lmad\u0131 bendenzaten [&hellip;]<\/p>\n","protected":false},"author":1,"featured_media":0,"comment_status":"open","ping_status":"open","sticky":false,"template":"","format":"standard","meta":{"footnotes":""},"categories":[59],"tags":[],"class_list":{"0":"post-6455","1":"post","2":"type-post","3":"status-publish","4":"format-standard","6":"category-nazim-hikmet-ran"},"yoast_head":"<!-- This site is optimized with the Yoast SEO Premium plugin v24.9 (Yoast SEO v24.9) - https:\/\/yoast.com\/wordpress\/plugins\/seo\/ -->\n<title>B\u00dcT\u00dcN YOLCULUK BOYUNCA HASRET AYRILMADI BENDEN - narteks.net<\/title>\n<meta name=\"robots\" content=\"index, follow, max-snippet:-1, max-image-preview:large, max-video-preview:-1\" \/>\n<link rel=\"canonical\" href=\"https:\/\/narteks.net\/index.php\/2011\/06\/07\/butun-yolculuk-boyunca-hasret-ayrilmadi-benden\/\" \/>\n<meta property=\"og:locale\" content=\"tr_TR\" \/>\n<meta property=\"og:type\" content=\"article\" \/>\n<meta property=\"og:title\" content=\"B\u00dcT\u00dcN YOLCULUK BOYUNCA HASRET AYRILMADI BENDEN\" \/>\n<meta property=\"og:description\" content=\"\u00a0 B\u00fct\u00fcn yolculuk boyunca hasret ayr\u0131lmad\u0131 bendeng\u00f6lgem gibi demiyorum\u00e7\u00fcnk\u00fc hasret yan\u0131mdayd\u0131 zifiri karanl\u0131kta daEllerim ayaklar\u0131m gibi de de\u011filuykudayken yitirirsin elini aya\u011f\u0131n\u0131ben hasreti uykuda da yitirmiyordumB\u00fct\u00fcn yolculuk boyunca hasret ayr\u0131lmad\u0131 bendena\u00e7l\u0131kt\u0131, susuzluktu demiyorums\u0131cakta so\u011fu\u011fu, so\u011fukta s\u0131ca\u011f\u0131 aramak gibi de de\u011filgiderilmesi imk\u00e2ns\u0131z bir \u015feyne sevin\u00e7 ne keder\u015fehirlerle bulutlarla t\u00fcrk\u00fclerle de ilgisizi\u00e7imdeydi d\u0131\u015f\u0131mdayd\u0131B\u00fct\u00fcn yolculuk boyunca hasret ayr\u0131lmad\u0131 bendenzaten [&hellip;]\" \/>\n<meta property=\"og:url\" content=\"https:\/\/narteks.net\/index.php\/2011\/06\/07\/butun-yolculuk-boyunca-hasret-ayrilmadi-benden\/\" \/>\n<meta property=\"og:site_name\" content=\"narteks.net\" \/>\n<meta property=\"article:published_time\" content=\"2011-06-07T11:08:20+00:00\" \/>\n<meta property=\"og:image\" content=\"https:\/\/narteks.net\/wp-content\/uploads\/narteks.png\" \/>\n\t<meta property=\"og:image:width\" content=\"300\" \/>\n\t<meta property=\"og:image:height\" content=\"90\" \/>\n\t<meta property=\"og:image:type\" content=\"image\/png\" \/>\n<meta name=\"author\" content=\"Tar\u0131k\" \/>\n<meta name=\"twitter:card\" content=\"summary_large_image\" \/>\n<meta name=\"twitter:creator\" content=\"@narteks\" \/>\n<meta name=\"twitter:site\" content=\"@narteks\" \/>\n<meta name=\"twitter:label1\" content=\"Yazan:\" \/>\n\t<meta name=\"twitter:data1\" content=\"Tar\u0131k\" \/>\n<script type=\"application\/ld+json\" class=\"yoast-schema-graph\">{\"@context\":\"https:\/\/schema.org\",\"@graph\":[{\"@type\":\"Article\",\"@id\":\"https:\/\/narteks.net\/index.php\/2011\/06\/07\/butun-yolculuk-boyunca-hasret-ayrilmadi-benden\/#article\",\"isPartOf\":{\"@id\":\"https:\/\/narteks.net\/index.php\/2011\/06\/07\/butun-yolculuk-boyunca-hasret-ayrilmadi-benden\/\"},\"author\":{\"name\":\"Tar\u0131k\",\"@id\":\"https:\/\/narteks.net\/#\/schema\/person\/61f37d9834294b72d31d274e7ed79bca\"},\"headline\":\"B\u00dcT\u00dcN YOLCULUK BOYUNCA HASRET AYRILMADI BENDEN\",\"datePublished\":\"2011-06-07T11:08:20+00:00\",\"mainEntityOfPage\":{\"@id\":\"https:\/\/narteks.net\/index.php\/2011\/06\/07\/butun-yolculuk-boyunca-hasret-ayrilmadi-benden\/\"},\"wordCount\":105,\"commentCount\":0,\"publisher\":{\"@id\":\"https:\/\/narteks.net\/#organization\"},\"articleSection\":[\"Naz\u0131m H\u0130KMET RAN\"],\"inLanguage\":\"tr\",\"potentialAction\":[{\"@type\":\"CommentAction\",\"name\":\"Comment\",\"target\":[\"https:\/\/narteks.net\/index.php\/2011\/06\/07\/butun-yolculuk-boyunca-hasret-ayrilmadi-benden\/#respond\"]}]},{\"@type\":\"WebPage\",\"@id\":\"https:\/\/narteks.net\/index.php\/2011\/06\/07\/butun-yolculuk-boyunca-hasret-ayrilmadi-benden\/\",\"url\":\"https:\/\/narteks.net\/index.php\/2011\/06\/07\/butun-yolculuk-boyunca-hasret-ayrilmadi-benden\/\",\"name\":\"B\u00dcT\u00dcN YOLCULUK BOYUNCA HASRET AYRILMADI BENDEN - narteks.net\",\"isPartOf\":{\"@id\":\"https:\/\/narteks.net\/#website\"},\"datePublished\":\"2011-06-07T11:08:20+00:00\",\"breadcrumb\":{\"@id\":\"https:\/\/narteks.net\/index.php\/2011\/06\/07\/butun-yolculuk-boyunca-hasret-ayrilmadi-benden\/#breadcrumb\"},\"inLanguage\":\"tr\",\"potentialAction\":[{\"@type\":\"ReadAction\",\"target\":[\"https:\/\/narteks.net\/index.php\/2011\/06\/07\/butun-yolculuk-boyunca-hasret-ayrilmadi-benden\/\"]}]},{\"@type\":\"BreadcrumbList\",\"@id\":\"https:\/\/narteks.net\/index.php\/2011\/06\/07\/butun-yolculuk-boyunca-hasret-ayrilmadi-benden\/#breadcrumb\",\"itemListElement\":[{\"@type\":\"ListItem\",\"position\":1,\"name\":\"Anasayfa\",\"item\":\"https:\/\/narteks.net\/\"},{\"@type\":\"ListItem\",\"position\":2,\"name\":\"B\u00dcT\u00dcN YOLCULUK BOYUNCA HASRET AYRILMADI BENDEN\"}]},{\"@type\":\"WebSite\",\"@id\":\"https:\/\/narteks.net\/#website\",\"url\":\"https:\/\/narteks.net\/\",\"name\":\"narteks.net\",\"description\":\"K\u00fclt\u00fcr Sanat Edebiyat Felsefe\",\"publisher\":{\"@id\":\"https:\/\/narteks.net\/#organization\"},\"alternateName\":\"K\u00fclt\u00fcr Sanat Edebiyat Felsefe\",\"potentialAction\":[{\"@type\":\"SearchAction\",\"target\":{\"@type\":\"EntryPoint\",\"urlTemplate\":\"https:\/\/narteks.net\/?s={search_term_string}\"},\"query-input\":{\"@type\":\"PropertyValueSpecification\",\"valueRequired\":true,\"valueName\":\"search_term_string\"}}],\"inLanguage\":\"tr\"},{\"@type\":\"Organization\",\"@id\":\"https:\/\/narteks.net\/#organization\",\"name\":\"narteks.net\",\"url\":\"https:\/\/narteks.net\/\",\"logo\":{\"@type\":\"ImageObject\",\"inLanguage\":\"tr\",\"@id\":\"https:\/\/narteks.net\/#\/schema\/logo\/image\/\",\"url\":\"https:\/\/narteks.net\/wp-content\/uploads\/narteks.png\",\"contentUrl\":\"https:\/\/narteks.net\/wp-content\/uploads\/narteks.png\",\"width\":300,\"height\":90,\"caption\":\"narteks.net\"},\"image\":{\"@id\":\"https:\/\/narteks.net\/#\/schema\/logo\/image\/\"},\"sameAs\":[\"https:\/\/x.com\/narteks\",\"https:\/\/instagram.com\/narteksnet\"]},{\"@type\":\"Person\",\"@id\":\"https:\/\/narteks.net\/#\/schema\/person\/61f37d9834294b72d31d274e7ed79bca\",\"name\":\"Tar\u0131k\",\"image\":{\"@type\":\"ImageObject\",\"inLanguage\":\"tr\",\"@id\":\"https:\/\/narteks.net\/#\/schema\/person\/image\/\",\"url\":\"https:\/\/secure.gravatar.com\/avatar\/50865afb55632c4ae467e0af0930f6510aa2297d8014be502a55b14f3b7550cf?s=96&d=mm&r=g\",\"contentUrl\":\"https:\/\/secure.gravatar.com\/avatar\/50865afb55632c4ae467e0af0930f6510aa2297d8014be502a55b14f3b7550cf?s=96&d=mm&r=g\",\"caption\":\"Tar\u0131k\"},\"sameAs\":[\"http:\/\/narteks.net\"],\"url\":\"https:\/\/narteks.net\/index.php\/author\/narbak\/\"}]}<\/script>\n<!-- \/ Yoast SEO Premium plugin. -->","yoast_head_json":{"title":"B\u00dcT\u00dcN YOLCULUK BOYUNCA HASRET AYRILMADI BENDEN - narteks.net","robots":{"index":"index","follow":"follow","max-snippet":"max-snippet:-1","max-image-preview":"max-image-preview:large","max-video-preview":"max-video-preview:-1"},"canonical":"https:\/\/narteks.net\/index.php\/2011\/06\/07\/butun-yolculuk-boyunca-hasret-ayrilmadi-benden\/","og_locale":"tr_TR","og_type":"article","og_title":"B\u00dcT\u00dcN YOLCULUK BOYUNCA HASRET AYRILMADI BENDEN","og_description":"\u00a0 B\u00fct\u00fcn yolculuk boyunca hasret ayr\u0131lmad\u0131 bendeng\u00f6lgem gibi demiyorum\u00e7\u00fcnk\u00fc hasret yan\u0131mdayd\u0131 zifiri karanl\u0131kta daEllerim ayaklar\u0131m gibi de de\u011filuykudayken yitirirsin elini aya\u011f\u0131n\u0131ben hasreti uykuda da yitirmiyordumB\u00fct\u00fcn yolculuk boyunca hasret ayr\u0131lmad\u0131 bendena\u00e7l\u0131kt\u0131, susuzluktu demiyorums\u0131cakta so\u011fu\u011fu, so\u011fukta s\u0131ca\u011f\u0131 aramak gibi de de\u011filgiderilmesi imk\u00e2ns\u0131z bir \u015feyne sevin\u00e7 ne keder\u015fehirlerle bulutlarla t\u00fcrk\u00fclerle de ilgisizi\u00e7imdeydi d\u0131\u015f\u0131mdayd\u0131B\u00fct\u00fcn yolculuk boyunca hasret ayr\u0131lmad\u0131 bendenzaten [&hellip;]","og_url":"https:\/\/narteks.net\/index.php\/2011\/06\/07\/butun-yolculuk-boyunca-hasret-ayrilmadi-benden\/","og_site_name":"narteks.net","article_published_time":"2011-06-07T11:08:20+00:00","og_image":[{"width":300,"height":90,"url":"https:\/\/narteks.net\/wp-content\/uploads\/narteks.png","type":"image\/png"}],"author":"Tar\u0131k","twitter_card":"summary_large_image","twitter_creator":"@narteks","twitter_site":"@narteks","twitter_misc":{"Yazan:":"Tar\u0131k"},"schema":{"@context":"https:\/\/schema.org","@graph":[{"@type":"Article","@id":"https:\/\/narteks.net\/index.php\/2011\/06\/07\/butun-yolculuk-boyunca-hasret-ayrilmadi-benden\/#article","isPartOf":{"@id":"https:\/\/narteks.net\/index.php\/2011\/06\/07\/butun-yolculuk-boyunca-hasret-ayrilmadi-benden\/"},"author":{"name":"Tar\u0131k","@id":"https:\/\/narteks.net\/#\/schema\/person\/61f37d9834294b72d31d274e7ed79bca"},"headline":"B\u00dcT\u00dcN YOLCULUK BOYUNCA HASRET AYRILMADI BENDEN","datePublished":"2011-06-07T11:08:20+00:00","mainEntityOfPage":{"@id":"https:\/\/narteks.net\/index.php\/2011\/06\/07\/butun-yolculuk-boyunca-hasret-ayrilmadi-benden\/"},"wordCount":105,"commentCount":0,"publisher":{"@id":"https:\/\/narteks.net\/#organization"},"articleSection":["Naz\u0131m H\u0130KMET RAN"],"inLanguage":"tr","potentialAction":[{"@type":"CommentAction","name":"Comment","target":["https:\/\/narteks.net\/index.php\/2011\/06\/07\/butun-yolculuk-boyunca-hasret-ayrilmadi-benden\/#respond"]}]},{"@type":"WebPage","@id":"https:\/\/narteks.net\/index.php\/2011\/06\/07\/butun-yolculuk-boyunca-hasret-ayrilmadi-benden\/","url":"https:\/\/narteks.net\/index.php\/2011\/06\/07\/butun-yolculuk-boyunca-hasret-ayrilmadi-benden\/","name":"B\u00dcT\u00dcN YOLCULUK BOYUNCA HASRET AYRILMADI BENDEN - narteks.net","isPartOf":{"@id":"https:\/\/narteks.net\/#website"},"datePublished":"2011-06-07T11:08:20+00:00","breadcrumb":{"@id":"https:\/\/narteks.net\/index.php\/2011\/06\/07\/butun-yolculuk-boyunca-hasret-ayrilmadi-benden\/#breadcrumb"},"inLanguage":"tr","potentialAction":[{"@type":"ReadAction","target":["https:\/\/narteks.net\/index.php\/2011\/06\/07\/butun-yolculuk-boyunca-hasret-ayrilmadi-benden\/"]}]},{"@type":"BreadcrumbList","@id":"https:\/\/narteks.net\/index.php\/2011\/06\/07\/butun-yolculuk-boyunca-hasret-ayrilmadi-benden\/#breadcrumb","itemListElement":[{"@type":"ListItem","position":1,"name":"Anasayfa","item":"https:\/\/narteks.net\/"},{"@type":"ListItem","position":2,"name":"B\u00dcT\u00dcN YOLCULUK BOYUNCA HASRET AYRILMADI BENDEN"}]},{"@type":"WebSite","@id":"https:\/\/narteks.net\/#website","url":"https:\/\/narteks.net\/","name":"narteks.net","description":"K\u00fclt\u00fcr Sanat Edebiyat Felsefe","publisher":{"@id":"https:\/\/narteks.net\/#organization"},"alternateName":"K\u00fclt\u00fcr Sanat Edebiyat Felsefe","potentialAction":[{"@type":"SearchAction","target":{"@type":"EntryPoint","urlTemplate":"https:\/\/narteks.net\/?s={search_term_string}"},"query-input":{"@type":"PropertyValueSpecification","valueRequired":true,"valueName":"search_term_string"}}],"inLanguage":"tr"},{"@type":"Organization","@id":"https:\/\/narteks.net\/#organization","name":"narteks.net","url":"https:\/\/narteks.net\/","logo":{"@type":"ImageObject","inLanguage":"tr","@id":"https:\/\/narteks.net\/#\/schema\/logo\/image\/","url":"https:\/\/narteks.net\/wp-content\/uploads\/narteks.png","contentUrl":"https:\/\/narteks.net\/wp-content\/uploads\/narteks.png","width":300,"height":90,"caption":"narteks.net"},"image":{"@id":"https:\/\/narteks.net\/#\/schema\/logo\/image\/"},"sameAs":["https:\/\/x.com\/narteks","https:\/\/instagram.com\/narteksnet"]},{"@type":"Person","@id":"https:\/\/narteks.net\/#\/schema\/person\/61f37d9834294b72d31d274e7ed79bca","name":"Tar\u0131k","image":{"@type":"ImageObject","inLanguage":"tr","@id":"https:\/\/narteks.net\/#\/schema\/person\/image\/","url":"https:\/\/secure.gravatar.com\/avatar\/50865afb55632c4ae467e0af0930f6510aa2297d8014be502a55b14f3b7550cf?s=96&d=mm&r=g","contentUrl":"https:\/\/secure.gravatar.com\/avatar\/50865afb55632c4ae467e0af0930f6510aa2297d8014be502a55b14f3b7550cf?s=96&d=mm&r=g","caption":"Tar\u0131k"},"sameAs":["http:\/\/narteks.net"],"url":"https:\/\/narteks.net\/index.php\/author\/narbak\/"}]}},"_links":{"self":[{"href":"https:\/\/narteks.net\/index.php\/wp-json\/wp\/v2\/posts\/6455","targetHints":{"allow":["GET"]}}],"collection":[{"href":"https:\/\/narteks.net\/index.php\/wp-json\/wp\/v2\/posts"}],"about":[{"href":"https:\/\/narteks.net\/index.php\/wp-json\/wp\/v2\/types\/post"}],"author":[{"embeddable":true,"href":"https:\/\/narteks.net\/index.php\/wp-json\/wp\/v2\/users\/1"}],"replies":[{"embeddable":true,"href":"https:\/\/narteks.net\/index.php\/wp-json\/wp\/v2\/comments?post=6455"}],"version-history":[{"count":0,"href":"https:\/\/narteks.net\/index.php\/wp-json\/wp\/v2\/posts\/6455\/revisions"}],"wp:attachment":[{"href":"https:\/\/narteks.net\/index.php\/wp-json\/wp\/v2\/media?parent=6455"}],"wp:term":[{"taxonomy":"category","embeddable":true,"href":"https:\/\/narteks.net\/index.php\/wp-json\/wp\/v2\/categories?post=6455"},{"taxonomy":"post_tag","embeddable":true,"href":"https:\/\/narteks.net\/index.php\/wp-json\/wp\/v2\/tags?post=6455"}],"curies":[{"name":"wp","href":"https:\/\/api.w.org\/{rel}","templated":true}]}}