{"id":6464,"date":"2011-06-07T14:28:53","date_gmt":"2011-06-07T11:28:53","guid":{"rendered":"http:\/\/localhost\/wordpress\/2011\/06\/07\/zaman-kirintilari\/"},"modified":"2011-06-07T14:28:53","modified_gmt":"2011-06-07T11:28:53","slug":"zaman-kirintilari","status":"publish","type":"post","link":"https:\/\/narteks.net\/index.php\/2011\/06\/07\/zaman-kirintilari\/","title":{"rendered":"ZAMAN KIRINTILARI"},"content":{"rendered":"<p>\u00a0<\/p>\n<p>Biz, zaman k\u0131r\u0131nt\u0131lar\u0131,Zaman sinekleri,Tozlu camlar\u0131nda g\u00fcnlerin sessiz  kanat \u00e7\u0131rpanlarVe l\u00fczumsuz g\u00f6renler art\u0131kBu ayd\u0131nl\u0131kta kendi  g\u00f6lgelerini!Sanki siyah, simsiyah ta\u015flar i\u00e7indeSiyah, simsiyah  kovuklarda ya\u015fad\u0131k biz,Sanki hi\u00e7 g\u00f6rmedik birbirimizi,Sanki hi\u00e7  tan\u0131\u015fmad\u0131k!<\/p>\n<p> D\u00fcnya bize \u00f6yle kapatt\u0131 kendisini&#8230;<\/p>\n<p> Neye yarar hat\u0131rlamak,<br \/> Neye yarar bu c\u0131l\u0131z \u0131\u015f\u0131kl\u0131 bah\u00e7elerde<br \/> Hat\u0131rlamak ge\u00e7mi\u015f \u015feyleri,<br \/> Bu beyhude ak\u015fam bah\u00e7esinde<br \/> Kapan\u0131rken \u00fcst\u00fcm\u00fcze b\u00f6yle<br \/> Zaman \u00e7emberi<br \/> Hat\u0131rl\u0131yor yetmez mi<br \/> G\u00fcne\u015fe uzanan ellerimiz!<\/p>\n<p> Aynalar sonsuz bo\u015flu\u011fa <br \/> \u00c7oktan sal\u0131verdi \u00e7ehremizi,<br \/> Y\u00fcz\u00fcyoruz,<br \/> \u0130pi kopmu\u015f u\u00e7urtmalar gibi.<br \/> Biz uzak seyircisi bu ayd\u0131nl\u0131k oyunun,<br \/> Birdenbire bulanlar i\u00e7lerinde<br \/> G\u00fcl\u00fcnc\u00fcn s\u0131rr\u0131n\u0131,<br \/> Ne kadar benziyoruz \u015fimdi,<br \/> Ayn\u0131 tezg\u00e2htan \u00e7\u0131km\u0131\u015f testilere<br \/> Bir \u015fey, bir \u015fey kald\u0131rd\u0131 b\u00fct\u00fcn ayr\u0131l\u0131klar\u0131!<\/p>\n<p> Baksak aynalara<br \/> Tan\u0131r m\u0131y\u0131z kendimizi,<br \/> Tan\u0131r m\u0131y\u0131z bu kaskat\u0131<br \/> Bu zalim ink\u00e2r\u0131n aras\u0131ndan<br \/> Sevdiklerimizi.<\/p>\n<p> Ben zaman\u0131 g\u00f6rd\u00fcm,<br \/> \u0130\u00e7imde ve d\u0131\u015f\u0131mda sessiz \u00e7al\u0131\u015f\u0131yordu,<br \/> Bir mezar b\u00f6yle kaz\u0131l\u0131rd\u0131 ancak,<br \/> Y\u0131ld\u0131r\u0131ms\u0131z ve baltas\u0131z,<br \/> Bir orman b\u00f6yle devrildi!<br \/> Ben zaman\u0131 g\u00f6rd\u00fcm,<br \/> Ka\u00e7 bak\u0131\u015fta bozdu hayalimi,<br \/> Ve ka\u00e7 d\u00fc\u015f\u00fcncede!<br \/> Ben zaman\u0131 g\u00f6rd\u00fcm,<br \/> \u015eim\u015fek gibi bir \u00e2n\u0131n u\u00e7urumunda.<\/p>\n<p> Kim tan\u0131r bizi \u015fimden sonra,<br \/> Ayd\u0131nl\u0131\u011f\u0131 k\u0131t gecemize<br \/> Misafir olanlardan ba\u015fka;<br \/> Kuru tahta \u00fcst\u00fcnde bizimle<br \/> Payla\u015fanlar g\u00fcnlerimizi<br \/> Ve benim g\u00f6zlerimle bakanlar g\u00fcne\u015fe<br \/> Ancak tan\u0131r bizi<br \/> Mor \u00e7emberlerin u\u00e7u\u015ftu\u011fu ak\u015fam sular\u0131ndan!<br \/> Ak\u015fam\u0131n tek bir a\u011fa\u00e7 gibi<br \/> Dal budak sald\u0131\u011f\u0131 sular<br \/> \u00c7ocukluk r\u00fcyalar\u0131n\u0131n bah\u00e7esi!<br \/> Sak\u0131n kimse el s\u00fcrmesin dallara,<br \/> Yapraklar, meyvalar oldu\u011fu gibi kals\u0131n<br \/> Benim uykum boyunca!<\/p>\n<p> Ben zaman\u0131 g\u00f6rd\u00fcm,<br \/> Devrilmi\u015f s\u00fctunlar\u0131 aras\u0131ndan<br \/> \u00c7ok eski bir saray\u0131n<br \/> Aln\u0131nda mor salk\u0131mlar vard\u0131<br \/> Ve il\u00e2hlar kadar g\u00fczeldi.<br \/> U\u00e7mak i\u00e7in kanatlanmay\u0131 bekleyen<br \/> Yavru ku\u015f gibi do\u011fdu\u011fu kayada<br \/> Ben zaman\u0131 g\u00f6rd\u00fcm<br \/> \u00c7\u0131rp\u0131n\u0131rken avu\u00e7lar\u0131mda.<\/p>\n<p> Bak mart\u0131lar kanat \u00e7\u0131rp\u0131yor sana<br \/> Bir r\u00fcyadan kopmu\u015f gibi bembeyaz<br \/> Yelkovan ku\u015flar\u0131 yal\u0131yor suyu,<br \/> Sen ki bak\u0131\u015f\u0131ndan yumu\u015fak bir yaz<br \/> G\u00fcl\u00fcmser en ye\u015fil gecesinden<br \/> Ve sesin durmadan, durmadan \u00f6rer,<br \/> Y\u0131ld\u0131z yosunu bir uykuyu&#8230;<br \/> Bak, mart\u0131lar kanat \u00e7\u0131rp\u0131yor sana.<\/p>\n<p> S\u00fcz\u00fclen yelkenler var enginde,<br \/> Dalgalar var, g\u00fcne\u015f var.<br \/> G\u00fcne\u015f ayna ayna, g\u00fcne\u015f pul pul<br \/> G\u00fcne\u015f sa\u00e7lar\u0131nla oynar<br \/> Omzundan tutar giydirir seni,<br \/> S\u0131rt\u0131nda t\u00fcl olur belinde kemer<br \/> Boynunda inci<br \/> Ve di\u015flerinin z\u00e2lim \u00e7ocuk sevinci<br \/> Birden Tanr\u0131la\u015f\u0131rs\u0131n gen\u00e7 ad\u0131mlar\u0131nda<br \/> Mevsimler \u00f6n\u00fcnde \u00e7\u00f6zer y\u00fck\u00fcn\u00fc<br \/> Bah\u00e7eler y\u0131\u011f\u0131l\u0131r eteklerine!<br \/> R\u00fcya ile<br \/> Hayal aras\u0131nda<br \/> Hayal ile<br \/> Hakikat aras\u0131nda<br \/> Yaln\u0131z sen vars\u0131n!<br \/> Gece ile<br \/> G\u00fcnd\u00fcz aras\u0131nda<br \/> G\u00fcne\u015fle<br \/> G\u00f6z aras\u0131nda<br \/> Yaln\u0131z sen vars\u0131n!<\/p>\n<p> Ni\u00e7in sen yaratmad\u0131n bu d\u00fcnyay\u0131?<br \/> Ellerinin mesut i\u015faretlerinden<br \/> Daha g\u00fczel do\u011fard\u0131 e\u015fya!<br \/> Daha zengin olurdu ayd\u0131nl\u0131k<br \/> Kendi karanl\u0131\u011f\u0131ndan \u00e7a\u011f\u0131rsayd\u0131 sesin,<br \/> Sular ba\u015fka t\u00fcrl\u00fc akard\u0131<br \/> Sert kayalardan g\u00f6klere do\u011fru<br \/> B\u00fcy\u00fck, mavi, ayd\u0131nl\u0131k sular!<\/p>\n<p> E\u011filme sak\u0131n \u00fcst\u00fcne<br \/> Kendi ye\u015filinde bo\u011fulmu\u015f havuzlar\u0131n,<br \/> Ve b\u0131rakma sa\u00e7lar\u0131n\u0131 taras\u0131n r\u00fczg\u00e2r,<br \/> Durmadan \u00e7ukurla\u015fan bu aynada!<br \/> Bilinmez hangi uzaklara g\u00f6t\u00fcr\u00fcr seni<br \/> Dudak duda\u011fa \u00f6p\u00fc\u015ft\u00fc\u011f\u00fcn hayal!<br \/> Sokma g\u00fcne\u015fle arana,<br \/> \u0130mk\u00e2ns\u0131z\u0131n par\u0131lt\u0131s\u0131n\u0131!<br \/> Ve tan\u0131madan, hi\u00e7 tan\u0131madan sev insanlar\u0131!<br \/> De\u011fi\u015fmenin ebed\u00ee oldu\u011fu yerde<br \/> G\u00fczeldir hayat!<\/p>\n<p> Ne kadar uzak, uzak<br \/> Yollardan gelir bize<br \/> Ve \u00e7ok yabanc\u0131 bir \u015fey gibi sevin\u00e7lerimiz,<br \/> Keder durmadan \u00e7i\u00e7ek a\u00e7ar i\u00e7imizde.<br \/> Ne \u00e7\u0131kar unuttuk hepsini!<\/p>\n<p> Biz ki bo\u015f yere gerilmi\u015fiz anlad\u0131k art\u0131k,<br \/> Y\u0131ld\u0131zlar\u0131n amans\u0131z \u00e7ark\u0131na<br \/> Ve bo\u015f yere s\u0131zlam\u0131\u015f kemiklerimiz,<br \/> Bilmiyoruz \u015fimdi, mevsim yaz m\u0131, bahar m\u0131<br \/> Bah\u00e7elerde h\u00e2l\u00e2 g\u00fcller a\u00e7ar m\u0131,<br \/> Bilmiyoruz, kad\u0131nlar, k\u0131zlar,<br \/> \u015eark\u0131lar masallar var m\u0131?<br \/> Gece ile g\u00fcnd\u00fcz,<br \/> Ac\u0131dan kaskat\u0131 kesilmi\u015f y\u00fcz,<br \/> Uykusuzluktan harap g\u00f6z, <br \/> \u00d6p\u00fc\u015fen dudaklar,<br \/> \u00c7\u00f6z\u00fclmeye raz\u0131 olmayan eller var m\u0131?<br \/> Ayr\u0131l\u0131k var m\u0131 gurbet var m\u0131?<br \/> Biz beyhude yere gecikenler,<br \/> \u00c7oktan bitmi\u015f bir yolun ucunda<br \/> Bilmiyoruz \u015fimdi \u0131ss\u0131z gecede<br \/> Ne yapar ne eder,<br \/> Gidip de gelmeyenler,<br \/> Beyhude bekleyenler!<br \/> Biz ay\u0131n \u00e7\u0131plak arsas\u0131nda<br \/> Savrulan zaman k\u0131r\u0131nt\u0131lar\u0131.<\/p>\n<p> Nerden bilelim bunlar\u0131!<\/p>\n<p> Ahmet Hamdi TANPINAR<\/p>\n","protected":false},"excerpt":{"rendered":"<p>\u00a0 Biz, zaman k\u0131r\u0131nt\u0131lar\u0131,Zaman sinekleri,Tozlu camlar\u0131nda g\u00fcnlerin sessiz kanat \u00e7\u0131rpanlarVe l\u00fczumsuz g\u00f6renler art\u0131kBu ayd\u0131nl\u0131kta kendi g\u00f6lgelerini!Sanki siyah, simsiyah ta\u015flar i\u00e7indeSiyah, simsiyah kovuklarda ya\u015fad\u0131k biz,Sanki hi\u00e7 g\u00f6rmedik birbirimizi,Sanki hi\u00e7 tan\u0131\u015fmad\u0131k! D\u00fcnya bize \u00f6yle kapatt\u0131 kendisini&#8230; Neye yarar hat\u0131rlamak, Neye yarar bu c\u0131l\u0131z \u0131\u015f\u0131kl\u0131 bah\u00e7elerde Hat\u0131rlamak ge\u00e7mi\u015f \u015feyleri, Bu beyhude ak\u015fam bah\u00e7esinde Kapan\u0131rken \u00fcst\u00fcm\u00fcze b\u00f6yle Zaman \u00e7emberi [&hellip;]<\/p>\n","protected":false},"author":1,"featured_media":0,"comment_status":"open","ping_status":"open","sticky":false,"template":"","format":"standard","meta":{"footnotes":""},"categories":[107],"tags":[],"class_list":{"0":"post-6464","1":"post","2":"type-post","3":"status-publish","4":"format-standard","6":"category-ahmet-hamdi-tanpinar"},"yoast_head":"<!-- This site is optimized with the Yoast SEO Premium plugin v24.9 (Yoast SEO v24.9) - https:\/\/yoast.com\/wordpress\/plugins\/seo\/ -->\n<title>ZAMAN KIRINTILARI - narteks.net<\/title>\n<meta name=\"robots\" content=\"index, follow, max-snippet:-1, max-image-preview:large, max-video-preview:-1\" \/>\n<link rel=\"canonical\" href=\"https:\/\/narteks.net\/index.php\/2011\/06\/07\/zaman-kirintilari\/\" \/>\n<meta property=\"og:locale\" content=\"tr_TR\" \/>\n<meta property=\"og:type\" content=\"article\" \/>\n<meta property=\"og:title\" content=\"ZAMAN KIRINTILARI\" \/>\n<meta property=\"og:description\" content=\"\u00a0 Biz, zaman k\u0131r\u0131nt\u0131lar\u0131,Zaman sinekleri,Tozlu camlar\u0131nda g\u00fcnlerin sessiz kanat \u00e7\u0131rpanlarVe l\u00fczumsuz g\u00f6renler art\u0131kBu ayd\u0131nl\u0131kta kendi g\u00f6lgelerini!Sanki siyah, simsiyah ta\u015flar i\u00e7indeSiyah, simsiyah kovuklarda ya\u015fad\u0131k biz,Sanki hi\u00e7 g\u00f6rmedik birbirimizi,Sanki hi\u00e7 tan\u0131\u015fmad\u0131k! D\u00fcnya bize \u00f6yle kapatt\u0131 kendisini&#8230; Neye yarar hat\u0131rlamak, Neye yarar bu c\u0131l\u0131z \u0131\u015f\u0131kl\u0131 bah\u00e7elerde Hat\u0131rlamak ge\u00e7mi\u015f \u015feyleri, Bu beyhude ak\u015fam bah\u00e7esinde Kapan\u0131rken \u00fcst\u00fcm\u00fcze b\u00f6yle Zaman \u00e7emberi [&hellip;]\" \/>\n<meta property=\"og:url\" content=\"https:\/\/narteks.net\/index.php\/2011\/06\/07\/zaman-kirintilari\/\" \/>\n<meta property=\"og:site_name\" content=\"narteks.net\" \/>\n<meta property=\"article:published_time\" content=\"2011-06-07T11:28:53+00:00\" \/>\n<meta property=\"og:image\" content=\"https:\/\/narteks.net\/wp-content\/uploads\/narteks.png\" \/>\n\t<meta property=\"og:image:width\" content=\"300\" \/>\n\t<meta property=\"og:image:height\" content=\"90\" \/>\n\t<meta property=\"og:image:type\" content=\"image\/png\" \/>\n<meta name=\"author\" content=\"Tar\u0131k\" \/>\n<meta name=\"twitter:card\" content=\"summary_large_image\" \/>\n<meta name=\"twitter:creator\" content=\"@narteks\" \/>\n<meta name=\"twitter:site\" content=\"@narteks\" \/>\n<meta name=\"twitter:label1\" content=\"Yazan:\" \/>\n\t<meta name=\"twitter:data1\" content=\"Tar\u0131k\" \/>\n\t<meta name=\"twitter:label2\" content=\"Tahmini okuma s\u00fcresi\" \/>\n\t<meta name=\"twitter:data2\" content=\"4 dakika\" \/>\n<script type=\"application\/ld+json\" class=\"yoast-schema-graph\">{\"@context\":\"https:\/\/schema.org\",\"@graph\":[{\"@type\":\"Article\",\"@id\":\"https:\/\/narteks.net\/index.php\/2011\/06\/07\/zaman-kirintilari\/#article\",\"isPartOf\":{\"@id\":\"https:\/\/narteks.net\/index.php\/2011\/06\/07\/zaman-kirintilari\/\"},\"author\":{\"name\":\"Tar\u0131k\",\"@id\":\"https:\/\/narteks.net\/#\/schema\/person\/61f37d9834294b72d31d274e7ed79bca\"},\"headline\":\"ZAMAN KIRINTILARI\",\"datePublished\":\"2011-06-07T11:28:53+00:00\",\"mainEntityOfPage\":{\"@id\":\"https:\/\/narteks.net\/index.php\/2011\/06\/07\/zaman-kirintilari\/\"},\"wordCount\":807,\"commentCount\":0,\"publisher\":{\"@id\":\"https:\/\/narteks.net\/#organization\"},\"articleSection\":[\"Ahmet Hamdi TANPINAR\"],\"inLanguage\":\"tr\",\"potentialAction\":[{\"@type\":\"CommentAction\",\"name\":\"Comment\",\"target\":[\"https:\/\/narteks.net\/index.php\/2011\/06\/07\/zaman-kirintilari\/#respond\"]}]},{\"@type\":\"WebPage\",\"@id\":\"https:\/\/narteks.net\/index.php\/2011\/06\/07\/zaman-kirintilari\/\",\"url\":\"https:\/\/narteks.net\/index.php\/2011\/06\/07\/zaman-kirintilari\/\",\"name\":\"ZAMAN KIRINTILARI - narteks.net\",\"isPartOf\":{\"@id\":\"https:\/\/narteks.net\/#website\"},\"datePublished\":\"2011-06-07T11:28:53+00:00\",\"breadcrumb\":{\"@id\":\"https:\/\/narteks.net\/index.php\/2011\/06\/07\/zaman-kirintilari\/#breadcrumb\"},\"inLanguage\":\"tr\",\"potentialAction\":[{\"@type\":\"ReadAction\",\"target\":[\"https:\/\/narteks.net\/index.php\/2011\/06\/07\/zaman-kirintilari\/\"]}]},{\"@type\":\"BreadcrumbList\",\"@id\":\"https:\/\/narteks.net\/index.php\/2011\/06\/07\/zaman-kirintilari\/#breadcrumb\",\"itemListElement\":[{\"@type\":\"ListItem\",\"position\":1,\"name\":\"Anasayfa\",\"item\":\"https:\/\/narteks.net\/\"},{\"@type\":\"ListItem\",\"position\":2,\"name\":\"ZAMAN KIRINTILARI\"}]},{\"@type\":\"WebSite\",\"@id\":\"https:\/\/narteks.net\/#website\",\"url\":\"https:\/\/narteks.net\/\",\"name\":\"narteks.net\",\"description\":\"K\u00fclt\u00fcr Sanat Edebiyat Felsefe\",\"publisher\":{\"@id\":\"https:\/\/narteks.net\/#organization\"},\"alternateName\":\"K\u00fclt\u00fcr Sanat Edebiyat Felsefe\",\"potentialAction\":[{\"@type\":\"SearchAction\",\"target\":{\"@type\":\"EntryPoint\",\"urlTemplate\":\"https:\/\/narteks.net\/?s={search_term_string}\"},\"query-input\":{\"@type\":\"PropertyValueSpecification\",\"valueRequired\":true,\"valueName\":\"search_term_string\"}}],\"inLanguage\":\"tr\"},{\"@type\":\"Organization\",\"@id\":\"https:\/\/narteks.net\/#organization\",\"name\":\"narteks.net\",\"url\":\"https:\/\/narteks.net\/\",\"logo\":{\"@type\":\"ImageObject\",\"inLanguage\":\"tr\",\"@id\":\"https:\/\/narteks.net\/#\/schema\/logo\/image\/\",\"url\":\"https:\/\/narteks.net\/wp-content\/uploads\/narteks.png\",\"contentUrl\":\"https:\/\/narteks.net\/wp-content\/uploads\/narteks.png\",\"width\":300,\"height\":90,\"caption\":\"narteks.net\"},\"image\":{\"@id\":\"https:\/\/narteks.net\/#\/schema\/logo\/image\/\"},\"sameAs\":[\"https:\/\/x.com\/narteks\",\"https:\/\/instagram.com\/narteksnet\"]},{\"@type\":\"Person\",\"@id\":\"https:\/\/narteks.net\/#\/schema\/person\/61f37d9834294b72d31d274e7ed79bca\",\"name\":\"Tar\u0131k\",\"image\":{\"@type\":\"ImageObject\",\"inLanguage\":\"tr\",\"@id\":\"https:\/\/narteks.net\/#\/schema\/person\/image\/\",\"url\":\"https:\/\/secure.gravatar.com\/avatar\/50865afb55632c4ae467e0af0930f6510aa2297d8014be502a55b14f3b7550cf?s=96&d=mm&r=g\",\"contentUrl\":\"https:\/\/secure.gravatar.com\/avatar\/50865afb55632c4ae467e0af0930f6510aa2297d8014be502a55b14f3b7550cf?s=96&d=mm&r=g\",\"caption\":\"Tar\u0131k\"},\"sameAs\":[\"http:\/\/narteks.net\"],\"url\":\"https:\/\/narteks.net\/index.php\/author\/narbak\/\"}]}<\/script>\n<!-- \/ Yoast SEO Premium plugin. -->","yoast_head_json":{"title":"ZAMAN KIRINTILARI - narteks.net","robots":{"index":"index","follow":"follow","max-snippet":"max-snippet:-1","max-image-preview":"max-image-preview:large","max-video-preview":"max-video-preview:-1"},"canonical":"https:\/\/narteks.net\/index.php\/2011\/06\/07\/zaman-kirintilari\/","og_locale":"tr_TR","og_type":"article","og_title":"ZAMAN KIRINTILARI","og_description":"\u00a0 Biz, zaman k\u0131r\u0131nt\u0131lar\u0131,Zaman sinekleri,Tozlu camlar\u0131nda g\u00fcnlerin sessiz kanat \u00e7\u0131rpanlarVe l\u00fczumsuz g\u00f6renler art\u0131kBu ayd\u0131nl\u0131kta kendi g\u00f6lgelerini!Sanki siyah, simsiyah ta\u015flar i\u00e7indeSiyah, simsiyah kovuklarda ya\u015fad\u0131k biz,Sanki hi\u00e7 g\u00f6rmedik birbirimizi,Sanki hi\u00e7 tan\u0131\u015fmad\u0131k! D\u00fcnya bize \u00f6yle kapatt\u0131 kendisini&#8230; Neye yarar hat\u0131rlamak, Neye yarar bu c\u0131l\u0131z \u0131\u015f\u0131kl\u0131 bah\u00e7elerde Hat\u0131rlamak ge\u00e7mi\u015f \u015feyleri, Bu beyhude ak\u015fam bah\u00e7esinde Kapan\u0131rken \u00fcst\u00fcm\u00fcze b\u00f6yle Zaman \u00e7emberi [&hellip;]","og_url":"https:\/\/narteks.net\/index.php\/2011\/06\/07\/zaman-kirintilari\/","og_site_name":"narteks.net","article_published_time":"2011-06-07T11:28:53+00:00","og_image":[{"width":300,"height":90,"url":"https:\/\/narteks.net\/wp-content\/uploads\/narteks.png","type":"image\/png"}],"author":"Tar\u0131k","twitter_card":"summary_large_image","twitter_creator":"@narteks","twitter_site":"@narteks","twitter_misc":{"Yazan:":"Tar\u0131k","Tahmini okuma s\u00fcresi":"4 dakika"},"schema":{"@context":"https:\/\/schema.org","@graph":[{"@type":"Article","@id":"https:\/\/narteks.net\/index.php\/2011\/06\/07\/zaman-kirintilari\/#article","isPartOf":{"@id":"https:\/\/narteks.net\/index.php\/2011\/06\/07\/zaman-kirintilari\/"},"author":{"name":"Tar\u0131k","@id":"https:\/\/narteks.net\/#\/schema\/person\/61f37d9834294b72d31d274e7ed79bca"},"headline":"ZAMAN KIRINTILARI","datePublished":"2011-06-07T11:28:53+00:00","mainEntityOfPage":{"@id":"https:\/\/narteks.net\/index.php\/2011\/06\/07\/zaman-kirintilari\/"},"wordCount":807,"commentCount":0,"publisher":{"@id":"https:\/\/narteks.net\/#organization"},"articleSection":["Ahmet Hamdi TANPINAR"],"inLanguage":"tr","potentialAction":[{"@type":"CommentAction","name":"Comment","target":["https:\/\/narteks.net\/index.php\/2011\/06\/07\/zaman-kirintilari\/#respond"]}]},{"@type":"WebPage","@id":"https:\/\/narteks.net\/index.php\/2011\/06\/07\/zaman-kirintilari\/","url":"https:\/\/narteks.net\/index.php\/2011\/06\/07\/zaman-kirintilari\/","name":"ZAMAN KIRINTILARI - narteks.net","isPartOf":{"@id":"https:\/\/narteks.net\/#website"},"datePublished":"2011-06-07T11:28:53+00:00","breadcrumb":{"@id":"https:\/\/narteks.net\/index.php\/2011\/06\/07\/zaman-kirintilari\/#breadcrumb"},"inLanguage":"tr","potentialAction":[{"@type":"ReadAction","target":["https:\/\/narteks.net\/index.php\/2011\/06\/07\/zaman-kirintilari\/"]}]},{"@type":"BreadcrumbList","@id":"https:\/\/narteks.net\/index.php\/2011\/06\/07\/zaman-kirintilari\/#breadcrumb","itemListElement":[{"@type":"ListItem","position":1,"name":"Anasayfa","item":"https:\/\/narteks.net\/"},{"@type":"ListItem","position":2,"name":"ZAMAN KIRINTILARI"}]},{"@type":"WebSite","@id":"https:\/\/narteks.net\/#website","url":"https:\/\/narteks.net\/","name":"narteks.net","description":"K\u00fclt\u00fcr Sanat Edebiyat Felsefe","publisher":{"@id":"https:\/\/narteks.net\/#organization"},"alternateName":"K\u00fclt\u00fcr Sanat Edebiyat Felsefe","potentialAction":[{"@type":"SearchAction","target":{"@type":"EntryPoint","urlTemplate":"https:\/\/narteks.net\/?s={search_term_string}"},"query-input":{"@type":"PropertyValueSpecification","valueRequired":true,"valueName":"search_term_string"}}],"inLanguage":"tr"},{"@type":"Organization","@id":"https:\/\/narteks.net\/#organization","name":"narteks.net","url":"https:\/\/narteks.net\/","logo":{"@type":"ImageObject","inLanguage":"tr","@id":"https:\/\/narteks.net\/#\/schema\/logo\/image\/","url":"https:\/\/narteks.net\/wp-content\/uploads\/narteks.png","contentUrl":"https:\/\/narteks.net\/wp-content\/uploads\/narteks.png","width":300,"height":90,"caption":"narteks.net"},"image":{"@id":"https:\/\/narteks.net\/#\/schema\/logo\/image\/"},"sameAs":["https:\/\/x.com\/narteks","https:\/\/instagram.com\/narteksnet"]},{"@type":"Person","@id":"https:\/\/narteks.net\/#\/schema\/person\/61f37d9834294b72d31d274e7ed79bca","name":"Tar\u0131k","image":{"@type":"ImageObject","inLanguage":"tr","@id":"https:\/\/narteks.net\/#\/schema\/person\/image\/","url":"https:\/\/secure.gravatar.com\/avatar\/50865afb55632c4ae467e0af0930f6510aa2297d8014be502a55b14f3b7550cf?s=96&d=mm&r=g","contentUrl":"https:\/\/secure.gravatar.com\/avatar\/50865afb55632c4ae467e0af0930f6510aa2297d8014be502a55b14f3b7550cf?s=96&d=mm&r=g","caption":"Tar\u0131k"},"sameAs":["http:\/\/narteks.net"],"url":"https:\/\/narteks.net\/index.php\/author\/narbak\/"}]}},"_links":{"self":[{"href":"https:\/\/narteks.net\/index.php\/wp-json\/wp\/v2\/posts\/6464","targetHints":{"allow":["GET"]}}],"collection":[{"href":"https:\/\/narteks.net\/index.php\/wp-json\/wp\/v2\/posts"}],"about":[{"href":"https:\/\/narteks.net\/index.php\/wp-json\/wp\/v2\/types\/post"}],"author":[{"embeddable":true,"href":"https:\/\/narteks.net\/index.php\/wp-json\/wp\/v2\/users\/1"}],"replies":[{"embeddable":true,"href":"https:\/\/narteks.net\/index.php\/wp-json\/wp\/v2\/comments?post=6464"}],"version-history":[{"count":0,"href":"https:\/\/narteks.net\/index.php\/wp-json\/wp\/v2\/posts\/6464\/revisions"}],"wp:attachment":[{"href":"https:\/\/narteks.net\/index.php\/wp-json\/wp\/v2\/media?parent=6464"}],"wp:term":[{"taxonomy":"category","embeddable":true,"href":"https:\/\/narteks.net\/index.php\/wp-json\/wp\/v2\/categories?post=6464"},{"taxonomy":"post_tag","embeddable":true,"href":"https:\/\/narteks.net\/index.php\/wp-json\/wp\/v2\/tags?post=6464"}],"curies":[{"name":"wp","href":"https:\/\/api.w.org\/{rel}","templated":true}]}}