{"id":6471,"date":"2011-06-07T14:52:39","date_gmt":"2011-06-07T11:52:39","guid":{"rendered":"http:\/\/localhost\/wordpress\/2011\/06\/07\/musul-aksamlari\/"},"modified":"2011-06-07T14:52:39","modified_gmt":"2011-06-07T11:52:39","slug":"musul-aksamlari","status":"publish","type":"post","link":"https:\/\/narteks.net\/index.php\/2011\/06\/07\/musul-aksamlari\/","title":{"rendered":"MUSUL AK\u015eAMLARI"},"content":{"rendered":"<p style=\"text-align: justify;\">1<\/p>\n<p>Son ziyalar iner uyuyan nehre<br \/>Ufku mineleyen k\u0131z\u0131l ak\u015famdan<br \/>Nak\u015f eder her h\u00fczme ihtiyar \u015fehre<br \/>Titrek lo\u015f g\u00f6lgeler hicranla gamdan<\/p>\n<p>Sularda a\u00e7\u0131l\u0131r f\u00e2ni \u00e7i\u00e7ekler<br \/>Ufka ezanlar\u0131n y\u00fckselir \u00e2h\u0131<br \/>\u015eimdi bo\u015f sahili gurbetle bekler<br \/>Kimsesiz \u00e7\u00f6llerin yorgun seyyah\u0131<\/p>\n<p>2<\/p>\n<p>B\u00f6yle ha\u015fr olurken ak\u015famla belde<br \/>Sahile inerler dik yoku\u015flardan<br \/>\u015een bak\u0131\u015fl\u0131 k\u0131zlar destiler elde<br \/>Fark\u0131 yok hepsinin \u00fcrkek ku\u015flardan<\/p>\n<p>Yollara da\u011f\u0131t\u0131r bayg\u0131n bir koku<br \/>Bah\u00e7elerden ta\u015fan \u00e7i\u00e7ekler dallar<br \/>Dola\u015f\u0131r sahili bir a\u011f\u0131r uyku<br \/>Uzaklarda kayan kederli sallar<\/p>\n<p>-biraz sonra-<\/p>\n<p>Karanl\u0131k da\u011f\u0131l\u0131r art\u0131k beldeye<br \/>Bir esrarl\u0131 ha\u015fyet gezer her evi<br \/>Ne\u015fideler okur inen geceye<br \/>\u00c7\u00f6llere a\u00e7\u0131lan gams\u0131z bedev\u00ee<\/p>\n<p>Me\u015faleler yanar \u015fimdi damlarda<br \/>Na\u2019t sesi gelir beni idris\u2019den<br \/>\u015eimdi me\u015faleler yanan damlarda<br \/>S\u00fctunlar y\u00fckselir ziya ve isden<\/p>\n<p>Ahmet Hamdi TANPINAR<\/p>\n<p>Tanp\u0131nar, Ad\u0131n\u0131 ilk kez 1920 y\u0131l\u0131nda Celal Sahir\u2019in \u201cAlt\u0131n Kitap\u201d adl\u0131 dergisinde yay\u0131mlanan \u201cMusul Ak\u015famlar\u0131\u201d \u015fiiriyle duyurdu. Tanp\u0131nar, Edebiyat Fak\u00fcltesi\u2019nde hocas\u0131 olan Yahya Kemal\u2019den \u00e7ok etkilenmi\u015f olmas\u0131na ra\u011fmen, ilk \u015fiirlerinde Yahya Kemal\u2019den ziyade Ahmet Ha\u015fim\u2019in izleri g\u00f6r\u00fcl\u00fcr.<br \/>\u015eair, imge zenginlikleri ve m\u00fczikal nitelikleriyle dikkat \u00e7eken ilk \u015fiirlerini hece vezniyle yazm\u0131\u015ft\u0131r. \u015eiirlerinde d\u00fc\u015fsel konular\u0131 duygusal bir \u00fcslupla i\u015fleyerek \u015fiir arac\u0131l\u0131\u011f\u0131yla sonsuzluk duygusunu yakalamaya \u00e7al\u0131\u015fm\u0131\u015ft\u0131r.<\/p>\n","protected":false},"excerpt":{"rendered":"<p>1 Son ziyalar iner uyuyan nehreUfku mineleyen k\u0131z\u0131l ak\u015famdanNak\u015f eder her h\u00fczme ihtiyar \u015fehreTitrek lo\u015f g\u00f6lgeler hicranla gamdan Sularda a\u00e7\u0131l\u0131r f\u00e2ni \u00e7i\u00e7eklerUfka ezanlar\u0131n y\u00fckselir \u00e2h\u0131\u015eimdi bo\u015f sahili gurbetle beklerKimsesiz \u00e7\u00f6llerin yorgun seyyah\u0131 2 B\u00f6yle ha\u015fr olurken ak\u015famla beldeSahile inerler dik yoku\u015flardan\u015een bak\u0131\u015fl\u0131 k\u0131zlar destiler eldeFark\u0131 yok hepsinin \u00fcrkek ku\u015flardan Yollara da\u011f\u0131t\u0131r bayg\u0131n bir kokuBah\u00e7elerden ta\u015fan [&hellip;]<\/p>\n","protected":false},"author":1,"featured_media":0,"comment_status":"open","ping_status":"open","sticky":false,"template":"","format":"standard","meta":{"footnotes":""},"categories":[107],"tags":[],"class_list":{"0":"post-6471","1":"post","2":"type-post","3":"status-publish","4":"format-standard","6":"category-ahmet-hamdi-tanpinar"},"yoast_head":"<!-- This site is optimized with the Yoast SEO Premium plugin v24.9 (Yoast SEO v24.9) - https:\/\/yoast.com\/wordpress\/plugins\/seo\/ -->\n<title>MUSUL AK\u015eAMLARI - narteks.net<\/title>\n<meta name=\"robots\" content=\"index, follow, max-snippet:-1, max-image-preview:large, max-video-preview:-1\" \/>\n<link rel=\"canonical\" href=\"https:\/\/narteks.net\/index.php\/2011\/06\/07\/musul-aksamlari\/\" \/>\n<meta property=\"og:locale\" content=\"tr_TR\" \/>\n<meta property=\"og:type\" content=\"article\" \/>\n<meta property=\"og:title\" content=\"MUSUL AK\u015eAMLARI\" \/>\n<meta property=\"og:description\" content=\"1 Son ziyalar iner uyuyan nehreUfku mineleyen k\u0131z\u0131l ak\u015famdanNak\u015f eder her h\u00fczme ihtiyar \u015fehreTitrek lo\u015f g\u00f6lgeler hicranla gamdan Sularda a\u00e7\u0131l\u0131r f\u00e2ni \u00e7i\u00e7eklerUfka ezanlar\u0131n y\u00fckselir \u00e2h\u0131\u015eimdi bo\u015f sahili gurbetle beklerKimsesiz \u00e7\u00f6llerin yorgun seyyah\u0131 2 B\u00f6yle ha\u015fr olurken ak\u015famla beldeSahile inerler dik yoku\u015flardan\u015een bak\u0131\u015fl\u0131 k\u0131zlar destiler eldeFark\u0131 yok hepsinin \u00fcrkek ku\u015flardan Yollara da\u011f\u0131t\u0131r bayg\u0131n bir kokuBah\u00e7elerden ta\u015fan [&hellip;]\" \/>\n<meta property=\"og:url\" content=\"https:\/\/narteks.net\/index.php\/2011\/06\/07\/musul-aksamlari\/\" \/>\n<meta property=\"og:site_name\" content=\"narteks.net\" \/>\n<meta property=\"article:published_time\" content=\"2011-06-07T11:52:39+00:00\" \/>\n<meta property=\"og:image\" content=\"https:\/\/narteks.net\/wp-content\/uploads\/narteks.png\" \/>\n\t<meta property=\"og:image:width\" content=\"300\" \/>\n\t<meta property=\"og:image:height\" content=\"90\" \/>\n\t<meta property=\"og:image:type\" content=\"image\/png\" \/>\n<meta name=\"author\" content=\"Tar\u0131k\" \/>\n<meta name=\"twitter:card\" content=\"summary_large_image\" \/>\n<meta name=\"twitter:creator\" content=\"@narteks\" \/>\n<meta name=\"twitter:site\" content=\"@narteks\" \/>\n<meta name=\"twitter:label1\" content=\"Yazan:\" \/>\n\t<meta name=\"twitter:data1\" content=\"Tar\u0131k\" \/>\n\t<meta name=\"twitter:label2\" content=\"Tahmini okuma s\u00fcresi\" \/>\n\t<meta name=\"twitter:data2\" content=\"1 dakika\" \/>\n<script type=\"application\/ld+json\" class=\"yoast-schema-graph\">{\"@context\":\"https:\/\/schema.org\",\"@graph\":[{\"@type\":\"Article\",\"@id\":\"https:\/\/narteks.net\/index.php\/2011\/06\/07\/musul-aksamlari\/#article\",\"isPartOf\":{\"@id\":\"https:\/\/narteks.net\/index.php\/2011\/06\/07\/musul-aksamlari\/\"},\"author\":{\"name\":\"Tar\u0131k\",\"@id\":\"https:\/\/narteks.net\/#\/schema\/person\/61f37d9834294b72d31d274e7ed79bca\"},\"headline\":\"MUSUL AK\u015eAMLARI\",\"datePublished\":\"2011-06-07T11:52:39+00:00\",\"mainEntityOfPage\":{\"@id\":\"https:\/\/narteks.net\/index.php\/2011\/06\/07\/musul-aksamlari\/\"},\"wordCount\":236,\"commentCount\":0,\"publisher\":{\"@id\":\"https:\/\/narteks.net\/#organization\"},\"articleSection\":[\"Ahmet Hamdi TANPINAR\"],\"inLanguage\":\"tr\",\"potentialAction\":[{\"@type\":\"CommentAction\",\"name\":\"Comment\",\"target\":[\"https:\/\/narteks.net\/index.php\/2011\/06\/07\/musul-aksamlari\/#respond\"]}]},{\"@type\":\"WebPage\",\"@id\":\"https:\/\/narteks.net\/index.php\/2011\/06\/07\/musul-aksamlari\/\",\"url\":\"https:\/\/narteks.net\/index.php\/2011\/06\/07\/musul-aksamlari\/\",\"name\":\"MUSUL AK\u015eAMLARI - narteks.net\",\"isPartOf\":{\"@id\":\"https:\/\/narteks.net\/#website\"},\"datePublished\":\"2011-06-07T11:52:39+00:00\",\"breadcrumb\":{\"@id\":\"https:\/\/narteks.net\/index.php\/2011\/06\/07\/musul-aksamlari\/#breadcrumb\"},\"inLanguage\":\"tr\",\"potentialAction\":[{\"@type\":\"ReadAction\",\"target\":[\"https:\/\/narteks.net\/index.php\/2011\/06\/07\/musul-aksamlari\/\"]}]},{\"@type\":\"BreadcrumbList\",\"@id\":\"https:\/\/narteks.net\/index.php\/2011\/06\/07\/musul-aksamlari\/#breadcrumb\",\"itemListElement\":[{\"@type\":\"ListItem\",\"position\":1,\"name\":\"Anasayfa\",\"item\":\"https:\/\/narteks.net\/\"},{\"@type\":\"ListItem\",\"position\":2,\"name\":\"MUSUL AK\u015eAMLARI\"}]},{\"@type\":\"WebSite\",\"@id\":\"https:\/\/narteks.net\/#website\",\"url\":\"https:\/\/narteks.net\/\",\"name\":\"narteks.net\",\"description\":\"K\u00fclt\u00fcr Sanat Edebiyat Felsefe\",\"publisher\":{\"@id\":\"https:\/\/narteks.net\/#organization\"},\"alternateName\":\"K\u00fclt\u00fcr Sanat Edebiyat Felsefe\",\"potentialAction\":[{\"@type\":\"SearchAction\",\"target\":{\"@type\":\"EntryPoint\",\"urlTemplate\":\"https:\/\/narteks.net\/?s={search_term_string}\"},\"query-input\":{\"@type\":\"PropertyValueSpecification\",\"valueRequired\":true,\"valueName\":\"search_term_string\"}}],\"inLanguage\":\"tr\"},{\"@type\":\"Organization\",\"@id\":\"https:\/\/narteks.net\/#organization\",\"name\":\"narteks.net\",\"url\":\"https:\/\/narteks.net\/\",\"logo\":{\"@type\":\"ImageObject\",\"inLanguage\":\"tr\",\"@id\":\"https:\/\/narteks.net\/#\/schema\/logo\/image\/\",\"url\":\"https:\/\/narteks.net\/wp-content\/uploads\/narteks.png\",\"contentUrl\":\"https:\/\/narteks.net\/wp-content\/uploads\/narteks.png\",\"width\":300,\"height\":90,\"caption\":\"narteks.net\"},\"image\":{\"@id\":\"https:\/\/narteks.net\/#\/schema\/logo\/image\/\"},\"sameAs\":[\"https:\/\/x.com\/narteks\",\"https:\/\/instagram.com\/narteksnet\"]},{\"@type\":\"Person\",\"@id\":\"https:\/\/narteks.net\/#\/schema\/person\/61f37d9834294b72d31d274e7ed79bca\",\"name\":\"Tar\u0131k\",\"image\":{\"@type\":\"ImageObject\",\"inLanguage\":\"tr\",\"@id\":\"https:\/\/narteks.net\/#\/schema\/person\/image\/\",\"url\":\"https:\/\/secure.gravatar.com\/avatar\/50865afb55632c4ae467e0af0930f6510aa2297d8014be502a55b14f3b7550cf?s=96&d=mm&r=g\",\"contentUrl\":\"https:\/\/secure.gravatar.com\/avatar\/50865afb55632c4ae467e0af0930f6510aa2297d8014be502a55b14f3b7550cf?s=96&d=mm&r=g\",\"caption\":\"Tar\u0131k\"},\"sameAs\":[\"http:\/\/narteks.net\"],\"url\":\"https:\/\/narteks.net\/index.php\/author\/narbak\/\"}]}<\/script>\n<!-- \/ Yoast SEO Premium plugin. -->","yoast_head_json":{"title":"MUSUL AK\u015eAMLARI - narteks.net","robots":{"index":"index","follow":"follow","max-snippet":"max-snippet:-1","max-image-preview":"max-image-preview:large","max-video-preview":"max-video-preview:-1"},"canonical":"https:\/\/narteks.net\/index.php\/2011\/06\/07\/musul-aksamlari\/","og_locale":"tr_TR","og_type":"article","og_title":"MUSUL AK\u015eAMLARI","og_description":"1 Son ziyalar iner uyuyan nehreUfku mineleyen k\u0131z\u0131l ak\u015famdanNak\u015f eder her h\u00fczme ihtiyar \u015fehreTitrek lo\u015f g\u00f6lgeler hicranla gamdan Sularda a\u00e7\u0131l\u0131r f\u00e2ni \u00e7i\u00e7eklerUfka ezanlar\u0131n y\u00fckselir \u00e2h\u0131\u015eimdi bo\u015f sahili gurbetle beklerKimsesiz \u00e7\u00f6llerin yorgun seyyah\u0131 2 B\u00f6yle ha\u015fr olurken ak\u015famla beldeSahile inerler dik yoku\u015flardan\u015een bak\u0131\u015fl\u0131 k\u0131zlar destiler eldeFark\u0131 yok hepsinin \u00fcrkek ku\u015flardan Yollara da\u011f\u0131t\u0131r bayg\u0131n bir kokuBah\u00e7elerden ta\u015fan [&hellip;]","og_url":"https:\/\/narteks.net\/index.php\/2011\/06\/07\/musul-aksamlari\/","og_site_name":"narteks.net","article_published_time":"2011-06-07T11:52:39+00:00","og_image":[{"width":300,"height":90,"url":"https:\/\/narteks.net\/wp-content\/uploads\/narteks.png","type":"image\/png"}],"author":"Tar\u0131k","twitter_card":"summary_large_image","twitter_creator":"@narteks","twitter_site":"@narteks","twitter_misc":{"Yazan:":"Tar\u0131k","Tahmini okuma s\u00fcresi":"1 dakika"},"schema":{"@context":"https:\/\/schema.org","@graph":[{"@type":"Article","@id":"https:\/\/narteks.net\/index.php\/2011\/06\/07\/musul-aksamlari\/#article","isPartOf":{"@id":"https:\/\/narteks.net\/index.php\/2011\/06\/07\/musul-aksamlari\/"},"author":{"name":"Tar\u0131k","@id":"https:\/\/narteks.net\/#\/schema\/person\/61f37d9834294b72d31d274e7ed79bca"},"headline":"MUSUL AK\u015eAMLARI","datePublished":"2011-06-07T11:52:39+00:00","mainEntityOfPage":{"@id":"https:\/\/narteks.net\/index.php\/2011\/06\/07\/musul-aksamlari\/"},"wordCount":236,"commentCount":0,"publisher":{"@id":"https:\/\/narteks.net\/#organization"},"articleSection":["Ahmet Hamdi TANPINAR"],"inLanguage":"tr","potentialAction":[{"@type":"CommentAction","name":"Comment","target":["https:\/\/narteks.net\/index.php\/2011\/06\/07\/musul-aksamlari\/#respond"]}]},{"@type":"WebPage","@id":"https:\/\/narteks.net\/index.php\/2011\/06\/07\/musul-aksamlari\/","url":"https:\/\/narteks.net\/index.php\/2011\/06\/07\/musul-aksamlari\/","name":"MUSUL AK\u015eAMLARI - narteks.net","isPartOf":{"@id":"https:\/\/narteks.net\/#website"},"datePublished":"2011-06-07T11:52:39+00:00","breadcrumb":{"@id":"https:\/\/narteks.net\/index.php\/2011\/06\/07\/musul-aksamlari\/#breadcrumb"},"inLanguage":"tr","potentialAction":[{"@type":"ReadAction","target":["https:\/\/narteks.net\/index.php\/2011\/06\/07\/musul-aksamlari\/"]}]},{"@type":"BreadcrumbList","@id":"https:\/\/narteks.net\/index.php\/2011\/06\/07\/musul-aksamlari\/#breadcrumb","itemListElement":[{"@type":"ListItem","position":1,"name":"Anasayfa","item":"https:\/\/narteks.net\/"},{"@type":"ListItem","position":2,"name":"MUSUL AK\u015eAMLARI"}]},{"@type":"WebSite","@id":"https:\/\/narteks.net\/#website","url":"https:\/\/narteks.net\/","name":"narteks.net","description":"K\u00fclt\u00fcr Sanat Edebiyat Felsefe","publisher":{"@id":"https:\/\/narteks.net\/#organization"},"alternateName":"K\u00fclt\u00fcr Sanat Edebiyat Felsefe","potentialAction":[{"@type":"SearchAction","target":{"@type":"EntryPoint","urlTemplate":"https:\/\/narteks.net\/?s={search_term_string}"},"query-input":{"@type":"PropertyValueSpecification","valueRequired":true,"valueName":"search_term_string"}}],"inLanguage":"tr"},{"@type":"Organization","@id":"https:\/\/narteks.net\/#organization","name":"narteks.net","url":"https:\/\/narteks.net\/","logo":{"@type":"ImageObject","inLanguage":"tr","@id":"https:\/\/narteks.net\/#\/schema\/logo\/image\/","url":"https:\/\/narteks.net\/wp-content\/uploads\/narteks.png","contentUrl":"https:\/\/narteks.net\/wp-content\/uploads\/narteks.png","width":300,"height":90,"caption":"narteks.net"},"image":{"@id":"https:\/\/narteks.net\/#\/schema\/logo\/image\/"},"sameAs":["https:\/\/x.com\/narteks","https:\/\/instagram.com\/narteksnet"]},{"@type":"Person","@id":"https:\/\/narteks.net\/#\/schema\/person\/61f37d9834294b72d31d274e7ed79bca","name":"Tar\u0131k","image":{"@type":"ImageObject","inLanguage":"tr","@id":"https:\/\/narteks.net\/#\/schema\/person\/image\/","url":"https:\/\/secure.gravatar.com\/avatar\/50865afb55632c4ae467e0af0930f6510aa2297d8014be502a55b14f3b7550cf?s=96&d=mm&r=g","contentUrl":"https:\/\/secure.gravatar.com\/avatar\/50865afb55632c4ae467e0af0930f6510aa2297d8014be502a55b14f3b7550cf?s=96&d=mm&r=g","caption":"Tar\u0131k"},"sameAs":["http:\/\/narteks.net"],"url":"https:\/\/narteks.net\/index.php\/author\/narbak\/"}]}},"_links":{"self":[{"href":"https:\/\/narteks.net\/index.php\/wp-json\/wp\/v2\/posts\/6471","targetHints":{"allow":["GET"]}}],"collection":[{"href":"https:\/\/narteks.net\/index.php\/wp-json\/wp\/v2\/posts"}],"about":[{"href":"https:\/\/narteks.net\/index.php\/wp-json\/wp\/v2\/types\/post"}],"author":[{"embeddable":true,"href":"https:\/\/narteks.net\/index.php\/wp-json\/wp\/v2\/users\/1"}],"replies":[{"embeddable":true,"href":"https:\/\/narteks.net\/index.php\/wp-json\/wp\/v2\/comments?post=6471"}],"version-history":[{"count":0,"href":"https:\/\/narteks.net\/index.php\/wp-json\/wp\/v2\/posts\/6471\/revisions"}],"wp:attachment":[{"href":"https:\/\/narteks.net\/index.php\/wp-json\/wp\/v2\/media?parent=6471"}],"wp:term":[{"taxonomy":"category","embeddable":true,"href":"https:\/\/narteks.net\/index.php\/wp-json\/wp\/v2\/categories?post=6471"},{"taxonomy":"post_tag","embeddable":true,"href":"https:\/\/narteks.net\/index.php\/wp-json\/wp\/v2\/tags?post=6471"}],"curies":[{"name":"wp","href":"https:\/\/api.w.org\/{rel}","templated":true}]}}