{"id":6472,"date":"2011-06-07T15:04:04","date_gmt":"2011-06-07T12:04:04","guid":{"rendered":"http:\/\/localhost\/wordpress\/2011\/06\/07\/has-odadan\/"},"modified":"2011-06-07T15:04:04","modified_gmt":"2011-06-07T12:04:04","slug":"has-odadan","status":"publish","type":"post","link":"https:\/\/narteks.net\/index.php\/2011\/06\/07\/has-odadan\/","title":{"rendered":"HAS ODADAN"},"content":{"rendered":"<p>I<\/p>\n<p>Rayiha bah\u00e7elerinden gelirim;<br \/>salk\u0131mlar g\u00fcne\u015f al\u0131r<br \/>\u0131\u015f\u0131r yanlar\u0131m.<br \/>Vakti gelmedi mi ey Suf\u00ee<br \/>suftan h\u0131rkalar giyeyim.<br \/>\u015eehre s\u00fcrt\u00fcnmekten \u00e7\u00fcr\u00fcd\u00fcm;<br \/>far\u0131d\u0131m kula\u00e7lamaktan<br \/>ipini koparm\u0131\u015flar\u0131n urgan\u0131n\u0131. <\/p>\n<p>Rayiha bah\u00e7elerinden gelirim;<br \/>burada, bu yan\u0131k mahallede<br \/>ad\u0131n\u0131 a\u015fk koydular i\u00e7imdeki kederin.<\/p>\n<p>\u00d6yle kenarday\u0131m ki e\u011frildi ka\u015flar\u0131m. <br \/>Y\u00fcr\u00fcr\u00fcm g\u00fcller sarkan duvarlar boyunca.<br \/>Ars\u0131z de\u011filim sinem a\u00e7\u0131k olsa da;<br \/>ne e\u015fi\u011finde g\u00f6lgem olur,<br \/>ne avlusunda tuz k\u0131rar\u0131m,<br \/>ge\u00e7erim bana s\u00fcrg\u00fcl\u00fc kap\u0131lardan.<\/p>\n<p>Vakit geldi deme ey Suf\u00ee,<br \/>sal y\u00fcr\u00fcy\u00fcp ge\u00e7eyim, \u00f6yle zibil, \u00f6yle kesilmi\u015f<br \/>h\u0131rkan\u0131n a\u015fireti ku\u015flarla.<\/p>\n<p>II<\/p>\n<p>Irmak akar.<br \/>Zaman \u00e7imeni sular.<br \/>A\u011fza rakkase, girip<br \/>\u00e7\u0131kar soluk.<br \/>Vekilim h\u0131rkan\u0131 giy de g\u00f6lgeni ara.<br \/>Bir \u00e7ivi \u00e7ak \u00e7\u00f6le,<br \/>ya\u011fmura t\u00fck\u00fcr.<br \/>Y\u00fcr\u00fc,<br \/>bir izde k\u00f6relt g\u00f6zlerini.<br \/>Dalgas\u0131n sen,<br \/>ald\u0131rma kumun durgunlu\u011funa<\/p>\n<p>Irmak akar.<br \/>Zaman \u00e7imeni sular.<br \/>Z\u00fchd\u00fcn duyuldu ki ey Suf\u00ee<br \/>bilin\u00e7li k\u0131lm\u0131\u015ft\u0131r \u00e7ileyi.<br \/>D\u00f6n art\u0131k bah\u00e7eye,<br \/>nice arad\u0131n bah\u00e7\u0131van\u0131.<br \/>Otur g\u00f6lgesine<br \/>senin i\u00e7in dikti\u011fimiz nar\u0131n.<br \/>S\u00f6yle,<br \/>kervanlar\u0131 k\u00fc\u00e7\u00fclt\u00fcp<br \/>\u00e7\u00f6lleri b\u00fcy\u00fcten korkuyu. <br \/>S\u00f6yle, dal\u0131p gidiyoruz<br \/>\u0131l\u0131k bir kar \u00e7i\u00e7e\u011fi gibi vakt<br \/>a\u011fz\u0131m\u0131za misvak.<\/p>\n<p>Adnan \u00d6ZER<\/p>\n","protected":false},"excerpt":{"rendered":"<p>I Rayiha bah\u00e7elerinden gelirim;salk\u0131mlar g\u00fcne\u015f al\u0131r\u0131\u015f\u0131r yanlar\u0131m.Vakti gelmedi mi ey Suf\u00eesuftan h\u0131rkalar giyeyim.\u015eehre s\u00fcrt\u00fcnmekten \u00e7\u00fcr\u00fcd\u00fcm;far\u0131d\u0131m kula\u00e7lamaktanipini koparm\u0131\u015flar\u0131n urgan\u0131n\u0131. Rayiha bah\u00e7elerinden gelirim;burada, bu yan\u0131k mahalledead\u0131n\u0131 a\u015fk koydular i\u00e7imdeki kederin. \u00d6yle kenarday\u0131m ki e\u011frildi ka\u015flar\u0131m. Y\u00fcr\u00fcr\u00fcm g\u00fcller sarkan duvarlar boyunca.Ars\u0131z de\u011filim sinem a\u00e7\u0131k olsa da;ne e\u015fi\u011finde g\u00f6lgem olur,ne avlusunda tuz k\u0131rar\u0131m,ge\u00e7erim bana s\u00fcrg\u00fcl\u00fc kap\u0131lardan. Vakit geldi deme [&hellip;]<\/p>\n","protected":false},"author":1,"featured_media":0,"comment_status":"open","ping_status":"open","sticky":false,"template":"","format":"standard","meta":{"footnotes":""},"categories":[6],"tags":[],"class_list":{"0":"post-6472","1":"post","2":"type-post","3":"status-publish","4":"format-standard","6":"category-adnan-ozer"},"yoast_head":"<!-- This site is optimized with the Yoast SEO Premium plugin v24.9 (Yoast SEO v24.9) - https:\/\/yoast.com\/wordpress\/plugins\/seo\/ -->\n<title>HAS ODADAN - narteks.net<\/title>\n<meta name=\"robots\" content=\"index, follow, max-snippet:-1, max-image-preview:large, max-video-preview:-1\" \/>\n<link rel=\"canonical\" href=\"https:\/\/narteks.net\/index.php\/2011\/06\/07\/has-odadan\/\" \/>\n<meta property=\"og:locale\" content=\"tr_TR\" \/>\n<meta property=\"og:type\" content=\"article\" \/>\n<meta property=\"og:title\" content=\"HAS ODADAN\" \/>\n<meta property=\"og:description\" content=\"I Rayiha bah\u00e7elerinden gelirim;salk\u0131mlar g\u00fcne\u015f al\u0131r\u0131\u015f\u0131r yanlar\u0131m.Vakti gelmedi mi ey Suf\u00eesuftan h\u0131rkalar giyeyim.\u015eehre s\u00fcrt\u00fcnmekten \u00e7\u00fcr\u00fcd\u00fcm;far\u0131d\u0131m kula\u00e7lamaktanipini koparm\u0131\u015flar\u0131n urgan\u0131n\u0131. Rayiha bah\u00e7elerinden gelirim;burada, bu yan\u0131k mahalledead\u0131n\u0131 a\u015fk koydular i\u00e7imdeki kederin. \u00d6yle kenarday\u0131m ki e\u011frildi ka\u015flar\u0131m. Y\u00fcr\u00fcr\u00fcm g\u00fcller sarkan duvarlar boyunca.Ars\u0131z de\u011filim sinem a\u00e7\u0131k olsa da;ne e\u015fi\u011finde g\u00f6lgem olur,ne avlusunda tuz k\u0131rar\u0131m,ge\u00e7erim bana s\u00fcrg\u00fcl\u00fc kap\u0131lardan. Vakit geldi deme [&hellip;]\" \/>\n<meta property=\"og:url\" content=\"https:\/\/narteks.net\/index.php\/2011\/06\/07\/has-odadan\/\" \/>\n<meta property=\"og:site_name\" content=\"narteks.net\" \/>\n<meta property=\"article:published_time\" content=\"2011-06-07T12:04:04+00:00\" \/>\n<meta property=\"og:image\" content=\"https:\/\/narteks.net\/wp-content\/uploads\/narteks.png\" \/>\n\t<meta property=\"og:image:width\" content=\"300\" \/>\n\t<meta property=\"og:image:height\" content=\"90\" \/>\n\t<meta property=\"og:image:type\" content=\"image\/png\" \/>\n<meta name=\"author\" content=\"Tar\u0131k\" \/>\n<meta name=\"twitter:card\" content=\"summary_large_image\" \/>\n<meta name=\"twitter:creator\" content=\"@narteks\" \/>\n<meta name=\"twitter:site\" content=\"@narteks\" \/>\n<meta name=\"twitter:label1\" content=\"Yazan:\" \/>\n\t<meta name=\"twitter:data1\" content=\"Tar\u0131k\" \/>\n\t<meta name=\"twitter:label2\" content=\"Tahmini okuma s\u00fcresi\" \/>\n\t<meta name=\"twitter:data2\" content=\"1 dakika\" \/>\n<script type=\"application\/ld+json\" class=\"yoast-schema-graph\">{\"@context\":\"https:\/\/schema.org\",\"@graph\":[{\"@type\":\"Article\",\"@id\":\"https:\/\/narteks.net\/index.php\/2011\/06\/07\/has-odadan\/#article\",\"isPartOf\":{\"@id\":\"https:\/\/narteks.net\/index.php\/2011\/06\/07\/has-odadan\/\"},\"author\":{\"name\":\"Tar\u0131k\",\"@id\":\"https:\/\/narteks.net\/#\/schema\/person\/61f37d9834294b72d31d274e7ed79bca\"},\"headline\":\"HAS ODADAN\",\"datePublished\":\"2011-06-07T12:04:04+00:00\",\"mainEntityOfPage\":{\"@id\":\"https:\/\/narteks.net\/index.php\/2011\/06\/07\/has-odadan\/\"},\"wordCount\":244,\"commentCount\":0,\"publisher\":{\"@id\":\"https:\/\/narteks.net\/#organization\"},\"articleSection\":[\"Adnan \u00d6ZER\"],\"inLanguage\":\"tr\",\"potentialAction\":[{\"@type\":\"CommentAction\",\"name\":\"Comment\",\"target\":[\"https:\/\/narteks.net\/index.php\/2011\/06\/07\/has-odadan\/#respond\"]}]},{\"@type\":\"WebPage\",\"@id\":\"https:\/\/narteks.net\/index.php\/2011\/06\/07\/has-odadan\/\",\"url\":\"https:\/\/narteks.net\/index.php\/2011\/06\/07\/has-odadan\/\",\"name\":\"HAS ODADAN - narteks.net\",\"isPartOf\":{\"@id\":\"https:\/\/narteks.net\/#website\"},\"datePublished\":\"2011-06-07T12:04:04+00:00\",\"breadcrumb\":{\"@id\":\"https:\/\/narteks.net\/index.php\/2011\/06\/07\/has-odadan\/#breadcrumb\"},\"inLanguage\":\"tr\",\"potentialAction\":[{\"@type\":\"ReadAction\",\"target\":[\"https:\/\/narteks.net\/index.php\/2011\/06\/07\/has-odadan\/\"]}]},{\"@type\":\"BreadcrumbList\",\"@id\":\"https:\/\/narteks.net\/index.php\/2011\/06\/07\/has-odadan\/#breadcrumb\",\"itemListElement\":[{\"@type\":\"ListItem\",\"position\":1,\"name\":\"Anasayfa\",\"item\":\"https:\/\/narteks.net\/\"},{\"@type\":\"ListItem\",\"position\":2,\"name\":\"HAS ODADAN\"}]},{\"@type\":\"WebSite\",\"@id\":\"https:\/\/narteks.net\/#website\",\"url\":\"https:\/\/narteks.net\/\",\"name\":\"narteks.net\",\"description\":\"K\u00fclt\u00fcr Sanat Edebiyat Felsefe\",\"publisher\":{\"@id\":\"https:\/\/narteks.net\/#organization\"},\"alternateName\":\"K\u00fclt\u00fcr Sanat Edebiyat Felsefe\",\"potentialAction\":[{\"@type\":\"SearchAction\",\"target\":{\"@type\":\"EntryPoint\",\"urlTemplate\":\"https:\/\/narteks.net\/?s={search_term_string}\"},\"query-input\":{\"@type\":\"PropertyValueSpecification\",\"valueRequired\":true,\"valueName\":\"search_term_string\"}}],\"inLanguage\":\"tr\"},{\"@type\":\"Organization\",\"@id\":\"https:\/\/narteks.net\/#organization\",\"name\":\"narteks.net\",\"url\":\"https:\/\/narteks.net\/\",\"logo\":{\"@type\":\"ImageObject\",\"inLanguage\":\"tr\",\"@id\":\"https:\/\/narteks.net\/#\/schema\/logo\/image\/\",\"url\":\"https:\/\/narteks.net\/wp-content\/uploads\/narteks.png\",\"contentUrl\":\"https:\/\/narteks.net\/wp-content\/uploads\/narteks.png\",\"width\":300,\"height\":90,\"caption\":\"narteks.net\"},\"image\":{\"@id\":\"https:\/\/narteks.net\/#\/schema\/logo\/image\/\"},\"sameAs\":[\"https:\/\/x.com\/narteks\",\"https:\/\/instagram.com\/narteksnet\"]},{\"@type\":\"Person\",\"@id\":\"https:\/\/narteks.net\/#\/schema\/person\/61f37d9834294b72d31d274e7ed79bca\",\"name\":\"Tar\u0131k\",\"image\":{\"@type\":\"ImageObject\",\"inLanguage\":\"tr\",\"@id\":\"https:\/\/narteks.net\/#\/schema\/person\/image\/\",\"url\":\"https:\/\/secure.gravatar.com\/avatar\/50865afb55632c4ae467e0af0930f6510aa2297d8014be502a55b14f3b7550cf?s=96&d=mm&r=g\",\"contentUrl\":\"https:\/\/secure.gravatar.com\/avatar\/50865afb55632c4ae467e0af0930f6510aa2297d8014be502a55b14f3b7550cf?s=96&d=mm&r=g\",\"caption\":\"Tar\u0131k\"},\"sameAs\":[\"http:\/\/narteks.net\"],\"url\":\"https:\/\/narteks.net\/index.php\/author\/narbak\/\"}]}<\/script>\n<!-- \/ Yoast SEO Premium plugin. -->","yoast_head_json":{"title":"HAS ODADAN - narteks.net","robots":{"index":"index","follow":"follow","max-snippet":"max-snippet:-1","max-image-preview":"max-image-preview:large","max-video-preview":"max-video-preview:-1"},"canonical":"https:\/\/narteks.net\/index.php\/2011\/06\/07\/has-odadan\/","og_locale":"tr_TR","og_type":"article","og_title":"HAS ODADAN","og_description":"I Rayiha bah\u00e7elerinden gelirim;salk\u0131mlar g\u00fcne\u015f al\u0131r\u0131\u015f\u0131r yanlar\u0131m.Vakti gelmedi mi ey Suf\u00eesuftan h\u0131rkalar giyeyim.\u015eehre s\u00fcrt\u00fcnmekten \u00e7\u00fcr\u00fcd\u00fcm;far\u0131d\u0131m kula\u00e7lamaktanipini koparm\u0131\u015flar\u0131n urgan\u0131n\u0131. Rayiha bah\u00e7elerinden gelirim;burada, bu yan\u0131k mahalledead\u0131n\u0131 a\u015fk koydular i\u00e7imdeki kederin. \u00d6yle kenarday\u0131m ki e\u011frildi ka\u015flar\u0131m. Y\u00fcr\u00fcr\u00fcm g\u00fcller sarkan duvarlar boyunca.Ars\u0131z de\u011filim sinem a\u00e7\u0131k olsa da;ne e\u015fi\u011finde g\u00f6lgem olur,ne avlusunda tuz k\u0131rar\u0131m,ge\u00e7erim bana s\u00fcrg\u00fcl\u00fc kap\u0131lardan. Vakit geldi deme [&hellip;]","og_url":"https:\/\/narteks.net\/index.php\/2011\/06\/07\/has-odadan\/","og_site_name":"narteks.net","article_published_time":"2011-06-07T12:04:04+00:00","og_image":[{"width":300,"height":90,"url":"https:\/\/narteks.net\/wp-content\/uploads\/narteks.png","type":"image\/png"}],"author":"Tar\u0131k","twitter_card":"summary_large_image","twitter_creator":"@narteks","twitter_site":"@narteks","twitter_misc":{"Yazan:":"Tar\u0131k","Tahmini okuma s\u00fcresi":"1 dakika"},"schema":{"@context":"https:\/\/schema.org","@graph":[{"@type":"Article","@id":"https:\/\/narteks.net\/index.php\/2011\/06\/07\/has-odadan\/#article","isPartOf":{"@id":"https:\/\/narteks.net\/index.php\/2011\/06\/07\/has-odadan\/"},"author":{"name":"Tar\u0131k","@id":"https:\/\/narteks.net\/#\/schema\/person\/61f37d9834294b72d31d274e7ed79bca"},"headline":"HAS ODADAN","datePublished":"2011-06-07T12:04:04+00:00","mainEntityOfPage":{"@id":"https:\/\/narteks.net\/index.php\/2011\/06\/07\/has-odadan\/"},"wordCount":244,"commentCount":0,"publisher":{"@id":"https:\/\/narteks.net\/#organization"},"articleSection":["Adnan \u00d6ZER"],"inLanguage":"tr","potentialAction":[{"@type":"CommentAction","name":"Comment","target":["https:\/\/narteks.net\/index.php\/2011\/06\/07\/has-odadan\/#respond"]}]},{"@type":"WebPage","@id":"https:\/\/narteks.net\/index.php\/2011\/06\/07\/has-odadan\/","url":"https:\/\/narteks.net\/index.php\/2011\/06\/07\/has-odadan\/","name":"HAS ODADAN - narteks.net","isPartOf":{"@id":"https:\/\/narteks.net\/#website"},"datePublished":"2011-06-07T12:04:04+00:00","breadcrumb":{"@id":"https:\/\/narteks.net\/index.php\/2011\/06\/07\/has-odadan\/#breadcrumb"},"inLanguage":"tr","potentialAction":[{"@type":"ReadAction","target":["https:\/\/narteks.net\/index.php\/2011\/06\/07\/has-odadan\/"]}]},{"@type":"BreadcrumbList","@id":"https:\/\/narteks.net\/index.php\/2011\/06\/07\/has-odadan\/#breadcrumb","itemListElement":[{"@type":"ListItem","position":1,"name":"Anasayfa","item":"https:\/\/narteks.net\/"},{"@type":"ListItem","position":2,"name":"HAS ODADAN"}]},{"@type":"WebSite","@id":"https:\/\/narteks.net\/#website","url":"https:\/\/narteks.net\/","name":"narteks.net","description":"K\u00fclt\u00fcr Sanat Edebiyat Felsefe","publisher":{"@id":"https:\/\/narteks.net\/#organization"},"alternateName":"K\u00fclt\u00fcr Sanat Edebiyat Felsefe","potentialAction":[{"@type":"SearchAction","target":{"@type":"EntryPoint","urlTemplate":"https:\/\/narteks.net\/?s={search_term_string}"},"query-input":{"@type":"PropertyValueSpecification","valueRequired":true,"valueName":"search_term_string"}}],"inLanguage":"tr"},{"@type":"Organization","@id":"https:\/\/narteks.net\/#organization","name":"narteks.net","url":"https:\/\/narteks.net\/","logo":{"@type":"ImageObject","inLanguage":"tr","@id":"https:\/\/narteks.net\/#\/schema\/logo\/image\/","url":"https:\/\/narteks.net\/wp-content\/uploads\/narteks.png","contentUrl":"https:\/\/narteks.net\/wp-content\/uploads\/narteks.png","width":300,"height":90,"caption":"narteks.net"},"image":{"@id":"https:\/\/narteks.net\/#\/schema\/logo\/image\/"},"sameAs":["https:\/\/x.com\/narteks","https:\/\/instagram.com\/narteksnet"]},{"@type":"Person","@id":"https:\/\/narteks.net\/#\/schema\/person\/61f37d9834294b72d31d274e7ed79bca","name":"Tar\u0131k","image":{"@type":"ImageObject","inLanguage":"tr","@id":"https:\/\/narteks.net\/#\/schema\/person\/image\/","url":"https:\/\/secure.gravatar.com\/avatar\/50865afb55632c4ae467e0af0930f6510aa2297d8014be502a55b14f3b7550cf?s=96&d=mm&r=g","contentUrl":"https:\/\/secure.gravatar.com\/avatar\/50865afb55632c4ae467e0af0930f6510aa2297d8014be502a55b14f3b7550cf?s=96&d=mm&r=g","caption":"Tar\u0131k"},"sameAs":["http:\/\/narteks.net"],"url":"https:\/\/narteks.net\/index.php\/author\/narbak\/"}]}},"_links":{"self":[{"href":"https:\/\/narteks.net\/index.php\/wp-json\/wp\/v2\/posts\/6472","targetHints":{"allow":["GET"]}}],"collection":[{"href":"https:\/\/narteks.net\/index.php\/wp-json\/wp\/v2\/posts"}],"about":[{"href":"https:\/\/narteks.net\/index.php\/wp-json\/wp\/v2\/types\/post"}],"author":[{"embeddable":true,"href":"https:\/\/narteks.net\/index.php\/wp-json\/wp\/v2\/users\/1"}],"replies":[{"embeddable":true,"href":"https:\/\/narteks.net\/index.php\/wp-json\/wp\/v2\/comments?post=6472"}],"version-history":[{"count":0,"href":"https:\/\/narteks.net\/index.php\/wp-json\/wp\/v2\/posts\/6472\/revisions"}],"wp:attachment":[{"href":"https:\/\/narteks.net\/index.php\/wp-json\/wp\/v2\/media?parent=6472"}],"wp:term":[{"taxonomy":"category","embeddable":true,"href":"https:\/\/narteks.net\/index.php\/wp-json\/wp\/v2\/categories?post=6472"},{"taxonomy":"post_tag","embeddable":true,"href":"https:\/\/narteks.net\/index.php\/wp-json\/wp\/v2\/tags?post=6472"}],"curies":[{"name":"wp","href":"https:\/\/api.w.org\/{rel}","templated":true}]}}