{"id":6476,"date":"2011-06-07T15:22:50","date_gmt":"2011-06-07T12:22:50","guid":{"rendered":"http:\/\/localhost\/wordpress\/2011\/06\/07\/bir-huzun-mevsiminden-cikarken-kalbim\/"},"modified":"2011-06-07T15:22:50","modified_gmt":"2011-06-07T12:22:50","slug":"bir-huzun-mevsiminden-cikarken-kalbim","status":"publish","type":"post","link":"https:\/\/narteks.net\/index.php\/2011\/06\/07\/bir-huzun-mevsiminden-cikarken-kalbim\/","title":{"rendered":"B\u0130R H\u00dcZ\u00dcN MEVS\u0130M\u0130NDEN \u00c7IKARKEN KALB\u0130M"},"content":{"rendered":"<p>\u00a0<\/p>\n<p>Ayr\u0131l\u0131klar\u0131n puslu aynas\u0131ndad\u0131r <br \/>bekleyi\u015flerin solgun y\u00fcz\u00fc<br \/>Bekleyi\u015fler ki demleni\u015fidir sabr\u0131n<br \/>dam\u0131t\u0131r sessizli\u011fi ve \u00fcz\u00fcnc\u00fc <br \/>dam\u0131t\u0131r gurbetin kavruk memesinden<br \/>ve emzirir<br \/>hasretin yan\u0131k y\u00fczl\u00fc \u00e7o\u00e7u\u011funu <\/p>\n<p>Sen ey sabr\u0131n ve \u00fcz\u00fcnc\u00fcn dervi\u015fi <br \/>ba\u015f\u0131n\u0131 zaman\u0131n g\u00f6\u011fs\u00fcne koy <br \/>ve dinle yaln\u0131zl\u0131\u011f\u0131n i\u00e7 \u00e7eki\u015flerini <br \/>Yaln\u0131zl\u0131klar ki suskun bir ak\u015fam \u00fcst\u00fcd\u00fcr <br \/>usulca \u00f6rt\u00fclecektir gecenin sessiz t\u00fcl\u00fcn\u00fc<br \/>ve d\u00fc\u015fecektir ince bir r\u00fczgarla<br \/>h\u00fczn\u00fcn harmaniyesi<\/p>\n<p>Ey yenilgilerin bezgin ku\u015fu<br \/>suskunun sar\u0131 s\u0131ca\u011f\u0131ndas\u0131n bunca zaman<br \/>batakl\u0131klardan s\u0131zan sinsi ve pis<br \/>bir kokudur i\u00e7inde tortula\u015fan ku\u015fku<br \/>Ve bulutsu bir a\u011f\u0131rl\u0131\u011f\u0131n y\u00fck\u00fcd\u00fcr <br \/>gittik\u00e7e a\u011f\u0131rla\u015fan<br \/>gittik\u00e7e y\u00fcre\u011fini zonklatan<\/p>\n<p>Sen ki \u015fafa\u011f\u0131n g\u00f6\u011f\u00fc m\u00fcs\u00fcn <br \/>imbikle g\u00f6\u011fs\u00fcnde g\u00f6\u011f\u00fcn s\u00fct\u00fcn\u00fc<br \/>ve emzir s\u00f6nmekte olan y\u0131ld\u0131zlar\u0131 <br \/>sonra ba\u015f\u0131n\u0131 solgun bir demet gibi hasretin kuru dallar\u0131na koy<br \/>dinle k\u00f6p\u00fckl\u00fc k\u0131y\u0131lar\u0131n \u00e7a\u011flayan\u0131n\u0131<br \/>imbat\u0131n serin elidir y\u00fcz\u00fcn\u00fc ok\u015fayan<\/p>\n<p>G\u00fcne\u015fi kopar dal\u0131ndan ellerine al<br \/>ve durmadan can\u0131n\u0131 yakan s\u00f6z\u00fc <br \/>bitir \u015fiirin kalbine<br \/>ak\u0131t art\u0131k umudun billur \u0131rma\u011f\u0131n\u0131<br \/>kavruk \u00e7\u00f6l\u00fcne y\u00fcz\u00fcm\u00fcn <br \/>ve bir sevda gibi yana\u015f<br \/>hayat\u0131n k\u0131y\u0131lar\u0131na<\/p>\n<p>Yoksa ey kalbim<br \/>tel bile olamazs\u0131n \u015fiirin saz\u0131na<\/p>\n<p>Ahmet TELL\u0130<\/p>\n","protected":false},"excerpt":{"rendered":"<p>\u00a0 Ayr\u0131l\u0131klar\u0131n puslu aynas\u0131ndad\u0131r bekleyi\u015flerin solgun y\u00fcz\u00fcBekleyi\u015fler ki demleni\u015fidir sabr\u0131ndam\u0131t\u0131r sessizli\u011fi ve \u00fcz\u00fcnc\u00fc dam\u0131t\u0131r gurbetin kavruk memesindenve emzirirhasretin yan\u0131k y\u00fczl\u00fc \u00e7o\u00e7u\u011funu Sen ey sabr\u0131n ve \u00fcz\u00fcnc\u00fcn dervi\u015fi ba\u015f\u0131n\u0131 zaman\u0131n g\u00f6\u011fs\u00fcne koy ve dinle yaln\u0131zl\u0131\u011f\u0131n i\u00e7 \u00e7eki\u015flerini Yaln\u0131zl\u0131klar ki suskun bir ak\u015fam \u00fcst\u00fcd\u00fcr usulca \u00f6rt\u00fclecektir gecenin sessiz t\u00fcl\u00fcn\u00fcve d\u00fc\u015fecektir ince bir r\u00fczgarlah\u00fczn\u00fcn harmaniyesi Ey yenilgilerin bezgin [&hellip;]<\/p>\n","protected":false},"author":1,"featured_media":0,"comment_status":"open","ping_status":"open","sticky":false,"template":"","format":"standard","meta":{"footnotes":""},"categories":[7],"tags":[],"class_list":{"0":"post-6476","1":"post","2":"type-post","3":"status-publish","4":"format-standard","6":"category-ahmet-telli"},"yoast_head":"<!-- This site is optimized with the Yoast SEO Premium plugin v24.9 (Yoast SEO v24.9) - https:\/\/yoast.com\/wordpress\/plugins\/seo\/ -->\n<title>B\u0130R H\u00dcZ\u00dcN MEVS\u0130M\u0130NDEN \u00c7IKARKEN KALB\u0130M - narteks.net<\/title>\n<meta name=\"robots\" content=\"index, follow, max-snippet:-1, max-image-preview:large, max-video-preview:-1\" \/>\n<link rel=\"canonical\" href=\"https:\/\/narteks.net\/index.php\/2011\/06\/07\/bir-huzun-mevsiminden-cikarken-kalbim\/\" \/>\n<meta property=\"og:locale\" content=\"tr_TR\" \/>\n<meta property=\"og:type\" content=\"article\" \/>\n<meta property=\"og:title\" content=\"B\u0130R H\u00dcZ\u00dcN MEVS\u0130M\u0130NDEN \u00c7IKARKEN KALB\u0130M\" \/>\n<meta property=\"og:description\" content=\"\u00a0 Ayr\u0131l\u0131klar\u0131n puslu aynas\u0131ndad\u0131r bekleyi\u015flerin solgun y\u00fcz\u00fcBekleyi\u015fler ki demleni\u015fidir sabr\u0131ndam\u0131t\u0131r sessizli\u011fi ve \u00fcz\u00fcnc\u00fc dam\u0131t\u0131r gurbetin kavruk memesindenve emzirirhasretin yan\u0131k y\u00fczl\u00fc \u00e7o\u00e7u\u011funu Sen ey sabr\u0131n ve \u00fcz\u00fcnc\u00fcn dervi\u015fi ba\u015f\u0131n\u0131 zaman\u0131n g\u00f6\u011fs\u00fcne koy ve dinle yaln\u0131zl\u0131\u011f\u0131n i\u00e7 \u00e7eki\u015flerini Yaln\u0131zl\u0131klar ki suskun bir ak\u015fam \u00fcst\u00fcd\u00fcr usulca \u00f6rt\u00fclecektir gecenin sessiz t\u00fcl\u00fcn\u00fcve d\u00fc\u015fecektir ince bir r\u00fczgarlah\u00fczn\u00fcn harmaniyesi Ey yenilgilerin bezgin [&hellip;]\" \/>\n<meta property=\"og:url\" content=\"https:\/\/narteks.net\/index.php\/2011\/06\/07\/bir-huzun-mevsiminden-cikarken-kalbim\/\" \/>\n<meta property=\"og:site_name\" content=\"narteks.net\" \/>\n<meta property=\"article:published_time\" content=\"2011-06-07T12:22:50+00:00\" \/>\n<meta property=\"og:image\" content=\"https:\/\/narteks.net\/wp-content\/uploads\/narteks.png\" \/>\n\t<meta property=\"og:image:width\" content=\"300\" \/>\n\t<meta property=\"og:image:height\" content=\"90\" \/>\n\t<meta property=\"og:image:type\" content=\"image\/png\" \/>\n<meta name=\"author\" content=\"Tar\u0131k\" \/>\n<meta name=\"twitter:card\" content=\"summary_large_image\" \/>\n<meta name=\"twitter:creator\" content=\"@narteks\" \/>\n<meta name=\"twitter:site\" content=\"@narteks\" \/>\n<meta name=\"twitter:label1\" content=\"Yazan:\" \/>\n\t<meta name=\"twitter:data1\" content=\"Tar\u0131k\" \/>\n\t<meta name=\"twitter:label2\" content=\"Tahmini okuma s\u00fcresi\" \/>\n\t<meta name=\"twitter:data2\" content=\"1 dakika\" \/>\n<script type=\"application\/ld+json\" class=\"yoast-schema-graph\">{\"@context\":\"https:\/\/schema.org\",\"@graph\":[{\"@type\":\"Article\",\"@id\":\"https:\/\/narteks.net\/index.php\/2011\/06\/07\/bir-huzun-mevsiminden-cikarken-kalbim\/#article\",\"isPartOf\":{\"@id\":\"https:\/\/narteks.net\/index.php\/2011\/06\/07\/bir-huzun-mevsiminden-cikarken-kalbim\/\"},\"author\":{\"name\":\"Tar\u0131k\",\"@id\":\"https:\/\/narteks.net\/#\/schema\/person\/61f37d9834294b72d31d274e7ed79bca\"},\"headline\":\"B\u0130R H\u00dcZ\u00dcN MEVS\u0130M\u0130NDEN \u00c7IKARKEN KALB\u0130M\",\"datePublished\":\"2011-06-07T12:22:50+00:00\",\"mainEntityOfPage\":{\"@id\":\"https:\/\/narteks.net\/index.php\/2011\/06\/07\/bir-huzun-mevsiminden-cikarken-kalbim\/\"},\"wordCount\":260,\"commentCount\":0,\"publisher\":{\"@id\":\"https:\/\/narteks.net\/#organization\"},\"articleSection\":[\"Ahmet TELL\u0130\"],\"inLanguage\":\"tr\",\"potentialAction\":[{\"@type\":\"CommentAction\",\"name\":\"Comment\",\"target\":[\"https:\/\/narteks.net\/index.php\/2011\/06\/07\/bir-huzun-mevsiminden-cikarken-kalbim\/#respond\"]}]},{\"@type\":\"WebPage\",\"@id\":\"https:\/\/narteks.net\/index.php\/2011\/06\/07\/bir-huzun-mevsiminden-cikarken-kalbim\/\",\"url\":\"https:\/\/narteks.net\/index.php\/2011\/06\/07\/bir-huzun-mevsiminden-cikarken-kalbim\/\",\"name\":\"B\u0130R H\u00dcZ\u00dcN MEVS\u0130M\u0130NDEN \u00c7IKARKEN KALB\u0130M - narteks.net\",\"isPartOf\":{\"@id\":\"https:\/\/narteks.net\/#website\"},\"datePublished\":\"2011-06-07T12:22:50+00:00\",\"breadcrumb\":{\"@id\":\"https:\/\/narteks.net\/index.php\/2011\/06\/07\/bir-huzun-mevsiminden-cikarken-kalbim\/#breadcrumb\"},\"inLanguage\":\"tr\",\"potentialAction\":[{\"@type\":\"ReadAction\",\"target\":[\"https:\/\/narteks.net\/index.php\/2011\/06\/07\/bir-huzun-mevsiminden-cikarken-kalbim\/\"]}]},{\"@type\":\"BreadcrumbList\",\"@id\":\"https:\/\/narteks.net\/index.php\/2011\/06\/07\/bir-huzun-mevsiminden-cikarken-kalbim\/#breadcrumb\",\"itemListElement\":[{\"@type\":\"ListItem\",\"position\":1,\"name\":\"Anasayfa\",\"item\":\"https:\/\/narteks.net\/\"},{\"@type\":\"ListItem\",\"position\":2,\"name\":\"B\u0130R H\u00dcZ\u00dcN MEVS\u0130M\u0130NDEN \u00c7IKARKEN KALB\u0130M\"}]},{\"@type\":\"WebSite\",\"@id\":\"https:\/\/narteks.net\/#website\",\"url\":\"https:\/\/narteks.net\/\",\"name\":\"narteks.net\",\"description\":\"K\u00fclt\u00fcr Sanat Edebiyat Felsefe\",\"publisher\":{\"@id\":\"https:\/\/narteks.net\/#organization\"},\"alternateName\":\"K\u00fclt\u00fcr Sanat Edebiyat Felsefe\",\"potentialAction\":[{\"@type\":\"SearchAction\",\"target\":{\"@type\":\"EntryPoint\",\"urlTemplate\":\"https:\/\/narteks.net\/?s={search_term_string}\"},\"query-input\":{\"@type\":\"PropertyValueSpecification\",\"valueRequired\":true,\"valueName\":\"search_term_string\"}}],\"inLanguage\":\"tr\"},{\"@type\":\"Organization\",\"@id\":\"https:\/\/narteks.net\/#organization\",\"name\":\"narteks.net\",\"url\":\"https:\/\/narteks.net\/\",\"logo\":{\"@type\":\"ImageObject\",\"inLanguage\":\"tr\",\"@id\":\"https:\/\/narteks.net\/#\/schema\/logo\/image\/\",\"url\":\"https:\/\/narteks.net\/wp-content\/uploads\/narteks.png\",\"contentUrl\":\"https:\/\/narteks.net\/wp-content\/uploads\/narteks.png\",\"width\":300,\"height\":90,\"caption\":\"narteks.net\"},\"image\":{\"@id\":\"https:\/\/narteks.net\/#\/schema\/logo\/image\/\"},\"sameAs\":[\"https:\/\/x.com\/narteks\",\"https:\/\/instagram.com\/narteksnet\"]},{\"@type\":\"Person\",\"@id\":\"https:\/\/narteks.net\/#\/schema\/person\/61f37d9834294b72d31d274e7ed79bca\",\"name\":\"Tar\u0131k\",\"image\":{\"@type\":\"ImageObject\",\"inLanguage\":\"tr\",\"@id\":\"https:\/\/narteks.net\/#\/schema\/person\/image\/\",\"url\":\"https:\/\/secure.gravatar.com\/avatar\/50865afb55632c4ae467e0af0930f6510aa2297d8014be502a55b14f3b7550cf?s=96&d=mm&r=g\",\"contentUrl\":\"https:\/\/secure.gravatar.com\/avatar\/50865afb55632c4ae467e0af0930f6510aa2297d8014be502a55b14f3b7550cf?s=96&d=mm&r=g\",\"caption\":\"Tar\u0131k\"},\"sameAs\":[\"http:\/\/narteks.net\"],\"url\":\"https:\/\/narteks.net\/index.php\/author\/narbak\/\"}]}<\/script>\n<!-- \/ Yoast SEO Premium plugin. -->","yoast_head_json":{"title":"B\u0130R H\u00dcZ\u00dcN MEVS\u0130M\u0130NDEN \u00c7IKARKEN KALB\u0130M - narteks.net","robots":{"index":"index","follow":"follow","max-snippet":"max-snippet:-1","max-image-preview":"max-image-preview:large","max-video-preview":"max-video-preview:-1"},"canonical":"https:\/\/narteks.net\/index.php\/2011\/06\/07\/bir-huzun-mevsiminden-cikarken-kalbim\/","og_locale":"tr_TR","og_type":"article","og_title":"B\u0130R H\u00dcZ\u00dcN MEVS\u0130M\u0130NDEN \u00c7IKARKEN KALB\u0130M","og_description":"\u00a0 Ayr\u0131l\u0131klar\u0131n puslu aynas\u0131ndad\u0131r bekleyi\u015flerin solgun y\u00fcz\u00fcBekleyi\u015fler ki demleni\u015fidir sabr\u0131ndam\u0131t\u0131r sessizli\u011fi ve \u00fcz\u00fcnc\u00fc dam\u0131t\u0131r gurbetin kavruk memesindenve emzirirhasretin yan\u0131k y\u00fczl\u00fc \u00e7o\u00e7u\u011funu Sen ey sabr\u0131n ve \u00fcz\u00fcnc\u00fcn dervi\u015fi ba\u015f\u0131n\u0131 zaman\u0131n g\u00f6\u011fs\u00fcne koy ve dinle yaln\u0131zl\u0131\u011f\u0131n i\u00e7 \u00e7eki\u015flerini Yaln\u0131zl\u0131klar ki suskun bir ak\u015fam \u00fcst\u00fcd\u00fcr usulca \u00f6rt\u00fclecektir gecenin sessiz t\u00fcl\u00fcn\u00fcve d\u00fc\u015fecektir ince bir r\u00fczgarlah\u00fczn\u00fcn harmaniyesi Ey yenilgilerin bezgin [&hellip;]","og_url":"https:\/\/narteks.net\/index.php\/2011\/06\/07\/bir-huzun-mevsiminden-cikarken-kalbim\/","og_site_name":"narteks.net","article_published_time":"2011-06-07T12:22:50+00:00","og_image":[{"width":300,"height":90,"url":"https:\/\/narteks.net\/wp-content\/uploads\/narteks.png","type":"image\/png"}],"author":"Tar\u0131k","twitter_card":"summary_large_image","twitter_creator":"@narteks","twitter_site":"@narteks","twitter_misc":{"Yazan:":"Tar\u0131k","Tahmini okuma s\u00fcresi":"1 dakika"},"schema":{"@context":"https:\/\/schema.org","@graph":[{"@type":"Article","@id":"https:\/\/narteks.net\/index.php\/2011\/06\/07\/bir-huzun-mevsiminden-cikarken-kalbim\/#article","isPartOf":{"@id":"https:\/\/narteks.net\/index.php\/2011\/06\/07\/bir-huzun-mevsiminden-cikarken-kalbim\/"},"author":{"name":"Tar\u0131k","@id":"https:\/\/narteks.net\/#\/schema\/person\/61f37d9834294b72d31d274e7ed79bca"},"headline":"B\u0130R H\u00dcZ\u00dcN MEVS\u0130M\u0130NDEN \u00c7IKARKEN KALB\u0130M","datePublished":"2011-06-07T12:22:50+00:00","mainEntityOfPage":{"@id":"https:\/\/narteks.net\/index.php\/2011\/06\/07\/bir-huzun-mevsiminden-cikarken-kalbim\/"},"wordCount":260,"commentCount":0,"publisher":{"@id":"https:\/\/narteks.net\/#organization"},"articleSection":["Ahmet TELL\u0130"],"inLanguage":"tr","potentialAction":[{"@type":"CommentAction","name":"Comment","target":["https:\/\/narteks.net\/index.php\/2011\/06\/07\/bir-huzun-mevsiminden-cikarken-kalbim\/#respond"]}]},{"@type":"WebPage","@id":"https:\/\/narteks.net\/index.php\/2011\/06\/07\/bir-huzun-mevsiminden-cikarken-kalbim\/","url":"https:\/\/narteks.net\/index.php\/2011\/06\/07\/bir-huzun-mevsiminden-cikarken-kalbim\/","name":"B\u0130R H\u00dcZ\u00dcN MEVS\u0130M\u0130NDEN \u00c7IKARKEN KALB\u0130M - narteks.net","isPartOf":{"@id":"https:\/\/narteks.net\/#website"},"datePublished":"2011-06-07T12:22:50+00:00","breadcrumb":{"@id":"https:\/\/narteks.net\/index.php\/2011\/06\/07\/bir-huzun-mevsiminden-cikarken-kalbim\/#breadcrumb"},"inLanguage":"tr","potentialAction":[{"@type":"ReadAction","target":["https:\/\/narteks.net\/index.php\/2011\/06\/07\/bir-huzun-mevsiminden-cikarken-kalbim\/"]}]},{"@type":"BreadcrumbList","@id":"https:\/\/narteks.net\/index.php\/2011\/06\/07\/bir-huzun-mevsiminden-cikarken-kalbim\/#breadcrumb","itemListElement":[{"@type":"ListItem","position":1,"name":"Anasayfa","item":"https:\/\/narteks.net\/"},{"@type":"ListItem","position":2,"name":"B\u0130R H\u00dcZ\u00dcN MEVS\u0130M\u0130NDEN \u00c7IKARKEN KALB\u0130M"}]},{"@type":"WebSite","@id":"https:\/\/narteks.net\/#website","url":"https:\/\/narteks.net\/","name":"narteks.net","description":"K\u00fclt\u00fcr Sanat Edebiyat Felsefe","publisher":{"@id":"https:\/\/narteks.net\/#organization"},"alternateName":"K\u00fclt\u00fcr Sanat Edebiyat Felsefe","potentialAction":[{"@type":"SearchAction","target":{"@type":"EntryPoint","urlTemplate":"https:\/\/narteks.net\/?s={search_term_string}"},"query-input":{"@type":"PropertyValueSpecification","valueRequired":true,"valueName":"search_term_string"}}],"inLanguage":"tr"},{"@type":"Organization","@id":"https:\/\/narteks.net\/#organization","name":"narteks.net","url":"https:\/\/narteks.net\/","logo":{"@type":"ImageObject","inLanguage":"tr","@id":"https:\/\/narteks.net\/#\/schema\/logo\/image\/","url":"https:\/\/narteks.net\/wp-content\/uploads\/narteks.png","contentUrl":"https:\/\/narteks.net\/wp-content\/uploads\/narteks.png","width":300,"height":90,"caption":"narteks.net"},"image":{"@id":"https:\/\/narteks.net\/#\/schema\/logo\/image\/"},"sameAs":["https:\/\/x.com\/narteks","https:\/\/instagram.com\/narteksnet"]},{"@type":"Person","@id":"https:\/\/narteks.net\/#\/schema\/person\/61f37d9834294b72d31d274e7ed79bca","name":"Tar\u0131k","image":{"@type":"ImageObject","inLanguage":"tr","@id":"https:\/\/narteks.net\/#\/schema\/person\/image\/","url":"https:\/\/secure.gravatar.com\/avatar\/50865afb55632c4ae467e0af0930f6510aa2297d8014be502a55b14f3b7550cf?s=96&d=mm&r=g","contentUrl":"https:\/\/secure.gravatar.com\/avatar\/50865afb55632c4ae467e0af0930f6510aa2297d8014be502a55b14f3b7550cf?s=96&d=mm&r=g","caption":"Tar\u0131k"},"sameAs":["http:\/\/narteks.net"],"url":"https:\/\/narteks.net\/index.php\/author\/narbak\/"}]}},"_links":{"self":[{"href":"https:\/\/narteks.net\/index.php\/wp-json\/wp\/v2\/posts\/6476","targetHints":{"allow":["GET"]}}],"collection":[{"href":"https:\/\/narteks.net\/index.php\/wp-json\/wp\/v2\/posts"}],"about":[{"href":"https:\/\/narteks.net\/index.php\/wp-json\/wp\/v2\/types\/post"}],"author":[{"embeddable":true,"href":"https:\/\/narteks.net\/index.php\/wp-json\/wp\/v2\/users\/1"}],"replies":[{"embeddable":true,"href":"https:\/\/narteks.net\/index.php\/wp-json\/wp\/v2\/comments?post=6476"}],"version-history":[{"count":0,"href":"https:\/\/narteks.net\/index.php\/wp-json\/wp\/v2\/posts\/6476\/revisions"}],"wp:attachment":[{"href":"https:\/\/narteks.net\/index.php\/wp-json\/wp\/v2\/media?parent=6476"}],"wp:term":[{"taxonomy":"category","embeddable":true,"href":"https:\/\/narteks.net\/index.php\/wp-json\/wp\/v2\/categories?post=6476"},{"taxonomy":"post_tag","embeddable":true,"href":"https:\/\/narteks.net\/index.php\/wp-json\/wp\/v2\/tags?post=6476"}],"curies":[{"name":"wp","href":"https:\/\/api.w.org\/{rel}","templated":true}]}}