{"id":6481,"date":"2011-06-08T10:33:06","date_gmt":"2011-06-08T07:33:06","guid":{"rendered":"http:\/\/localhost\/wordpress\/2011\/06\/08\/ahmet-hasim-biyografisi\/"},"modified":"2011-06-08T10:33:06","modified_gmt":"2011-06-08T07:33:06","slug":"ahmet-hasim-biyografisi","status":"publish","type":"post","link":"https:\/\/narteks.net\/index.php\/2011\/06\/08\/ahmet-hasim-biyografisi\/","title":{"rendered":"Ahmet HA\u015e\u0130M Biyografisi"},"content":{"rendered":"<p style=\"text-align: justify;\"><img loading=\"lazy\" decoding=\"async\" src=\"http:\/\/farm2.static.flickr.com\/1147\/3269668463_484b085244.jpg\" border=\"0\" width=\"155\" height=\"205\" style=\"float: left;\" \/>Ahmet Ha\u015fim (d. 1884, Ba\u011fdat &#8211; \u00f6. 4 Haziran 1933, Kad\u0131k\u00f6y, \u0130stanbul) Sembolizmin \u00f6nc\u00fclerinden T\u00fcrk \u015fair.<\/p>\n<p>Ba\u011fdat&#8217;ta do\u011fmu\u015ftur. Babas\u0131 m\u00fclkiye kaymakamlar\u0131ndan ve Ba\u011fdat&#8217;\u0131n eski ve bilinen ailelerinden birine mensup Ahmet Hikmet Bey; annesi ise yine Ba\u011fdat&#8217;\u0131n ileri gelenlerinden Kahyazadeler&#8217;in k\u0131z\u0131 Sara Han\u0131m&#8217;d\u0131r. Babas\u0131n\u0131n Arabistan vil\u00e2yetlerindeki memuriyetleri sebebiyle d\u00fczensiz bir ilkokul tahsili g\u00f6rd\u00fc. Dil olarak da ayn\u0131 sebepten sadece Arap\u00e7a \u00f6\u011frendi.Annesinin \u00f6l\u00fcm\u00fc \u00fczerine 12 ya\u015f\u0131nda babas\u0131yla birlikte \u0130stanbul&#8217;a geldi. 1897&#8217;de Galatasaray Sultan\u00eesine yat\u0131l\u0131 olarak verildi. 1907&#8217;de mezun olunca Reji \u0130daresine memur olarak girdi. Bir taraftan da Mekteb-i Hukuk&#8217;a devam etti. I. D\u00fcnya Sava\u015f\u0131&#8217;ndaki askerli\u011fi (1914 &#8211; 1918) s\u0131ras\u0131nda Anadolu&#8217;nun \u00e7e\u015fitli yerlerini g\u00f6rme f\u0131rsat\u0131 buldu. 1924&#8217;te Paris&#8217;e, 1932&#8217;de de hastal\u0131\u011f\u0131 sebebiyle Frankfurt&#8217;a gitti. \u00c7e\u015fitli yerlerde memur olarak \u00e7al\u0131\u015fan H\u00e2\u015fim, daha \u00e7ok \u00f6\u011fretmenlik yapt\u0131. San\u00e2yi-i Nefise Mektebinde (G\u00fczel Sanatlar Akademisi) mitoloji dersleri hocal\u0131\u011f\u0131 ve M\u00fclkiye Mektebindeki Frans\u0131zca \u00f6\u011fretmenli\u011fi g\u00f6revlerine \u00f6l\u00fcnceye kadar devam etti.H\u00e2\u015fim&#8217;in sanat ve edebiyata ilgisi Galatasaray Sultan\u00eesinde ba\u015flar. Bilinen ilk manzumesi &#8220;Ley\u00e2l-i A\u015fk\u0131m&#8221; 1901&#8217;de &#8220;Mecmua-i Edebiyye&#8221;de yay\u0131nland\u0131. Bu d\u00f6nemde Muallim Naci, Abd\u00fclhak H\u00e2mid, Tevfik Fikret ve Cenab \u015eahabeddin&#8217;in tesiri alt\u0131nda kald\u0131. Son s\u0131n\u0131fta iken Frans\u0131z \u015fiirini ve sembolistleri tan\u0131d\u0131. Bundan sonra kendi \u015fahsiyetini g\u00f6sterdi ve ilk \u015fiirlerini kitaplar\u0131na almad\u0131. 1905 &#8211; 1908 y\u0131llar\u0131 aras\u0131nda yazd\u0131\u011f\u0131 ve Piy\u00e2le kitab\u0131na ald\u0131\u011f\u0131 &#8220;\u015ei&#8217;r-i Kamer&#8221; serisindeki \u015fiirleri hayal zenginli\u011fi, i\u00e7 ahenkteki kuvvet ve b\u00fcy\u00fck telkin kabiliyeti ile dikkat \u00e7ekti ve be\u011fenildi. 1909&#8217;da kurulan Fecr-i \u00c2t\u00ee&#8217;ye girdi. &#8220;Edebiyat\u0131 ideolojinin de\u011fil, esteti\u011fin emrine vermek&#8221; prensibinden hareket eden Fecr-i \u00c2t\u00ee grubunun yay\u0131n organ\u0131 Servet-i F\u00fcn\u00fbn dergisinde \u015fiirler yay\u0131nlad\u0131 ve Servet-i F\u00fcn\u00fbn &#8211; Edebiyat-\u0131 Cedide &#8211; toplulu\u011funa yap\u0131lan h\u00fccumlara makaleleriyle kat\u0131ld\u0131. 1911&#8217;de yay\u0131nlanan G\u00f6l Saatleri adl\u0131 \u015fiirleriyle hakl\u0131 bir \u015f\u00f6hret kazand\u0131. Fecr-i At\u00ee da\u011f\u0131ld\u0131ktan sonra siyas\u00ee ve edeb\u00ee ak\u0131mlar\u0131n d\u0131\u015f\u0131nda kendisine has bir \u015fiir ve nesir anlay\u0131\u015f\u0131n\u0131n tek temsilcisi olarak kald\u0131.<\/p>\n<p>D\u0131\u015f d\u00fcnya g\u00f6zlemlerini kendi prizmas\u0131ndan ge\u00e7irerek anlat\u0131r; sonbahar ak\u015fam k\u0131z\u0131ll\u0131\u011f\u0131 ve karamsarl\u0131k \u00f6nemli temalard\u0131r. Ahmet Ha\u015fim f\u0131kralar\u0131, denemeleri ve gezi yaz\u0131lar\u0131yla da \u00f6nemli bir yazar\u0131m\u0131zd\u0131r. D\u00fcz yaz\u0131lar\u0131nda dili sade ve olduk\u00e7a ba\u015far\u0131l\u0131d\u0131r.<\/p>\n","protected":false},"excerpt":{"rendered":"<p>Ahmet Ha\u015fim (d. 1884, Ba\u011fdat &#8211; \u00f6. 4 Haziran 1933, Kad\u0131k\u00f6y, \u0130stanbul) Sembolizmin \u00f6nc\u00fclerinden T\u00fcrk \u015fair. Ba\u011fdat&#8217;ta do\u011fmu\u015ftur. Babas\u0131 m\u00fclkiye kaymakamlar\u0131ndan ve Ba\u011fdat&#8217;\u0131n eski ve bilinen ailelerinden birine mensup Ahmet Hikmet Bey; annesi ise yine Ba\u011fdat&#8217;\u0131n ileri gelenlerinden Kahyazadeler&#8217;in k\u0131z\u0131 Sara Han\u0131m&#8217;d\u0131r. Babas\u0131n\u0131n Arabistan vil\u00e2yetlerindeki memuriyetleri sebebiyle d\u00fczensiz bir ilkokul tahsili g\u00f6rd\u00fc. Dil olarak da [&hellip;]<\/p>\n","protected":false},"author":1,"featured_media":0,"comment_status":"open","ping_status":"open","sticky":false,"template":"","format":"standard","meta":{"footnotes":""},"categories":[191],"tags":[],"class_list":{"0":"post-6481","1":"post","2":"type-post","3":"status-publish","4":"format-standard","6":"category-ahmet-hasim"},"yoast_head":"<!-- This site is optimized with the Yoast SEO Premium plugin v24.9 (Yoast SEO v24.9) - https:\/\/yoast.com\/wordpress\/plugins\/seo\/ -->\n<title>Ahmet HA\u015e\u0130M Biyografisi - narteks.net<\/title>\n<meta name=\"robots\" content=\"index, follow, max-snippet:-1, max-image-preview:large, max-video-preview:-1\" \/>\n<link rel=\"canonical\" href=\"https:\/\/narteks.net\/index.php\/2011\/06\/08\/ahmet-hasim-biyografisi\/\" \/>\n<meta property=\"og:locale\" content=\"tr_TR\" \/>\n<meta property=\"og:type\" content=\"article\" \/>\n<meta property=\"og:title\" content=\"Ahmet HA\u015e\u0130M Biyografisi\" \/>\n<meta property=\"og:description\" content=\"Ahmet Ha\u015fim (d. 1884, Ba\u011fdat &#8211; \u00f6. 4 Haziran 1933, Kad\u0131k\u00f6y, \u0130stanbul) Sembolizmin \u00f6nc\u00fclerinden T\u00fcrk \u015fair. Ba\u011fdat&#8217;ta do\u011fmu\u015ftur. Babas\u0131 m\u00fclkiye kaymakamlar\u0131ndan ve Ba\u011fdat&#8217;\u0131n eski ve bilinen ailelerinden birine mensup Ahmet Hikmet Bey; annesi ise yine Ba\u011fdat&#8217;\u0131n ileri gelenlerinden Kahyazadeler&#8217;in k\u0131z\u0131 Sara Han\u0131m&#8217;d\u0131r. Babas\u0131n\u0131n Arabistan vil\u00e2yetlerindeki memuriyetleri sebebiyle d\u00fczensiz bir ilkokul tahsili g\u00f6rd\u00fc. Dil olarak da [&hellip;]\" \/>\n<meta property=\"og:url\" content=\"https:\/\/narteks.net\/index.php\/2011\/06\/08\/ahmet-hasim-biyografisi\/\" \/>\n<meta property=\"og:site_name\" content=\"narteks.net\" \/>\n<meta property=\"article:published_time\" content=\"2011-06-08T07:33:06+00:00\" \/>\n<meta property=\"og:image\" content=\"http:\/\/farm2.static.flickr.com\/1147\/3269668463_484b085244.jpg\" \/>\n<meta name=\"author\" content=\"Tar\u0131k\" \/>\n<meta name=\"twitter:card\" content=\"summary_large_image\" \/>\n<meta name=\"twitter:creator\" content=\"@narteks\" \/>\n<meta name=\"twitter:site\" content=\"@narteks\" \/>\n<meta name=\"twitter:label1\" content=\"Yazan:\" \/>\n\t<meta name=\"twitter:data1\" content=\"Tar\u0131k\" \/>\n\t<meta name=\"twitter:label2\" content=\"Tahmini okuma s\u00fcresi\" \/>\n\t<meta name=\"twitter:data2\" content=\"2 dakika\" \/>\n<script type=\"application\/ld+json\" class=\"yoast-schema-graph\">{\"@context\":\"https:\/\/schema.org\",\"@graph\":[{\"@type\":\"Article\",\"@id\":\"https:\/\/narteks.net\/index.php\/2011\/06\/08\/ahmet-hasim-biyografisi\/#article\",\"isPartOf\":{\"@id\":\"https:\/\/narteks.net\/index.php\/2011\/06\/08\/ahmet-hasim-biyografisi\/\"},\"author\":{\"name\":\"Tar\u0131k\",\"@id\":\"https:\/\/narteks.net\/#\/schema\/person\/61f37d9834294b72d31d274e7ed79bca\"},\"headline\":\"Ahmet HA\u015e\u0130M Biyografisi\",\"datePublished\":\"2011-06-08T07:33:06+00:00\",\"mainEntityOfPage\":{\"@id\":\"https:\/\/narteks.net\/index.php\/2011\/06\/08\/ahmet-hasim-biyografisi\/\"},\"wordCount\":431,\"commentCount\":0,\"publisher\":{\"@id\":\"https:\/\/narteks.net\/#organization\"},\"image\":{\"@id\":\"https:\/\/narteks.net\/index.php\/2011\/06\/08\/ahmet-hasim-biyografisi\/#primaryimage\"},\"thumbnailUrl\":\"http:\/\/farm2.static.flickr.com\/1147\/3269668463_484b085244.jpg\",\"articleSection\":[\"Ahmet HA\u015e\u0130M\"],\"inLanguage\":\"tr\",\"potentialAction\":[{\"@type\":\"CommentAction\",\"name\":\"Comment\",\"target\":[\"https:\/\/narteks.net\/index.php\/2011\/06\/08\/ahmet-hasim-biyografisi\/#respond\"]}]},{\"@type\":\"WebPage\",\"@id\":\"https:\/\/narteks.net\/index.php\/2011\/06\/08\/ahmet-hasim-biyografisi\/\",\"url\":\"https:\/\/narteks.net\/index.php\/2011\/06\/08\/ahmet-hasim-biyografisi\/\",\"name\":\"Ahmet HA\u015e\u0130M Biyografisi - narteks.net\",\"isPartOf\":{\"@id\":\"https:\/\/narteks.net\/#website\"},\"primaryImageOfPage\":{\"@id\":\"https:\/\/narteks.net\/index.php\/2011\/06\/08\/ahmet-hasim-biyografisi\/#primaryimage\"},\"image\":{\"@id\":\"https:\/\/narteks.net\/index.php\/2011\/06\/08\/ahmet-hasim-biyografisi\/#primaryimage\"},\"thumbnailUrl\":\"http:\/\/farm2.static.flickr.com\/1147\/3269668463_484b085244.jpg\",\"datePublished\":\"2011-06-08T07:33:06+00:00\",\"breadcrumb\":{\"@id\":\"https:\/\/narteks.net\/index.php\/2011\/06\/08\/ahmet-hasim-biyografisi\/#breadcrumb\"},\"inLanguage\":\"tr\",\"potentialAction\":[{\"@type\":\"ReadAction\",\"target\":[\"https:\/\/narteks.net\/index.php\/2011\/06\/08\/ahmet-hasim-biyografisi\/\"]}]},{\"@type\":\"ImageObject\",\"inLanguage\":\"tr\",\"@id\":\"https:\/\/narteks.net\/index.php\/2011\/06\/08\/ahmet-hasim-biyografisi\/#primaryimage\",\"url\":\"http:\/\/farm2.static.flickr.com\/1147\/3269668463_484b085244.jpg\",\"contentUrl\":\"http:\/\/farm2.static.flickr.com\/1147\/3269668463_484b085244.jpg\"},{\"@type\":\"BreadcrumbList\",\"@id\":\"https:\/\/narteks.net\/index.php\/2011\/06\/08\/ahmet-hasim-biyografisi\/#breadcrumb\",\"itemListElement\":[{\"@type\":\"ListItem\",\"position\":1,\"name\":\"Anasayfa\",\"item\":\"https:\/\/narteks.net\/\"},{\"@type\":\"ListItem\",\"position\":2,\"name\":\"Ahmet HA\u015e\u0130M Biyografisi\"}]},{\"@type\":\"WebSite\",\"@id\":\"https:\/\/narteks.net\/#website\",\"url\":\"https:\/\/narteks.net\/\",\"name\":\"narteks.net\",\"description\":\"K\u00fclt\u00fcr Sanat Edebiyat Felsefe\",\"publisher\":{\"@id\":\"https:\/\/narteks.net\/#organization\"},\"alternateName\":\"K\u00fclt\u00fcr Sanat Edebiyat Felsefe\",\"potentialAction\":[{\"@type\":\"SearchAction\",\"target\":{\"@type\":\"EntryPoint\",\"urlTemplate\":\"https:\/\/narteks.net\/?s={search_term_string}\"},\"query-input\":{\"@type\":\"PropertyValueSpecification\",\"valueRequired\":true,\"valueName\":\"search_term_string\"}}],\"inLanguage\":\"tr\"},{\"@type\":\"Organization\",\"@id\":\"https:\/\/narteks.net\/#organization\",\"name\":\"narteks.net\",\"url\":\"https:\/\/narteks.net\/\",\"logo\":{\"@type\":\"ImageObject\",\"inLanguage\":\"tr\",\"@id\":\"https:\/\/narteks.net\/#\/schema\/logo\/image\/\",\"url\":\"https:\/\/narteks.net\/wp-content\/uploads\/narteks.png\",\"contentUrl\":\"https:\/\/narteks.net\/wp-content\/uploads\/narteks.png\",\"width\":300,\"height\":90,\"caption\":\"narteks.net\"},\"image\":{\"@id\":\"https:\/\/narteks.net\/#\/schema\/logo\/image\/\"},\"sameAs\":[\"https:\/\/x.com\/narteks\",\"https:\/\/instagram.com\/narteksnet\"]},{\"@type\":\"Person\",\"@id\":\"https:\/\/narteks.net\/#\/schema\/person\/61f37d9834294b72d31d274e7ed79bca\",\"name\":\"Tar\u0131k\",\"image\":{\"@type\":\"ImageObject\",\"inLanguage\":\"tr\",\"@id\":\"https:\/\/narteks.net\/#\/schema\/person\/image\/\",\"url\":\"https:\/\/secure.gravatar.com\/avatar\/50865afb55632c4ae467e0af0930f6510aa2297d8014be502a55b14f3b7550cf?s=96&d=mm&r=g\",\"contentUrl\":\"https:\/\/secure.gravatar.com\/avatar\/50865afb55632c4ae467e0af0930f6510aa2297d8014be502a55b14f3b7550cf?s=96&d=mm&r=g\",\"caption\":\"Tar\u0131k\"},\"sameAs\":[\"http:\/\/narteks.net\"],\"url\":\"https:\/\/narteks.net\/index.php\/author\/narbak\/\"}]}<\/script>\n<!-- \/ Yoast SEO Premium plugin. -->","yoast_head_json":{"title":"Ahmet HA\u015e\u0130M Biyografisi - narteks.net","robots":{"index":"index","follow":"follow","max-snippet":"max-snippet:-1","max-image-preview":"max-image-preview:large","max-video-preview":"max-video-preview:-1"},"canonical":"https:\/\/narteks.net\/index.php\/2011\/06\/08\/ahmet-hasim-biyografisi\/","og_locale":"tr_TR","og_type":"article","og_title":"Ahmet HA\u015e\u0130M Biyografisi","og_description":"Ahmet Ha\u015fim (d. 1884, Ba\u011fdat &#8211; \u00f6. 4 Haziran 1933, Kad\u0131k\u00f6y, \u0130stanbul) Sembolizmin \u00f6nc\u00fclerinden T\u00fcrk \u015fair. Ba\u011fdat&#8217;ta do\u011fmu\u015ftur. Babas\u0131 m\u00fclkiye kaymakamlar\u0131ndan ve Ba\u011fdat&#8217;\u0131n eski ve bilinen ailelerinden birine mensup Ahmet Hikmet Bey; annesi ise yine Ba\u011fdat&#8217;\u0131n ileri gelenlerinden Kahyazadeler&#8217;in k\u0131z\u0131 Sara Han\u0131m&#8217;d\u0131r. Babas\u0131n\u0131n Arabistan vil\u00e2yetlerindeki memuriyetleri sebebiyle d\u00fczensiz bir ilkokul tahsili g\u00f6rd\u00fc. Dil olarak da [&hellip;]","og_url":"https:\/\/narteks.net\/index.php\/2011\/06\/08\/ahmet-hasim-biyografisi\/","og_site_name":"narteks.net","article_published_time":"2011-06-08T07:33:06+00:00","og_image":[{"url":"http:\/\/farm2.static.flickr.com\/1147\/3269668463_484b085244.jpg","type":"","width":"","height":""}],"author":"Tar\u0131k","twitter_card":"summary_large_image","twitter_creator":"@narteks","twitter_site":"@narteks","twitter_misc":{"Yazan:":"Tar\u0131k","Tahmini okuma s\u00fcresi":"2 dakika"},"schema":{"@context":"https:\/\/schema.org","@graph":[{"@type":"Article","@id":"https:\/\/narteks.net\/index.php\/2011\/06\/08\/ahmet-hasim-biyografisi\/#article","isPartOf":{"@id":"https:\/\/narteks.net\/index.php\/2011\/06\/08\/ahmet-hasim-biyografisi\/"},"author":{"name":"Tar\u0131k","@id":"https:\/\/narteks.net\/#\/schema\/person\/61f37d9834294b72d31d274e7ed79bca"},"headline":"Ahmet HA\u015e\u0130M Biyografisi","datePublished":"2011-06-08T07:33:06+00:00","mainEntityOfPage":{"@id":"https:\/\/narteks.net\/index.php\/2011\/06\/08\/ahmet-hasim-biyografisi\/"},"wordCount":431,"commentCount":0,"publisher":{"@id":"https:\/\/narteks.net\/#organization"},"image":{"@id":"https:\/\/narteks.net\/index.php\/2011\/06\/08\/ahmet-hasim-biyografisi\/#primaryimage"},"thumbnailUrl":"http:\/\/farm2.static.flickr.com\/1147\/3269668463_484b085244.jpg","articleSection":["Ahmet HA\u015e\u0130M"],"inLanguage":"tr","potentialAction":[{"@type":"CommentAction","name":"Comment","target":["https:\/\/narteks.net\/index.php\/2011\/06\/08\/ahmet-hasim-biyografisi\/#respond"]}]},{"@type":"WebPage","@id":"https:\/\/narteks.net\/index.php\/2011\/06\/08\/ahmet-hasim-biyografisi\/","url":"https:\/\/narteks.net\/index.php\/2011\/06\/08\/ahmet-hasim-biyografisi\/","name":"Ahmet HA\u015e\u0130M Biyografisi - narteks.net","isPartOf":{"@id":"https:\/\/narteks.net\/#website"},"primaryImageOfPage":{"@id":"https:\/\/narteks.net\/index.php\/2011\/06\/08\/ahmet-hasim-biyografisi\/#primaryimage"},"image":{"@id":"https:\/\/narteks.net\/index.php\/2011\/06\/08\/ahmet-hasim-biyografisi\/#primaryimage"},"thumbnailUrl":"http:\/\/farm2.static.flickr.com\/1147\/3269668463_484b085244.jpg","datePublished":"2011-06-08T07:33:06+00:00","breadcrumb":{"@id":"https:\/\/narteks.net\/index.php\/2011\/06\/08\/ahmet-hasim-biyografisi\/#breadcrumb"},"inLanguage":"tr","potentialAction":[{"@type":"ReadAction","target":["https:\/\/narteks.net\/index.php\/2011\/06\/08\/ahmet-hasim-biyografisi\/"]}]},{"@type":"ImageObject","inLanguage":"tr","@id":"https:\/\/narteks.net\/index.php\/2011\/06\/08\/ahmet-hasim-biyografisi\/#primaryimage","url":"http:\/\/farm2.static.flickr.com\/1147\/3269668463_484b085244.jpg","contentUrl":"http:\/\/farm2.static.flickr.com\/1147\/3269668463_484b085244.jpg"},{"@type":"BreadcrumbList","@id":"https:\/\/narteks.net\/index.php\/2011\/06\/08\/ahmet-hasim-biyografisi\/#breadcrumb","itemListElement":[{"@type":"ListItem","position":1,"name":"Anasayfa","item":"https:\/\/narteks.net\/"},{"@type":"ListItem","position":2,"name":"Ahmet HA\u015e\u0130M Biyografisi"}]},{"@type":"WebSite","@id":"https:\/\/narteks.net\/#website","url":"https:\/\/narteks.net\/","name":"narteks.net","description":"K\u00fclt\u00fcr Sanat Edebiyat Felsefe","publisher":{"@id":"https:\/\/narteks.net\/#organization"},"alternateName":"K\u00fclt\u00fcr Sanat Edebiyat Felsefe","potentialAction":[{"@type":"SearchAction","target":{"@type":"EntryPoint","urlTemplate":"https:\/\/narteks.net\/?s={search_term_string}"},"query-input":{"@type":"PropertyValueSpecification","valueRequired":true,"valueName":"search_term_string"}}],"inLanguage":"tr"},{"@type":"Organization","@id":"https:\/\/narteks.net\/#organization","name":"narteks.net","url":"https:\/\/narteks.net\/","logo":{"@type":"ImageObject","inLanguage":"tr","@id":"https:\/\/narteks.net\/#\/schema\/logo\/image\/","url":"https:\/\/narteks.net\/wp-content\/uploads\/narteks.png","contentUrl":"https:\/\/narteks.net\/wp-content\/uploads\/narteks.png","width":300,"height":90,"caption":"narteks.net"},"image":{"@id":"https:\/\/narteks.net\/#\/schema\/logo\/image\/"},"sameAs":["https:\/\/x.com\/narteks","https:\/\/instagram.com\/narteksnet"]},{"@type":"Person","@id":"https:\/\/narteks.net\/#\/schema\/person\/61f37d9834294b72d31d274e7ed79bca","name":"Tar\u0131k","image":{"@type":"ImageObject","inLanguage":"tr","@id":"https:\/\/narteks.net\/#\/schema\/person\/image\/","url":"https:\/\/secure.gravatar.com\/avatar\/50865afb55632c4ae467e0af0930f6510aa2297d8014be502a55b14f3b7550cf?s=96&d=mm&r=g","contentUrl":"https:\/\/secure.gravatar.com\/avatar\/50865afb55632c4ae467e0af0930f6510aa2297d8014be502a55b14f3b7550cf?s=96&d=mm&r=g","caption":"Tar\u0131k"},"sameAs":["http:\/\/narteks.net"],"url":"https:\/\/narteks.net\/index.php\/author\/narbak\/"}]}},"_links":{"self":[{"href":"https:\/\/narteks.net\/index.php\/wp-json\/wp\/v2\/posts\/6481","targetHints":{"allow":["GET"]}}],"collection":[{"href":"https:\/\/narteks.net\/index.php\/wp-json\/wp\/v2\/posts"}],"about":[{"href":"https:\/\/narteks.net\/index.php\/wp-json\/wp\/v2\/types\/post"}],"author":[{"embeddable":true,"href":"https:\/\/narteks.net\/index.php\/wp-json\/wp\/v2\/users\/1"}],"replies":[{"embeddable":true,"href":"https:\/\/narteks.net\/index.php\/wp-json\/wp\/v2\/comments?post=6481"}],"version-history":[{"count":0,"href":"https:\/\/narteks.net\/index.php\/wp-json\/wp\/v2\/posts\/6481\/revisions"}],"wp:attachment":[{"href":"https:\/\/narteks.net\/index.php\/wp-json\/wp\/v2\/media?parent=6481"}],"wp:term":[{"taxonomy":"category","embeddable":true,"href":"https:\/\/narteks.net\/index.php\/wp-json\/wp\/v2\/categories?post=6481"},{"taxonomy":"post_tag","embeddable":true,"href":"https:\/\/narteks.net\/index.php\/wp-json\/wp\/v2\/tags?post=6481"}],"curies":[{"name":"wp","href":"https:\/\/api.w.org\/{rel}","templated":true}]}}