{"id":649,"date":"2009-04-16T10:39:25","date_gmt":"2009-04-16T07:39:25","guid":{"rendered":"http:\/\/localhost\/wordpress\/2009\/04\/16\/sonrasi-kalir\/"},"modified":"2009-04-16T10:39:25","modified_gmt":"2009-04-16T07:39:25","slug":"sonrasi-kalir","status":"publish","type":"post","link":"https:\/\/narteks.net\/index.php\/2009\/04\/16\/sonrasi-kalir\/","title":{"rendered":"SONRASI KALIR"},"content":{"rendered":"<p>\u00a0<\/p>\n<p>On kal\u0131r benden geriye dokuzdan \u00f6nceki on <br \/> Dokuz de\u011fil on kal\u0131r <br \/> On \u00e7i\u00e7ek, on g\u00fcne\u015f, on haziran <br \/> On eyl\u00fcl, on haziran.. <br \/> On adam kal\u0131r benden, onu da <br \/> Bal gibi parlayan, kekik gibi bunalan <br \/> On adam kal\u0131r. <\/p>\n<p> Ne kal\u0131r ne kal\u0131r <br \/> Tuz gibi susayan, nane gibi yay\u0131lan <br \/> Dokuzu unutulmu\u015f on y\u00fcz m\u00fc kal\u0131r <br \/> Onu da unutulmu\u015f bir \u015fiir belki kal\u0131r <br \/> On \u00e7izik, on \u00e7entik, on dudak izi <br \/> Bir \u00e7ay barda\u011f\u0131nda on dudak izi <br \/> A\u015fklardan sevgilerden <br \/> Suya yeni indirilmi\u015f bir kay\u0131k gibi <br \/> Ak\u0131p ge\u00e7mi\u015fsem, gidip gelmi\u015fsem <br \/> Bir de bu kal\u0131r. <\/p>\n<p> Ne kal\u0131r benden geriye, benden sonras\u0131 kal\u0131r <br \/> As\u0131l bu kal\u0131r. <\/p>\n<p> On yerde adam ge\u00e7se ge\u00e7mese <br \/> Da\u011flardan tepelerden inen bir d\u00fczl\u00fckt\u00fcm, <br \/> anla\u015f\u0131l\u0131r. <\/p>\n<p> Ak\u015fam olur, bir g\u00fcnden dibe \u00e7\u00f6kerim <br \/> Su i\u00e7er,dibe \u00e7\u00f6kerim <br \/> \u0130yimser bir duvarc\u0131y\u0131m, her g\u00fcn bir tu\u011fla <br \/> d\u00fc\u015f\u00fcr\u00fcr\u00fcm elimden <br \/> Bu y\u00fczden gecikirim <br \/> Size bu s\u0131k\u0131nt\u0131 kal\u0131r. <\/p>\n<p> Ne kal\u0131r <\/p>\n<p> Kahvelerde kal\u0131n kal\u0131n kay\u0131s\u0131 vakti <br \/> Di\u015fleri kesmeyenin en az kay\u0131s\u0131 vakti <br \/> Di\u015fleri hi\u00e7 kesmeyenden <br \/> G\u00fcn ge\u00e7er, kendi kal\u0131r <br \/> Kahvelerde kay\u0131s\u0131. <\/p>\n<p> Gezginim, a\u00e7\u0131k denizlerden yanay\u0131m <br \/> Biraz da Akdenizliyim, bu i\u015fte b\u00f6yle kal\u0131r <br \/> Akdenizli herkes konu\u015fur duyarl\u0131\u011f\u0131n\u0131 <br \/> Ba\u015fka ne kal\u0131r <br \/> Biz ki bir konu\u015furuz geriye on \u015fey kal\u0131r. <\/p>\n<p> Ben buyum, dersin, arkada\u015f <br \/> Sevgilim, ben buyum <br \/> Y\u00fcre\u011fim vurgun, di\u015flerim alt\u0131n <br \/> Ceketim sol omzumda <br \/> Vakit vakit incelen vakit.<\/p>\n<p>Edip CANSEVER<\/p>\n","protected":false},"excerpt":{"rendered":"<p>\u00a0 On kal\u0131r benden geriye dokuzdan \u00f6nceki on Dokuz de\u011fil on kal\u0131r On \u00e7i\u00e7ek, on g\u00fcne\u015f, on haziran On eyl\u00fcl, on haziran.. On adam kal\u0131r benden, onu da Bal gibi parlayan, kekik gibi bunalan On adam kal\u0131r. Ne kal\u0131r ne kal\u0131r Tuz gibi susayan, nane gibi yay\u0131lan Dokuzu unutulmu\u015f on y\u00fcz m\u00fc kal\u0131r Onu da [&hellip;]<\/p>\n","protected":false},"author":1,"featured_media":0,"comment_status":"open","ping_status":"open","sticky":false,"template":"","format":"standard","meta":{"footnotes":""},"categories":[19],"tags":[],"class_list":{"0":"post-649","1":"post","2":"type-post","3":"status-publish","4":"format-standard","6":"category-edip-cansever"},"yoast_head":"<!-- This site is optimized with the Yoast SEO Premium plugin v24.9 (Yoast SEO v24.9) - https:\/\/yoast.com\/wordpress\/plugins\/seo\/ -->\n<title>SONRASI KALIR - narteks.net<\/title>\n<meta name=\"robots\" content=\"index, follow, max-snippet:-1, max-image-preview:large, max-video-preview:-1\" \/>\n<link rel=\"canonical\" href=\"https:\/\/narteks.net\/index.php\/2009\/04\/16\/sonrasi-kalir\/\" \/>\n<meta property=\"og:locale\" content=\"tr_TR\" \/>\n<meta property=\"og:type\" content=\"article\" \/>\n<meta property=\"og:title\" content=\"SONRASI KALIR\" \/>\n<meta property=\"og:description\" content=\"\u00a0 On kal\u0131r benden geriye dokuzdan \u00f6nceki on Dokuz de\u011fil on kal\u0131r On \u00e7i\u00e7ek, on g\u00fcne\u015f, on haziran On eyl\u00fcl, on haziran.. On adam kal\u0131r benden, onu da Bal gibi parlayan, kekik gibi bunalan On adam kal\u0131r. Ne kal\u0131r ne kal\u0131r Tuz gibi susayan, nane gibi yay\u0131lan Dokuzu unutulmu\u015f on y\u00fcz m\u00fc kal\u0131r Onu da [&hellip;]\" \/>\n<meta property=\"og:url\" content=\"https:\/\/narteks.net\/index.php\/2009\/04\/16\/sonrasi-kalir\/\" \/>\n<meta property=\"og:site_name\" content=\"narteks.net\" \/>\n<meta property=\"article:published_time\" content=\"2009-04-16T07:39:25+00:00\" \/>\n<meta property=\"og:image\" content=\"https:\/\/narteks.net\/wp-content\/uploads\/narteks.png\" \/>\n\t<meta property=\"og:image:width\" content=\"300\" \/>\n\t<meta property=\"og:image:height\" content=\"90\" \/>\n\t<meta property=\"og:image:type\" content=\"image\/png\" \/>\n<meta name=\"author\" content=\"Tar\u0131k\" \/>\n<meta name=\"twitter:card\" content=\"summary_large_image\" \/>\n<meta name=\"twitter:creator\" content=\"@narteks\" \/>\n<meta name=\"twitter:site\" content=\"@narteks\" \/>\n<meta name=\"twitter:label1\" content=\"Yazan:\" \/>\n\t<meta name=\"twitter:data1\" content=\"Tar\u0131k\" \/>\n\t<meta name=\"twitter:label2\" content=\"Tahmini okuma s\u00fcresi\" \/>\n\t<meta name=\"twitter:data2\" content=\"1 dakika\" \/>\n<script type=\"application\/ld+json\" class=\"yoast-schema-graph\">{\"@context\":\"https:\/\/schema.org\",\"@graph\":[{\"@type\":\"Article\",\"@id\":\"https:\/\/narteks.net\/index.php\/2009\/04\/16\/sonrasi-kalir\/#article\",\"isPartOf\":{\"@id\":\"https:\/\/narteks.net\/index.php\/2009\/04\/16\/sonrasi-kalir\/\"},\"author\":{\"name\":\"Tar\u0131k\",\"@id\":\"https:\/\/narteks.net\/#\/schema\/person\/61f37d9834294b72d31d274e7ed79bca\"},\"headline\":\"SONRASI KALIR\",\"datePublished\":\"2009-04-16T07:39:25+00:00\",\"mainEntityOfPage\":{\"@id\":\"https:\/\/narteks.net\/index.php\/2009\/04\/16\/sonrasi-kalir\/\"},\"wordCount\":279,\"commentCount\":0,\"publisher\":{\"@id\":\"https:\/\/narteks.net\/#organization\"},\"articleSection\":[\"Edip CANSEVER\"],\"inLanguage\":\"tr\",\"potentialAction\":[{\"@type\":\"CommentAction\",\"name\":\"Comment\",\"target\":[\"https:\/\/narteks.net\/index.php\/2009\/04\/16\/sonrasi-kalir\/#respond\"]}]},{\"@type\":\"WebPage\",\"@id\":\"https:\/\/narteks.net\/index.php\/2009\/04\/16\/sonrasi-kalir\/\",\"url\":\"https:\/\/narteks.net\/index.php\/2009\/04\/16\/sonrasi-kalir\/\",\"name\":\"SONRASI KALIR - narteks.net\",\"isPartOf\":{\"@id\":\"https:\/\/narteks.net\/#website\"},\"datePublished\":\"2009-04-16T07:39:25+00:00\",\"breadcrumb\":{\"@id\":\"https:\/\/narteks.net\/index.php\/2009\/04\/16\/sonrasi-kalir\/#breadcrumb\"},\"inLanguage\":\"tr\",\"potentialAction\":[{\"@type\":\"ReadAction\",\"target\":[\"https:\/\/narteks.net\/index.php\/2009\/04\/16\/sonrasi-kalir\/\"]}]},{\"@type\":\"BreadcrumbList\",\"@id\":\"https:\/\/narteks.net\/index.php\/2009\/04\/16\/sonrasi-kalir\/#breadcrumb\",\"itemListElement\":[{\"@type\":\"ListItem\",\"position\":1,\"name\":\"Anasayfa\",\"item\":\"https:\/\/narteks.net\/\"},{\"@type\":\"ListItem\",\"position\":2,\"name\":\"SONRASI KALIR\"}]},{\"@type\":\"WebSite\",\"@id\":\"https:\/\/narteks.net\/#website\",\"url\":\"https:\/\/narteks.net\/\",\"name\":\"narteks.net\",\"description\":\"K\u00fclt\u00fcr Sanat Edebiyat Felsefe\",\"publisher\":{\"@id\":\"https:\/\/narteks.net\/#organization\"},\"alternateName\":\"K\u00fclt\u00fcr Sanat Edebiyat Felsefe\",\"potentialAction\":[{\"@type\":\"SearchAction\",\"target\":{\"@type\":\"EntryPoint\",\"urlTemplate\":\"https:\/\/narteks.net\/?s={search_term_string}\"},\"query-input\":{\"@type\":\"PropertyValueSpecification\",\"valueRequired\":true,\"valueName\":\"search_term_string\"}}],\"inLanguage\":\"tr\"},{\"@type\":\"Organization\",\"@id\":\"https:\/\/narteks.net\/#organization\",\"name\":\"narteks.net\",\"url\":\"https:\/\/narteks.net\/\",\"logo\":{\"@type\":\"ImageObject\",\"inLanguage\":\"tr\",\"@id\":\"https:\/\/narteks.net\/#\/schema\/logo\/image\/\",\"url\":\"https:\/\/narteks.net\/wp-content\/uploads\/narteks.png\",\"contentUrl\":\"https:\/\/narteks.net\/wp-content\/uploads\/narteks.png\",\"width\":300,\"height\":90,\"caption\":\"narteks.net\"},\"image\":{\"@id\":\"https:\/\/narteks.net\/#\/schema\/logo\/image\/\"},\"sameAs\":[\"https:\/\/x.com\/narteks\",\"https:\/\/instagram.com\/narteksnet\"]},{\"@type\":\"Person\",\"@id\":\"https:\/\/narteks.net\/#\/schema\/person\/61f37d9834294b72d31d274e7ed79bca\",\"name\":\"Tar\u0131k\",\"image\":{\"@type\":\"ImageObject\",\"inLanguage\":\"tr\",\"@id\":\"https:\/\/narteks.net\/#\/schema\/person\/image\/\",\"url\":\"https:\/\/secure.gravatar.com\/avatar\/50865afb55632c4ae467e0af0930f6510aa2297d8014be502a55b14f3b7550cf?s=96&d=mm&r=g\",\"contentUrl\":\"https:\/\/secure.gravatar.com\/avatar\/50865afb55632c4ae467e0af0930f6510aa2297d8014be502a55b14f3b7550cf?s=96&d=mm&r=g\",\"caption\":\"Tar\u0131k\"},\"sameAs\":[\"http:\/\/narteks.net\"],\"url\":\"https:\/\/narteks.net\/index.php\/author\/narbak\/\"}]}<\/script>\n<!-- \/ Yoast SEO Premium plugin. -->","yoast_head_json":{"title":"SONRASI KALIR - narteks.net","robots":{"index":"index","follow":"follow","max-snippet":"max-snippet:-1","max-image-preview":"max-image-preview:large","max-video-preview":"max-video-preview:-1"},"canonical":"https:\/\/narteks.net\/index.php\/2009\/04\/16\/sonrasi-kalir\/","og_locale":"tr_TR","og_type":"article","og_title":"SONRASI KALIR","og_description":"\u00a0 On kal\u0131r benden geriye dokuzdan \u00f6nceki on Dokuz de\u011fil on kal\u0131r On \u00e7i\u00e7ek, on g\u00fcne\u015f, on haziran On eyl\u00fcl, on haziran.. On adam kal\u0131r benden, onu da Bal gibi parlayan, kekik gibi bunalan On adam kal\u0131r. Ne kal\u0131r ne kal\u0131r Tuz gibi susayan, nane gibi yay\u0131lan Dokuzu unutulmu\u015f on y\u00fcz m\u00fc kal\u0131r Onu da [&hellip;]","og_url":"https:\/\/narteks.net\/index.php\/2009\/04\/16\/sonrasi-kalir\/","og_site_name":"narteks.net","article_published_time":"2009-04-16T07:39:25+00:00","og_image":[{"width":300,"height":90,"url":"https:\/\/narteks.net\/wp-content\/uploads\/narteks.png","type":"image\/png"}],"author":"Tar\u0131k","twitter_card":"summary_large_image","twitter_creator":"@narteks","twitter_site":"@narteks","twitter_misc":{"Yazan:":"Tar\u0131k","Tahmini okuma s\u00fcresi":"1 dakika"},"schema":{"@context":"https:\/\/schema.org","@graph":[{"@type":"Article","@id":"https:\/\/narteks.net\/index.php\/2009\/04\/16\/sonrasi-kalir\/#article","isPartOf":{"@id":"https:\/\/narteks.net\/index.php\/2009\/04\/16\/sonrasi-kalir\/"},"author":{"name":"Tar\u0131k","@id":"https:\/\/narteks.net\/#\/schema\/person\/61f37d9834294b72d31d274e7ed79bca"},"headline":"SONRASI KALIR","datePublished":"2009-04-16T07:39:25+00:00","mainEntityOfPage":{"@id":"https:\/\/narteks.net\/index.php\/2009\/04\/16\/sonrasi-kalir\/"},"wordCount":279,"commentCount":0,"publisher":{"@id":"https:\/\/narteks.net\/#organization"},"articleSection":["Edip CANSEVER"],"inLanguage":"tr","potentialAction":[{"@type":"CommentAction","name":"Comment","target":["https:\/\/narteks.net\/index.php\/2009\/04\/16\/sonrasi-kalir\/#respond"]}]},{"@type":"WebPage","@id":"https:\/\/narteks.net\/index.php\/2009\/04\/16\/sonrasi-kalir\/","url":"https:\/\/narteks.net\/index.php\/2009\/04\/16\/sonrasi-kalir\/","name":"SONRASI KALIR - narteks.net","isPartOf":{"@id":"https:\/\/narteks.net\/#website"},"datePublished":"2009-04-16T07:39:25+00:00","breadcrumb":{"@id":"https:\/\/narteks.net\/index.php\/2009\/04\/16\/sonrasi-kalir\/#breadcrumb"},"inLanguage":"tr","potentialAction":[{"@type":"ReadAction","target":["https:\/\/narteks.net\/index.php\/2009\/04\/16\/sonrasi-kalir\/"]}]},{"@type":"BreadcrumbList","@id":"https:\/\/narteks.net\/index.php\/2009\/04\/16\/sonrasi-kalir\/#breadcrumb","itemListElement":[{"@type":"ListItem","position":1,"name":"Anasayfa","item":"https:\/\/narteks.net\/"},{"@type":"ListItem","position":2,"name":"SONRASI KALIR"}]},{"@type":"WebSite","@id":"https:\/\/narteks.net\/#website","url":"https:\/\/narteks.net\/","name":"narteks.net","description":"K\u00fclt\u00fcr Sanat Edebiyat Felsefe","publisher":{"@id":"https:\/\/narteks.net\/#organization"},"alternateName":"K\u00fclt\u00fcr Sanat Edebiyat Felsefe","potentialAction":[{"@type":"SearchAction","target":{"@type":"EntryPoint","urlTemplate":"https:\/\/narteks.net\/?s={search_term_string}"},"query-input":{"@type":"PropertyValueSpecification","valueRequired":true,"valueName":"search_term_string"}}],"inLanguage":"tr"},{"@type":"Organization","@id":"https:\/\/narteks.net\/#organization","name":"narteks.net","url":"https:\/\/narteks.net\/","logo":{"@type":"ImageObject","inLanguage":"tr","@id":"https:\/\/narteks.net\/#\/schema\/logo\/image\/","url":"https:\/\/narteks.net\/wp-content\/uploads\/narteks.png","contentUrl":"https:\/\/narteks.net\/wp-content\/uploads\/narteks.png","width":300,"height":90,"caption":"narteks.net"},"image":{"@id":"https:\/\/narteks.net\/#\/schema\/logo\/image\/"},"sameAs":["https:\/\/x.com\/narteks","https:\/\/instagram.com\/narteksnet"]},{"@type":"Person","@id":"https:\/\/narteks.net\/#\/schema\/person\/61f37d9834294b72d31d274e7ed79bca","name":"Tar\u0131k","image":{"@type":"ImageObject","inLanguage":"tr","@id":"https:\/\/narteks.net\/#\/schema\/person\/image\/","url":"https:\/\/secure.gravatar.com\/avatar\/50865afb55632c4ae467e0af0930f6510aa2297d8014be502a55b14f3b7550cf?s=96&d=mm&r=g","contentUrl":"https:\/\/secure.gravatar.com\/avatar\/50865afb55632c4ae467e0af0930f6510aa2297d8014be502a55b14f3b7550cf?s=96&d=mm&r=g","caption":"Tar\u0131k"},"sameAs":["http:\/\/narteks.net"],"url":"https:\/\/narteks.net\/index.php\/author\/narbak\/"}]}},"_links":{"self":[{"href":"https:\/\/narteks.net\/index.php\/wp-json\/wp\/v2\/posts\/649","targetHints":{"allow":["GET"]}}],"collection":[{"href":"https:\/\/narteks.net\/index.php\/wp-json\/wp\/v2\/posts"}],"about":[{"href":"https:\/\/narteks.net\/index.php\/wp-json\/wp\/v2\/types\/post"}],"author":[{"embeddable":true,"href":"https:\/\/narteks.net\/index.php\/wp-json\/wp\/v2\/users\/1"}],"replies":[{"embeddable":true,"href":"https:\/\/narteks.net\/index.php\/wp-json\/wp\/v2\/comments?post=649"}],"version-history":[{"count":0,"href":"https:\/\/narteks.net\/index.php\/wp-json\/wp\/v2\/posts\/649\/revisions"}],"wp:attachment":[{"href":"https:\/\/narteks.net\/index.php\/wp-json\/wp\/v2\/media?parent=649"}],"wp:term":[{"taxonomy":"category","embeddable":true,"href":"https:\/\/narteks.net\/index.php\/wp-json\/wp\/v2\/categories?post=649"},{"taxonomy":"post_tag","embeddable":true,"href":"https:\/\/narteks.net\/index.php\/wp-json\/wp\/v2\/tags?post=649"}],"curies":[{"name":"wp","href":"https:\/\/api.w.org\/{rel}","templated":true}]}}