{"id":6497,"date":"2011-06-08T10:51:13","date_gmt":"2011-06-08T07:51:13","guid":{"rendered":"http:\/\/localhost\/wordpress\/2011\/06\/08\/o-belde\/"},"modified":"2011-06-08T10:51:13","modified_gmt":"2011-06-08T07:51:13","slug":"o-belde","status":"publish","type":"post","link":"https:\/\/narteks.net\/index.php\/2011\/06\/08\/o-belde\/","title":{"rendered":"O BELDE"},"content":{"rendered":"<p>\u00a0<\/p>\n<p>Denizlerden<br \/>Esen bu ince hav\u00e2 sa\u00e7lar\u0131nla e\u011flensin.<br \/>Bilsen<br \/>Mel\u00e2l-i hasret \u00fc gurbetle ufk-i \u015f\u00e2ma bakan<br \/>Bu g\u00f6zlerinle, bu h\u00fczn\u00fcnle sen ne dilbersin!<br \/>Ne sen,<br \/>Ne ben,<br \/>Ne de h\u00fcsn\u00fcnde toplanan bu mes\u00e2,<br \/>Ne de \u00e2l\u00e2m-i fikre bir mers\u00e2<br \/>Olan bu m\u00e2i deniz,<br \/>Mel\u00e2li anlamayan nesle \u00e2\u015fin\u00e2 de\u011filiz.<br \/>Sana yaln\u0131z bir ince t\u00e2ze kad\u0131n<br \/>Bana yaln\u0131zca eski bir budala<br \/>Diyen bug\u00fcnk\u00fc be\u015fer,<br \/>Bu sef\u00eel i\u015ftih\u00e2, bu kirli nazar,<br \/>Bulamaz sende, bende bir ma&#8217;n\u00e2,<br \/>Ne bu ak\u015famda bir gam-i nerm\u00een<br \/>Ne de durgun denizde bir mu\u011fber<br \/>Lerze-\u00ee istit\u00e2r \u00fc isti\u011fn\u00e2.<\/p>\n<p>Sen ve ben<br \/>Ve deniz<br \/>Ve bu ak\u015famki lerzesiz, sessiz<br \/>Topluyor b\u00fb-yi r\u00fbhunu g\u00fby\u00e2,<br \/>Uzak<br \/>Ve m\u00e2i g\u00f6lgeli bir beldeden c\u00fcd\u00e2 kalarak<br \/>Bu nefy \u00fc hicre m\u00fcebbed bu yerde mahk\u00fbmuz&#8230;<\/p>\n<p>O belde?<br \/>Durur men\u00e2t\u0131k-\u0131 d\u00fb\u015f\u00eeze-yi tahayy\u00fclde;<br \/>M\u00e2i bir ak\u015fam<br \/>Eder \u00fcst\u00fcnde d\u00e2im\u00e2 \u00e2r\u00e2m;<br \/>Eteklerinde deniz<br \/>D\u00f6ker erv\u00e2ha bir s\u00fck\u00fbn-\u0131 men\u00e2m.<br \/>Kad\u0131nlar orda g\u00fczel, ince, s\u00e2f, leyl\u00eedir,<br \/>Hepsinin g\u00f6zlerinde h\u00fczn\u00fcn var<br \/>Hepsi hem\u015firedir vey\u00e2hud y\u00e2r;<br \/>Dilde tenv\u00eem-i \u0131st\u0131r\u00e2b\u0131 bilir<br \/>Dudaklar\u0131ndaki giryende b\u00fbseler, y\u00e2hud,<br \/>O g\u00f6zlerindeki n\u00eel\u00ee s\u00fck\u00fbt-\u0131 istifh\u00e2m<br \/>Onlar\u0131n ruhu, \u015f\u00e2m-\u0131 mu\u011fberden<br \/>M\u00fctek\u00e2sif menek\u015felerdir ki<br \/>M\u00fctem\u00e2d\u00ee s\u00fck\u00fbn u samt\u0131 arar;<br \/>\u015eu&#8217;le-\u00ee b\u00ee-ziy\u00e2-y\u0131 h\u00fczn-i kamer<br \/>M\u00fcltec\u00ee sanki s\u00e2de ellerine<br \/>O kadar n\u00e2-t\u00fcv\u00e2n ki, \u00e2h, onlar,<br \/>Onlar\u0131n h\u00fczn-i l\u00e2l \u00fc m\u00fc\u015ftereki,<br \/>Sonra dalg\u0131n mes\u00e2, o hasta deniz<br \/>Hepsi benzer o yerde birbirine&#8230;<\/p>\n<p>O belde<br \/>Hangi bir k\u0131t&#8217;a-y\u0131 muhayyelde?<br \/>Hangi bir nehr-i d\u00fbr ile mahd\u00fbd?<br \/>Bir yalan yer midir veya mevc\u00fbd<br \/>Fakat bulunmayacak bir mel\u00e2z-i huly\u00e2 m\u0131?<br \/>Bilmem&#8230; Yaln\u0131z<br \/>Bildi\u011fim, sen ve ben ve m\u00e2i deniz<br \/>Ve bu ak\u015fam ki eyliyor tehz\u00eez<br \/>Bende evt\u00e2r-\u0131 h\u00fczn \u00fc ilh\u00e2m\u0131.<\/p>\n<p>Uzak<br \/>Ve m\u00e2i g\u00f6lgeli bir beldeden c\u00fcd\u00e2 kalarak<br \/>Bu nefy \u00fc hicre, m\u00fcebbed bu yerde mahk\u00fbmuz&#8230;<\/p>\n<p>Ahmet HA\u015e\u0130M<\/p>\n","protected":false},"excerpt":{"rendered":"<p>\u00a0 DenizlerdenEsen bu ince hav\u00e2 sa\u00e7lar\u0131nla e\u011flensin.BilsenMel\u00e2l-i hasret \u00fc gurbetle ufk-i \u015f\u00e2ma bakanBu g\u00f6zlerinle, bu h\u00fczn\u00fcnle sen ne dilbersin!Ne sen,Ne ben,Ne de h\u00fcsn\u00fcnde toplanan bu mes\u00e2,Ne de \u00e2l\u00e2m-i fikre bir mers\u00e2Olan bu m\u00e2i deniz,Mel\u00e2li anlamayan nesle \u00e2\u015fin\u00e2 de\u011filiz.Sana yaln\u0131z bir ince t\u00e2ze kad\u0131nBana yaln\u0131zca eski bir budalaDiyen bug\u00fcnk\u00fc be\u015fer,Bu sef\u00eel i\u015ftih\u00e2, bu kirli nazar,Bulamaz sende, [&hellip;]<\/p>\n","protected":false},"author":1,"featured_media":0,"comment_status":"open","ping_status":"open","sticky":false,"template":"","format":"standard","meta":{"footnotes":""},"categories":[191],"tags":[],"class_list":{"0":"post-6497","1":"post","2":"type-post","3":"status-publish","4":"format-standard","6":"category-ahmet-hasim"},"yoast_head":"<!-- This site is optimized with the Yoast SEO Premium plugin v24.9 (Yoast SEO v24.9) - https:\/\/yoast.com\/wordpress\/plugins\/seo\/ -->\n<title>O BELDE - narteks.net<\/title>\n<meta name=\"robots\" content=\"index, follow, max-snippet:-1, max-image-preview:large, max-video-preview:-1\" \/>\n<link rel=\"canonical\" href=\"https:\/\/narteks.net\/index.php\/2011\/06\/08\/o-belde\/\" \/>\n<meta property=\"og:locale\" content=\"tr_TR\" \/>\n<meta property=\"og:type\" content=\"article\" \/>\n<meta property=\"og:title\" content=\"O BELDE\" \/>\n<meta property=\"og:description\" content=\"\u00a0 DenizlerdenEsen bu ince hav\u00e2 sa\u00e7lar\u0131nla e\u011flensin.BilsenMel\u00e2l-i hasret \u00fc gurbetle ufk-i \u015f\u00e2ma bakanBu g\u00f6zlerinle, bu h\u00fczn\u00fcnle sen ne dilbersin!Ne sen,Ne ben,Ne de h\u00fcsn\u00fcnde toplanan bu mes\u00e2,Ne de \u00e2l\u00e2m-i fikre bir mers\u00e2Olan bu m\u00e2i deniz,Mel\u00e2li anlamayan nesle \u00e2\u015fin\u00e2 de\u011filiz.Sana yaln\u0131z bir ince t\u00e2ze kad\u0131nBana yaln\u0131zca eski bir budalaDiyen bug\u00fcnk\u00fc be\u015fer,Bu sef\u00eel i\u015ftih\u00e2, bu kirli nazar,Bulamaz sende, [&hellip;]\" \/>\n<meta property=\"og:url\" content=\"https:\/\/narteks.net\/index.php\/2011\/06\/08\/o-belde\/\" \/>\n<meta property=\"og:site_name\" content=\"narteks.net\" \/>\n<meta property=\"article:published_time\" content=\"2011-06-08T07:51:13+00:00\" \/>\n<meta property=\"og:image\" content=\"https:\/\/narteks.net\/wp-content\/uploads\/narteks.png\" \/>\n\t<meta property=\"og:image:width\" content=\"300\" \/>\n\t<meta property=\"og:image:height\" content=\"90\" \/>\n\t<meta property=\"og:image:type\" content=\"image\/png\" \/>\n<meta name=\"author\" content=\"Tar\u0131k\" \/>\n<meta name=\"twitter:card\" content=\"summary_large_image\" \/>\n<meta name=\"twitter:creator\" content=\"@narteks\" \/>\n<meta name=\"twitter:site\" content=\"@narteks\" \/>\n<meta name=\"twitter:label1\" content=\"Yazan:\" \/>\n\t<meta name=\"twitter:data1\" content=\"Tar\u0131k\" \/>\n\t<meta name=\"twitter:label2\" content=\"Tahmini okuma s\u00fcresi\" \/>\n\t<meta name=\"twitter:data2\" content=\"2 dakika\" \/>\n<script type=\"application\/ld+json\" class=\"yoast-schema-graph\">{\"@context\":\"https:\/\/schema.org\",\"@graph\":[{\"@type\":\"Article\",\"@id\":\"https:\/\/narteks.net\/index.php\/2011\/06\/08\/o-belde\/#article\",\"isPartOf\":{\"@id\":\"https:\/\/narteks.net\/index.php\/2011\/06\/08\/o-belde\/\"},\"author\":{\"name\":\"Tar\u0131k\",\"@id\":\"https:\/\/narteks.net\/#\/schema\/person\/61f37d9834294b72d31d274e7ed79bca\"},\"headline\":\"O BELDE\",\"datePublished\":\"2011-06-08T07:51:13+00:00\",\"mainEntityOfPage\":{\"@id\":\"https:\/\/narteks.net\/index.php\/2011\/06\/08\/o-belde\/\"},\"wordCount\":347,\"commentCount\":0,\"publisher\":{\"@id\":\"https:\/\/narteks.net\/#organization\"},\"articleSection\":[\"Ahmet HA\u015e\u0130M\"],\"inLanguage\":\"tr\",\"potentialAction\":[{\"@type\":\"CommentAction\",\"name\":\"Comment\",\"target\":[\"https:\/\/narteks.net\/index.php\/2011\/06\/08\/o-belde\/#respond\"]}]},{\"@type\":\"WebPage\",\"@id\":\"https:\/\/narteks.net\/index.php\/2011\/06\/08\/o-belde\/\",\"url\":\"https:\/\/narteks.net\/index.php\/2011\/06\/08\/o-belde\/\",\"name\":\"O BELDE - narteks.net\",\"isPartOf\":{\"@id\":\"https:\/\/narteks.net\/#website\"},\"datePublished\":\"2011-06-08T07:51:13+00:00\",\"breadcrumb\":{\"@id\":\"https:\/\/narteks.net\/index.php\/2011\/06\/08\/o-belde\/#breadcrumb\"},\"inLanguage\":\"tr\",\"potentialAction\":[{\"@type\":\"ReadAction\",\"target\":[\"https:\/\/narteks.net\/index.php\/2011\/06\/08\/o-belde\/\"]}]},{\"@type\":\"BreadcrumbList\",\"@id\":\"https:\/\/narteks.net\/index.php\/2011\/06\/08\/o-belde\/#breadcrumb\",\"itemListElement\":[{\"@type\":\"ListItem\",\"position\":1,\"name\":\"Anasayfa\",\"item\":\"https:\/\/narteks.net\/\"},{\"@type\":\"ListItem\",\"position\":2,\"name\":\"O BELDE\"}]},{\"@type\":\"WebSite\",\"@id\":\"https:\/\/narteks.net\/#website\",\"url\":\"https:\/\/narteks.net\/\",\"name\":\"narteks.net\",\"description\":\"K\u00fclt\u00fcr Sanat Edebiyat Felsefe\",\"publisher\":{\"@id\":\"https:\/\/narteks.net\/#organization\"},\"alternateName\":\"K\u00fclt\u00fcr Sanat Edebiyat Felsefe\",\"potentialAction\":[{\"@type\":\"SearchAction\",\"target\":{\"@type\":\"EntryPoint\",\"urlTemplate\":\"https:\/\/narteks.net\/?s={search_term_string}\"},\"query-input\":{\"@type\":\"PropertyValueSpecification\",\"valueRequired\":true,\"valueName\":\"search_term_string\"}}],\"inLanguage\":\"tr\"},{\"@type\":\"Organization\",\"@id\":\"https:\/\/narteks.net\/#organization\",\"name\":\"narteks.net\",\"url\":\"https:\/\/narteks.net\/\",\"logo\":{\"@type\":\"ImageObject\",\"inLanguage\":\"tr\",\"@id\":\"https:\/\/narteks.net\/#\/schema\/logo\/image\/\",\"url\":\"https:\/\/narteks.net\/wp-content\/uploads\/narteks.png\",\"contentUrl\":\"https:\/\/narteks.net\/wp-content\/uploads\/narteks.png\",\"width\":300,\"height\":90,\"caption\":\"narteks.net\"},\"image\":{\"@id\":\"https:\/\/narteks.net\/#\/schema\/logo\/image\/\"},\"sameAs\":[\"https:\/\/x.com\/narteks\",\"https:\/\/instagram.com\/narteksnet\"]},{\"@type\":\"Person\",\"@id\":\"https:\/\/narteks.net\/#\/schema\/person\/61f37d9834294b72d31d274e7ed79bca\",\"name\":\"Tar\u0131k\",\"image\":{\"@type\":\"ImageObject\",\"inLanguage\":\"tr\",\"@id\":\"https:\/\/narteks.net\/#\/schema\/person\/image\/\",\"url\":\"https:\/\/secure.gravatar.com\/avatar\/50865afb55632c4ae467e0af0930f6510aa2297d8014be502a55b14f3b7550cf?s=96&d=mm&r=g\",\"contentUrl\":\"https:\/\/secure.gravatar.com\/avatar\/50865afb55632c4ae467e0af0930f6510aa2297d8014be502a55b14f3b7550cf?s=96&d=mm&r=g\",\"caption\":\"Tar\u0131k\"},\"sameAs\":[\"http:\/\/narteks.net\"],\"url\":\"https:\/\/narteks.net\/index.php\/author\/narbak\/\"}]}<\/script>\n<!-- \/ Yoast SEO Premium plugin. -->","yoast_head_json":{"title":"O BELDE - narteks.net","robots":{"index":"index","follow":"follow","max-snippet":"max-snippet:-1","max-image-preview":"max-image-preview:large","max-video-preview":"max-video-preview:-1"},"canonical":"https:\/\/narteks.net\/index.php\/2011\/06\/08\/o-belde\/","og_locale":"tr_TR","og_type":"article","og_title":"O BELDE","og_description":"\u00a0 DenizlerdenEsen bu ince hav\u00e2 sa\u00e7lar\u0131nla e\u011flensin.BilsenMel\u00e2l-i hasret \u00fc gurbetle ufk-i \u015f\u00e2ma bakanBu g\u00f6zlerinle, bu h\u00fczn\u00fcnle sen ne dilbersin!Ne sen,Ne ben,Ne de h\u00fcsn\u00fcnde toplanan bu mes\u00e2,Ne de \u00e2l\u00e2m-i fikre bir mers\u00e2Olan bu m\u00e2i deniz,Mel\u00e2li anlamayan nesle \u00e2\u015fin\u00e2 de\u011filiz.Sana yaln\u0131z bir ince t\u00e2ze kad\u0131nBana yaln\u0131zca eski bir budalaDiyen bug\u00fcnk\u00fc be\u015fer,Bu sef\u00eel i\u015ftih\u00e2, bu kirli nazar,Bulamaz sende, [&hellip;]","og_url":"https:\/\/narteks.net\/index.php\/2011\/06\/08\/o-belde\/","og_site_name":"narteks.net","article_published_time":"2011-06-08T07:51:13+00:00","og_image":[{"width":300,"height":90,"url":"https:\/\/narteks.net\/wp-content\/uploads\/narteks.png","type":"image\/png"}],"author":"Tar\u0131k","twitter_card":"summary_large_image","twitter_creator":"@narteks","twitter_site":"@narteks","twitter_misc":{"Yazan:":"Tar\u0131k","Tahmini okuma s\u00fcresi":"2 dakika"},"schema":{"@context":"https:\/\/schema.org","@graph":[{"@type":"Article","@id":"https:\/\/narteks.net\/index.php\/2011\/06\/08\/o-belde\/#article","isPartOf":{"@id":"https:\/\/narteks.net\/index.php\/2011\/06\/08\/o-belde\/"},"author":{"name":"Tar\u0131k","@id":"https:\/\/narteks.net\/#\/schema\/person\/61f37d9834294b72d31d274e7ed79bca"},"headline":"O BELDE","datePublished":"2011-06-08T07:51:13+00:00","mainEntityOfPage":{"@id":"https:\/\/narteks.net\/index.php\/2011\/06\/08\/o-belde\/"},"wordCount":347,"commentCount":0,"publisher":{"@id":"https:\/\/narteks.net\/#organization"},"articleSection":["Ahmet HA\u015e\u0130M"],"inLanguage":"tr","potentialAction":[{"@type":"CommentAction","name":"Comment","target":["https:\/\/narteks.net\/index.php\/2011\/06\/08\/o-belde\/#respond"]}]},{"@type":"WebPage","@id":"https:\/\/narteks.net\/index.php\/2011\/06\/08\/o-belde\/","url":"https:\/\/narteks.net\/index.php\/2011\/06\/08\/o-belde\/","name":"O BELDE - narteks.net","isPartOf":{"@id":"https:\/\/narteks.net\/#website"},"datePublished":"2011-06-08T07:51:13+00:00","breadcrumb":{"@id":"https:\/\/narteks.net\/index.php\/2011\/06\/08\/o-belde\/#breadcrumb"},"inLanguage":"tr","potentialAction":[{"@type":"ReadAction","target":["https:\/\/narteks.net\/index.php\/2011\/06\/08\/o-belde\/"]}]},{"@type":"BreadcrumbList","@id":"https:\/\/narteks.net\/index.php\/2011\/06\/08\/o-belde\/#breadcrumb","itemListElement":[{"@type":"ListItem","position":1,"name":"Anasayfa","item":"https:\/\/narteks.net\/"},{"@type":"ListItem","position":2,"name":"O BELDE"}]},{"@type":"WebSite","@id":"https:\/\/narteks.net\/#website","url":"https:\/\/narteks.net\/","name":"narteks.net","description":"K\u00fclt\u00fcr Sanat Edebiyat Felsefe","publisher":{"@id":"https:\/\/narteks.net\/#organization"},"alternateName":"K\u00fclt\u00fcr Sanat Edebiyat Felsefe","potentialAction":[{"@type":"SearchAction","target":{"@type":"EntryPoint","urlTemplate":"https:\/\/narteks.net\/?s={search_term_string}"},"query-input":{"@type":"PropertyValueSpecification","valueRequired":true,"valueName":"search_term_string"}}],"inLanguage":"tr"},{"@type":"Organization","@id":"https:\/\/narteks.net\/#organization","name":"narteks.net","url":"https:\/\/narteks.net\/","logo":{"@type":"ImageObject","inLanguage":"tr","@id":"https:\/\/narteks.net\/#\/schema\/logo\/image\/","url":"https:\/\/narteks.net\/wp-content\/uploads\/narteks.png","contentUrl":"https:\/\/narteks.net\/wp-content\/uploads\/narteks.png","width":300,"height":90,"caption":"narteks.net"},"image":{"@id":"https:\/\/narteks.net\/#\/schema\/logo\/image\/"},"sameAs":["https:\/\/x.com\/narteks","https:\/\/instagram.com\/narteksnet"]},{"@type":"Person","@id":"https:\/\/narteks.net\/#\/schema\/person\/61f37d9834294b72d31d274e7ed79bca","name":"Tar\u0131k","image":{"@type":"ImageObject","inLanguage":"tr","@id":"https:\/\/narteks.net\/#\/schema\/person\/image\/","url":"https:\/\/secure.gravatar.com\/avatar\/50865afb55632c4ae467e0af0930f6510aa2297d8014be502a55b14f3b7550cf?s=96&d=mm&r=g","contentUrl":"https:\/\/secure.gravatar.com\/avatar\/50865afb55632c4ae467e0af0930f6510aa2297d8014be502a55b14f3b7550cf?s=96&d=mm&r=g","caption":"Tar\u0131k"},"sameAs":["http:\/\/narteks.net"],"url":"https:\/\/narteks.net\/index.php\/author\/narbak\/"}]}},"_links":{"self":[{"href":"https:\/\/narteks.net\/index.php\/wp-json\/wp\/v2\/posts\/6497","targetHints":{"allow":["GET"]}}],"collection":[{"href":"https:\/\/narteks.net\/index.php\/wp-json\/wp\/v2\/posts"}],"about":[{"href":"https:\/\/narteks.net\/index.php\/wp-json\/wp\/v2\/types\/post"}],"author":[{"embeddable":true,"href":"https:\/\/narteks.net\/index.php\/wp-json\/wp\/v2\/users\/1"}],"replies":[{"embeddable":true,"href":"https:\/\/narteks.net\/index.php\/wp-json\/wp\/v2\/comments?post=6497"}],"version-history":[{"count":0,"href":"https:\/\/narteks.net\/index.php\/wp-json\/wp\/v2\/posts\/6497\/revisions"}],"wp:attachment":[{"href":"https:\/\/narteks.net\/index.php\/wp-json\/wp\/v2\/media?parent=6497"}],"wp:term":[{"taxonomy":"category","embeddable":true,"href":"https:\/\/narteks.net\/index.php\/wp-json\/wp\/v2\/categories?post=6497"},{"taxonomy":"post_tag","embeddable":true,"href":"https:\/\/narteks.net\/index.php\/wp-json\/wp\/v2\/tags?post=6497"}],"curies":[{"name":"wp","href":"https:\/\/api.w.org\/{rel}","templated":true}]}}