{"id":6514,"date":"2011-06-08T11:13:54","date_gmt":"2011-06-08T08:13:54","guid":{"rendered":"http:\/\/localhost\/wordpress\/2011\/06\/08\/basim\/"},"modified":"2011-06-08T11:13:54","modified_gmt":"2011-06-08T08:13:54","slug":"basim","status":"publish","type":"post","link":"https:\/\/narteks.net\/index.php\/2011\/06\/08\/basim\/","title":{"rendered":"BA\u015eIM"},"content":{"rendered":"<p>\u00a0<\/p>\n<p>\u201cYakup Kadri\u2019ye\u201d<\/p>\n<p>B\u00ee-haber g\u00f6vdeme gelmi\u015f konmu\u015f,<br \/>M\u00fcteheyyi\u00e7, m\u00fctekallis bir ba\u015f;<br \/>Ay\u0131r\u0131r sanki bu ba\u015ftan etimi<br \/>\u00d6mr-i ehr\u00e2ma mu\u00e2dil bir ya\u015f!..<\/p>\n<p>\u00dcrkerim kendi hay\u00e2l\u00e2t\u0131mdan,<br \/>Sanki kand\u0131r \u015faka\u011f\u0131mdan ak\u0131yor;<br \/>Bir k\u0131z\u0131l \u00e7ehrede \u00e2te\u015f g\u00f6zler<br \/>Bana g\u00fcya ki i\u00e7imden bak\u0131yor.<\/p>\n<p>Bu cehennemde yeti\u015fmi\u015f kafaya<br \/>Kanl\u0131 bir lokmad\u0131r ancak mihenim,<br \/>Ah ya Rabb\u00ee, nas\u0131l birle\u015fti<br \/>Bu \u00e7etin ba\u015fla bu su\u00e7suz bedenim?<\/p>\n<p>Di\u015fi, t\u0131rnaklar\u0131 ge\u00e7mi\u015f tenime<br \/>G\u00f6vdem \u00fcst\u00fcnde duran ifr\u00eetin;<br \/>Bir k\u00fc\u00e7\u00fck l\u00e2hza-i \u00e2r\u00e2ma feda<br \/>B\u00fct\u00fcn \u00e2l\u00e2y\u00ee\u015fn nam \u00fc s\u0131ytin!.. <\/p>\n<p>Ahmet HA\u015e\u0130M<\/p>\n","protected":false},"excerpt":{"rendered":"<p>\u00a0 \u201cYakup Kadri\u2019ye\u201d B\u00ee-haber g\u00f6vdeme gelmi\u015f konmu\u015f,M\u00fcteheyyi\u00e7, m\u00fctekallis bir ba\u015f;Ay\u0131r\u0131r sanki bu ba\u015ftan etimi\u00d6mr-i ehr\u00e2ma mu\u00e2dil bir ya\u015f!.. \u00dcrkerim kendi hay\u00e2l\u00e2t\u0131mdan,Sanki kand\u0131r \u015faka\u011f\u0131mdan ak\u0131yor;Bir k\u0131z\u0131l \u00e7ehrede \u00e2te\u015f g\u00f6zlerBana g\u00fcya ki i\u00e7imden bak\u0131yor. Bu cehennemde yeti\u015fmi\u015f kafayaKanl\u0131 bir lokmad\u0131r ancak mihenim,Ah ya Rabb\u00ee, nas\u0131l birle\u015ftiBu \u00e7etin ba\u015fla bu su\u00e7suz bedenim? Di\u015fi, t\u0131rnaklar\u0131 ge\u00e7mi\u015f tenimeG\u00f6vdem \u00fcst\u00fcnde duran [&hellip;]<\/p>\n","protected":false},"author":1,"featured_media":0,"comment_status":"open","ping_status":"open","sticky":false,"template":"","format":"standard","meta":{"footnotes":""},"categories":[191],"tags":[],"class_list":{"0":"post-6514","1":"post","2":"type-post","3":"status-publish","4":"format-standard","6":"category-ahmet-hasim"},"yoast_head":"<!-- This site is optimized with the Yoast SEO Premium plugin v24.9 (Yoast SEO v24.9) - https:\/\/yoast.com\/wordpress\/plugins\/seo\/ -->\n<title>BA\u015eIM - narteks.net<\/title>\n<meta name=\"robots\" content=\"index, follow, max-snippet:-1, max-image-preview:large, max-video-preview:-1\" \/>\n<link rel=\"canonical\" href=\"https:\/\/narteks.net\/index.php\/2011\/06\/08\/basim\/\" \/>\n<meta property=\"og:locale\" content=\"tr_TR\" \/>\n<meta property=\"og:type\" content=\"article\" \/>\n<meta property=\"og:title\" content=\"BA\u015eIM\" \/>\n<meta property=\"og:description\" content=\"\u00a0 \u201cYakup Kadri\u2019ye\u201d B\u00ee-haber g\u00f6vdeme gelmi\u015f konmu\u015f,M\u00fcteheyyi\u00e7, m\u00fctekallis bir ba\u015f;Ay\u0131r\u0131r sanki bu ba\u015ftan etimi\u00d6mr-i ehr\u00e2ma mu\u00e2dil bir ya\u015f!.. \u00dcrkerim kendi hay\u00e2l\u00e2t\u0131mdan,Sanki kand\u0131r \u015faka\u011f\u0131mdan ak\u0131yor;Bir k\u0131z\u0131l \u00e7ehrede \u00e2te\u015f g\u00f6zlerBana g\u00fcya ki i\u00e7imden bak\u0131yor. Bu cehennemde yeti\u015fmi\u015f kafayaKanl\u0131 bir lokmad\u0131r ancak mihenim,Ah ya Rabb\u00ee, nas\u0131l birle\u015ftiBu \u00e7etin ba\u015fla bu su\u00e7suz bedenim? Di\u015fi, t\u0131rnaklar\u0131 ge\u00e7mi\u015f tenimeG\u00f6vdem \u00fcst\u00fcnde duran [&hellip;]\" \/>\n<meta property=\"og:url\" content=\"https:\/\/narteks.net\/index.php\/2011\/06\/08\/basim\/\" \/>\n<meta property=\"og:site_name\" content=\"narteks.net\" \/>\n<meta property=\"article:published_time\" content=\"2011-06-08T08:13:54+00:00\" \/>\n<meta property=\"og:image\" content=\"https:\/\/narteks.net\/wp-content\/uploads\/narteks.png\" \/>\n\t<meta property=\"og:image:width\" content=\"300\" \/>\n\t<meta property=\"og:image:height\" content=\"90\" \/>\n\t<meta property=\"og:image:type\" content=\"image\/png\" \/>\n<meta name=\"author\" content=\"Tar\u0131k\" \/>\n<meta name=\"twitter:card\" content=\"summary_large_image\" \/>\n<meta name=\"twitter:creator\" content=\"@narteks\" \/>\n<meta name=\"twitter:site\" content=\"@narteks\" \/>\n<meta name=\"twitter:label1\" content=\"Yazan:\" \/>\n\t<meta name=\"twitter:data1\" content=\"Tar\u0131k\" \/>\n\t<meta name=\"twitter:label2\" content=\"Tahmini okuma s\u00fcresi\" \/>\n\t<meta name=\"twitter:data2\" content=\"1 dakika\" \/>\n<script type=\"application\/ld+json\" class=\"yoast-schema-graph\">{\"@context\":\"https:\/\/schema.org\",\"@graph\":[{\"@type\":\"Article\",\"@id\":\"https:\/\/narteks.net\/index.php\/2011\/06\/08\/basim\/#article\",\"isPartOf\":{\"@id\":\"https:\/\/narteks.net\/index.php\/2011\/06\/08\/basim\/\"},\"author\":{\"name\":\"Tar\u0131k\",\"@id\":\"https:\/\/narteks.net\/#\/schema\/person\/61f37d9834294b72d31d274e7ed79bca\"},\"headline\":\"BA\u015eIM\",\"datePublished\":\"2011-06-08T08:13:54+00:00\",\"mainEntityOfPage\":{\"@id\":\"https:\/\/narteks.net\/index.php\/2011\/06\/08\/basim\/\"},\"wordCount\":116,\"commentCount\":0,\"publisher\":{\"@id\":\"https:\/\/narteks.net\/#organization\"},\"articleSection\":[\"Ahmet HA\u015e\u0130M\"],\"inLanguage\":\"tr\",\"potentialAction\":[{\"@type\":\"CommentAction\",\"name\":\"Comment\",\"target\":[\"https:\/\/narteks.net\/index.php\/2011\/06\/08\/basim\/#respond\"]}]},{\"@type\":\"WebPage\",\"@id\":\"https:\/\/narteks.net\/index.php\/2011\/06\/08\/basim\/\",\"url\":\"https:\/\/narteks.net\/index.php\/2011\/06\/08\/basim\/\",\"name\":\"BA\u015eIM - narteks.net\",\"isPartOf\":{\"@id\":\"https:\/\/narteks.net\/#website\"},\"datePublished\":\"2011-06-08T08:13:54+00:00\",\"breadcrumb\":{\"@id\":\"https:\/\/narteks.net\/index.php\/2011\/06\/08\/basim\/#breadcrumb\"},\"inLanguage\":\"tr\",\"potentialAction\":[{\"@type\":\"ReadAction\",\"target\":[\"https:\/\/narteks.net\/index.php\/2011\/06\/08\/basim\/\"]}]},{\"@type\":\"BreadcrumbList\",\"@id\":\"https:\/\/narteks.net\/index.php\/2011\/06\/08\/basim\/#breadcrumb\",\"itemListElement\":[{\"@type\":\"ListItem\",\"position\":1,\"name\":\"Anasayfa\",\"item\":\"https:\/\/narteks.net\/\"},{\"@type\":\"ListItem\",\"position\":2,\"name\":\"BA\u015eIM\"}]},{\"@type\":\"WebSite\",\"@id\":\"https:\/\/narteks.net\/#website\",\"url\":\"https:\/\/narteks.net\/\",\"name\":\"narteks.net\",\"description\":\"K\u00fclt\u00fcr Sanat Edebiyat Felsefe\",\"publisher\":{\"@id\":\"https:\/\/narteks.net\/#organization\"},\"alternateName\":\"K\u00fclt\u00fcr Sanat Edebiyat Felsefe\",\"potentialAction\":[{\"@type\":\"SearchAction\",\"target\":{\"@type\":\"EntryPoint\",\"urlTemplate\":\"https:\/\/narteks.net\/?s={search_term_string}\"},\"query-input\":{\"@type\":\"PropertyValueSpecification\",\"valueRequired\":true,\"valueName\":\"search_term_string\"}}],\"inLanguage\":\"tr\"},{\"@type\":\"Organization\",\"@id\":\"https:\/\/narteks.net\/#organization\",\"name\":\"narteks.net\",\"url\":\"https:\/\/narteks.net\/\",\"logo\":{\"@type\":\"ImageObject\",\"inLanguage\":\"tr\",\"@id\":\"https:\/\/narteks.net\/#\/schema\/logo\/image\/\",\"url\":\"https:\/\/narteks.net\/wp-content\/uploads\/narteks.png\",\"contentUrl\":\"https:\/\/narteks.net\/wp-content\/uploads\/narteks.png\",\"width\":300,\"height\":90,\"caption\":\"narteks.net\"},\"image\":{\"@id\":\"https:\/\/narteks.net\/#\/schema\/logo\/image\/\"},\"sameAs\":[\"https:\/\/x.com\/narteks\",\"https:\/\/instagram.com\/narteksnet\"]},{\"@type\":\"Person\",\"@id\":\"https:\/\/narteks.net\/#\/schema\/person\/61f37d9834294b72d31d274e7ed79bca\",\"name\":\"Tar\u0131k\",\"image\":{\"@type\":\"ImageObject\",\"inLanguage\":\"tr\",\"@id\":\"https:\/\/narteks.net\/#\/schema\/person\/image\/\",\"url\":\"https:\/\/secure.gravatar.com\/avatar\/50865afb55632c4ae467e0af0930f6510aa2297d8014be502a55b14f3b7550cf?s=96&d=mm&r=g\",\"contentUrl\":\"https:\/\/secure.gravatar.com\/avatar\/50865afb55632c4ae467e0af0930f6510aa2297d8014be502a55b14f3b7550cf?s=96&d=mm&r=g\",\"caption\":\"Tar\u0131k\"},\"sameAs\":[\"http:\/\/narteks.net\"],\"url\":\"https:\/\/narteks.net\/index.php\/author\/narbak\/\"}]}<\/script>\n<!-- \/ Yoast SEO Premium plugin. -->","yoast_head_json":{"title":"BA\u015eIM - narteks.net","robots":{"index":"index","follow":"follow","max-snippet":"max-snippet:-1","max-image-preview":"max-image-preview:large","max-video-preview":"max-video-preview:-1"},"canonical":"https:\/\/narteks.net\/index.php\/2011\/06\/08\/basim\/","og_locale":"tr_TR","og_type":"article","og_title":"BA\u015eIM","og_description":"\u00a0 \u201cYakup Kadri\u2019ye\u201d B\u00ee-haber g\u00f6vdeme gelmi\u015f konmu\u015f,M\u00fcteheyyi\u00e7, m\u00fctekallis bir ba\u015f;Ay\u0131r\u0131r sanki bu ba\u015ftan etimi\u00d6mr-i ehr\u00e2ma mu\u00e2dil bir ya\u015f!.. \u00dcrkerim kendi hay\u00e2l\u00e2t\u0131mdan,Sanki kand\u0131r \u015faka\u011f\u0131mdan ak\u0131yor;Bir k\u0131z\u0131l \u00e7ehrede \u00e2te\u015f g\u00f6zlerBana g\u00fcya ki i\u00e7imden bak\u0131yor. Bu cehennemde yeti\u015fmi\u015f kafayaKanl\u0131 bir lokmad\u0131r ancak mihenim,Ah ya Rabb\u00ee, nas\u0131l birle\u015ftiBu \u00e7etin ba\u015fla bu su\u00e7suz bedenim? Di\u015fi, t\u0131rnaklar\u0131 ge\u00e7mi\u015f tenimeG\u00f6vdem \u00fcst\u00fcnde duran [&hellip;]","og_url":"https:\/\/narteks.net\/index.php\/2011\/06\/08\/basim\/","og_site_name":"narteks.net","article_published_time":"2011-06-08T08:13:54+00:00","og_image":[{"width":300,"height":90,"url":"https:\/\/narteks.net\/wp-content\/uploads\/narteks.png","type":"image\/png"}],"author":"Tar\u0131k","twitter_card":"summary_large_image","twitter_creator":"@narteks","twitter_site":"@narteks","twitter_misc":{"Yazan:":"Tar\u0131k","Tahmini okuma s\u00fcresi":"1 dakika"},"schema":{"@context":"https:\/\/schema.org","@graph":[{"@type":"Article","@id":"https:\/\/narteks.net\/index.php\/2011\/06\/08\/basim\/#article","isPartOf":{"@id":"https:\/\/narteks.net\/index.php\/2011\/06\/08\/basim\/"},"author":{"name":"Tar\u0131k","@id":"https:\/\/narteks.net\/#\/schema\/person\/61f37d9834294b72d31d274e7ed79bca"},"headline":"BA\u015eIM","datePublished":"2011-06-08T08:13:54+00:00","mainEntityOfPage":{"@id":"https:\/\/narteks.net\/index.php\/2011\/06\/08\/basim\/"},"wordCount":116,"commentCount":0,"publisher":{"@id":"https:\/\/narteks.net\/#organization"},"articleSection":["Ahmet HA\u015e\u0130M"],"inLanguage":"tr","potentialAction":[{"@type":"CommentAction","name":"Comment","target":["https:\/\/narteks.net\/index.php\/2011\/06\/08\/basim\/#respond"]}]},{"@type":"WebPage","@id":"https:\/\/narteks.net\/index.php\/2011\/06\/08\/basim\/","url":"https:\/\/narteks.net\/index.php\/2011\/06\/08\/basim\/","name":"BA\u015eIM - narteks.net","isPartOf":{"@id":"https:\/\/narteks.net\/#website"},"datePublished":"2011-06-08T08:13:54+00:00","breadcrumb":{"@id":"https:\/\/narteks.net\/index.php\/2011\/06\/08\/basim\/#breadcrumb"},"inLanguage":"tr","potentialAction":[{"@type":"ReadAction","target":["https:\/\/narteks.net\/index.php\/2011\/06\/08\/basim\/"]}]},{"@type":"BreadcrumbList","@id":"https:\/\/narteks.net\/index.php\/2011\/06\/08\/basim\/#breadcrumb","itemListElement":[{"@type":"ListItem","position":1,"name":"Anasayfa","item":"https:\/\/narteks.net\/"},{"@type":"ListItem","position":2,"name":"BA\u015eIM"}]},{"@type":"WebSite","@id":"https:\/\/narteks.net\/#website","url":"https:\/\/narteks.net\/","name":"narteks.net","description":"K\u00fclt\u00fcr Sanat Edebiyat Felsefe","publisher":{"@id":"https:\/\/narteks.net\/#organization"},"alternateName":"K\u00fclt\u00fcr Sanat Edebiyat Felsefe","potentialAction":[{"@type":"SearchAction","target":{"@type":"EntryPoint","urlTemplate":"https:\/\/narteks.net\/?s={search_term_string}"},"query-input":{"@type":"PropertyValueSpecification","valueRequired":true,"valueName":"search_term_string"}}],"inLanguage":"tr"},{"@type":"Organization","@id":"https:\/\/narteks.net\/#organization","name":"narteks.net","url":"https:\/\/narteks.net\/","logo":{"@type":"ImageObject","inLanguage":"tr","@id":"https:\/\/narteks.net\/#\/schema\/logo\/image\/","url":"https:\/\/narteks.net\/wp-content\/uploads\/narteks.png","contentUrl":"https:\/\/narteks.net\/wp-content\/uploads\/narteks.png","width":300,"height":90,"caption":"narteks.net"},"image":{"@id":"https:\/\/narteks.net\/#\/schema\/logo\/image\/"},"sameAs":["https:\/\/x.com\/narteks","https:\/\/instagram.com\/narteksnet"]},{"@type":"Person","@id":"https:\/\/narteks.net\/#\/schema\/person\/61f37d9834294b72d31d274e7ed79bca","name":"Tar\u0131k","image":{"@type":"ImageObject","inLanguage":"tr","@id":"https:\/\/narteks.net\/#\/schema\/person\/image\/","url":"https:\/\/secure.gravatar.com\/avatar\/50865afb55632c4ae467e0af0930f6510aa2297d8014be502a55b14f3b7550cf?s=96&d=mm&r=g","contentUrl":"https:\/\/secure.gravatar.com\/avatar\/50865afb55632c4ae467e0af0930f6510aa2297d8014be502a55b14f3b7550cf?s=96&d=mm&r=g","caption":"Tar\u0131k"},"sameAs":["http:\/\/narteks.net"],"url":"https:\/\/narteks.net\/index.php\/author\/narbak\/"}]}},"_links":{"self":[{"href":"https:\/\/narteks.net\/index.php\/wp-json\/wp\/v2\/posts\/6514","targetHints":{"allow":["GET"]}}],"collection":[{"href":"https:\/\/narteks.net\/index.php\/wp-json\/wp\/v2\/posts"}],"about":[{"href":"https:\/\/narteks.net\/index.php\/wp-json\/wp\/v2\/types\/post"}],"author":[{"embeddable":true,"href":"https:\/\/narteks.net\/index.php\/wp-json\/wp\/v2\/users\/1"}],"replies":[{"embeddable":true,"href":"https:\/\/narteks.net\/index.php\/wp-json\/wp\/v2\/comments?post=6514"}],"version-history":[{"count":0,"href":"https:\/\/narteks.net\/index.php\/wp-json\/wp\/v2\/posts\/6514\/revisions"}],"wp:attachment":[{"href":"https:\/\/narteks.net\/index.php\/wp-json\/wp\/v2\/media?parent=6514"}],"wp:term":[{"taxonomy":"category","embeddable":true,"href":"https:\/\/narteks.net\/index.php\/wp-json\/wp\/v2\/categories?post=6514"},{"taxonomy":"post_tag","embeddable":true,"href":"https:\/\/narteks.net\/index.php\/wp-json\/wp\/v2\/tags?post=6514"}],"curies":[{"name":"wp","href":"https:\/\/api.w.org\/{rel}","templated":true}]}}