{"id":6523,"date":"2011-06-08T11:36:59","date_gmt":"2011-06-08T08:36:59","guid":{"rendered":"http:\/\/localhost\/wordpress\/2011\/06\/08\/seb-i-nisan\/"},"modified":"2011-06-08T11:36:59","modified_gmt":"2011-06-08T08:36:59","slug":"seb-i-nisan","status":"publish","type":"post","link":"https:\/\/narteks.net\/index.php\/2011\/06\/08\/seb-i-nisan\/","title":{"rendered":"\u015eEB-\u0130 N\u0130SAN"},"content":{"rendered":"<p>\u00a0<\/p>\n<p>Mahm\u00fbr, muz\u00ee, m\u00e2-\u0131, derin bir \u015feb-i n\u00ees\u00e2n<br \/>Olmu\u015ftu n\u00fcc\u00fbmiyle miy\u00e2h-\u00ee dile r\u00eez\u00e2n<br \/>Dallardan u\u00e7an \u0131tr-\u0131 bah\u00e2r-\u00ee m\u00fctefekkir<br \/>D\u00f6km\u00fc\u015ft\u00fc o solgun \u015febe huly\u00e2, emel \u00fc \u015ei\u2019r.<br \/>Sesler, g\u00fcl\u00fc\u015f\u00fcr s\u00e2yede, sevd\u00e2 ile b\u00ee-h\u00fb\u015f,<br \/>B\u00e2d anlar\u0131 eylerdi nev\u00e2zi\u015fle der-\u00e2\u011fu\u015f.<br \/>Bir cism-i perest\u00eedeyi kalb \u00fcst\u00fcne sarmak<br \/>H\u0131rs\u00eeyle ba\u015f\u0131m s\u0131tmal\u0131, g\u00f6zler kuru, parlak,<br \/>Eller asab\u00ee, h\u0131\u00e7k\u0131rarak s\u00e2hile indim,<br \/>Kar\u015f\u0131mda deniz\u2026 G\u00f6klerin alt\u0131nda gezindim.<\/p>\n<p>Ey sen ki uzaktan m\u00fctebessim, heves-\u00e2m\u00fbz<br \/>Olmu\u015f \u015feb-i \u00f6mr\u00fcmde nig\u00e2h\u0131n bana merk\u00fbz ,<br \/>Leyl i\u015fte, s\u00fck\u00fbt i\u015fte\u2026 Yed-i s\u00e2hir-i n\u00ees\u00e2n,<br \/>D\u00f6km\u00fc\u015f suya ezh\u00e2r-\u0131 ziy\u00e2, dillere n\u00eer\u00e2n;<br \/>Olmu\u015f denizin r\u00fbhu sem\u00e2larda hem- \u00e2\u011fu\u015f,<br \/>Bin b\u00fbseyi tanz\u00eer ile enc\u00fcm suya dolmu\u015f;<br \/>E\u015fc\u00e2r \u00fc hav\u00e2 g\u00f6lgede sessiz sar\u0131\u015f\u0131r, gel!<br \/>Gel, yaln\u0131z\u0131m ey, beklenilen h\u00fcsn-i muhayyel!<\/p>\n<p>Ey \u00e7e\u015fm-i siyah, ey da\u011f\u0131n\u0131k z\u00fclf-i \u015feb-eng\u00eez,<br \/>Ey leb ki eder \u00e2te\u015fi her cinneti tecv\u00eez,<br \/>Ey s\u00eene ki \u00e2l\u00e2m\u0131m\u0131 tenv\u00eem edeceksin,<br \/>Ey r\u00fbh-\u0131 heves, r\u00fbh-\u0131 ziy\u00e2, r\u00fbh-\u0131 meh\u00e2sin<br \/>Gelsen ve bu hicr\u00e2n\u0131, bu \u00e2l\u00e2m\u0131 bitirsen,<br \/>Sen anlayacaks\u0131n beni ey r\u00fbh-\u0131 ziy\u00e2 sen!..<\/p>\n<p>Kendimle b\u00fct\u00fcn bunlar\u0131 tekr\u00e2r ediyordum,<br \/>Do\u011fmu\u015ftu kamer, \u015fimdi uzaklardaki ma\u011fm\u00fbm<br \/>Da\u011flardan a\u00e7\u0131k ra\u2019\u015feler elv\u00e2ha da\u011f\u0131lm\u0131\u015f,<br \/>Sarm\u0131\u015f dil-i e\u015fy\u00e2y\u0131 heves, b\u00fbsi\u015f \u00fc h\u00e2hi\u015f.<br \/>Hep \u00e7ift idi kar\u015f\u0131mda: Kamer, enc\u00fcm \u00fc e\u015fc\u00e2r,<br \/>Bendim yaln\u0131z ordaki b\u00ee-hemser \u00fc b\u00eed\u00e2r;<br \/>Durgun suya bakt\u0131m ve dedim: Ah \u00f6lebilsem,<br \/>M\u00e2d\u00e2m ki yok a\u011flayacak mevtime kimsem!..<\/p>\n<p>Ahmet HA\u015e\u0130M<\/p>\n","protected":false},"excerpt":{"rendered":"<p>\u00a0 Mahm\u00fbr, muz\u00ee, m\u00e2-\u0131, derin bir \u015feb-i n\u00ees\u00e2nOlmu\u015ftu n\u00fcc\u00fbmiyle miy\u00e2h-\u00ee dile r\u00eez\u00e2nDallardan u\u00e7an \u0131tr-\u0131 bah\u00e2r-\u00ee m\u00fctefekkirD\u00f6km\u00fc\u015ft\u00fc o solgun \u015febe huly\u00e2, emel \u00fc \u015ei\u2019r.Sesler, g\u00fcl\u00fc\u015f\u00fcr s\u00e2yede, sevd\u00e2 ile b\u00ee-h\u00fb\u015f,B\u00e2d anlar\u0131 eylerdi nev\u00e2zi\u015fle der-\u00e2\u011fu\u015f.Bir cism-i perest\u00eedeyi kalb \u00fcst\u00fcne sarmakH\u0131rs\u00eeyle ba\u015f\u0131m s\u0131tmal\u0131, g\u00f6zler kuru, parlak,Eller asab\u00ee, h\u0131\u00e7k\u0131rarak s\u00e2hile indim,Kar\u015f\u0131mda deniz\u2026 G\u00f6klerin alt\u0131nda gezindim. Ey sen ki uzaktan m\u00fctebessim, [&hellip;]<\/p>\n","protected":false},"author":1,"featured_media":0,"comment_status":"open","ping_status":"open","sticky":false,"template":"","format":"standard","meta":{"footnotes":""},"categories":[191],"tags":[],"class_list":{"0":"post-6523","1":"post","2":"type-post","3":"status-publish","4":"format-standard","6":"category-ahmet-hasim"},"yoast_head":"<!-- This site is optimized with the Yoast SEO Premium plugin v24.9 (Yoast SEO v24.9) - https:\/\/yoast.com\/wordpress\/plugins\/seo\/ -->\n<title>\u015eEB-\u0130 N\u0130SAN - narteks.net<\/title>\n<meta name=\"robots\" content=\"index, follow, max-snippet:-1, max-image-preview:large, max-video-preview:-1\" \/>\n<link rel=\"canonical\" href=\"https:\/\/narteks.net\/index.php\/2011\/06\/08\/seb-i-nisan\/\" \/>\n<meta property=\"og:locale\" content=\"tr_TR\" \/>\n<meta property=\"og:type\" content=\"article\" \/>\n<meta property=\"og:title\" content=\"\u015eEB-\u0130 N\u0130SAN\" \/>\n<meta property=\"og:description\" content=\"\u00a0 Mahm\u00fbr, muz\u00ee, m\u00e2-\u0131, derin bir \u015feb-i n\u00ees\u00e2nOlmu\u015ftu n\u00fcc\u00fbmiyle miy\u00e2h-\u00ee dile r\u00eez\u00e2nDallardan u\u00e7an \u0131tr-\u0131 bah\u00e2r-\u00ee m\u00fctefekkirD\u00f6km\u00fc\u015ft\u00fc o solgun \u015febe huly\u00e2, emel \u00fc \u015ei\u2019r.Sesler, g\u00fcl\u00fc\u015f\u00fcr s\u00e2yede, sevd\u00e2 ile b\u00ee-h\u00fb\u015f,B\u00e2d anlar\u0131 eylerdi nev\u00e2zi\u015fle der-\u00e2\u011fu\u015f.Bir cism-i perest\u00eedeyi kalb \u00fcst\u00fcne sarmakH\u0131rs\u00eeyle ba\u015f\u0131m s\u0131tmal\u0131, g\u00f6zler kuru, parlak,Eller asab\u00ee, h\u0131\u00e7k\u0131rarak s\u00e2hile indim,Kar\u015f\u0131mda deniz\u2026 G\u00f6klerin alt\u0131nda gezindim. Ey sen ki uzaktan m\u00fctebessim, [&hellip;]\" \/>\n<meta property=\"og:url\" content=\"https:\/\/narteks.net\/index.php\/2011\/06\/08\/seb-i-nisan\/\" \/>\n<meta property=\"og:site_name\" content=\"narteks.net\" \/>\n<meta property=\"article:published_time\" content=\"2011-06-08T08:36:59+00:00\" \/>\n<meta property=\"og:image\" content=\"https:\/\/narteks.net\/wp-content\/uploads\/narteks.png\" \/>\n\t<meta property=\"og:image:width\" content=\"300\" \/>\n\t<meta property=\"og:image:height\" content=\"90\" \/>\n\t<meta property=\"og:image:type\" content=\"image\/png\" \/>\n<meta name=\"author\" content=\"Tar\u0131k\" \/>\n<meta name=\"twitter:card\" content=\"summary_large_image\" \/>\n<meta name=\"twitter:creator\" content=\"@narteks\" \/>\n<meta name=\"twitter:site\" content=\"@narteks\" \/>\n<meta name=\"twitter:label1\" content=\"Yazan:\" \/>\n\t<meta name=\"twitter:data1\" content=\"Tar\u0131k\" \/>\n\t<meta name=\"twitter:label2\" content=\"Tahmini okuma s\u00fcresi\" \/>\n\t<meta name=\"twitter:data2\" content=\"2 dakika\" \/>\n<script type=\"application\/ld+json\" class=\"yoast-schema-graph\">{\"@context\":\"https:\/\/schema.org\",\"@graph\":[{\"@type\":\"Article\",\"@id\":\"https:\/\/narteks.net\/index.php\/2011\/06\/08\/seb-i-nisan\/#article\",\"isPartOf\":{\"@id\":\"https:\/\/narteks.net\/index.php\/2011\/06\/08\/seb-i-nisan\/\"},\"author\":{\"name\":\"Tar\u0131k\",\"@id\":\"https:\/\/narteks.net\/#\/schema\/person\/61f37d9834294b72d31d274e7ed79bca\"},\"headline\":\"\u015eEB-\u0130 N\u0130SAN\",\"datePublished\":\"2011-06-08T08:36:59+00:00\",\"mainEntityOfPage\":{\"@id\":\"https:\/\/narteks.net\/index.php\/2011\/06\/08\/seb-i-nisan\/\"},\"wordCount\":308,\"commentCount\":0,\"publisher\":{\"@id\":\"https:\/\/narteks.net\/#organization\"},\"articleSection\":[\"Ahmet HA\u015e\u0130M\"],\"inLanguage\":\"tr\",\"potentialAction\":[{\"@type\":\"CommentAction\",\"name\":\"Comment\",\"target\":[\"https:\/\/narteks.net\/index.php\/2011\/06\/08\/seb-i-nisan\/#respond\"]}]},{\"@type\":\"WebPage\",\"@id\":\"https:\/\/narteks.net\/index.php\/2011\/06\/08\/seb-i-nisan\/\",\"url\":\"https:\/\/narteks.net\/index.php\/2011\/06\/08\/seb-i-nisan\/\",\"name\":\"\u015eEB-\u0130 N\u0130SAN - narteks.net\",\"isPartOf\":{\"@id\":\"https:\/\/narteks.net\/#website\"},\"datePublished\":\"2011-06-08T08:36:59+00:00\",\"breadcrumb\":{\"@id\":\"https:\/\/narteks.net\/index.php\/2011\/06\/08\/seb-i-nisan\/#breadcrumb\"},\"inLanguage\":\"tr\",\"potentialAction\":[{\"@type\":\"ReadAction\",\"target\":[\"https:\/\/narteks.net\/index.php\/2011\/06\/08\/seb-i-nisan\/\"]}]},{\"@type\":\"BreadcrumbList\",\"@id\":\"https:\/\/narteks.net\/index.php\/2011\/06\/08\/seb-i-nisan\/#breadcrumb\",\"itemListElement\":[{\"@type\":\"ListItem\",\"position\":1,\"name\":\"Anasayfa\",\"item\":\"https:\/\/narteks.net\/\"},{\"@type\":\"ListItem\",\"position\":2,\"name\":\"\u015eEB-\u0130 N\u0130SAN\"}]},{\"@type\":\"WebSite\",\"@id\":\"https:\/\/narteks.net\/#website\",\"url\":\"https:\/\/narteks.net\/\",\"name\":\"narteks.net\",\"description\":\"K\u00fclt\u00fcr Sanat Edebiyat Felsefe\",\"publisher\":{\"@id\":\"https:\/\/narteks.net\/#organization\"},\"alternateName\":\"K\u00fclt\u00fcr Sanat Edebiyat Felsefe\",\"potentialAction\":[{\"@type\":\"SearchAction\",\"target\":{\"@type\":\"EntryPoint\",\"urlTemplate\":\"https:\/\/narteks.net\/?s={search_term_string}\"},\"query-input\":{\"@type\":\"PropertyValueSpecification\",\"valueRequired\":true,\"valueName\":\"search_term_string\"}}],\"inLanguage\":\"tr\"},{\"@type\":\"Organization\",\"@id\":\"https:\/\/narteks.net\/#organization\",\"name\":\"narteks.net\",\"url\":\"https:\/\/narteks.net\/\",\"logo\":{\"@type\":\"ImageObject\",\"inLanguage\":\"tr\",\"@id\":\"https:\/\/narteks.net\/#\/schema\/logo\/image\/\",\"url\":\"https:\/\/narteks.net\/wp-content\/uploads\/narteks.png\",\"contentUrl\":\"https:\/\/narteks.net\/wp-content\/uploads\/narteks.png\",\"width\":300,\"height\":90,\"caption\":\"narteks.net\"},\"image\":{\"@id\":\"https:\/\/narteks.net\/#\/schema\/logo\/image\/\"},\"sameAs\":[\"https:\/\/x.com\/narteks\",\"https:\/\/instagram.com\/narteksnet\"]},{\"@type\":\"Person\",\"@id\":\"https:\/\/narteks.net\/#\/schema\/person\/61f37d9834294b72d31d274e7ed79bca\",\"name\":\"Tar\u0131k\",\"image\":{\"@type\":\"ImageObject\",\"inLanguage\":\"tr\",\"@id\":\"https:\/\/narteks.net\/#\/schema\/person\/image\/\",\"url\":\"https:\/\/secure.gravatar.com\/avatar\/50865afb55632c4ae467e0af0930f6510aa2297d8014be502a55b14f3b7550cf?s=96&d=mm&r=g\",\"contentUrl\":\"https:\/\/secure.gravatar.com\/avatar\/50865afb55632c4ae467e0af0930f6510aa2297d8014be502a55b14f3b7550cf?s=96&d=mm&r=g\",\"caption\":\"Tar\u0131k\"},\"sameAs\":[\"http:\/\/narteks.net\"],\"url\":\"https:\/\/narteks.net\/index.php\/author\/narbak\/\"}]}<\/script>\n<!-- \/ Yoast SEO Premium plugin. -->","yoast_head_json":{"title":"\u015eEB-\u0130 N\u0130SAN - narteks.net","robots":{"index":"index","follow":"follow","max-snippet":"max-snippet:-1","max-image-preview":"max-image-preview:large","max-video-preview":"max-video-preview:-1"},"canonical":"https:\/\/narteks.net\/index.php\/2011\/06\/08\/seb-i-nisan\/","og_locale":"tr_TR","og_type":"article","og_title":"\u015eEB-\u0130 N\u0130SAN","og_description":"\u00a0 Mahm\u00fbr, muz\u00ee, m\u00e2-\u0131, derin bir \u015feb-i n\u00ees\u00e2nOlmu\u015ftu n\u00fcc\u00fbmiyle miy\u00e2h-\u00ee dile r\u00eez\u00e2nDallardan u\u00e7an \u0131tr-\u0131 bah\u00e2r-\u00ee m\u00fctefekkirD\u00f6km\u00fc\u015ft\u00fc o solgun \u015febe huly\u00e2, emel \u00fc \u015ei\u2019r.Sesler, g\u00fcl\u00fc\u015f\u00fcr s\u00e2yede, sevd\u00e2 ile b\u00ee-h\u00fb\u015f,B\u00e2d anlar\u0131 eylerdi nev\u00e2zi\u015fle der-\u00e2\u011fu\u015f.Bir cism-i perest\u00eedeyi kalb \u00fcst\u00fcne sarmakH\u0131rs\u00eeyle ba\u015f\u0131m s\u0131tmal\u0131, g\u00f6zler kuru, parlak,Eller asab\u00ee, h\u0131\u00e7k\u0131rarak s\u00e2hile indim,Kar\u015f\u0131mda deniz\u2026 G\u00f6klerin alt\u0131nda gezindim. Ey sen ki uzaktan m\u00fctebessim, [&hellip;]","og_url":"https:\/\/narteks.net\/index.php\/2011\/06\/08\/seb-i-nisan\/","og_site_name":"narteks.net","article_published_time":"2011-06-08T08:36:59+00:00","og_image":[{"width":300,"height":90,"url":"https:\/\/narteks.net\/wp-content\/uploads\/narteks.png","type":"image\/png"}],"author":"Tar\u0131k","twitter_card":"summary_large_image","twitter_creator":"@narteks","twitter_site":"@narteks","twitter_misc":{"Yazan:":"Tar\u0131k","Tahmini okuma s\u00fcresi":"2 dakika"},"schema":{"@context":"https:\/\/schema.org","@graph":[{"@type":"Article","@id":"https:\/\/narteks.net\/index.php\/2011\/06\/08\/seb-i-nisan\/#article","isPartOf":{"@id":"https:\/\/narteks.net\/index.php\/2011\/06\/08\/seb-i-nisan\/"},"author":{"name":"Tar\u0131k","@id":"https:\/\/narteks.net\/#\/schema\/person\/61f37d9834294b72d31d274e7ed79bca"},"headline":"\u015eEB-\u0130 N\u0130SAN","datePublished":"2011-06-08T08:36:59+00:00","mainEntityOfPage":{"@id":"https:\/\/narteks.net\/index.php\/2011\/06\/08\/seb-i-nisan\/"},"wordCount":308,"commentCount":0,"publisher":{"@id":"https:\/\/narteks.net\/#organization"},"articleSection":["Ahmet HA\u015e\u0130M"],"inLanguage":"tr","potentialAction":[{"@type":"CommentAction","name":"Comment","target":["https:\/\/narteks.net\/index.php\/2011\/06\/08\/seb-i-nisan\/#respond"]}]},{"@type":"WebPage","@id":"https:\/\/narteks.net\/index.php\/2011\/06\/08\/seb-i-nisan\/","url":"https:\/\/narteks.net\/index.php\/2011\/06\/08\/seb-i-nisan\/","name":"\u015eEB-\u0130 N\u0130SAN - narteks.net","isPartOf":{"@id":"https:\/\/narteks.net\/#website"},"datePublished":"2011-06-08T08:36:59+00:00","breadcrumb":{"@id":"https:\/\/narteks.net\/index.php\/2011\/06\/08\/seb-i-nisan\/#breadcrumb"},"inLanguage":"tr","potentialAction":[{"@type":"ReadAction","target":["https:\/\/narteks.net\/index.php\/2011\/06\/08\/seb-i-nisan\/"]}]},{"@type":"BreadcrumbList","@id":"https:\/\/narteks.net\/index.php\/2011\/06\/08\/seb-i-nisan\/#breadcrumb","itemListElement":[{"@type":"ListItem","position":1,"name":"Anasayfa","item":"https:\/\/narteks.net\/"},{"@type":"ListItem","position":2,"name":"\u015eEB-\u0130 N\u0130SAN"}]},{"@type":"WebSite","@id":"https:\/\/narteks.net\/#website","url":"https:\/\/narteks.net\/","name":"narteks.net","description":"K\u00fclt\u00fcr Sanat Edebiyat Felsefe","publisher":{"@id":"https:\/\/narteks.net\/#organization"},"alternateName":"K\u00fclt\u00fcr Sanat Edebiyat Felsefe","potentialAction":[{"@type":"SearchAction","target":{"@type":"EntryPoint","urlTemplate":"https:\/\/narteks.net\/?s={search_term_string}"},"query-input":{"@type":"PropertyValueSpecification","valueRequired":true,"valueName":"search_term_string"}}],"inLanguage":"tr"},{"@type":"Organization","@id":"https:\/\/narteks.net\/#organization","name":"narteks.net","url":"https:\/\/narteks.net\/","logo":{"@type":"ImageObject","inLanguage":"tr","@id":"https:\/\/narteks.net\/#\/schema\/logo\/image\/","url":"https:\/\/narteks.net\/wp-content\/uploads\/narteks.png","contentUrl":"https:\/\/narteks.net\/wp-content\/uploads\/narteks.png","width":300,"height":90,"caption":"narteks.net"},"image":{"@id":"https:\/\/narteks.net\/#\/schema\/logo\/image\/"},"sameAs":["https:\/\/x.com\/narteks","https:\/\/instagram.com\/narteksnet"]},{"@type":"Person","@id":"https:\/\/narteks.net\/#\/schema\/person\/61f37d9834294b72d31d274e7ed79bca","name":"Tar\u0131k","image":{"@type":"ImageObject","inLanguage":"tr","@id":"https:\/\/narteks.net\/#\/schema\/person\/image\/","url":"https:\/\/secure.gravatar.com\/avatar\/50865afb55632c4ae467e0af0930f6510aa2297d8014be502a55b14f3b7550cf?s=96&d=mm&r=g","contentUrl":"https:\/\/secure.gravatar.com\/avatar\/50865afb55632c4ae467e0af0930f6510aa2297d8014be502a55b14f3b7550cf?s=96&d=mm&r=g","caption":"Tar\u0131k"},"sameAs":["http:\/\/narteks.net"],"url":"https:\/\/narteks.net\/index.php\/author\/narbak\/"}]}},"_links":{"self":[{"href":"https:\/\/narteks.net\/index.php\/wp-json\/wp\/v2\/posts\/6523","targetHints":{"allow":["GET"]}}],"collection":[{"href":"https:\/\/narteks.net\/index.php\/wp-json\/wp\/v2\/posts"}],"about":[{"href":"https:\/\/narteks.net\/index.php\/wp-json\/wp\/v2\/types\/post"}],"author":[{"embeddable":true,"href":"https:\/\/narteks.net\/index.php\/wp-json\/wp\/v2\/users\/1"}],"replies":[{"embeddable":true,"href":"https:\/\/narteks.net\/index.php\/wp-json\/wp\/v2\/comments?post=6523"}],"version-history":[{"count":0,"href":"https:\/\/narteks.net\/index.php\/wp-json\/wp\/v2\/posts\/6523\/revisions"}],"wp:attachment":[{"href":"https:\/\/narteks.net\/index.php\/wp-json\/wp\/v2\/media?parent=6523"}],"wp:term":[{"taxonomy":"category","embeddable":true,"href":"https:\/\/narteks.net\/index.php\/wp-json\/wp\/v2\/categories?post=6523"},{"taxonomy":"post_tag","embeddable":true,"href":"https:\/\/narteks.net\/index.php\/wp-json\/wp\/v2\/tags?post=6523"}],"curies":[{"name":"wp","href":"https:\/\/api.w.org\/{rel}","templated":true}]}}