{"id":6528,"date":"2011-06-09T10:36:56","date_gmt":"2011-06-09T07:36:56","guid":{"rendered":"http:\/\/localhost\/wordpress\/2011\/06\/09\/bir-ornek-insan-portresi\/"},"modified":"2011-06-09T10:36:56","modified_gmt":"2011-06-09T07:36:56","slug":"bir-ornek-insan-portresi","status":"publish","type":"post","link":"https:\/\/narteks.net\/index.php\/2011\/06\/09\/bir-ornek-insan-portresi\/","title":{"rendered":"B\u0130R \u00d6RNEK \u0130NSAN PORTRES\u0130"},"content":{"rendered":"<p>\u00a0<\/p>\n<p>demek hi\u00e7 a\u00e7 kalmad\u0131n sen \u00f6yle mi<br \/>a\u00e7\u0131kta kalmad\u0131n ha?<br \/>kirinden g\u00f6mle\u011finin<br \/>dirse\u011finin yamas\u0131ndan<br \/>eziklik duymad\u0131n ha?<br \/>bravo be<br \/>a\u015fkolsun \u015fu adama vallahi!<\/p>\n<p>demek hi\u00e7 s\u00f6vmediler anana avrad\u0131na<br \/>hi\u00e7 kimseye s\u00f6vmedin ha?<br \/>bir gececik olsun \u00e7ekip kafay\u0131<br \/>\u015fak\u0131r \u015fak\u0131r oynamad\u0131n<br \/>h\u0131\u00e7k\u0131rarak a\u011flamad\u0131n \u00f6yle mi?<br \/>bravo be<br \/>a\u015fkolsun \u015fu adama vallahi!<\/p>\n<p>demek yaln\u0131zl\u0131ktan b\u00f6\u011f\u00fcrmedin hi\u00e7<br \/>akrep sokmu\u015f gibi s\u0131\u00e7ramad\u0131n geceleri ha?<br \/>hi\u00e7 sevmedin \u00f6yle mi<br \/>kendini \u00f6ld\u00fcrmeyi \u00e7ekip gitmeyi<br \/>b\u00fcy\u00fck i\u015fler becermeyi d\u00fc\u015f\u00fcnmedin ha?<br \/>bravo be<br \/>a\u015fkolsun \u015fu adama vallahi!<\/p>\n<p>demek bu musluklar hep bu ellerde<br \/>bu d\u00fczen bu d\u00fcnya bu gidi\u015f<br \/>sen hep b\u00f6yle mutlu ki\u015fi \u00f6rnek vatanda\u015f<br \/>giden a\u011fam gelen pa\u015fam, \u00f6yle mi?<br \/>bin ya\u015fas\u0131n seni sokmayan y\u0131lan<br \/>sen mi kald\u0131n d\u00fczeltecek, \u00f6yle mi?<br \/>haks\u0131zl\u0131\u011fa u\u011framad\u0131n ta\u015flanmad\u0131n ha?<br \/>ne \u015fam&#8217;\u0131n \u015fekeri, ha<br \/>ne arab\u0131n y\u00fcz\u00fc, ha?<br \/>ya\u015fad\u0131n da bunca y\u0131l \u015fu batakl\u0131kta<br \/>g\u00fcl sand\u0131n bu kokuyu \u00f6yle mi?<br \/>hadi be h\u0131rbo sen de<br \/>adam m\u0131s\u0131n sen de be!<\/p>\n<p>Hasan H\u00fcseyin KORKMAZG\u0130L<\/p>\n","protected":false},"excerpt":{"rendered":"<p>\u00a0 demek hi\u00e7 a\u00e7 kalmad\u0131n sen \u00f6yle mia\u00e7\u0131kta kalmad\u0131n ha?kirinden g\u00f6mle\u011finindirse\u011finin yamas\u0131ndaneziklik duymad\u0131n ha?bravo bea\u015fkolsun \u015fu adama vallahi! demek hi\u00e7 s\u00f6vmediler anana avrad\u0131nahi\u00e7 kimseye s\u00f6vmedin ha?bir gececik olsun \u00e7ekip kafay\u0131\u015fak\u0131r \u015fak\u0131r oynamad\u0131nh\u0131\u00e7k\u0131rarak a\u011flamad\u0131n \u00f6yle mi?bravo bea\u015fkolsun \u015fu adama vallahi! demek yaln\u0131zl\u0131ktan b\u00f6\u011f\u00fcrmedin hi\u00e7akrep sokmu\u015f gibi s\u0131\u00e7ramad\u0131n geceleri ha?hi\u00e7 sevmedin \u00f6yle mikendini \u00f6ld\u00fcrmeyi \u00e7ekip gitmeyib\u00fcy\u00fck i\u015fler [&hellip;]<\/p>\n","protected":false},"author":1,"featured_media":0,"comment_status":"open","ping_status":"open","sticky":false,"template":"","format":"standard","meta":{"footnotes":""},"categories":[21],"tags":[],"class_list":{"0":"post-6528","1":"post","2":"type-post","3":"status-publish","4":"format-standard","6":"category-h-huseyin-korkmazgil"},"yoast_head":"<!-- This site is optimized with the Yoast SEO Premium plugin v24.9 (Yoast SEO v24.9) - https:\/\/yoast.com\/wordpress\/plugins\/seo\/ -->\n<title>B\u0130R \u00d6RNEK \u0130NSAN PORTRES\u0130 - narteks.net<\/title>\n<meta name=\"robots\" content=\"index, follow, max-snippet:-1, max-image-preview:large, max-video-preview:-1\" \/>\n<link rel=\"canonical\" href=\"https:\/\/narteks.net\/index.php\/2011\/06\/09\/bir-ornek-insan-portresi\/\" \/>\n<meta property=\"og:locale\" content=\"tr_TR\" \/>\n<meta property=\"og:type\" content=\"article\" \/>\n<meta property=\"og:title\" content=\"B\u0130R \u00d6RNEK \u0130NSAN PORTRES\u0130\" \/>\n<meta property=\"og:description\" content=\"\u00a0 demek hi\u00e7 a\u00e7 kalmad\u0131n sen \u00f6yle mia\u00e7\u0131kta kalmad\u0131n ha?kirinden g\u00f6mle\u011finindirse\u011finin yamas\u0131ndaneziklik duymad\u0131n ha?bravo bea\u015fkolsun \u015fu adama vallahi! demek hi\u00e7 s\u00f6vmediler anana avrad\u0131nahi\u00e7 kimseye s\u00f6vmedin ha?bir gececik olsun \u00e7ekip kafay\u0131\u015fak\u0131r \u015fak\u0131r oynamad\u0131nh\u0131\u00e7k\u0131rarak a\u011flamad\u0131n \u00f6yle mi?bravo bea\u015fkolsun \u015fu adama vallahi! demek yaln\u0131zl\u0131ktan b\u00f6\u011f\u00fcrmedin hi\u00e7akrep sokmu\u015f gibi s\u0131\u00e7ramad\u0131n geceleri ha?hi\u00e7 sevmedin \u00f6yle mikendini \u00f6ld\u00fcrmeyi \u00e7ekip gitmeyib\u00fcy\u00fck i\u015fler [&hellip;]\" \/>\n<meta property=\"og:url\" content=\"https:\/\/narteks.net\/index.php\/2011\/06\/09\/bir-ornek-insan-portresi\/\" \/>\n<meta property=\"og:site_name\" content=\"narteks.net\" \/>\n<meta property=\"article:published_time\" content=\"2011-06-09T07:36:56+00:00\" \/>\n<meta property=\"og:image\" content=\"https:\/\/narteks.net\/wp-content\/uploads\/narteks.png\" \/>\n\t<meta property=\"og:image:width\" content=\"300\" \/>\n\t<meta property=\"og:image:height\" content=\"90\" \/>\n\t<meta property=\"og:image:type\" content=\"image\/png\" \/>\n<meta name=\"author\" content=\"Tar\u0131k\" \/>\n<meta name=\"twitter:card\" content=\"summary_large_image\" \/>\n<meta name=\"twitter:creator\" content=\"@narteks\" \/>\n<meta name=\"twitter:site\" content=\"@narteks\" \/>\n<meta name=\"twitter:label1\" content=\"Yazan:\" \/>\n\t<meta name=\"twitter:data1\" content=\"Tar\u0131k\" \/>\n\t<meta name=\"twitter:label2\" content=\"Tahmini okuma s\u00fcresi\" \/>\n\t<meta name=\"twitter:data2\" content=\"1 dakika\" \/>\n<script type=\"application\/ld+json\" class=\"yoast-schema-graph\">{\"@context\":\"https:\/\/schema.org\",\"@graph\":[{\"@type\":\"Article\",\"@id\":\"https:\/\/narteks.net\/index.php\/2011\/06\/09\/bir-ornek-insan-portresi\/#article\",\"isPartOf\":{\"@id\":\"https:\/\/narteks.net\/index.php\/2011\/06\/09\/bir-ornek-insan-portresi\/\"},\"author\":{\"name\":\"Tar\u0131k\",\"@id\":\"https:\/\/narteks.net\/#\/schema\/person\/61f37d9834294b72d31d274e7ed79bca\"},\"headline\":\"B\u0130R \u00d6RNEK \u0130NSAN PORTRES\u0130\",\"datePublished\":\"2011-06-09T07:36:56+00:00\",\"mainEntityOfPage\":{\"@id\":\"https:\/\/narteks.net\/index.php\/2011\/06\/09\/bir-ornek-insan-portresi\/\"},\"wordCount\":204,\"commentCount\":0,\"publisher\":{\"@id\":\"https:\/\/narteks.net\/#organization\"},\"articleSection\":[\"H.H\u00fcseyin KORKMAZG\u0130L\"],\"inLanguage\":\"tr\",\"potentialAction\":[{\"@type\":\"CommentAction\",\"name\":\"Comment\",\"target\":[\"https:\/\/narteks.net\/index.php\/2011\/06\/09\/bir-ornek-insan-portresi\/#respond\"]}]},{\"@type\":\"WebPage\",\"@id\":\"https:\/\/narteks.net\/index.php\/2011\/06\/09\/bir-ornek-insan-portresi\/\",\"url\":\"https:\/\/narteks.net\/index.php\/2011\/06\/09\/bir-ornek-insan-portresi\/\",\"name\":\"B\u0130R \u00d6RNEK \u0130NSAN PORTRES\u0130 - narteks.net\",\"isPartOf\":{\"@id\":\"https:\/\/narteks.net\/#website\"},\"datePublished\":\"2011-06-09T07:36:56+00:00\",\"breadcrumb\":{\"@id\":\"https:\/\/narteks.net\/index.php\/2011\/06\/09\/bir-ornek-insan-portresi\/#breadcrumb\"},\"inLanguage\":\"tr\",\"potentialAction\":[{\"@type\":\"ReadAction\",\"target\":[\"https:\/\/narteks.net\/index.php\/2011\/06\/09\/bir-ornek-insan-portresi\/\"]}]},{\"@type\":\"BreadcrumbList\",\"@id\":\"https:\/\/narteks.net\/index.php\/2011\/06\/09\/bir-ornek-insan-portresi\/#breadcrumb\",\"itemListElement\":[{\"@type\":\"ListItem\",\"position\":1,\"name\":\"Anasayfa\",\"item\":\"https:\/\/narteks.net\/\"},{\"@type\":\"ListItem\",\"position\":2,\"name\":\"B\u0130R \u00d6RNEK \u0130NSAN PORTRES\u0130\"}]},{\"@type\":\"WebSite\",\"@id\":\"https:\/\/narteks.net\/#website\",\"url\":\"https:\/\/narteks.net\/\",\"name\":\"narteks.net\",\"description\":\"K\u00fclt\u00fcr Sanat Edebiyat Felsefe\",\"publisher\":{\"@id\":\"https:\/\/narteks.net\/#organization\"},\"alternateName\":\"K\u00fclt\u00fcr Sanat Edebiyat Felsefe\",\"potentialAction\":[{\"@type\":\"SearchAction\",\"target\":{\"@type\":\"EntryPoint\",\"urlTemplate\":\"https:\/\/narteks.net\/?s={search_term_string}\"},\"query-input\":{\"@type\":\"PropertyValueSpecification\",\"valueRequired\":true,\"valueName\":\"search_term_string\"}}],\"inLanguage\":\"tr\"},{\"@type\":\"Organization\",\"@id\":\"https:\/\/narteks.net\/#organization\",\"name\":\"narteks.net\",\"url\":\"https:\/\/narteks.net\/\",\"logo\":{\"@type\":\"ImageObject\",\"inLanguage\":\"tr\",\"@id\":\"https:\/\/narteks.net\/#\/schema\/logo\/image\/\",\"url\":\"https:\/\/narteks.net\/wp-content\/uploads\/narteks.png\",\"contentUrl\":\"https:\/\/narteks.net\/wp-content\/uploads\/narteks.png\",\"width\":300,\"height\":90,\"caption\":\"narteks.net\"},\"image\":{\"@id\":\"https:\/\/narteks.net\/#\/schema\/logo\/image\/\"},\"sameAs\":[\"https:\/\/x.com\/narteks\",\"https:\/\/instagram.com\/narteksnet\"]},{\"@type\":\"Person\",\"@id\":\"https:\/\/narteks.net\/#\/schema\/person\/61f37d9834294b72d31d274e7ed79bca\",\"name\":\"Tar\u0131k\",\"image\":{\"@type\":\"ImageObject\",\"inLanguage\":\"tr\",\"@id\":\"https:\/\/narteks.net\/#\/schema\/person\/image\/\",\"url\":\"https:\/\/secure.gravatar.com\/avatar\/50865afb55632c4ae467e0af0930f6510aa2297d8014be502a55b14f3b7550cf?s=96&d=mm&r=g\",\"contentUrl\":\"https:\/\/secure.gravatar.com\/avatar\/50865afb55632c4ae467e0af0930f6510aa2297d8014be502a55b14f3b7550cf?s=96&d=mm&r=g\",\"caption\":\"Tar\u0131k\"},\"sameAs\":[\"http:\/\/narteks.net\"],\"url\":\"https:\/\/narteks.net\/index.php\/author\/narbak\/\"}]}<\/script>\n<!-- \/ Yoast SEO Premium plugin. -->","yoast_head_json":{"title":"B\u0130R \u00d6RNEK \u0130NSAN PORTRES\u0130 - narteks.net","robots":{"index":"index","follow":"follow","max-snippet":"max-snippet:-1","max-image-preview":"max-image-preview:large","max-video-preview":"max-video-preview:-1"},"canonical":"https:\/\/narteks.net\/index.php\/2011\/06\/09\/bir-ornek-insan-portresi\/","og_locale":"tr_TR","og_type":"article","og_title":"B\u0130R \u00d6RNEK \u0130NSAN PORTRES\u0130","og_description":"\u00a0 demek hi\u00e7 a\u00e7 kalmad\u0131n sen \u00f6yle mia\u00e7\u0131kta kalmad\u0131n ha?kirinden g\u00f6mle\u011finindirse\u011finin yamas\u0131ndaneziklik duymad\u0131n ha?bravo bea\u015fkolsun \u015fu adama vallahi! demek hi\u00e7 s\u00f6vmediler anana avrad\u0131nahi\u00e7 kimseye s\u00f6vmedin ha?bir gececik olsun \u00e7ekip kafay\u0131\u015fak\u0131r \u015fak\u0131r oynamad\u0131nh\u0131\u00e7k\u0131rarak a\u011flamad\u0131n \u00f6yle mi?bravo bea\u015fkolsun \u015fu adama vallahi! demek yaln\u0131zl\u0131ktan b\u00f6\u011f\u00fcrmedin hi\u00e7akrep sokmu\u015f gibi s\u0131\u00e7ramad\u0131n geceleri ha?hi\u00e7 sevmedin \u00f6yle mikendini \u00f6ld\u00fcrmeyi \u00e7ekip gitmeyib\u00fcy\u00fck i\u015fler [&hellip;]","og_url":"https:\/\/narteks.net\/index.php\/2011\/06\/09\/bir-ornek-insan-portresi\/","og_site_name":"narteks.net","article_published_time":"2011-06-09T07:36:56+00:00","og_image":[{"width":300,"height":90,"url":"https:\/\/narteks.net\/wp-content\/uploads\/narteks.png","type":"image\/png"}],"author":"Tar\u0131k","twitter_card":"summary_large_image","twitter_creator":"@narteks","twitter_site":"@narteks","twitter_misc":{"Yazan:":"Tar\u0131k","Tahmini okuma s\u00fcresi":"1 dakika"},"schema":{"@context":"https:\/\/schema.org","@graph":[{"@type":"Article","@id":"https:\/\/narteks.net\/index.php\/2011\/06\/09\/bir-ornek-insan-portresi\/#article","isPartOf":{"@id":"https:\/\/narteks.net\/index.php\/2011\/06\/09\/bir-ornek-insan-portresi\/"},"author":{"name":"Tar\u0131k","@id":"https:\/\/narteks.net\/#\/schema\/person\/61f37d9834294b72d31d274e7ed79bca"},"headline":"B\u0130R \u00d6RNEK \u0130NSAN PORTRES\u0130","datePublished":"2011-06-09T07:36:56+00:00","mainEntityOfPage":{"@id":"https:\/\/narteks.net\/index.php\/2011\/06\/09\/bir-ornek-insan-portresi\/"},"wordCount":204,"commentCount":0,"publisher":{"@id":"https:\/\/narteks.net\/#organization"},"articleSection":["H.H\u00fcseyin KORKMAZG\u0130L"],"inLanguage":"tr","potentialAction":[{"@type":"CommentAction","name":"Comment","target":["https:\/\/narteks.net\/index.php\/2011\/06\/09\/bir-ornek-insan-portresi\/#respond"]}]},{"@type":"WebPage","@id":"https:\/\/narteks.net\/index.php\/2011\/06\/09\/bir-ornek-insan-portresi\/","url":"https:\/\/narteks.net\/index.php\/2011\/06\/09\/bir-ornek-insan-portresi\/","name":"B\u0130R \u00d6RNEK \u0130NSAN PORTRES\u0130 - narteks.net","isPartOf":{"@id":"https:\/\/narteks.net\/#website"},"datePublished":"2011-06-09T07:36:56+00:00","breadcrumb":{"@id":"https:\/\/narteks.net\/index.php\/2011\/06\/09\/bir-ornek-insan-portresi\/#breadcrumb"},"inLanguage":"tr","potentialAction":[{"@type":"ReadAction","target":["https:\/\/narteks.net\/index.php\/2011\/06\/09\/bir-ornek-insan-portresi\/"]}]},{"@type":"BreadcrumbList","@id":"https:\/\/narteks.net\/index.php\/2011\/06\/09\/bir-ornek-insan-portresi\/#breadcrumb","itemListElement":[{"@type":"ListItem","position":1,"name":"Anasayfa","item":"https:\/\/narteks.net\/"},{"@type":"ListItem","position":2,"name":"B\u0130R \u00d6RNEK \u0130NSAN PORTRES\u0130"}]},{"@type":"WebSite","@id":"https:\/\/narteks.net\/#website","url":"https:\/\/narteks.net\/","name":"narteks.net","description":"K\u00fclt\u00fcr Sanat Edebiyat Felsefe","publisher":{"@id":"https:\/\/narteks.net\/#organization"},"alternateName":"K\u00fclt\u00fcr Sanat Edebiyat Felsefe","potentialAction":[{"@type":"SearchAction","target":{"@type":"EntryPoint","urlTemplate":"https:\/\/narteks.net\/?s={search_term_string}"},"query-input":{"@type":"PropertyValueSpecification","valueRequired":true,"valueName":"search_term_string"}}],"inLanguage":"tr"},{"@type":"Organization","@id":"https:\/\/narteks.net\/#organization","name":"narteks.net","url":"https:\/\/narteks.net\/","logo":{"@type":"ImageObject","inLanguage":"tr","@id":"https:\/\/narteks.net\/#\/schema\/logo\/image\/","url":"https:\/\/narteks.net\/wp-content\/uploads\/narteks.png","contentUrl":"https:\/\/narteks.net\/wp-content\/uploads\/narteks.png","width":300,"height":90,"caption":"narteks.net"},"image":{"@id":"https:\/\/narteks.net\/#\/schema\/logo\/image\/"},"sameAs":["https:\/\/x.com\/narteks","https:\/\/instagram.com\/narteksnet"]},{"@type":"Person","@id":"https:\/\/narteks.net\/#\/schema\/person\/61f37d9834294b72d31d274e7ed79bca","name":"Tar\u0131k","image":{"@type":"ImageObject","inLanguage":"tr","@id":"https:\/\/narteks.net\/#\/schema\/person\/image\/","url":"https:\/\/secure.gravatar.com\/avatar\/50865afb55632c4ae467e0af0930f6510aa2297d8014be502a55b14f3b7550cf?s=96&d=mm&r=g","contentUrl":"https:\/\/secure.gravatar.com\/avatar\/50865afb55632c4ae467e0af0930f6510aa2297d8014be502a55b14f3b7550cf?s=96&d=mm&r=g","caption":"Tar\u0131k"},"sameAs":["http:\/\/narteks.net"],"url":"https:\/\/narteks.net\/index.php\/author\/narbak\/"}]}},"_links":{"self":[{"href":"https:\/\/narteks.net\/index.php\/wp-json\/wp\/v2\/posts\/6528","targetHints":{"allow":["GET"]}}],"collection":[{"href":"https:\/\/narteks.net\/index.php\/wp-json\/wp\/v2\/posts"}],"about":[{"href":"https:\/\/narteks.net\/index.php\/wp-json\/wp\/v2\/types\/post"}],"author":[{"embeddable":true,"href":"https:\/\/narteks.net\/index.php\/wp-json\/wp\/v2\/users\/1"}],"replies":[{"embeddable":true,"href":"https:\/\/narteks.net\/index.php\/wp-json\/wp\/v2\/comments?post=6528"}],"version-history":[{"count":0,"href":"https:\/\/narteks.net\/index.php\/wp-json\/wp\/v2\/posts\/6528\/revisions"}],"wp:attachment":[{"href":"https:\/\/narteks.net\/index.php\/wp-json\/wp\/v2\/media?parent=6528"}],"wp:term":[{"taxonomy":"category","embeddable":true,"href":"https:\/\/narteks.net\/index.php\/wp-json\/wp\/v2\/categories?post=6528"},{"taxonomy":"post_tag","embeddable":true,"href":"https:\/\/narteks.net\/index.php\/wp-json\/wp\/v2\/tags?post=6528"}],"curies":[{"name":"wp","href":"https:\/\/api.w.org\/{rel}","templated":true}]}}