{"id":6531,"date":"2011-06-09T11:02:14","date_gmt":"2011-06-09T08:02:14","guid":{"rendered":"http:\/\/localhost\/wordpress\/2011\/06\/09\/anilar-irmaginin-kiyisinda\/"},"modified":"2011-06-09T11:02:14","modified_gmt":"2011-06-09T08:02:14","slug":"anilar-irmaginin-kiyisinda","status":"publish","type":"post","link":"https:\/\/narteks.net\/index.php\/2011\/06\/09\/anilar-irmaginin-kiyisinda\/","title":{"rendered":"ANILAR IRMA\u011eININ KIYISINDA"},"content":{"rendered":"<p>1\/<\/p>\n<p>kavaklar \u0131\u015f\u0131ldard\u0131 bat\u0131ya kar\u015f\u0131<br \/>k\u00fcsk\u00fcn da\u011flar g\u00fclkurusu<br \/>yaz\u0131lar k\u0131z\u0131lt\u0131l\u0131<br \/>\u00f6yle \u00e7etin \u00f6yle h\u0131r\u00e7\u0131n bir \u00e7a\u011fd\u0131 ki \u00f6yle o<br \/>sevmek yang\u0131n u\u011fultusu<br \/>sevilmemek yang\u0131nd\u0131<\/p>\n<p>kavaklar\u0131n arkas\u0131nda bir evdi<br \/>mor patiska perdeleri oyal\u0131<br \/>g\u00f6zal\u0131c\u0131 kumrall\u0131\u011f\u0131 ak\u015fam\u00fcstleri<br \/>e\u015fsiz bir \u00e7a\u011flayand\u0131<br \/>ayr\u0131lmazd\u0131 pencereden b\u00fct\u00fcn bir yaz<br \/>arad\u0131\u011f\u0131 o \u015fehz\u00e2de kimbilir kimdi<\/p>\n<p>hem severdik o \u00e7i\u00e7e\u011fi delicesine<br \/>hem de sevmez g\u00f6r\u00fcn\u00fcrd\u00fck<br \/>\u00e7ocukluk i\u015fte<br \/>kap\u0131\u015fmam\u0131z sanki bir ba\u015fka nedendendi<br \/>yoksulluk da\u011f ba\u015f\u0131nda yal\u0131nayak kelo\u011flan<br \/>vars\u0131ll\u0131ksa suba\u015f\u0131nda bir devdi<\/p>\n<p>2\/<\/p>\n<p>yuvas\u0131z bir atmacayd\u0131 sevmek belki de<br \/>d\u00f6ner ha d\u00f6nerdi de taa yukarlarda<br \/>konamazd\u0131 biryerlere<br \/>ama\u00e7s\u0131z bir yolculuktu sevmek<br \/>bir s\u00fcrekli ka\u00e7makt\u0131 kendi kanatlar\u0131ndan<br \/>gidip gidip d\u00f6nmekti hep ayn\u0131 yere<\/p>\n<p>topu bulutlara tepmekti sevmek<br \/>\u00e7\u0131plak at\u0131 deliduman s\u00fcrmekti yaz\u0131larda<br \/>a\u011fa\u00e7lar\u0131n tepesine \u00e7\u0131k\u0131p inmekti sevmek<br \/>kovalarla \u015farap i\u00e7ip o dinginlikte<br \/>tabanca yumruk b\u0131\u00e7ak<br \/>d\u00fc\u011f\u00fcnlerde k\u0131yas\u0131ya halay \u00e7ekmekti sevmek<\/p>\n<p>3\/<\/p>\n<p>ben miydim topa vuran<br \/>vururcana yoksullu\u011fun ba\u015f\u0131na<br \/>top \u00e7\u0131kard\u0131 y\u0131ld\u0131zlara<br \/>b\u00fct\u00fcn g\u00f6zler y\u0131ld\u0131zlara<br \/>k\u0131z bakard\u0131 y\u0131ld\u0131zlara<br \/>sa\u00e7lar\u0131 sular gibi<br \/>akard\u0131 pencereden<\/p>\n<p>ben miydim \u00e7\u0131plak at\u0131<br \/>ko\u015fturan deliduman<br \/>at giderdi \u00e7evrenlere<br \/>b\u00fct\u00fcn g\u00f6zler \u00e7evrenlere<br \/>k\u0131z bakard\u0131 \u00e7evrenlere<br \/>masallar \u00e7evrenlere<br \/>sa\u00e7lar\u0131 sular gibi<br \/>akard\u0131 pencereden<\/p>\n<p>4\/<\/p>\n<p>duruyor daha orda<br \/>g\u00fcn batarken daha orda<br \/>kavaklar daha orda<br \/>duruyor daha orda<br \/>o sevmek daha orda<br \/>tepti\u011fim top bulutlarda<br \/>s\u00fcrd\u00fc\u011f\u00fcm at bulutlarda<br \/>y\u00fczd\u00fc\u011f\u00fcm \u00e7ay bulutlarda<br \/>kavgalar\u0131m \u00f6zlemlerim<br \/>d\u00f6nmedi<br \/>daha orda<br \/>bulutlar nerde?<br \/>bulutlar nerde?<\/p>\n<p>o k\u0131z art\u0131k yok orda<br \/>o sa\u00e7lar\u0131 \u00e7a\u011flayanl\u0131<br \/>o g\u00f6zleri ku\u015flarl\u0131<br \/>o k\u0131z art\u0131k yok orda<br \/>yok orda o \u00e7ocuklar<br \/>yok orda o kavgalar<br \/>o k\u0131skan\u00e7l\u0131k yok orda<br \/>o gizlemek yok orda<br \/>varsam baksam o bah\u00e7e<br \/>varsam baksam o ak\u015fam<br \/>o bah\u00e7e de yok orda<br \/>o ak\u015fam da yok orda<\/p>\n<p>ya ben nerelerdeyim<br \/>ya ordaki ben nerde?<\/p>\n<p>Hasan H\u00fcseyin KORKMAZG\u0130L<\/p>\n","protected":false},"excerpt":{"rendered":"<p>1\/ kavaklar \u0131\u015f\u0131ldard\u0131 bat\u0131ya kar\u015f\u0131k\u00fcsk\u00fcn da\u011flar g\u00fclkurusuyaz\u0131lar k\u0131z\u0131lt\u0131l\u0131\u00f6yle \u00e7etin \u00f6yle h\u0131r\u00e7\u0131n bir \u00e7a\u011fd\u0131 ki \u00f6yle osevmek yang\u0131n u\u011fultususevilmemek yang\u0131nd\u0131 kavaklar\u0131n arkas\u0131nda bir evdimor patiska perdeleri oyal\u0131g\u00f6zal\u0131c\u0131 kumrall\u0131\u011f\u0131 ak\u015fam\u00fcstlerie\u015fsiz bir \u00e7a\u011flayand\u0131ayr\u0131lmazd\u0131 pencereden b\u00fct\u00fcn bir yazarad\u0131\u011f\u0131 o \u015fehz\u00e2de kimbilir kimdi hem severdik o \u00e7i\u00e7e\u011fi delicesinehem de sevmez g\u00f6r\u00fcn\u00fcrd\u00fck\u00e7ocukluk i\u015ftekap\u0131\u015fmam\u0131z sanki bir ba\u015fka nedendendiyoksulluk da\u011f ba\u015f\u0131nda yal\u0131nayak kelo\u011flanvars\u0131ll\u0131ksa [&hellip;]<\/p>\n","protected":false},"author":1,"featured_media":0,"comment_status":"open","ping_status":"open","sticky":false,"template":"","format":"standard","meta":{"footnotes":""},"categories":[21],"tags":[],"class_list":{"0":"post-6531","1":"post","2":"type-post","3":"status-publish","4":"format-standard","6":"category-h-huseyin-korkmazgil"},"yoast_head":"<!-- This site is optimized with the Yoast SEO Premium plugin v24.9 (Yoast SEO v24.9) - https:\/\/yoast.com\/wordpress\/plugins\/seo\/ -->\n<title>ANILAR IRMA\u011eININ KIYISINDA - narteks.net<\/title>\n<meta name=\"robots\" content=\"index, follow, max-snippet:-1, max-image-preview:large, max-video-preview:-1\" \/>\n<link rel=\"canonical\" href=\"https:\/\/narteks.net\/index.php\/2011\/06\/09\/anilar-irmaginin-kiyisinda\/\" \/>\n<meta property=\"og:locale\" content=\"tr_TR\" \/>\n<meta property=\"og:type\" content=\"article\" \/>\n<meta property=\"og:title\" content=\"ANILAR IRMA\u011eININ KIYISINDA\" \/>\n<meta property=\"og:description\" content=\"1\/ kavaklar \u0131\u015f\u0131ldard\u0131 bat\u0131ya kar\u015f\u0131k\u00fcsk\u00fcn da\u011flar g\u00fclkurusuyaz\u0131lar k\u0131z\u0131lt\u0131l\u0131\u00f6yle \u00e7etin \u00f6yle h\u0131r\u00e7\u0131n bir \u00e7a\u011fd\u0131 ki \u00f6yle osevmek yang\u0131n u\u011fultususevilmemek yang\u0131nd\u0131 kavaklar\u0131n arkas\u0131nda bir evdimor patiska perdeleri oyal\u0131g\u00f6zal\u0131c\u0131 kumrall\u0131\u011f\u0131 ak\u015fam\u00fcstlerie\u015fsiz bir \u00e7a\u011flayand\u0131ayr\u0131lmazd\u0131 pencereden b\u00fct\u00fcn bir yazarad\u0131\u011f\u0131 o \u015fehz\u00e2de kimbilir kimdi hem severdik o \u00e7i\u00e7e\u011fi delicesinehem de sevmez g\u00f6r\u00fcn\u00fcrd\u00fck\u00e7ocukluk i\u015ftekap\u0131\u015fmam\u0131z sanki bir ba\u015fka nedendendiyoksulluk da\u011f ba\u015f\u0131nda yal\u0131nayak kelo\u011flanvars\u0131ll\u0131ksa [&hellip;]\" \/>\n<meta property=\"og:url\" content=\"https:\/\/narteks.net\/index.php\/2011\/06\/09\/anilar-irmaginin-kiyisinda\/\" \/>\n<meta property=\"og:site_name\" content=\"narteks.net\" \/>\n<meta property=\"article:published_time\" content=\"2011-06-09T08:02:14+00:00\" \/>\n<meta property=\"og:image\" content=\"https:\/\/narteks.net\/wp-content\/uploads\/narteks.png\" \/>\n\t<meta property=\"og:image:width\" content=\"300\" \/>\n\t<meta property=\"og:image:height\" content=\"90\" \/>\n\t<meta property=\"og:image:type\" content=\"image\/png\" \/>\n<meta name=\"author\" content=\"Tar\u0131k\" \/>\n<meta name=\"twitter:card\" content=\"summary_large_image\" \/>\n<meta name=\"twitter:creator\" content=\"@narteks\" \/>\n<meta name=\"twitter:site\" content=\"@narteks\" \/>\n<meta name=\"twitter:label1\" content=\"Yazan:\" \/>\n\t<meta name=\"twitter:data1\" content=\"Tar\u0131k\" \/>\n\t<meta name=\"twitter:label2\" content=\"Tahmini okuma s\u00fcresi\" \/>\n\t<meta name=\"twitter:data2\" content=\"2 dakika\" \/>\n<script type=\"application\/ld+json\" class=\"yoast-schema-graph\">{\"@context\":\"https:\/\/schema.org\",\"@graph\":[{\"@type\":\"Article\",\"@id\":\"https:\/\/narteks.net\/index.php\/2011\/06\/09\/anilar-irmaginin-kiyisinda\/#article\",\"isPartOf\":{\"@id\":\"https:\/\/narteks.net\/index.php\/2011\/06\/09\/anilar-irmaginin-kiyisinda\/\"},\"author\":{\"name\":\"Tar\u0131k\",\"@id\":\"https:\/\/narteks.net\/#\/schema\/person\/61f37d9834294b72d31d274e7ed79bca\"},\"headline\":\"ANILAR IRMA\u011eININ KIYISINDA\",\"datePublished\":\"2011-06-09T08:02:14+00:00\",\"mainEntityOfPage\":{\"@id\":\"https:\/\/narteks.net\/index.php\/2011\/06\/09\/anilar-irmaginin-kiyisinda\/\"},\"wordCount\":325,\"commentCount\":0,\"publisher\":{\"@id\":\"https:\/\/narteks.net\/#organization\"},\"articleSection\":[\"H.H\u00fcseyin KORKMAZG\u0130L\"],\"inLanguage\":\"tr\",\"potentialAction\":[{\"@type\":\"CommentAction\",\"name\":\"Comment\",\"target\":[\"https:\/\/narteks.net\/index.php\/2011\/06\/09\/anilar-irmaginin-kiyisinda\/#respond\"]}]},{\"@type\":\"WebPage\",\"@id\":\"https:\/\/narteks.net\/index.php\/2011\/06\/09\/anilar-irmaginin-kiyisinda\/\",\"url\":\"https:\/\/narteks.net\/index.php\/2011\/06\/09\/anilar-irmaginin-kiyisinda\/\",\"name\":\"ANILAR IRMA\u011eININ KIYISINDA - narteks.net\",\"isPartOf\":{\"@id\":\"https:\/\/narteks.net\/#website\"},\"datePublished\":\"2011-06-09T08:02:14+00:00\",\"breadcrumb\":{\"@id\":\"https:\/\/narteks.net\/index.php\/2011\/06\/09\/anilar-irmaginin-kiyisinda\/#breadcrumb\"},\"inLanguage\":\"tr\",\"potentialAction\":[{\"@type\":\"ReadAction\",\"target\":[\"https:\/\/narteks.net\/index.php\/2011\/06\/09\/anilar-irmaginin-kiyisinda\/\"]}]},{\"@type\":\"BreadcrumbList\",\"@id\":\"https:\/\/narteks.net\/index.php\/2011\/06\/09\/anilar-irmaginin-kiyisinda\/#breadcrumb\",\"itemListElement\":[{\"@type\":\"ListItem\",\"position\":1,\"name\":\"Anasayfa\",\"item\":\"https:\/\/narteks.net\/\"},{\"@type\":\"ListItem\",\"position\":2,\"name\":\"ANILAR IRMA\u011eININ KIYISINDA\"}]},{\"@type\":\"WebSite\",\"@id\":\"https:\/\/narteks.net\/#website\",\"url\":\"https:\/\/narteks.net\/\",\"name\":\"narteks.net\",\"description\":\"K\u00fclt\u00fcr Sanat Edebiyat Felsefe\",\"publisher\":{\"@id\":\"https:\/\/narteks.net\/#organization\"},\"alternateName\":\"K\u00fclt\u00fcr Sanat Edebiyat Felsefe\",\"potentialAction\":[{\"@type\":\"SearchAction\",\"target\":{\"@type\":\"EntryPoint\",\"urlTemplate\":\"https:\/\/narteks.net\/?s={search_term_string}\"},\"query-input\":{\"@type\":\"PropertyValueSpecification\",\"valueRequired\":true,\"valueName\":\"search_term_string\"}}],\"inLanguage\":\"tr\"},{\"@type\":\"Organization\",\"@id\":\"https:\/\/narteks.net\/#organization\",\"name\":\"narteks.net\",\"url\":\"https:\/\/narteks.net\/\",\"logo\":{\"@type\":\"ImageObject\",\"inLanguage\":\"tr\",\"@id\":\"https:\/\/narteks.net\/#\/schema\/logo\/image\/\",\"url\":\"https:\/\/narteks.net\/wp-content\/uploads\/narteks.png\",\"contentUrl\":\"https:\/\/narteks.net\/wp-content\/uploads\/narteks.png\",\"width\":300,\"height\":90,\"caption\":\"narteks.net\"},\"image\":{\"@id\":\"https:\/\/narteks.net\/#\/schema\/logo\/image\/\"},\"sameAs\":[\"https:\/\/x.com\/narteks\",\"https:\/\/instagram.com\/narteksnet\"]},{\"@type\":\"Person\",\"@id\":\"https:\/\/narteks.net\/#\/schema\/person\/61f37d9834294b72d31d274e7ed79bca\",\"name\":\"Tar\u0131k\",\"image\":{\"@type\":\"ImageObject\",\"inLanguage\":\"tr\",\"@id\":\"https:\/\/narteks.net\/#\/schema\/person\/image\/\",\"url\":\"https:\/\/secure.gravatar.com\/avatar\/50865afb55632c4ae467e0af0930f6510aa2297d8014be502a55b14f3b7550cf?s=96&d=mm&r=g\",\"contentUrl\":\"https:\/\/secure.gravatar.com\/avatar\/50865afb55632c4ae467e0af0930f6510aa2297d8014be502a55b14f3b7550cf?s=96&d=mm&r=g\",\"caption\":\"Tar\u0131k\"},\"sameAs\":[\"http:\/\/narteks.net\"],\"url\":\"https:\/\/narteks.net\/index.php\/author\/narbak\/\"}]}<\/script>\n<!-- \/ Yoast SEO Premium plugin. -->","yoast_head_json":{"title":"ANILAR IRMA\u011eININ KIYISINDA - narteks.net","robots":{"index":"index","follow":"follow","max-snippet":"max-snippet:-1","max-image-preview":"max-image-preview:large","max-video-preview":"max-video-preview:-1"},"canonical":"https:\/\/narteks.net\/index.php\/2011\/06\/09\/anilar-irmaginin-kiyisinda\/","og_locale":"tr_TR","og_type":"article","og_title":"ANILAR IRMA\u011eININ KIYISINDA","og_description":"1\/ kavaklar \u0131\u015f\u0131ldard\u0131 bat\u0131ya kar\u015f\u0131k\u00fcsk\u00fcn da\u011flar g\u00fclkurusuyaz\u0131lar k\u0131z\u0131lt\u0131l\u0131\u00f6yle \u00e7etin \u00f6yle h\u0131r\u00e7\u0131n bir \u00e7a\u011fd\u0131 ki \u00f6yle osevmek yang\u0131n u\u011fultususevilmemek yang\u0131nd\u0131 kavaklar\u0131n arkas\u0131nda bir evdimor patiska perdeleri oyal\u0131g\u00f6zal\u0131c\u0131 kumrall\u0131\u011f\u0131 ak\u015fam\u00fcstlerie\u015fsiz bir \u00e7a\u011flayand\u0131ayr\u0131lmazd\u0131 pencereden b\u00fct\u00fcn bir yazarad\u0131\u011f\u0131 o \u015fehz\u00e2de kimbilir kimdi hem severdik o \u00e7i\u00e7e\u011fi delicesinehem de sevmez g\u00f6r\u00fcn\u00fcrd\u00fck\u00e7ocukluk i\u015ftekap\u0131\u015fmam\u0131z sanki bir ba\u015fka nedendendiyoksulluk da\u011f ba\u015f\u0131nda yal\u0131nayak kelo\u011flanvars\u0131ll\u0131ksa [&hellip;]","og_url":"https:\/\/narteks.net\/index.php\/2011\/06\/09\/anilar-irmaginin-kiyisinda\/","og_site_name":"narteks.net","article_published_time":"2011-06-09T08:02:14+00:00","og_image":[{"width":300,"height":90,"url":"https:\/\/narteks.net\/wp-content\/uploads\/narteks.png","type":"image\/png"}],"author":"Tar\u0131k","twitter_card":"summary_large_image","twitter_creator":"@narteks","twitter_site":"@narteks","twitter_misc":{"Yazan:":"Tar\u0131k","Tahmini okuma s\u00fcresi":"2 dakika"},"schema":{"@context":"https:\/\/schema.org","@graph":[{"@type":"Article","@id":"https:\/\/narteks.net\/index.php\/2011\/06\/09\/anilar-irmaginin-kiyisinda\/#article","isPartOf":{"@id":"https:\/\/narteks.net\/index.php\/2011\/06\/09\/anilar-irmaginin-kiyisinda\/"},"author":{"name":"Tar\u0131k","@id":"https:\/\/narteks.net\/#\/schema\/person\/61f37d9834294b72d31d274e7ed79bca"},"headline":"ANILAR IRMA\u011eININ KIYISINDA","datePublished":"2011-06-09T08:02:14+00:00","mainEntityOfPage":{"@id":"https:\/\/narteks.net\/index.php\/2011\/06\/09\/anilar-irmaginin-kiyisinda\/"},"wordCount":325,"commentCount":0,"publisher":{"@id":"https:\/\/narteks.net\/#organization"},"articleSection":["H.H\u00fcseyin KORKMAZG\u0130L"],"inLanguage":"tr","potentialAction":[{"@type":"CommentAction","name":"Comment","target":["https:\/\/narteks.net\/index.php\/2011\/06\/09\/anilar-irmaginin-kiyisinda\/#respond"]}]},{"@type":"WebPage","@id":"https:\/\/narteks.net\/index.php\/2011\/06\/09\/anilar-irmaginin-kiyisinda\/","url":"https:\/\/narteks.net\/index.php\/2011\/06\/09\/anilar-irmaginin-kiyisinda\/","name":"ANILAR IRMA\u011eININ KIYISINDA - narteks.net","isPartOf":{"@id":"https:\/\/narteks.net\/#website"},"datePublished":"2011-06-09T08:02:14+00:00","breadcrumb":{"@id":"https:\/\/narteks.net\/index.php\/2011\/06\/09\/anilar-irmaginin-kiyisinda\/#breadcrumb"},"inLanguage":"tr","potentialAction":[{"@type":"ReadAction","target":["https:\/\/narteks.net\/index.php\/2011\/06\/09\/anilar-irmaginin-kiyisinda\/"]}]},{"@type":"BreadcrumbList","@id":"https:\/\/narteks.net\/index.php\/2011\/06\/09\/anilar-irmaginin-kiyisinda\/#breadcrumb","itemListElement":[{"@type":"ListItem","position":1,"name":"Anasayfa","item":"https:\/\/narteks.net\/"},{"@type":"ListItem","position":2,"name":"ANILAR IRMA\u011eININ KIYISINDA"}]},{"@type":"WebSite","@id":"https:\/\/narteks.net\/#website","url":"https:\/\/narteks.net\/","name":"narteks.net","description":"K\u00fclt\u00fcr Sanat Edebiyat Felsefe","publisher":{"@id":"https:\/\/narteks.net\/#organization"},"alternateName":"K\u00fclt\u00fcr Sanat Edebiyat Felsefe","potentialAction":[{"@type":"SearchAction","target":{"@type":"EntryPoint","urlTemplate":"https:\/\/narteks.net\/?s={search_term_string}"},"query-input":{"@type":"PropertyValueSpecification","valueRequired":true,"valueName":"search_term_string"}}],"inLanguage":"tr"},{"@type":"Organization","@id":"https:\/\/narteks.net\/#organization","name":"narteks.net","url":"https:\/\/narteks.net\/","logo":{"@type":"ImageObject","inLanguage":"tr","@id":"https:\/\/narteks.net\/#\/schema\/logo\/image\/","url":"https:\/\/narteks.net\/wp-content\/uploads\/narteks.png","contentUrl":"https:\/\/narteks.net\/wp-content\/uploads\/narteks.png","width":300,"height":90,"caption":"narteks.net"},"image":{"@id":"https:\/\/narteks.net\/#\/schema\/logo\/image\/"},"sameAs":["https:\/\/x.com\/narteks","https:\/\/instagram.com\/narteksnet"]},{"@type":"Person","@id":"https:\/\/narteks.net\/#\/schema\/person\/61f37d9834294b72d31d274e7ed79bca","name":"Tar\u0131k","image":{"@type":"ImageObject","inLanguage":"tr","@id":"https:\/\/narteks.net\/#\/schema\/person\/image\/","url":"https:\/\/secure.gravatar.com\/avatar\/50865afb55632c4ae467e0af0930f6510aa2297d8014be502a55b14f3b7550cf?s=96&d=mm&r=g","contentUrl":"https:\/\/secure.gravatar.com\/avatar\/50865afb55632c4ae467e0af0930f6510aa2297d8014be502a55b14f3b7550cf?s=96&d=mm&r=g","caption":"Tar\u0131k"},"sameAs":["http:\/\/narteks.net"],"url":"https:\/\/narteks.net\/index.php\/author\/narbak\/"}]}},"_links":{"self":[{"href":"https:\/\/narteks.net\/index.php\/wp-json\/wp\/v2\/posts\/6531","targetHints":{"allow":["GET"]}}],"collection":[{"href":"https:\/\/narteks.net\/index.php\/wp-json\/wp\/v2\/posts"}],"about":[{"href":"https:\/\/narteks.net\/index.php\/wp-json\/wp\/v2\/types\/post"}],"author":[{"embeddable":true,"href":"https:\/\/narteks.net\/index.php\/wp-json\/wp\/v2\/users\/1"}],"replies":[{"embeddable":true,"href":"https:\/\/narteks.net\/index.php\/wp-json\/wp\/v2\/comments?post=6531"}],"version-history":[{"count":0,"href":"https:\/\/narteks.net\/index.php\/wp-json\/wp\/v2\/posts\/6531\/revisions"}],"wp:attachment":[{"href":"https:\/\/narteks.net\/index.php\/wp-json\/wp\/v2\/media?parent=6531"}],"wp:term":[{"taxonomy":"category","embeddable":true,"href":"https:\/\/narteks.net\/index.php\/wp-json\/wp\/v2\/categories?post=6531"},{"taxonomy":"post_tag","embeddable":true,"href":"https:\/\/narteks.net\/index.php\/wp-json\/wp\/v2\/tags?post=6531"}],"curies":[{"name":"wp","href":"https:\/\/api.w.org\/{rel}","templated":true}]}}