{"id":6532,"date":"2011-06-09T11:06:00","date_gmt":"2011-06-09T08:06:00","guid":{"rendered":"http:\/\/localhost\/wordpress\/2011\/06\/09\/bir-oglum-olacak-adi-temmuz\/"},"modified":"2011-06-09T11:06:00","modified_gmt":"2011-06-09T08:06:00","slug":"bir-oglum-olacak-adi-temmuz","status":"publish","type":"post","link":"https:\/\/narteks.net\/index.php\/2011\/06\/09\/bir-oglum-olacak-adi-temmuz\/","title":{"rendered":"B\u0130R O\u011eLUM OLACAK ADI TEMMUZ"},"content":{"rendered":"<p>\u00a0<\/p>\n<p>bir o\u011flum olacak ad\u0131 temmuz<br \/>uykusuz<br \/>korkusuz<br \/>beter mi beter<br \/>ben beynimi satarak ya\u015f\u0131yorum<br \/>o benden proleter<\/p>\n<p>bir o\u011flum olacak ad\u0131 temmuz<br \/>karata\u015f\u0131n g\u00f6be\u011finde a\u015fk<br \/>karata\u015f\u0131n g\u00f6be\u011finde bar\u0131\u015f<br \/>karata\u015f \u00e7atlad\u0131 \u00e7atlayacak<br \/>bende bitmeyen kavga<br \/>onda yeniden ba\u015flayacak<\/p>\n<p>bir o\u011flum olacak ad\u0131 temmuz<br \/>\u00f6fkede benden f\u0131rt\u0131na<br \/>sevgide deniz<br \/>ne samanyollar\u0131n\u0131n ulu kervanlar\u0131 susuzlu\u011fumun<br \/>ne kutup\u015fafaklar\u0131nda tanr\u0131la\u015fmas\u0131 ilkelli\u011fimin<br \/>temmuz gibi s\u0131cak ve bereketli<br \/>temmuz gibi u\u00e7suzbucaks\u0131z<\/p>\n<p>bir o\u011flum olacak ad\u0131 temmuz<br \/>dilinde en g\u00fczel sesi t\u00fcrk\u00e7emin<br \/>kula\u011f\u0131 en yi\u011fit \u015fark\u0131larla delik<br \/>korkak bir merakla de\u011fil y\u0131ld\u0131zl\u0131 karanl\u0131\u011f\u0131<br \/>vivaldi&#8217;yi dinler gibi okuyup anlayacak<br \/>ve belki de s\u00fctdi\u015fleri s\u00fcrerken balaban bir bursa \u015faftalisine<br \/>ay&#8217;dan kendi sesini dinleyecek<br \/>vah\u015fi bir \u00e7i\u00e7ek gibi a\u00e7\u0131lm\u0131\u015f g\u00f6zleriyle<\/p>\n<p>ben ki yal\u0131nayak bast\u0131m k\u0131zg\u0131n di\u015flerine a\u00e7l\u0131\u011f\u0131n<br \/>iri bir \u00e7izme gibi balkanlar&#8217;a basarken fa\u015fizm<br \/>da\u011flarda silah atmay\u0131 sevdim<br \/>ben ki silah ta\u015f\u0131d\u0131m gizli gizli<br \/>d\u00fcnyan\u0131n b\u00fct\u00fcn devrimlerine<br \/>bo\u015funa d\u00f6nm\u00fcyor bu rotatifler<br \/>bo\u015funa ba\u011f\u0131rm\u0131yor bu kara<br \/>bo\u015funa dinlemiyor bu korku kap\u0131m\u0131z\u0131<br \/>anam\u0131n aks\u00fct\u00fc gibi biliyorum ki<br \/>doyumsuz g\u00fcnlere do\u011facak temmuz<br \/>doyumsuz g\u00fcnler g\u00f6recek<br \/>hani \u015fu hep and\u0131k\u00e7a s\u0131zlatan y\u00fcre\u011fimizi<br \/>hani \u015fu hep dal\u0131p dal\u0131p gitti\u011fimiz and\u0131k\u00e7a<br \/>bekledi\u011fimiz bekledi\u011fimiz bekledi\u011fimiz<br \/>ve tam g\u00f6recekken g\u00f6\u00e7\u00fcp gitti\u011fimiz g\u00fcnler gibi g\u00fcnler<br \/>ama mutlaka<\/p>\n<p>karata\u015f\u0131n g\u00f6be\u011finde a\u015fk<br \/>karata\u015f\u0131n g\u00f6be\u011finde bar\u0131\u015f<br \/>karata\u015f \u00e7atlad\u0131 \u00e7atlayacak<br \/>ben direndim yorulmad\u0131m<br \/>o yorulup y\u0131k\u0131lmayacak<\/p>\n<p>Hasan H\u00fcseyin KORKMAZG\u0130L<\/p>\n","protected":false},"excerpt":{"rendered":"<p>\u00a0 bir o\u011flum olacak ad\u0131 temmuzuykusuzkorkusuzbeter mi beterben beynimi satarak ya\u015f\u0131yorumo benden proleter bir o\u011flum olacak ad\u0131 temmuzkarata\u015f\u0131n g\u00f6be\u011finde a\u015fkkarata\u015f\u0131n g\u00f6be\u011finde bar\u0131\u015fkarata\u015f \u00e7atlad\u0131 \u00e7atlayacakbende bitmeyen kavgaonda yeniden ba\u015flayacak bir o\u011flum olacak ad\u0131 temmuz\u00f6fkede benden f\u0131rt\u0131nasevgide denizne samanyollar\u0131n\u0131n ulu kervanlar\u0131 susuzlu\u011fumunne kutup\u015fafaklar\u0131nda tanr\u0131la\u015fmas\u0131 ilkelli\u011fimintemmuz gibi s\u0131cak ve bereketlitemmuz gibi u\u00e7suzbucaks\u0131z bir o\u011flum olacak ad\u0131 temmuzdilinde en [&hellip;]<\/p>\n","protected":false},"author":1,"featured_media":0,"comment_status":"open","ping_status":"open","sticky":false,"template":"","format":"standard","meta":{"footnotes":""},"categories":[21],"tags":[],"class_list":{"0":"post-6532","1":"post","2":"type-post","3":"status-publish","4":"format-standard","6":"category-h-huseyin-korkmazgil"},"yoast_head":"<!-- This site is optimized with the Yoast SEO Premium plugin v24.9 (Yoast SEO v24.9) - https:\/\/yoast.com\/wordpress\/plugins\/seo\/ -->\n<title>B\u0130R O\u011eLUM OLACAK ADI TEMMUZ - narteks.net<\/title>\n<meta name=\"robots\" content=\"index, follow, max-snippet:-1, max-image-preview:large, max-video-preview:-1\" \/>\n<link rel=\"canonical\" href=\"https:\/\/narteks.net\/index.php\/2011\/06\/09\/bir-oglum-olacak-adi-temmuz\/\" \/>\n<meta property=\"og:locale\" content=\"tr_TR\" \/>\n<meta property=\"og:type\" content=\"article\" \/>\n<meta property=\"og:title\" content=\"B\u0130R O\u011eLUM OLACAK ADI TEMMUZ\" \/>\n<meta property=\"og:description\" content=\"\u00a0 bir o\u011flum olacak ad\u0131 temmuzuykusuzkorkusuzbeter mi beterben beynimi satarak ya\u015f\u0131yorumo benden proleter bir o\u011flum olacak ad\u0131 temmuzkarata\u015f\u0131n g\u00f6be\u011finde a\u015fkkarata\u015f\u0131n g\u00f6be\u011finde bar\u0131\u015fkarata\u015f \u00e7atlad\u0131 \u00e7atlayacakbende bitmeyen kavgaonda yeniden ba\u015flayacak bir o\u011flum olacak ad\u0131 temmuz\u00f6fkede benden f\u0131rt\u0131nasevgide denizne samanyollar\u0131n\u0131n ulu kervanlar\u0131 susuzlu\u011fumunne kutup\u015fafaklar\u0131nda tanr\u0131la\u015fmas\u0131 ilkelli\u011fimintemmuz gibi s\u0131cak ve bereketlitemmuz gibi u\u00e7suzbucaks\u0131z bir o\u011flum olacak ad\u0131 temmuzdilinde en [&hellip;]\" \/>\n<meta property=\"og:url\" content=\"https:\/\/narteks.net\/index.php\/2011\/06\/09\/bir-oglum-olacak-adi-temmuz\/\" \/>\n<meta property=\"og:site_name\" content=\"narteks.net\" \/>\n<meta property=\"article:published_time\" content=\"2011-06-09T08:06:00+00:00\" \/>\n<meta property=\"og:image\" content=\"https:\/\/narteks.net\/wp-content\/uploads\/narteks.png\" \/>\n\t<meta property=\"og:image:width\" content=\"300\" \/>\n\t<meta property=\"og:image:height\" content=\"90\" \/>\n\t<meta property=\"og:image:type\" content=\"image\/png\" \/>\n<meta name=\"author\" content=\"Tar\u0131k\" \/>\n<meta name=\"twitter:card\" content=\"summary_large_image\" \/>\n<meta name=\"twitter:creator\" content=\"@narteks\" \/>\n<meta name=\"twitter:site\" content=\"@narteks\" \/>\n<meta name=\"twitter:label1\" content=\"Yazan:\" \/>\n\t<meta name=\"twitter:data1\" content=\"Tar\u0131k\" \/>\n\t<meta name=\"twitter:label2\" content=\"Tahmini okuma s\u00fcresi\" \/>\n\t<meta name=\"twitter:data2\" content=\"1 dakika\" \/>\n<script type=\"application\/ld+json\" class=\"yoast-schema-graph\">{\"@context\":\"https:\/\/schema.org\",\"@graph\":[{\"@type\":\"Article\",\"@id\":\"https:\/\/narteks.net\/index.php\/2011\/06\/09\/bir-oglum-olacak-adi-temmuz\/#article\",\"isPartOf\":{\"@id\":\"https:\/\/narteks.net\/index.php\/2011\/06\/09\/bir-oglum-olacak-adi-temmuz\/\"},\"author\":{\"name\":\"Tar\u0131k\",\"@id\":\"https:\/\/narteks.net\/#\/schema\/person\/61f37d9834294b72d31d274e7ed79bca\"},\"headline\":\"B\u0130R O\u011eLUM OLACAK ADI TEMMUZ\",\"datePublished\":\"2011-06-09T08:06:00+00:00\",\"mainEntityOfPage\":{\"@id\":\"https:\/\/narteks.net\/index.php\/2011\/06\/09\/bir-oglum-olacak-adi-temmuz\/\"},\"wordCount\":276,\"commentCount\":0,\"publisher\":{\"@id\":\"https:\/\/narteks.net\/#organization\"},\"articleSection\":[\"H.H\u00fcseyin KORKMAZG\u0130L\"],\"inLanguage\":\"tr\",\"potentialAction\":[{\"@type\":\"CommentAction\",\"name\":\"Comment\",\"target\":[\"https:\/\/narteks.net\/index.php\/2011\/06\/09\/bir-oglum-olacak-adi-temmuz\/#respond\"]}]},{\"@type\":\"WebPage\",\"@id\":\"https:\/\/narteks.net\/index.php\/2011\/06\/09\/bir-oglum-olacak-adi-temmuz\/\",\"url\":\"https:\/\/narteks.net\/index.php\/2011\/06\/09\/bir-oglum-olacak-adi-temmuz\/\",\"name\":\"B\u0130R O\u011eLUM OLACAK ADI TEMMUZ - narteks.net\",\"isPartOf\":{\"@id\":\"https:\/\/narteks.net\/#website\"},\"datePublished\":\"2011-06-09T08:06:00+00:00\",\"breadcrumb\":{\"@id\":\"https:\/\/narteks.net\/index.php\/2011\/06\/09\/bir-oglum-olacak-adi-temmuz\/#breadcrumb\"},\"inLanguage\":\"tr\",\"potentialAction\":[{\"@type\":\"ReadAction\",\"target\":[\"https:\/\/narteks.net\/index.php\/2011\/06\/09\/bir-oglum-olacak-adi-temmuz\/\"]}]},{\"@type\":\"BreadcrumbList\",\"@id\":\"https:\/\/narteks.net\/index.php\/2011\/06\/09\/bir-oglum-olacak-adi-temmuz\/#breadcrumb\",\"itemListElement\":[{\"@type\":\"ListItem\",\"position\":1,\"name\":\"Anasayfa\",\"item\":\"https:\/\/narteks.net\/\"},{\"@type\":\"ListItem\",\"position\":2,\"name\":\"B\u0130R O\u011eLUM OLACAK ADI TEMMUZ\"}]},{\"@type\":\"WebSite\",\"@id\":\"https:\/\/narteks.net\/#website\",\"url\":\"https:\/\/narteks.net\/\",\"name\":\"narteks.net\",\"description\":\"K\u00fclt\u00fcr Sanat Edebiyat Felsefe\",\"publisher\":{\"@id\":\"https:\/\/narteks.net\/#organization\"},\"alternateName\":\"K\u00fclt\u00fcr Sanat Edebiyat Felsefe\",\"potentialAction\":[{\"@type\":\"SearchAction\",\"target\":{\"@type\":\"EntryPoint\",\"urlTemplate\":\"https:\/\/narteks.net\/?s={search_term_string}\"},\"query-input\":{\"@type\":\"PropertyValueSpecification\",\"valueRequired\":true,\"valueName\":\"search_term_string\"}}],\"inLanguage\":\"tr\"},{\"@type\":\"Organization\",\"@id\":\"https:\/\/narteks.net\/#organization\",\"name\":\"narteks.net\",\"url\":\"https:\/\/narteks.net\/\",\"logo\":{\"@type\":\"ImageObject\",\"inLanguage\":\"tr\",\"@id\":\"https:\/\/narteks.net\/#\/schema\/logo\/image\/\",\"url\":\"https:\/\/narteks.net\/wp-content\/uploads\/narteks.png\",\"contentUrl\":\"https:\/\/narteks.net\/wp-content\/uploads\/narteks.png\",\"width\":300,\"height\":90,\"caption\":\"narteks.net\"},\"image\":{\"@id\":\"https:\/\/narteks.net\/#\/schema\/logo\/image\/\"},\"sameAs\":[\"https:\/\/x.com\/narteks\",\"https:\/\/instagram.com\/narteksnet\"]},{\"@type\":\"Person\",\"@id\":\"https:\/\/narteks.net\/#\/schema\/person\/61f37d9834294b72d31d274e7ed79bca\",\"name\":\"Tar\u0131k\",\"image\":{\"@type\":\"ImageObject\",\"inLanguage\":\"tr\",\"@id\":\"https:\/\/narteks.net\/#\/schema\/person\/image\/\",\"url\":\"https:\/\/secure.gravatar.com\/avatar\/50865afb55632c4ae467e0af0930f6510aa2297d8014be502a55b14f3b7550cf?s=96&d=mm&r=g\",\"contentUrl\":\"https:\/\/secure.gravatar.com\/avatar\/50865afb55632c4ae467e0af0930f6510aa2297d8014be502a55b14f3b7550cf?s=96&d=mm&r=g\",\"caption\":\"Tar\u0131k\"},\"sameAs\":[\"http:\/\/narteks.net\"],\"url\":\"https:\/\/narteks.net\/index.php\/author\/narbak\/\"}]}<\/script>\n<!-- \/ Yoast SEO Premium plugin. -->","yoast_head_json":{"title":"B\u0130R O\u011eLUM OLACAK ADI TEMMUZ - narteks.net","robots":{"index":"index","follow":"follow","max-snippet":"max-snippet:-1","max-image-preview":"max-image-preview:large","max-video-preview":"max-video-preview:-1"},"canonical":"https:\/\/narteks.net\/index.php\/2011\/06\/09\/bir-oglum-olacak-adi-temmuz\/","og_locale":"tr_TR","og_type":"article","og_title":"B\u0130R O\u011eLUM OLACAK ADI TEMMUZ","og_description":"\u00a0 bir o\u011flum olacak ad\u0131 temmuzuykusuzkorkusuzbeter mi beterben beynimi satarak ya\u015f\u0131yorumo benden proleter bir o\u011flum olacak ad\u0131 temmuzkarata\u015f\u0131n g\u00f6be\u011finde a\u015fkkarata\u015f\u0131n g\u00f6be\u011finde bar\u0131\u015fkarata\u015f \u00e7atlad\u0131 \u00e7atlayacakbende bitmeyen kavgaonda yeniden ba\u015flayacak bir o\u011flum olacak ad\u0131 temmuz\u00f6fkede benden f\u0131rt\u0131nasevgide denizne samanyollar\u0131n\u0131n ulu kervanlar\u0131 susuzlu\u011fumunne kutup\u015fafaklar\u0131nda tanr\u0131la\u015fmas\u0131 ilkelli\u011fimintemmuz gibi s\u0131cak ve bereketlitemmuz gibi u\u00e7suzbucaks\u0131z bir o\u011flum olacak ad\u0131 temmuzdilinde en [&hellip;]","og_url":"https:\/\/narteks.net\/index.php\/2011\/06\/09\/bir-oglum-olacak-adi-temmuz\/","og_site_name":"narteks.net","article_published_time":"2011-06-09T08:06:00+00:00","og_image":[{"width":300,"height":90,"url":"https:\/\/narteks.net\/wp-content\/uploads\/narteks.png","type":"image\/png"}],"author":"Tar\u0131k","twitter_card":"summary_large_image","twitter_creator":"@narteks","twitter_site":"@narteks","twitter_misc":{"Yazan:":"Tar\u0131k","Tahmini okuma s\u00fcresi":"1 dakika"},"schema":{"@context":"https:\/\/schema.org","@graph":[{"@type":"Article","@id":"https:\/\/narteks.net\/index.php\/2011\/06\/09\/bir-oglum-olacak-adi-temmuz\/#article","isPartOf":{"@id":"https:\/\/narteks.net\/index.php\/2011\/06\/09\/bir-oglum-olacak-adi-temmuz\/"},"author":{"name":"Tar\u0131k","@id":"https:\/\/narteks.net\/#\/schema\/person\/61f37d9834294b72d31d274e7ed79bca"},"headline":"B\u0130R O\u011eLUM OLACAK ADI TEMMUZ","datePublished":"2011-06-09T08:06:00+00:00","mainEntityOfPage":{"@id":"https:\/\/narteks.net\/index.php\/2011\/06\/09\/bir-oglum-olacak-adi-temmuz\/"},"wordCount":276,"commentCount":0,"publisher":{"@id":"https:\/\/narteks.net\/#organization"},"articleSection":["H.H\u00fcseyin KORKMAZG\u0130L"],"inLanguage":"tr","potentialAction":[{"@type":"CommentAction","name":"Comment","target":["https:\/\/narteks.net\/index.php\/2011\/06\/09\/bir-oglum-olacak-adi-temmuz\/#respond"]}]},{"@type":"WebPage","@id":"https:\/\/narteks.net\/index.php\/2011\/06\/09\/bir-oglum-olacak-adi-temmuz\/","url":"https:\/\/narteks.net\/index.php\/2011\/06\/09\/bir-oglum-olacak-adi-temmuz\/","name":"B\u0130R O\u011eLUM OLACAK ADI TEMMUZ - narteks.net","isPartOf":{"@id":"https:\/\/narteks.net\/#website"},"datePublished":"2011-06-09T08:06:00+00:00","breadcrumb":{"@id":"https:\/\/narteks.net\/index.php\/2011\/06\/09\/bir-oglum-olacak-adi-temmuz\/#breadcrumb"},"inLanguage":"tr","potentialAction":[{"@type":"ReadAction","target":["https:\/\/narteks.net\/index.php\/2011\/06\/09\/bir-oglum-olacak-adi-temmuz\/"]}]},{"@type":"BreadcrumbList","@id":"https:\/\/narteks.net\/index.php\/2011\/06\/09\/bir-oglum-olacak-adi-temmuz\/#breadcrumb","itemListElement":[{"@type":"ListItem","position":1,"name":"Anasayfa","item":"https:\/\/narteks.net\/"},{"@type":"ListItem","position":2,"name":"B\u0130R O\u011eLUM OLACAK ADI TEMMUZ"}]},{"@type":"WebSite","@id":"https:\/\/narteks.net\/#website","url":"https:\/\/narteks.net\/","name":"narteks.net","description":"K\u00fclt\u00fcr Sanat Edebiyat Felsefe","publisher":{"@id":"https:\/\/narteks.net\/#organization"},"alternateName":"K\u00fclt\u00fcr Sanat Edebiyat Felsefe","potentialAction":[{"@type":"SearchAction","target":{"@type":"EntryPoint","urlTemplate":"https:\/\/narteks.net\/?s={search_term_string}"},"query-input":{"@type":"PropertyValueSpecification","valueRequired":true,"valueName":"search_term_string"}}],"inLanguage":"tr"},{"@type":"Organization","@id":"https:\/\/narteks.net\/#organization","name":"narteks.net","url":"https:\/\/narteks.net\/","logo":{"@type":"ImageObject","inLanguage":"tr","@id":"https:\/\/narteks.net\/#\/schema\/logo\/image\/","url":"https:\/\/narteks.net\/wp-content\/uploads\/narteks.png","contentUrl":"https:\/\/narteks.net\/wp-content\/uploads\/narteks.png","width":300,"height":90,"caption":"narteks.net"},"image":{"@id":"https:\/\/narteks.net\/#\/schema\/logo\/image\/"},"sameAs":["https:\/\/x.com\/narteks","https:\/\/instagram.com\/narteksnet"]},{"@type":"Person","@id":"https:\/\/narteks.net\/#\/schema\/person\/61f37d9834294b72d31d274e7ed79bca","name":"Tar\u0131k","image":{"@type":"ImageObject","inLanguage":"tr","@id":"https:\/\/narteks.net\/#\/schema\/person\/image\/","url":"https:\/\/secure.gravatar.com\/avatar\/50865afb55632c4ae467e0af0930f6510aa2297d8014be502a55b14f3b7550cf?s=96&d=mm&r=g","contentUrl":"https:\/\/secure.gravatar.com\/avatar\/50865afb55632c4ae467e0af0930f6510aa2297d8014be502a55b14f3b7550cf?s=96&d=mm&r=g","caption":"Tar\u0131k"},"sameAs":["http:\/\/narteks.net"],"url":"https:\/\/narteks.net\/index.php\/author\/narbak\/"}]}},"_links":{"self":[{"href":"https:\/\/narteks.net\/index.php\/wp-json\/wp\/v2\/posts\/6532","targetHints":{"allow":["GET"]}}],"collection":[{"href":"https:\/\/narteks.net\/index.php\/wp-json\/wp\/v2\/posts"}],"about":[{"href":"https:\/\/narteks.net\/index.php\/wp-json\/wp\/v2\/types\/post"}],"author":[{"embeddable":true,"href":"https:\/\/narteks.net\/index.php\/wp-json\/wp\/v2\/users\/1"}],"replies":[{"embeddable":true,"href":"https:\/\/narteks.net\/index.php\/wp-json\/wp\/v2\/comments?post=6532"}],"version-history":[{"count":0,"href":"https:\/\/narteks.net\/index.php\/wp-json\/wp\/v2\/posts\/6532\/revisions"}],"wp:attachment":[{"href":"https:\/\/narteks.net\/index.php\/wp-json\/wp\/v2\/media?parent=6532"}],"wp:term":[{"taxonomy":"category","embeddable":true,"href":"https:\/\/narteks.net\/index.php\/wp-json\/wp\/v2\/categories?post=6532"},{"taxonomy":"post_tag","embeddable":true,"href":"https:\/\/narteks.net\/index.php\/wp-json\/wp\/v2\/tags?post=6532"}],"curies":[{"name":"wp","href":"https:\/\/api.w.org\/{rel}","templated":true}]}}