{"id":6533,"date":"2011-06-09T11:07:32","date_gmt":"2011-06-09T08:07:32","guid":{"rendered":"http:\/\/localhost\/wordpress\/2011\/06\/09\/bu-gunesli-gunde-de\/"},"modified":"2011-06-09T11:07:32","modified_gmt":"2011-06-09T08:07:32","slug":"bu-gunesli-gunde-de","status":"publish","type":"post","link":"https:\/\/narteks.net\/index.php\/2011\/06\/09\/bu-gunesli-gunde-de\/","title":{"rendered":"BU G\u00dcNE\u015eL\u0130 G\u00dcNDE DE"},"content":{"rendered":"<p>1\/<\/p>\n<p>Bana sen diyorsun ki<br \/>O ta\u015fa de\u011fme sak\u0131n<br \/>Aralama o perdeyi<br \/>O dal\u0131 \u0131rgalama<br \/>M\u0131nc\u0131klama o konuyu<br \/>Onu b\u0131rak, \u015funu al<br \/>Onu de\u011fil \u00f6tekini<br \/>Hay\u0131r ona dokunma<br \/>Elleme sak\u0131n \u015funu<br \/>Bana sen diyorsun ki<br \/>Y\u00fcr\u00fcmek okey<br \/>Y\u00fcr\u00fcy\u00fc\u015fmek no<br \/>Kol sallamak yes<br \/>Kol salla\u015fmak nayn<br \/>Solo \u015fark\u0131 okey<br \/>Koro t\u00fcrk\u00fc no<br \/>Pikapa okey<br \/>Kitaba nayn<br \/>Bana sen diyorsun ki<br \/>Caddeler a\u00e7t\u0131rd\u0131m gelip ge\u00e7me\u011fe<br \/>\u00c7ar\u015f\u0131lar donatt\u0131m gezip g\u00f6rme\u011fe<br \/>Vitrinler bezettim durup bakma\u011fa<br \/>Y\u00fcr\u00fcsene lan o\u011flum<br \/>Gezsene \u00e7ar\u015f\u0131lar\u0131<br \/>\u0130mrensene vitrinlere lan o\u011flum<br \/>Bana sen diyorsun ki<br \/>\u0130\u015fte \u00e7ay\u0131r i\u015fte top<br \/>Tepi\u015fsenize<br \/>\u0130\u015fte bar i\u015fte disko<br \/>Tepi\u015fsenize<br \/>Bakma \u00f6yle aval aval y\u00fcz\u00fcme<br \/>Al k\u0131z\u0131n\u0131 delikanl\u0131m, g\u00f6t\u00fcr teyzene<br \/>Teyzen izin vermezse el \u015fakas\u0131na<br \/>Uzan\u0131ver annene<br \/>Bak ne g\u00fczel yerler a\u00e7t\u0131m ben sana<br \/>Kahvehane, birahane, taverna<br \/>Poker, bri\u00e7, bezik oyna<br \/>Bilmiyorsan satran\u00e7, rulet<br \/>Vur tavlan\u0131n k\u0131\u00e7\u0131na<br \/>Yiyip i\u00e7ip e\u011flenin<br \/>E\u011flenin be \u00e7ocuklar<br \/>Dua edin bu g\u00fcnleri verene<br \/>\u0130nanmay\u0131n bize k\u00f6t\u00fc diyene<br \/>Ka\u011f\u0131tsa i\u015fte ka\u011f\u0131t evlad\u0131m<br \/>Bask\u0131ysa i\u015fte bask\u0131<br \/>Hem rotatif hem ofset<br \/>Ni\u015fan, nik\u00e2h, d\u00fc\u011f\u00fcn dernek, s\u00fcnnet m\u00fcnnet, kartvizit<br \/>S\u00fcmk\u00fcr\u00fcn isterseniz<br \/>\u0130sterseniz silinin<br \/>Bo\u015f verin \u00e7a\u011fda\u015fl\u0131\u011fa \u00e7a\u011fda\u015f d\u00fczeye<br \/>Muass\u0131r medeniyetse muass\u0131r medeniyet<br \/>Gerisi v\u0131z\u0131t m\u0131z\u0131t<\/p>\n<p>2\/<\/p>\n<p>Ya ben sana ne diyeyim ey h\u0131rtlambolos<br \/>Ne diyeyim bu g\u00fcne\u015fli bu g\u00fczel g\u00fcnde sana<br \/>G\u00f6m\u00fctl\u00fck m\u00fc buras\u0131?<br \/>Buluntular m\u00fczesi mi ne yani?<br \/>Korkuyorsan yaygara ne?<br \/>Korkmuyorsan yaygara ne?<br \/>Gel benimle<br \/>\u00c7\u0131k soka\u011fa<br \/>Kald\u0131r k\u00fcfl\u00fc aln\u0131n\u0131 bahar \u015fark\u0131lar\u0131na<br \/>Da\u011f\u0131ls\u0131n korkular\u0131n<br \/>Senin k\u00fcfl\u00fc duvar\u0131nda o eski saat<br \/>Benimse y\u00fcre\u011fimden bahar selleri<br \/>Bu g\u00fcne\u015fli g\u00fcnde bu aptalca pazarl\u0131k<br \/>Olmaz ki h\u0131rtlambolos<br \/>Olmaz ki be babal\u0131k!<\/p>\n<p>Hasan H\u00fcseyin KORKMAZG\u0130L<\/p>\n","protected":false},"excerpt":{"rendered":"<p>1\/ Bana sen diyorsun kiO ta\u015fa de\u011fme sak\u0131nAralama o perdeyiO dal\u0131 \u0131rgalamaM\u0131nc\u0131klama o konuyuOnu b\u0131rak, \u015funu alOnu de\u011fil \u00f6tekiniHay\u0131r ona dokunmaElleme sak\u0131n \u015funuBana sen diyorsun kiY\u00fcr\u00fcmek okeyY\u00fcr\u00fcy\u00fc\u015fmek noKol sallamak yesKol salla\u015fmak naynSolo \u015fark\u0131 okeyKoro t\u00fcrk\u00fc noPikapa okeyKitaba naynBana sen diyorsun kiCaddeler a\u00e7t\u0131rd\u0131m gelip ge\u00e7me\u011fe\u00c7ar\u015f\u0131lar donatt\u0131m gezip g\u00f6rme\u011feVitrinler bezettim durup bakma\u011faY\u00fcr\u00fcsene lan o\u011flumGezsene \u00e7ar\u015f\u0131lar\u0131\u0130mrensene vitrinlere lan [&hellip;]<\/p>\n","protected":false},"author":1,"featured_media":0,"comment_status":"open","ping_status":"open","sticky":false,"template":"","format":"standard","meta":{"footnotes":""},"categories":[21],"tags":[],"class_list":{"0":"post-6533","1":"post","2":"type-post","3":"status-publish","4":"format-standard","6":"category-h-huseyin-korkmazgil"},"yoast_head":"<!-- This site is optimized with the Yoast SEO Premium plugin v24.9 (Yoast SEO v24.9) - https:\/\/yoast.com\/wordpress\/plugins\/seo\/ -->\n<title>BU G\u00dcNE\u015eL\u0130 G\u00dcNDE DE - narteks.net<\/title>\n<meta name=\"robots\" content=\"index, follow, max-snippet:-1, max-image-preview:large, max-video-preview:-1\" \/>\n<link rel=\"canonical\" href=\"https:\/\/narteks.net\/index.php\/2011\/06\/09\/bu-gunesli-gunde-de\/\" \/>\n<meta property=\"og:locale\" content=\"tr_TR\" \/>\n<meta property=\"og:type\" content=\"article\" \/>\n<meta property=\"og:title\" content=\"BU G\u00dcNE\u015eL\u0130 G\u00dcNDE DE\" \/>\n<meta property=\"og:description\" content=\"1\/ Bana sen diyorsun kiO ta\u015fa de\u011fme sak\u0131nAralama o perdeyiO dal\u0131 \u0131rgalamaM\u0131nc\u0131klama o konuyuOnu b\u0131rak, \u015funu alOnu de\u011fil \u00f6tekiniHay\u0131r ona dokunmaElleme sak\u0131n \u015funuBana sen diyorsun kiY\u00fcr\u00fcmek okeyY\u00fcr\u00fcy\u00fc\u015fmek noKol sallamak yesKol salla\u015fmak naynSolo \u015fark\u0131 okeyKoro t\u00fcrk\u00fc noPikapa okeyKitaba naynBana sen diyorsun kiCaddeler a\u00e7t\u0131rd\u0131m gelip ge\u00e7me\u011fe\u00c7ar\u015f\u0131lar donatt\u0131m gezip g\u00f6rme\u011feVitrinler bezettim durup bakma\u011faY\u00fcr\u00fcsene lan o\u011flumGezsene \u00e7ar\u015f\u0131lar\u0131\u0130mrensene vitrinlere lan [&hellip;]\" \/>\n<meta property=\"og:url\" content=\"https:\/\/narteks.net\/index.php\/2011\/06\/09\/bu-gunesli-gunde-de\/\" \/>\n<meta property=\"og:site_name\" content=\"narteks.net\" \/>\n<meta property=\"article:published_time\" content=\"2011-06-09T08:07:32+00:00\" \/>\n<meta property=\"og:image\" content=\"https:\/\/narteks.net\/wp-content\/uploads\/narteks.png\" \/>\n\t<meta property=\"og:image:width\" content=\"300\" \/>\n\t<meta property=\"og:image:height\" content=\"90\" \/>\n\t<meta property=\"og:image:type\" content=\"image\/png\" \/>\n<meta name=\"author\" content=\"Tar\u0131k\" \/>\n<meta name=\"twitter:card\" content=\"summary_large_image\" \/>\n<meta name=\"twitter:creator\" content=\"@narteks\" \/>\n<meta name=\"twitter:site\" content=\"@narteks\" \/>\n<meta name=\"twitter:label1\" content=\"Yazan:\" \/>\n\t<meta name=\"twitter:data1\" content=\"Tar\u0131k\" \/>\n\t<meta name=\"twitter:label2\" content=\"Tahmini okuma s\u00fcresi\" \/>\n\t<meta name=\"twitter:data2\" content=\"2 dakika\" \/>\n<script type=\"application\/ld+json\" class=\"yoast-schema-graph\">{\"@context\":\"https:\/\/schema.org\",\"@graph\":[{\"@type\":\"Article\",\"@id\":\"https:\/\/narteks.net\/index.php\/2011\/06\/09\/bu-gunesli-gunde-de\/#article\",\"isPartOf\":{\"@id\":\"https:\/\/narteks.net\/index.php\/2011\/06\/09\/bu-gunesli-gunde-de\/\"},\"author\":{\"name\":\"Tar\u0131k\",\"@id\":\"https:\/\/narteks.net\/#\/schema\/person\/61f37d9834294b72d31d274e7ed79bca\"},\"headline\":\"BU G\u00dcNE\u015eL\u0130 G\u00dcNDE DE\",\"datePublished\":\"2011-06-09T08:07:32+00:00\",\"mainEntityOfPage\":{\"@id\":\"https:\/\/narteks.net\/index.php\/2011\/06\/09\/bu-gunesli-gunde-de\/\"},\"wordCount\":310,\"commentCount\":0,\"publisher\":{\"@id\":\"https:\/\/narteks.net\/#organization\"},\"articleSection\":[\"H.H\u00fcseyin KORKMAZG\u0130L\"],\"inLanguage\":\"tr\",\"potentialAction\":[{\"@type\":\"CommentAction\",\"name\":\"Comment\",\"target\":[\"https:\/\/narteks.net\/index.php\/2011\/06\/09\/bu-gunesli-gunde-de\/#respond\"]}]},{\"@type\":\"WebPage\",\"@id\":\"https:\/\/narteks.net\/index.php\/2011\/06\/09\/bu-gunesli-gunde-de\/\",\"url\":\"https:\/\/narteks.net\/index.php\/2011\/06\/09\/bu-gunesli-gunde-de\/\",\"name\":\"BU G\u00dcNE\u015eL\u0130 G\u00dcNDE DE - narteks.net\",\"isPartOf\":{\"@id\":\"https:\/\/narteks.net\/#website\"},\"datePublished\":\"2011-06-09T08:07:32+00:00\",\"breadcrumb\":{\"@id\":\"https:\/\/narteks.net\/index.php\/2011\/06\/09\/bu-gunesli-gunde-de\/#breadcrumb\"},\"inLanguage\":\"tr\",\"potentialAction\":[{\"@type\":\"ReadAction\",\"target\":[\"https:\/\/narteks.net\/index.php\/2011\/06\/09\/bu-gunesli-gunde-de\/\"]}]},{\"@type\":\"BreadcrumbList\",\"@id\":\"https:\/\/narteks.net\/index.php\/2011\/06\/09\/bu-gunesli-gunde-de\/#breadcrumb\",\"itemListElement\":[{\"@type\":\"ListItem\",\"position\":1,\"name\":\"Anasayfa\",\"item\":\"https:\/\/narteks.net\/\"},{\"@type\":\"ListItem\",\"position\":2,\"name\":\"BU G\u00dcNE\u015eL\u0130 G\u00dcNDE DE\"}]},{\"@type\":\"WebSite\",\"@id\":\"https:\/\/narteks.net\/#website\",\"url\":\"https:\/\/narteks.net\/\",\"name\":\"narteks.net\",\"description\":\"K\u00fclt\u00fcr Sanat Edebiyat Felsefe\",\"publisher\":{\"@id\":\"https:\/\/narteks.net\/#organization\"},\"alternateName\":\"K\u00fclt\u00fcr Sanat Edebiyat Felsefe\",\"potentialAction\":[{\"@type\":\"SearchAction\",\"target\":{\"@type\":\"EntryPoint\",\"urlTemplate\":\"https:\/\/narteks.net\/?s={search_term_string}\"},\"query-input\":{\"@type\":\"PropertyValueSpecification\",\"valueRequired\":true,\"valueName\":\"search_term_string\"}}],\"inLanguage\":\"tr\"},{\"@type\":\"Organization\",\"@id\":\"https:\/\/narteks.net\/#organization\",\"name\":\"narteks.net\",\"url\":\"https:\/\/narteks.net\/\",\"logo\":{\"@type\":\"ImageObject\",\"inLanguage\":\"tr\",\"@id\":\"https:\/\/narteks.net\/#\/schema\/logo\/image\/\",\"url\":\"https:\/\/narteks.net\/wp-content\/uploads\/narteks.png\",\"contentUrl\":\"https:\/\/narteks.net\/wp-content\/uploads\/narteks.png\",\"width\":300,\"height\":90,\"caption\":\"narteks.net\"},\"image\":{\"@id\":\"https:\/\/narteks.net\/#\/schema\/logo\/image\/\"},\"sameAs\":[\"https:\/\/x.com\/narteks\",\"https:\/\/instagram.com\/narteksnet\"]},{\"@type\":\"Person\",\"@id\":\"https:\/\/narteks.net\/#\/schema\/person\/61f37d9834294b72d31d274e7ed79bca\",\"name\":\"Tar\u0131k\",\"image\":{\"@type\":\"ImageObject\",\"inLanguage\":\"tr\",\"@id\":\"https:\/\/narteks.net\/#\/schema\/person\/image\/\",\"url\":\"https:\/\/secure.gravatar.com\/avatar\/50865afb55632c4ae467e0af0930f6510aa2297d8014be502a55b14f3b7550cf?s=96&d=mm&r=g\",\"contentUrl\":\"https:\/\/secure.gravatar.com\/avatar\/50865afb55632c4ae467e0af0930f6510aa2297d8014be502a55b14f3b7550cf?s=96&d=mm&r=g\",\"caption\":\"Tar\u0131k\"},\"sameAs\":[\"http:\/\/narteks.net\"],\"url\":\"https:\/\/narteks.net\/index.php\/author\/narbak\/\"}]}<\/script>\n<!-- \/ Yoast SEO Premium plugin. -->","yoast_head_json":{"title":"BU G\u00dcNE\u015eL\u0130 G\u00dcNDE DE - narteks.net","robots":{"index":"index","follow":"follow","max-snippet":"max-snippet:-1","max-image-preview":"max-image-preview:large","max-video-preview":"max-video-preview:-1"},"canonical":"https:\/\/narteks.net\/index.php\/2011\/06\/09\/bu-gunesli-gunde-de\/","og_locale":"tr_TR","og_type":"article","og_title":"BU G\u00dcNE\u015eL\u0130 G\u00dcNDE DE","og_description":"1\/ Bana sen diyorsun kiO ta\u015fa de\u011fme sak\u0131nAralama o perdeyiO dal\u0131 \u0131rgalamaM\u0131nc\u0131klama o konuyuOnu b\u0131rak, \u015funu alOnu de\u011fil \u00f6tekiniHay\u0131r ona dokunmaElleme sak\u0131n \u015funuBana sen diyorsun kiY\u00fcr\u00fcmek okeyY\u00fcr\u00fcy\u00fc\u015fmek noKol sallamak yesKol salla\u015fmak naynSolo \u015fark\u0131 okeyKoro t\u00fcrk\u00fc noPikapa okeyKitaba naynBana sen diyorsun kiCaddeler a\u00e7t\u0131rd\u0131m gelip ge\u00e7me\u011fe\u00c7ar\u015f\u0131lar donatt\u0131m gezip g\u00f6rme\u011feVitrinler bezettim durup bakma\u011faY\u00fcr\u00fcsene lan o\u011flumGezsene \u00e7ar\u015f\u0131lar\u0131\u0130mrensene vitrinlere lan [&hellip;]","og_url":"https:\/\/narteks.net\/index.php\/2011\/06\/09\/bu-gunesli-gunde-de\/","og_site_name":"narteks.net","article_published_time":"2011-06-09T08:07:32+00:00","og_image":[{"width":300,"height":90,"url":"https:\/\/narteks.net\/wp-content\/uploads\/narteks.png","type":"image\/png"}],"author":"Tar\u0131k","twitter_card":"summary_large_image","twitter_creator":"@narteks","twitter_site":"@narteks","twitter_misc":{"Yazan:":"Tar\u0131k","Tahmini okuma s\u00fcresi":"2 dakika"},"schema":{"@context":"https:\/\/schema.org","@graph":[{"@type":"Article","@id":"https:\/\/narteks.net\/index.php\/2011\/06\/09\/bu-gunesli-gunde-de\/#article","isPartOf":{"@id":"https:\/\/narteks.net\/index.php\/2011\/06\/09\/bu-gunesli-gunde-de\/"},"author":{"name":"Tar\u0131k","@id":"https:\/\/narteks.net\/#\/schema\/person\/61f37d9834294b72d31d274e7ed79bca"},"headline":"BU G\u00dcNE\u015eL\u0130 G\u00dcNDE DE","datePublished":"2011-06-09T08:07:32+00:00","mainEntityOfPage":{"@id":"https:\/\/narteks.net\/index.php\/2011\/06\/09\/bu-gunesli-gunde-de\/"},"wordCount":310,"commentCount":0,"publisher":{"@id":"https:\/\/narteks.net\/#organization"},"articleSection":["H.H\u00fcseyin KORKMAZG\u0130L"],"inLanguage":"tr","potentialAction":[{"@type":"CommentAction","name":"Comment","target":["https:\/\/narteks.net\/index.php\/2011\/06\/09\/bu-gunesli-gunde-de\/#respond"]}]},{"@type":"WebPage","@id":"https:\/\/narteks.net\/index.php\/2011\/06\/09\/bu-gunesli-gunde-de\/","url":"https:\/\/narteks.net\/index.php\/2011\/06\/09\/bu-gunesli-gunde-de\/","name":"BU G\u00dcNE\u015eL\u0130 G\u00dcNDE DE - narteks.net","isPartOf":{"@id":"https:\/\/narteks.net\/#website"},"datePublished":"2011-06-09T08:07:32+00:00","breadcrumb":{"@id":"https:\/\/narteks.net\/index.php\/2011\/06\/09\/bu-gunesli-gunde-de\/#breadcrumb"},"inLanguage":"tr","potentialAction":[{"@type":"ReadAction","target":["https:\/\/narteks.net\/index.php\/2011\/06\/09\/bu-gunesli-gunde-de\/"]}]},{"@type":"BreadcrumbList","@id":"https:\/\/narteks.net\/index.php\/2011\/06\/09\/bu-gunesli-gunde-de\/#breadcrumb","itemListElement":[{"@type":"ListItem","position":1,"name":"Anasayfa","item":"https:\/\/narteks.net\/"},{"@type":"ListItem","position":2,"name":"BU G\u00dcNE\u015eL\u0130 G\u00dcNDE DE"}]},{"@type":"WebSite","@id":"https:\/\/narteks.net\/#website","url":"https:\/\/narteks.net\/","name":"narteks.net","description":"K\u00fclt\u00fcr Sanat Edebiyat Felsefe","publisher":{"@id":"https:\/\/narteks.net\/#organization"},"alternateName":"K\u00fclt\u00fcr Sanat Edebiyat Felsefe","potentialAction":[{"@type":"SearchAction","target":{"@type":"EntryPoint","urlTemplate":"https:\/\/narteks.net\/?s={search_term_string}"},"query-input":{"@type":"PropertyValueSpecification","valueRequired":true,"valueName":"search_term_string"}}],"inLanguage":"tr"},{"@type":"Organization","@id":"https:\/\/narteks.net\/#organization","name":"narteks.net","url":"https:\/\/narteks.net\/","logo":{"@type":"ImageObject","inLanguage":"tr","@id":"https:\/\/narteks.net\/#\/schema\/logo\/image\/","url":"https:\/\/narteks.net\/wp-content\/uploads\/narteks.png","contentUrl":"https:\/\/narteks.net\/wp-content\/uploads\/narteks.png","width":300,"height":90,"caption":"narteks.net"},"image":{"@id":"https:\/\/narteks.net\/#\/schema\/logo\/image\/"},"sameAs":["https:\/\/x.com\/narteks","https:\/\/instagram.com\/narteksnet"]},{"@type":"Person","@id":"https:\/\/narteks.net\/#\/schema\/person\/61f37d9834294b72d31d274e7ed79bca","name":"Tar\u0131k","image":{"@type":"ImageObject","inLanguage":"tr","@id":"https:\/\/narteks.net\/#\/schema\/person\/image\/","url":"https:\/\/secure.gravatar.com\/avatar\/50865afb55632c4ae467e0af0930f6510aa2297d8014be502a55b14f3b7550cf?s=96&d=mm&r=g","contentUrl":"https:\/\/secure.gravatar.com\/avatar\/50865afb55632c4ae467e0af0930f6510aa2297d8014be502a55b14f3b7550cf?s=96&d=mm&r=g","caption":"Tar\u0131k"},"sameAs":["http:\/\/narteks.net"],"url":"https:\/\/narteks.net\/index.php\/author\/narbak\/"}]}},"_links":{"self":[{"href":"https:\/\/narteks.net\/index.php\/wp-json\/wp\/v2\/posts\/6533","targetHints":{"allow":["GET"]}}],"collection":[{"href":"https:\/\/narteks.net\/index.php\/wp-json\/wp\/v2\/posts"}],"about":[{"href":"https:\/\/narteks.net\/index.php\/wp-json\/wp\/v2\/types\/post"}],"author":[{"embeddable":true,"href":"https:\/\/narteks.net\/index.php\/wp-json\/wp\/v2\/users\/1"}],"replies":[{"embeddable":true,"href":"https:\/\/narteks.net\/index.php\/wp-json\/wp\/v2\/comments?post=6533"}],"version-history":[{"count":0,"href":"https:\/\/narteks.net\/index.php\/wp-json\/wp\/v2\/posts\/6533\/revisions"}],"wp:attachment":[{"href":"https:\/\/narteks.net\/index.php\/wp-json\/wp\/v2\/media?parent=6533"}],"wp:term":[{"taxonomy":"category","embeddable":true,"href":"https:\/\/narteks.net\/index.php\/wp-json\/wp\/v2\/categories?post=6533"},{"taxonomy":"post_tag","embeddable":true,"href":"https:\/\/narteks.net\/index.php\/wp-json\/wp\/v2\/tags?post=6533"}],"curies":[{"name":"wp","href":"https:\/\/api.w.org\/{rel}","templated":true}]}}