{"id":6539,"date":"2011-06-09T11:16:37","date_gmt":"2011-06-09T08:16:37","guid":{"rendered":"http:\/\/localhost\/wordpress\/2011\/06\/09\/efendiler\/"},"modified":"2011-06-09T11:16:37","modified_gmt":"2011-06-09T08:16:37","slug":"efendiler","status":"publish","type":"post","link":"https:\/\/narteks.net\/index.php\/2011\/06\/09\/efendiler\/","title":{"rendered":"EFEND\u0130LER"},"content":{"rendered":"<p>\u00a0<\/p>\n<p>yoktu yok<br \/>ve tarla s\u0131n\u0131rlar\u0131nda kan vard\u0131<br \/>analar en g\u00fczel \u00e7ocuklar\u0131n\u0131<br \/>\u00e7ocuklar y\u00fcreklerini<br \/>ve silah hi\u00e7bir zaman<br \/>b\u00f6ylesine kutsal olmad\u0131<\/p>\n<p>yoktu yok<br \/>ve b\u0131\u00e7ak dayanm\u0131\u015ft\u0131 kemi\u011fe<br \/>a\u00e7l\u0131kta i\u015fsizlikte ezilmi\u015flikte<br \/>kim s\u00f6yler bu t\u00fcrk\u00fcy\u00fc kim d\u00fczer bu a\u011f\u0131d\u0131 kim<br \/>kocaman eller midir bu ba\u011flamalarda<br \/>efendiler efendiler efendiler!<\/p>\n<p>b\u00fct\u00fcn davullar g\u00fcl\u00fcn\u00e7<br \/>b\u00fct\u00fcn silahlar sa\u00e7ma<br \/>onlarla gitti o davullar, \u015fimdi yok<br \/>onlarla kald\u0131 o silahlar, \u015fimdi var<br \/>efendiler efendiler efendiler!<\/p>\n<p>yoktu yok<br \/>bir s\u00f6m\u00fcrge havas\u0131yd\u0131 a\u015fk diye damarlarda<br \/>ve b\u00fct\u00fcn s\u0131n\u0131rlarda kan vard\u0131<br \/>bir ekmek bulup b\u00f6l\u00fc\u015ft\u00fcler<br \/>bir t\u00fcrk\u00fc bulup b\u00f6l\u00fc\u015ft\u00fcler<br \/>ve sokaklarda dola\u015ft\u0131rma i\u00e7in \u00f6zg\u00fcrl\u00fc\u011f\u00fc<br \/>ve vatan\u0131 anavatan yapmak i\u00e7in bir anda<br \/>efendiler efendiler efendiler!<br \/>kim s\u00f6yler bu t\u00fcrk\u00fcy\u00fc kim d\u00fczer bu a\u011f\u0131d\u0131 kim<br \/>ve kim varm\u0131\u015f bar\u0131\u015fa elyordam\u0131yla<\/p>\n<p>yoktu yok<br \/>verecek hi\u00e7bir \u015feyleri yoktu y\u00fcreklerinden ba\u015fka<br \/>ve bar\u0131\u015f\u0131n demir kap\u0131lar\u0131nda s\u0131k\u0131lm\u0131\u015f yumruklar\u0131<br \/>topra\u011f\u0131 s\u00fcrer gibi demiri d\u00f6ver gibi d\u00f6v\u00fc\u015ft\u00fcler<br \/>d\u00fc\u015ft\u00fcler<br \/>birg\u00fcn yine kalkmak i\u00e7in aya\u011fa<br \/>ve bu \u00e7etin kavgan\u0131n<br \/>Mustafa Kemal dedik ad\u0131na<br \/>efendiler efendiler efendiler!<\/p>\n<p>Hasan H\u00fcseyin KORKMAZG\u0130L<\/p>\n","protected":false},"excerpt":{"rendered":"<p>\u00a0 yoktu yokve tarla s\u0131n\u0131rlar\u0131nda kan vard\u0131analar en g\u00fczel \u00e7ocuklar\u0131n\u0131\u00e7ocuklar y\u00fcreklerinive silah hi\u00e7bir zamanb\u00f6ylesine kutsal olmad\u0131 yoktu yokve b\u0131\u00e7ak dayanm\u0131\u015ft\u0131 kemi\u011fea\u00e7l\u0131kta i\u015fsizlikte ezilmi\u015fliktekim s\u00f6yler bu t\u00fcrk\u00fcy\u00fc kim d\u00fczer bu a\u011f\u0131d\u0131 kimkocaman eller midir bu ba\u011flamalardaefendiler efendiler efendiler! b\u00fct\u00fcn davullar g\u00fcl\u00fcn\u00e7b\u00fct\u00fcn silahlar sa\u00e7maonlarla gitti o davullar, \u015fimdi yokonlarla kald\u0131 o silahlar, \u015fimdi varefendiler efendiler efendiler! yoktu [&hellip;]<\/p>\n","protected":false},"author":1,"featured_media":0,"comment_status":"open","ping_status":"open","sticky":false,"template":"","format":"standard","meta":{"footnotes":""},"categories":[21],"tags":[],"class_list":{"0":"post-6539","1":"post","2":"type-post","3":"status-publish","4":"format-standard","6":"category-h-huseyin-korkmazgil"},"yoast_head":"<!-- This site is optimized with the Yoast SEO Premium plugin v24.9 (Yoast SEO v24.9) - https:\/\/yoast.com\/wordpress\/plugins\/seo\/ -->\n<title>EFEND\u0130LER - narteks.net<\/title>\n<meta name=\"robots\" content=\"index, follow, max-snippet:-1, max-image-preview:large, max-video-preview:-1\" \/>\n<link rel=\"canonical\" href=\"https:\/\/narteks.net\/index.php\/2011\/06\/09\/efendiler\/\" \/>\n<meta property=\"og:locale\" content=\"tr_TR\" \/>\n<meta property=\"og:type\" content=\"article\" \/>\n<meta property=\"og:title\" content=\"EFEND\u0130LER\" \/>\n<meta property=\"og:description\" content=\"\u00a0 yoktu yokve tarla s\u0131n\u0131rlar\u0131nda kan vard\u0131analar en g\u00fczel \u00e7ocuklar\u0131n\u0131\u00e7ocuklar y\u00fcreklerinive silah hi\u00e7bir zamanb\u00f6ylesine kutsal olmad\u0131 yoktu yokve b\u0131\u00e7ak dayanm\u0131\u015ft\u0131 kemi\u011fea\u00e7l\u0131kta i\u015fsizlikte ezilmi\u015fliktekim s\u00f6yler bu t\u00fcrk\u00fcy\u00fc kim d\u00fczer bu a\u011f\u0131d\u0131 kimkocaman eller midir bu ba\u011flamalardaefendiler efendiler efendiler! b\u00fct\u00fcn davullar g\u00fcl\u00fcn\u00e7b\u00fct\u00fcn silahlar sa\u00e7maonlarla gitti o davullar, \u015fimdi yokonlarla kald\u0131 o silahlar, \u015fimdi varefendiler efendiler efendiler! yoktu [&hellip;]\" \/>\n<meta property=\"og:url\" content=\"https:\/\/narteks.net\/index.php\/2011\/06\/09\/efendiler\/\" \/>\n<meta property=\"og:site_name\" content=\"narteks.net\" \/>\n<meta property=\"article:published_time\" content=\"2011-06-09T08:16:37+00:00\" \/>\n<meta property=\"og:image\" content=\"https:\/\/narteks.net\/wp-content\/uploads\/narteks.png\" \/>\n\t<meta property=\"og:image:width\" content=\"300\" \/>\n\t<meta property=\"og:image:height\" content=\"90\" \/>\n\t<meta property=\"og:image:type\" content=\"image\/png\" \/>\n<meta name=\"author\" content=\"Tar\u0131k\" \/>\n<meta name=\"twitter:card\" content=\"summary_large_image\" \/>\n<meta name=\"twitter:creator\" content=\"@narteks\" \/>\n<meta name=\"twitter:site\" content=\"@narteks\" \/>\n<meta name=\"twitter:label1\" content=\"Yazan:\" \/>\n\t<meta name=\"twitter:data1\" content=\"Tar\u0131k\" \/>\n\t<meta name=\"twitter:label2\" content=\"Tahmini okuma s\u00fcresi\" \/>\n\t<meta name=\"twitter:data2\" content=\"1 dakika\" \/>\n<script type=\"application\/ld+json\" class=\"yoast-schema-graph\">{\"@context\":\"https:\/\/schema.org\",\"@graph\":[{\"@type\":\"Article\",\"@id\":\"https:\/\/narteks.net\/index.php\/2011\/06\/09\/efendiler\/#article\",\"isPartOf\":{\"@id\":\"https:\/\/narteks.net\/index.php\/2011\/06\/09\/efendiler\/\"},\"author\":{\"name\":\"Tar\u0131k\",\"@id\":\"https:\/\/narteks.net\/#\/schema\/person\/61f37d9834294b72d31d274e7ed79bca\"},\"headline\":\"EFEND\u0130LER\",\"datePublished\":\"2011-06-09T08:16:37+00:00\",\"mainEntityOfPage\":{\"@id\":\"https:\/\/narteks.net\/index.php\/2011\/06\/09\/efendiler\/\"},\"wordCount\":213,\"commentCount\":0,\"publisher\":{\"@id\":\"https:\/\/narteks.net\/#organization\"},\"articleSection\":[\"H.H\u00fcseyin KORKMAZG\u0130L\"],\"inLanguage\":\"tr\",\"potentialAction\":[{\"@type\":\"CommentAction\",\"name\":\"Comment\",\"target\":[\"https:\/\/narteks.net\/index.php\/2011\/06\/09\/efendiler\/#respond\"]}]},{\"@type\":\"WebPage\",\"@id\":\"https:\/\/narteks.net\/index.php\/2011\/06\/09\/efendiler\/\",\"url\":\"https:\/\/narteks.net\/index.php\/2011\/06\/09\/efendiler\/\",\"name\":\"EFEND\u0130LER - narteks.net\",\"isPartOf\":{\"@id\":\"https:\/\/narteks.net\/#website\"},\"datePublished\":\"2011-06-09T08:16:37+00:00\",\"breadcrumb\":{\"@id\":\"https:\/\/narteks.net\/index.php\/2011\/06\/09\/efendiler\/#breadcrumb\"},\"inLanguage\":\"tr\",\"potentialAction\":[{\"@type\":\"ReadAction\",\"target\":[\"https:\/\/narteks.net\/index.php\/2011\/06\/09\/efendiler\/\"]}]},{\"@type\":\"BreadcrumbList\",\"@id\":\"https:\/\/narteks.net\/index.php\/2011\/06\/09\/efendiler\/#breadcrumb\",\"itemListElement\":[{\"@type\":\"ListItem\",\"position\":1,\"name\":\"Anasayfa\",\"item\":\"https:\/\/narteks.net\/\"},{\"@type\":\"ListItem\",\"position\":2,\"name\":\"EFEND\u0130LER\"}]},{\"@type\":\"WebSite\",\"@id\":\"https:\/\/narteks.net\/#website\",\"url\":\"https:\/\/narteks.net\/\",\"name\":\"narteks.net\",\"description\":\"K\u00fclt\u00fcr Sanat Edebiyat Felsefe\",\"publisher\":{\"@id\":\"https:\/\/narteks.net\/#organization\"},\"alternateName\":\"K\u00fclt\u00fcr Sanat Edebiyat Felsefe\",\"potentialAction\":[{\"@type\":\"SearchAction\",\"target\":{\"@type\":\"EntryPoint\",\"urlTemplate\":\"https:\/\/narteks.net\/?s={search_term_string}\"},\"query-input\":{\"@type\":\"PropertyValueSpecification\",\"valueRequired\":true,\"valueName\":\"search_term_string\"}}],\"inLanguage\":\"tr\"},{\"@type\":\"Organization\",\"@id\":\"https:\/\/narteks.net\/#organization\",\"name\":\"narteks.net\",\"url\":\"https:\/\/narteks.net\/\",\"logo\":{\"@type\":\"ImageObject\",\"inLanguage\":\"tr\",\"@id\":\"https:\/\/narteks.net\/#\/schema\/logo\/image\/\",\"url\":\"https:\/\/narteks.net\/wp-content\/uploads\/narteks.png\",\"contentUrl\":\"https:\/\/narteks.net\/wp-content\/uploads\/narteks.png\",\"width\":300,\"height\":90,\"caption\":\"narteks.net\"},\"image\":{\"@id\":\"https:\/\/narteks.net\/#\/schema\/logo\/image\/\"},\"sameAs\":[\"https:\/\/x.com\/narteks\",\"https:\/\/instagram.com\/narteksnet\"]},{\"@type\":\"Person\",\"@id\":\"https:\/\/narteks.net\/#\/schema\/person\/61f37d9834294b72d31d274e7ed79bca\",\"name\":\"Tar\u0131k\",\"image\":{\"@type\":\"ImageObject\",\"inLanguage\":\"tr\",\"@id\":\"https:\/\/narteks.net\/#\/schema\/person\/image\/\",\"url\":\"https:\/\/secure.gravatar.com\/avatar\/50865afb55632c4ae467e0af0930f6510aa2297d8014be502a55b14f3b7550cf?s=96&d=mm&r=g\",\"contentUrl\":\"https:\/\/secure.gravatar.com\/avatar\/50865afb55632c4ae467e0af0930f6510aa2297d8014be502a55b14f3b7550cf?s=96&d=mm&r=g\",\"caption\":\"Tar\u0131k\"},\"sameAs\":[\"http:\/\/narteks.net\"],\"url\":\"https:\/\/narteks.net\/index.php\/author\/narbak\/\"}]}<\/script>\n<!-- \/ Yoast SEO Premium plugin. -->","yoast_head_json":{"title":"EFEND\u0130LER - narteks.net","robots":{"index":"index","follow":"follow","max-snippet":"max-snippet:-1","max-image-preview":"max-image-preview:large","max-video-preview":"max-video-preview:-1"},"canonical":"https:\/\/narteks.net\/index.php\/2011\/06\/09\/efendiler\/","og_locale":"tr_TR","og_type":"article","og_title":"EFEND\u0130LER","og_description":"\u00a0 yoktu yokve tarla s\u0131n\u0131rlar\u0131nda kan vard\u0131analar en g\u00fczel \u00e7ocuklar\u0131n\u0131\u00e7ocuklar y\u00fcreklerinive silah hi\u00e7bir zamanb\u00f6ylesine kutsal olmad\u0131 yoktu yokve b\u0131\u00e7ak dayanm\u0131\u015ft\u0131 kemi\u011fea\u00e7l\u0131kta i\u015fsizlikte ezilmi\u015fliktekim s\u00f6yler bu t\u00fcrk\u00fcy\u00fc kim d\u00fczer bu a\u011f\u0131d\u0131 kimkocaman eller midir bu ba\u011flamalardaefendiler efendiler efendiler! b\u00fct\u00fcn davullar g\u00fcl\u00fcn\u00e7b\u00fct\u00fcn silahlar sa\u00e7maonlarla gitti o davullar, \u015fimdi yokonlarla kald\u0131 o silahlar, \u015fimdi varefendiler efendiler efendiler! yoktu [&hellip;]","og_url":"https:\/\/narteks.net\/index.php\/2011\/06\/09\/efendiler\/","og_site_name":"narteks.net","article_published_time":"2011-06-09T08:16:37+00:00","og_image":[{"width":300,"height":90,"url":"https:\/\/narteks.net\/wp-content\/uploads\/narteks.png","type":"image\/png"}],"author":"Tar\u0131k","twitter_card":"summary_large_image","twitter_creator":"@narteks","twitter_site":"@narteks","twitter_misc":{"Yazan:":"Tar\u0131k","Tahmini okuma s\u00fcresi":"1 dakika"},"schema":{"@context":"https:\/\/schema.org","@graph":[{"@type":"Article","@id":"https:\/\/narteks.net\/index.php\/2011\/06\/09\/efendiler\/#article","isPartOf":{"@id":"https:\/\/narteks.net\/index.php\/2011\/06\/09\/efendiler\/"},"author":{"name":"Tar\u0131k","@id":"https:\/\/narteks.net\/#\/schema\/person\/61f37d9834294b72d31d274e7ed79bca"},"headline":"EFEND\u0130LER","datePublished":"2011-06-09T08:16:37+00:00","mainEntityOfPage":{"@id":"https:\/\/narteks.net\/index.php\/2011\/06\/09\/efendiler\/"},"wordCount":213,"commentCount":0,"publisher":{"@id":"https:\/\/narteks.net\/#organization"},"articleSection":["H.H\u00fcseyin KORKMAZG\u0130L"],"inLanguage":"tr","potentialAction":[{"@type":"CommentAction","name":"Comment","target":["https:\/\/narteks.net\/index.php\/2011\/06\/09\/efendiler\/#respond"]}]},{"@type":"WebPage","@id":"https:\/\/narteks.net\/index.php\/2011\/06\/09\/efendiler\/","url":"https:\/\/narteks.net\/index.php\/2011\/06\/09\/efendiler\/","name":"EFEND\u0130LER - narteks.net","isPartOf":{"@id":"https:\/\/narteks.net\/#website"},"datePublished":"2011-06-09T08:16:37+00:00","breadcrumb":{"@id":"https:\/\/narteks.net\/index.php\/2011\/06\/09\/efendiler\/#breadcrumb"},"inLanguage":"tr","potentialAction":[{"@type":"ReadAction","target":["https:\/\/narteks.net\/index.php\/2011\/06\/09\/efendiler\/"]}]},{"@type":"BreadcrumbList","@id":"https:\/\/narteks.net\/index.php\/2011\/06\/09\/efendiler\/#breadcrumb","itemListElement":[{"@type":"ListItem","position":1,"name":"Anasayfa","item":"https:\/\/narteks.net\/"},{"@type":"ListItem","position":2,"name":"EFEND\u0130LER"}]},{"@type":"WebSite","@id":"https:\/\/narteks.net\/#website","url":"https:\/\/narteks.net\/","name":"narteks.net","description":"K\u00fclt\u00fcr Sanat Edebiyat Felsefe","publisher":{"@id":"https:\/\/narteks.net\/#organization"},"alternateName":"K\u00fclt\u00fcr Sanat Edebiyat Felsefe","potentialAction":[{"@type":"SearchAction","target":{"@type":"EntryPoint","urlTemplate":"https:\/\/narteks.net\/?s={search_term_string}"},"query-input":{"@type":"PropertyValueSpecification","valueRequired":true,"valueName":"search_term_string"}}],"inLanguage":"tr"},{"@type":"Organization","@id":"https:\/\/narteks.net\/#organization","name":"narteks.net","url":"https:\/\/narteks.net\/","logo":{"@type":"ImageObject","inLanguage":"tr","@id":"https:\/\/narteks.net\/#\/schema\/logo\/image\/","url":"https:\/\/narteks.net\/wp-content\/uploads\/narteks.png","contentUrl":"https:\/\/narteks.net\/wp-content\/uploads\/narteks.png","width":300,"height":90,"caption":"narteks.net"},"image":{"@id":"https:\/\/narteks.net\/#\/schema\/logo\/image\/"},"sameAs":["https:\/\/x.com\/narteks","https:\/\/instagram.com\/narteksnet"]},{"@type":"Person","@id":"https:\/\/narteks.net\/#\/schema\/person\/61f37d9834294b72d31d274e7ed79bca","name":"Tar\u0131k","image":{"@type":"ImageObject","inLanguage":"tr","@id":"https:\/\/narteks.net\/#\/schema\/person\/image\/","url":"https:\/\/secure.gravatar.com\/avatar\/50865afb55632c4ae467e0af0930f6510aa2297d8014be502a55b14f3b7550cf?s=96&d=mm&r=g","contentUrl":"https:\/\/secure.gravatar.com\/avatar\/50865afb55632c4ae467e0af0930f6510aa2297d8014be502a55b14f3b7550cf?s=96&d=mm&r=g","caption":"Tar\u0131k"},"sameAs":["http:\/\/narteks.net"],"url":"https:\/\/narteks.net\/index.php\/author\/narbak\/"}]}},"_links":{"self":[{"href":"https:\/\/narteks.net\/index.php\/wp-json\/wp\/v2\/posts\/6539","targetHints":{"allow":["GET"]}}],"collection":[{"href":"https:\/\/narteks.net\/index.php\/wp-json\/wp\/v2\/posts"}],"about":[{"href":"https:\/\/narteks.net\/index.php\/wp-json\/wp\/v2\/types\/post"}],"author":[{"embeddable":true,"href":"https:\/\/narteks.net\/index.php\/wp-json\/wp\/v2\/users\/1"}],"replies":[{"embeddable":true,"href":"https:\/\/narteks.net\/index.php\/wp-json\/wp\/v2\/comments?post=6539"}],"version-history":[{"count":0,"href":"https:\/\/narteks.net\/index.php\/wp-json\/wp\/v2\/posts\/6539\/revisions"}],"wp:attachment":[{"href":"https:\/\/narteks.net\/index.php\/wp-json\/wp\/v2\/media?parent=6539"}],"wp:term":[{"taxonomy":"category","embeddable":true,"href":"https:\/\/narteks.net\/index.php\/wp-json\/wp\/v2\/categories?post=6539"},{"taxonomy":"post_tag","embeddable":true,"href":"https:\/\/narteks.net\/index.php\/wp-json\/wp\/v2\/tags?post=6539"}],"curies":[{"name":"wp","href":"https:\/\/api.w.org\/{rel}","templated":true}]}}