{"id":6540,"date":"2011-06-09T11:17:46","date_gmt":"2011-06-09T08:17:46","guid":{"rendered":"http:\/\/localhost\/wordpress\/2011\/06\/09\/elhukmilillah\/"},"modified":"2011-06-09T11:17:46","modified_gmt":"2011-06-09T08:17:46","slug":"elhukmilillah","status":"publish","type":"post","link":"https:\/\/narteks.net\/index.php\/2011\/06\/09\/elhukmilillah\/","title":{"rendered":"ELH\u00dcKM\u0130L\u0130LLAH"},"content":{"rendered":"<p>1.<\/p>\n<p>sava\u015ft\u0131<br \/>kime kar\u015f\u0131<br \/>namussuz soyguncuya<\/p>\n<p>vuruldu<br \/>kim mi vurdu<br \/>o namussuz soyguncu<\/p>\n<p>dediler<br \/>ne dediler<br \/>-elh\u00fckmilillah<\/p>\n<p>2.<\/p>\n<p>direndi<br \/>kime kar\u015f\u0131<br \/>namussuz vurguncuya<\/p>\n<p>vuruldu<br \/>kim mi vurdu<br \/>o namussuz vurguncu<\/p>\n<p>dediler<br \/>ne dediler<br \/>-elh\u00fckmilillah<\/p>\n<p>3.<\/p>\n<p>vuru\u015ftu<br \/>kime kar\u015f\u0131<br \/>namussuz s\u00f6m\u00fcrgene<\/p>\n<p>vuruldu<br \/>kim mi vurdu<br \/>o namussuz s\u00f6m\u00fcrgen<\/p>\n<p>dediler<br \/>ne dediler<br \/>-elh\u00fckmilillah<\/p>\n<p>4.<\/p>\n<p>demesinler bunu bir<br \/>deyip ge\u00e7irmesinler<br \/>o \u00e7ileli ellerini o \u0131\u015f\u0131ks\u0131z y\u00fczlerinden karanl\u0131kta insanlar<br \/>deve nalbant<br \/>e\u015fek tellal<br \/>a\u011falarla beyler allah<br \/>bismillah<\/p>\n<p>bismillah s\u00f6m\u00fcr\u00fcye<br \/>bismillah haks\u0131zl\u0131\u011fa<br \/>bismillah kandan k\u0131na<br \/>hem de karde\u015f kan\u0131ndan<\/p>\n<p>5.<\/p>\n<p>desem ki karde\u015f desem<br \/>desem ki bar\u0131\u015f desem<br \/>desem ki elh\u00fckmidiyalektik<br \/>tekel kad\u0131<br \/>tr\u00f6st cellat<br \/>oligar\u015fi izbandut<br \/>insanlar ki bir g\u00fczel<br \/>insanlar ki bir tatl\u0131<br \/>\u00f6yle de susam\u0131\u015flar ki<br \/>bar\u0131\u015fa karde\u015fli\u011fe<\/p>\n<p>s\u00f6yle savc\u0131<br \/>kim k\u0131yar g\u00fczelli\u011fe<br \/>s\u00f6yle yarg\u0131\u00e7<br \/>kim k\u0131yar tatl\u0131l\u0131\u011fa<br \/>bar\u0131\u015f\u0131 kim<br \/>kim vurur karde\u015fli\u011fi<br \/>sen s\u00f6yle ey b\u00fcrokrat<br \/>gel aristo<br \/>gel eflatun<br \/>musa isa muhammet<br \/>siz de gelin a\u00e7\u0131klay\u0131n<br \/>\u015fu i\u015fin ger\u00e7e\u011fini<br \/>kim vurur karde\u015fli\u011fi<br \/>bar\u0131\u015f\u0131 kimler bo\u011far be\u015fikte<\/p>\n<p>6.<\/p>\n<p>s\u00fcr\u00fcseler le\u015flerini \u015fu insan d\u00fc\u015fmanlar\u0131n\u0131n<br \/>s\u00fcr\u00fcseler \u015fu kanl\u0131 sokaklarda<br \/>demem onlar gibi kalle\u015f\u00e7e<br \/>elh\u00fckmilillah<br \/>derim bilim buyru\u011funca<br \/>elh\u00fckmidiyalektik<\/p>\n<p>ne anlar canavarlar<br \/>ne anlar soyguncular<br \/>talanc\u0131lar ne anlar<br \/>bilimsel g\u00fczellikten<\/p>\n<p>Hasan H\u00fcseyin KORKMAZG\u0130L<\/p>\n","protected":false},"excerpt":{"rendered":"<p>1. sava\u015ft\u0131kime kar\u015f\u0131namussuz soyguncuya vuruldukim mi vurduo namussuz soyguncu dedilerne dediler-elh\u00fckmilillah 2. direndikime kar\u015f\u0131namussuz vurguncuya vuruldukim mi vurduo namussuz vurguncu dedilerne dediler-elh\u00fckmilillah 3. vuru\u015ftukime kar\u015f\u0131namussuz s\u00f6m\u00fcrgene vuruldukim mi vurduo namussuz s\u00f6m\u00fcrgen dedilerne dediler-elh\u00fckmilillah 4. demesinler bunu birdeyip ge\u00e7irmesinlero \u00e7ileli ellerini o \u0131\u015f\u0131ks\u0131z y\u00fczlerinden karanl\u0131kta insanlardeve nalbante\u015fek tellala\u011falarla beyler allahbismillah bismillah s\u00f6m\u00fcr\u00fcyebismillah haks\u0131zl\u0131\u011fabismillah kandan k\u0131nahem de [&hellip;]<\/p>\n","protected":false},"author":1,"featured_media":0,"comment_status":"open","ping_status":"open","sticky":false,"template":"","format":"standard","meta":{"footnotes":""},"categories":[21],"tags":[],"class_list":{"0":"post-6540","1":"post","2":"type-post","3":"status-publish","4":"format-standard","6":"category-h-huseyin-korkmazgil"},"yoast_head":"<!-- This site is optimized with the Yoast SEO Premium plugin v24.9 (Yoast SEO v24.9) - https:\/\/yoast.com\/wordpress\/plugins\/seo\/ -->\n<title>ELH\u00dcKM\u0130L\u0130LLAH - narteks.net<\/title>\n<meta name=\"robots\" content=\"index, follow, max-snippet:-1, max-image-preview:large, max-video-preview:-1\" \/>\n<link rel=\"canonical\" href=\"https:\/\/narteks.net\/index.php\/2011\/06\/09\/elhukmilillah\/\" \/>\n<meta property=\"og:locale\" content=\"tr_TR\" \/>\n<meta property=\"og:type\" content=\"article\" \/>\n<meta property=\"og:title\" content=\"ELH\u00dcKM\u0130L\u0130LLAH\" \/>\n<meta property=\"og:description\" content=\"1. sava\u015ft\u0131kime kar\u015f\u0131namussuz soyguncuya vuruldukim mi vurduo namussuz soyguncu dedilerne dediler-elh\u00fckmilillah 2. direndikime kar\u015f\u0131namussuz vurguncuya vuruldukim mi vurduo namussuz vurguncu dedilerne dediler-elh\u00fckmilillah 3. vuru\u015ftukime kar\u015f\u0131namussuz s\u00f6m\u00fcrgene vuruldukim mi vurduo namussuz s\u00f6m\u00fcrgen dedilerne dediler-elh\u00fckmilillah 4. demesinler bunu birdeyip ge\u00e7irmesinlero \u00e7ileli ellerini o \u0131\u015f\u0131ks\u0131z y\u00fczlerinden karanl\u0131kta insanlardeve nalbante\u015fek tellala\u011falarla beyler allahbismillah bismillah s\u00f6m\u00fcr\u00fcyebismillah haks\u0131zl\u0131\u011fabismillah kandan k\u0131nahem de [&hellip;]\" \/>\n<meta property=\"og:url\" content=\"https:\/\/narteks.net\/index.php\/2011\/06\/09\/elhukmilillah\/\" \/>\n<meta property=\"og:site_name\" content=\"narteks.net\" \/>\n<meta property=\"article:published_time\" content=\"2011-06-09T08:17:46+00:00\" \/>\n<meta property=\"og:image\" content=\"https:\/\/narteks.net\/wp-content\/uploads\/narteks.png\" \/>\n\t<meta property=\"og:image:width\" content=\"300\" \/>\n\t<meta property=\"og:image:height\" content=\"90\" \/>\n\t<meta property=\"og:image:type\" content=\"image\/png\" \/>\n<meta name=\"author\" content=\"Tar\u0131k\" \/>\n<meta name=\"twitter:card\" content=\"summary_large_image\" \/>\n<meta name=\"twitter:creator\" content=\"@narteks\" \/>\n<meta name=\"twitter:site\" content=\"@narteks\" \/>\n<meta name=\"twitter:label1\" content=\"Yazan:\" \/>\n\t<meta name=\"twitter:data1\" content=\"Tar\u0131k\" \/>\n\t<meta name=\"twitter:label2\" content=\"Tahmini okuma s\u00fcresi\" \/>\n\t<meta name=\"twitter:data2\" content=\"1 dakika\" \/>\n<script type=\"application\/ld+json\" class=\"yoast-schema-graph\">{\"@context\":\"https:\/\/schema.org\",\"@graph\":[{\"@type\":\"Article\",\"@id\":\"https:\/\/narteks.net\/index.php\/2011\/06\/09\/elhukmilillah\/#article\",\"isPartOf\":{\"@id\":\"https:\/\/narteks.net\/index.php\/2011\/06\/09\/elhukmilillah\/\"},\"author\":{\"name\":\"Tar\u0131k\",\"@id\":\"https:\/\/narteks.net\/#\/schema\/person\/61f37d9834294b72d31d274e7ed79bca\"},\"headline\":\"ELH\u00dcKM\u0130L\u0130LLAH\",\"datePublished\":\"2011-06-09T08:17:46+00:00\",\"mainEntityOfPage\":{\"@id\":\"https:\/\/narteks.net\/index.php\/2011\/06\/09\/elhukmilillah\/\"},\"wordCount\":206,\"commentCount\":0,\"publisher\":{\"@id\":\"https:\/\/narteks.net\/#organization\"},\"articleSection\":[\"H.H\u00fcseyin KORKMAZG\u0130L\"],\"inLanguage\":\"tr\",\"potentialAction\":[{\"@type\":\"CommentAction\",\"name\":\"Comment\",\"target\":[\"https:\/\/narteks.net\/index.php\/2011\/06\/09\/elhukmilillah\/#respond\"]}]},{\"@type\":\"WebPage\",\"@id\":\"https:\/\/narteks.net\/index.php\/2011\/06\/09\/elhukmilillah\/\",\"url\":\"https:\/\/narteks.net\/index.php\/2011\/06\/09\/elhukmilillah\/\",\"name\":\"ELH\u00dcKM\u0130L\u0130LLAH - narteks.net\",\"isPartOf\":{\"@id\":\"https:\/\/narteks.net\/#website\"},\"datePublished\":\"2011-06-09T08:17:46+00:00\",\"breadcrumb\":{\"@id\":\"https:\/\/narteks.net\/index.php\/2011\/06\/09\/elhukmilillah\/#breadcrumb\"},\"inLanguage\":\"tr\",\"potentialAction\":[{\"@type\":\"ReadAction\",\"target\":[\"https:\/\/narteks.net\/index.php\/2011\/06\/09\/elhukmilillah\/\"]}]},{\"@type\":\"BreadcrumbList\",\"@id\":\"https:\/\/narteks.net\/index.php\/2011\/06\/09\/elhukmilillah\/#breadcrumb\",\"itemListElement\":[{\"@type\":\"ListItem\",\"position\":1,\"name\":\"Anasayfa\",\"item\":\"https:\/\/narteks.net\/\"},{\"@type\":\"ListItem\",\"position\":2,\"name\":\"ELH\u00dcKM\u0130L\u0130LLAH\"}]},{\"@type\":\"WebSite\",\"@id\":\"https:\/\/narteks.net\/#website\",\"url\":\"https:\/\/narteks.net\/\",\"name\":\"narteks.net\",\"description\":\"K\u00fclt\u00fcr Sanat Edebiyat Felsefe\",\"publisher\":{\"@id\":\"https:\/\/narteks.net\/#organization\"},\"alternateName\":\"K\u00fclt\u00fcr Sanat Edebiyat Felsefe\",\"potentialAction\":[{\"@type\":\"SearchAction\",\"target\":{\"@type\":\"EntryPoint\",\"urlTemplate\":\"https:\/\/narteks.net\/?s={search_term_string}\"},\"query-input\":{\"@type\":\"PropertyValueSpecification\",\"valueRequired\":true,\"valueName\":\"search_term_string\"}}],\"inLanguage\":\"tr\"},{\"@type\":\"Organization\",\"@id\":\"https:\/\/narteks.net\/#organization\",\"name\":\"narteks.net\",\"url\":\"https:\/\/narteks.net\/\",\"logo\":{\"@type\":\"ImageObject\",\"inLanguage\":\"tr\",\"@id\":\"https:\/\/narteks.net\/#\/schema\/logo\/image\/\",\"url\":\"https:\/\/narteks.net\/wp-content\/uploads\/narteks.png\",\"contentUrl\":\"https:\/\/narteks.net\/wp-content\/uploads\/narteks.png\",\"width\":300,\"height\":90,\"caption\":\"narteks.net\"},\"image\":{\"@id\":\"https:\/\/narteks.net\/#\/schema\/logo\/image\/\"},\"sameAs\":[\"https:\/\/x.com\/narteks\",\"https:\/\/instagram.com\/narteksnet\"]},{\"@type\":\"Person\",\"@id\":\"https:\/\/narteks.net\/#\/schema\/person\/61f37d9834294b72d31d274e7ed79bca\",\"name\":\"Tar\u0131k\",\"image\":{\"@type\":\"ImageObject\",\"inLanguage\":\"tr\",\"@id\":\"https:\/\/narteks.net\/#\/schema\/person\/image\/\",\"url\":\"https:\/\/secure.gravatar.com\/avatar\/50865afb55632c4ae467e0af0930f6510aa2297d8014be502a55b14f3b7550cf?s=96&d=mm&r=g\",\"contentUrl\":\"https:\/\/secure.gravatar.com\/avatar\/50865afb55632c4ae467e0af0930f6510aa2297d8014be502a55b14f3b7550cf?s=96&d=mm&r=g\",\"caption\":\"Tar\u0131k\"},\"sameAs\":[\"http:\/\/narteks.net\"],\"url\":\"https:\/\/narteks.net\/index.php\/author\/narbak\/\"}]}<\/script>\n<!-- \/ Yoast SEO Premium plugin. -->","yoast_head_json":{"title":"ELH\u00dcKM\u0130L\u0130LLAH - narteks.net","robots":{"index":"index","follow":"follow","max-snippet":"max-snippet:-1","max-image-preview":"max-image-preview:large","max-video-preview":"max-video-preview:-1"},"canonical":"https:\/\/narteks.net\/index.php\/2011\/06\/09\/elhukmilillah\/","og_locale":"tr_TR","og_type":"article","og_title":"ELH\u00dcKM\u0130L\u0130LLAH","og_description":"1. sava\u015ft\u0131kime kar\u015f\u0131namussuz soyguncuya vuruldukim mi vurduo namussuz soyguncu dedilerne dediler-elh\u00fckmilillah 2. direndikime kar\u015f\u0131namussuz vurguncuya vuruldukim mi vurduo namussuz vurguncu dedilerne dediler-elh\u00fckmilillah 3. vuru\u015ftukime kar\u015f\u0131namussuz s\u00f6m\u00fcrgene vuruldukim mi vurduo namussuz s\u00f6m\u00fcrgen dedilerne dediler-elh\u00fckmilillah 4. demesinler bunu birdeyip ge\u00e7irmesinlero \u00e7ileli ellerini o \u0131\u015f\u0131ks\u0131z y\u00fczlerinden karanl\u0131kta insanlardeve nalbante\u015fek tellala\u011falarla beyler allahbismillah bismillah s\u00f6m\u00fcr\u00fcyebismillah haks\u0131zl\u0131\u011fabismillah kandan k\u0131nahem de [&hellip;]","og_url":"https:\/\/narteks.net\/index.php\/2011\/06\/09\/elhukmilillah\/","og_site_name":"narteks.net","article_published_time":"2011-06-09T08:17:46+00:00","og_image":[{"width":300,"height":90,"url":"https:\/\/narteks.net\/wp-content\/uploads\/narteks.png","type":"image\/png"}],"author":"Tar\u0131k","twitter_card":"summary_large_image","twitter_creator":"@narteks","twitter_site":"@narteks","twitter_misc":{"Yazan:":"Tar\u0131k","Tahmini okuma s\u00fcresi":"1 dakika"},"schema":{"@context":"https:\/\/schema.org","@graph":[{"@type":"Article","@id":"https:\/\/narteks.net\/index.php\/2011\/06\/09\/elhukmilillah\/#article","isPartOf":{"@id":"https:\/\/narteks.net\/index.php\/2011\/06\/09\/elhukmilillah\/"},"author":{"name":"Tar\u0131k","@id":"https:\/\/narteks.net\/#\/schema\/person\/61f37d9834294b72d31d274e7ed79bca"},"headline":"ELH\u00dcKM\u0130L\u0130LLAH","datePublished":"2011-06-09T08:17:46+00:00","mainEntityOfPage":{"@id":"https:\/\/narteks.net\/index.php\/2011\/06\/09\/elhukmilillah\/"},"wordCount":206,"commentCount":0,"publisher":{"@id":"https:\/\/narteks.net\/#organization"},"articleSection":["H.H\u00fcseyin KORKMAZG\u0130L"],"inLanguage":"tr","potentialAction":[{"@type":"CommentAction","name":"Comment","target":["https:\/\/narteks.net\/index.php\/2011\/06\/09\/elhukmilillah\/#respond"]}]},{"@type":"WebPage","@id":"https:\/\/narteks.net\/index.php\/2011\/06\/09\/elhukmilillah\/","url":"https:\/\/narteks.net\/index.php\/2011\/06\/09\/elhukmilillah\/","name":"ELH\u00dcKM\u0130L\u0130LLAH - narteks.net","isPartOf":{"@id":"https:\/\/narteks.net\/#website"},"datePublished":"2011-06-09T08:17:46+00:00","breadcrumb":{"@id":"https:\/\/narteks.net\/index.php\/2011\/06\/09\/elhukmilillah\/#breadcrumb"},"inLanguage":"tr","potentialAction":[{"@type":"ReadAction","target":["https:\/\/narteks.net\/index.php\/2011\/06\/09\/elhukmilillah\/"]}]},{"@type":"BreadcrumbList","@id":"https:\/\/narteks.net\/index.php\/2011\/06\/09\/elhukmilillah\/#breadcrumb","itemListElement":[{"@type":"ListItem","position":1,"name":"Anasayfa","item":"https:\/\/narteks.net\/"},{"@type":"ListItem","position":2,"name":"ELH\u00dcKM\u0130L\u0130LLAH"}]},{"@type":"WebSite","@id":"https:\/\/narteks.net\/#website","url":"https:\/\/narteks.net\/","name":"narteks.net","description":"K\u00fclt\u00fcr Sanat Edebiyat Felsefe","publisher":{"@id":"https:\/\/narteks.net\/#organization"},"alternateName":"K\u00fclt\u00fcr Sanat Edebiyat Felsefe","potentialAction":[{"@type":"SearchAction","target":{"@type":"EntryPoint","urlTemplate":"https:\/\/narteks.net\/?s={search_term_string}"},"query-input":{"@type":"PropertyValueSpecification","valueRequired":true,"valueName":"search_term_string"}}],"inLanguage":"tr"},{"@type":"Organization","@id":"https:\/\/narteks.net\/#organization","name":"narteks.net","url":"https:\/\/narteks.net\/","logo":{"@type":"ImageObject","inLanguage":"tr","@id":"https:\/\/narteks.net\/#\/schema\/logo\/image\/","url":"https:\/\/narteks.net\/wp-content\/uploads\/narteks.png","contentUrl":"https:\/\/narteks.net\/wp-content\/uploads\/narteks.png","width":300,"height":90,"caption":"narteks.net"},"image":{"@id":"https:\/\/narteks.net\/#\/schema\/logo\/image\/"},"sameAs":["https:\/\/x.com\/narteks","https:\/\/instagram.com\/narteksnet"]},{"@type":"Person","@id":"https:\/\/narteks.net\/#\/schema\/person\/61f37d9834294b72d31d274e7ed79bca","name":"Tar\u0131k","image":{"@type":"ImageObject","inLanguage":"tr","@id":"https:\/\/narteks.net\/#\/schema\/person\/image\/","url":"https:\/\/secure.gravatar.com\/avatar\/50865afb55632c4ae467e0af0930f6510aa2297d8014be502a55b14f3b7550cf?s=96&d=mm&r=g","contentUrl":"https:\/\/secure.gravatar.com\/avatar\/50865afb55632c4ae467e0af0930f6510aa2297d8014be502a55b14f3b7550cf?s=96&d=mm&r=g","caption":"Tar\u0131k"},"sameAs":["http:\/\/narteks.net"],"url":"https:\/\/narteks.net\/index.php\/author\/narbak\/"}]}},"_links":{"self":[{"href":"https:\/\/narteks.net\/index.php\/wp-json\/wp\/v2\/posts\/6540","targetHints":{"allow":["GET"]}}],"collection":[{"href":"https:\/\/narteks.net\/index.php\/wp-json\/wp\/v2\/posts"}],"about":[{"href":"https:\/\/narteks.net\/index.php\/wp-json\/wp\/v2\/types\/post"}],"author":[{"embeddable":true,"href":"https:\/\/narteks.net\/index.php\/wp-json\/wp\/v2\/users\/1"}],"replies":[{"embeddable":true,"href":"https:\/\/narteks.net\/index.php\/wp-json\/wp\/v2\/comments?post=6540"}],"version-history":[{"count":0,"href":"https:\/\/narteks.net\/index.php\/wp-json\/wp\/v2\/posts\/6540\/revisions"}],"wp:attachment":[{"href":"https:\/\/narteks.net\/index.php\/wp-json\/wp\/v2\/media?parent=6540"}],"wp:term":[{"taxonomy":"category","embeddable":true,"href":"https:\/\/narteks.net\/index.php\/wp-json\/wp\/v2\/categories?post=6540"},{"taxonomy":"post_tag","embeddable":true,"href":"https:\/\/narteks.net\/index.php\/wp-json\/wp\/v2\/tags?post=6540"}],"curies":[{"name":"wp","href":"https:\/\/api.w.org\/{rel}","templated":true}]}}