{"id":6541,"date":"2011-06-09T11:19:22","date_gmt":"2011-06-09T08:19:22","guid":{"rendered":"http:\/\/localhost\/wordpress\/2011\/06\/09\/emek-koydum-yavrumuzun-adini\/"},"modified":"2011-06-09T11:19:22","modified_gmt":"2011-06-09T08:19:22","slug":"emek-koydum-yavrumuzun-adini","status":"publish","type":"post","link":"https:\/\/narteks.net\/index.php\/2011\/06\/09\/emek-koydum-yavrumuzun-adini\/","title":{"rendered":"EMEK KOYDUM YAVRUMUZUN ADINI"},"content":{"rendered":"<p>\u00a0<\/p>\n<p>\u0131\u015f\u0131klar s\u00f6nd\u00fc birden<br \/>karanl\u0131kta y\u00fcz\u00fckoyun koca kent<br \/>hava da \u00f6yle kirli<br \/>\u00f6yle kal\u0131n kirli ki<br \/>bakam\u0131yor y\u0131ld\u0131zlar pencerelerden<\/p>\n<p>ad\u0131 emek yavrumuzun<br \/>ya\u015f\u0131 daha be\u015f de\u011fil<br \/>oturmu\u015f \u00f6n\u00fcnde akvaryumun<br \/>&#8216;hiro\u015fima&#8217;y\u0131 s\u00f6yl\u00fcyor kendikendine<br \/>&#8216;karl\u0131 kay\u0131n orman\u0131nda&#8217;y\u0131<br \/>titrek mum \u0131\u015f\u0131\u011f\u0131nda<br \/>bir g\u00f6z\u00fc de bal\u0131klarda emek yavrunun<br \/>bal\u0131klar\u0131n masalsal k\u0131p\u0131rt\u0131s\u0131nda<\/p>\n<p>ne de \u00e7ok and\u0131r\u0131yor emek yavrucuk<br \/>o &#8216;pamuk prenses&#8217;ini \u00e7ocuklu\u011fumun<br \/>bizlerse &#8216;yedi c\u00fcce&#8217;<br \/>kirli kara gecede<br \/>mum alt\u0131nda s\u00f6yle\u015fide<br \/>geceler \u00f6zlenilen geceler de\u011fil<br \/>e\u011filsek hangi suya<br \/>kanl\u0131 \u00e7amur ellerimiz<br \/>yaprak sar\u0131 meyva \u00e7\u00fcr\u00fck<br \/>uzansak hangi dala<\/p>\n<p>bir yan\u0131nda telefon emek yavrunun<br \/>bir yan\u0131nda televizyon<br \/>devinir emek yavru<br \/>uzay \u00e7a\u011f\u0131nda<br \/>oysa ben be\u015f ya\u015f\u0131mda<br \/>bir ke\u00e7i yavrusuydum k\u0131rlarda bay\u0131rlarda<br \/>bilimkurgu bir masald\u0131 telefon<\/p>\n<p>y\u0131llar ge\u00e7ti y\u0131llar ge\u00e7ti<br \/>y\u0131llar ge\u00e7ecek elbet<br \/>adalet&#8217;ti k\u0131z\u0131n ad\u0131<br \/>adam\u0131nki h\u00fcrriyet<br \/>o adalet orda kald\u0131<br \/>o h\u00fcrriyet osmanl\u0131 sikkelerinde<br \/>umut belki bir tohumdu o \u00e7a\u011fda<br \/>umut \u015fimdi<br \/>koskocaman bir \u00e7\u0131nar<br \/>anl\u0131yorum<br \/>biliyorum<br \/>inan\u0131yorum<br \/>emek&#8217;ler kurtaracaklar<br \/>paralarda kalan o adalet&#8217;i<br \/>o h\u00fcrriyet&#8217;i<\/p>\n<p>Hasan H\u00fcseyin KORKMAZG\u0130L<\/p>\n","protected":false},"excerpt":{"rendered":"<p>\u00a0 \u0131\u015f\u0131klar s\u00f6nd\u00fc birdenkaranl\u0131kta y\u00fcz\u00fckoyun koca kenthava da \u00f6yle kirli\u00f6yle kal\u0131n kirli kibakam\u0131yor y\u0131ld\u0131zlar pencerelerden ad\u0131 emek yavrumuzunya\u015f\u0131 daha be\u015f de\u011filoturmu\u015f \u00f6n\u00fcnde akvaryumun&#8216;hiro\u015fima&#8217;y\u0131 s\u00f6yl\u00fcyor kendikendine&#8216;karl\u0131 kay\u0131n orman\u0131nda&#8217;y\u0131titrek mum \u0131\u015f\u0131\u011f\u0131ndabir g\u00f6z\u00fc de bal\u0131klarda emek yavrununbal\u0131klar\u0131n masalsal k\u0131p\u0131rt\u0131s\u0131nda ne de \u00e7ok and\u0131r\u0131yor emek yavrucuko &#8216;pamuk prenses&#8217;ini \u00e7ocuklu\u011fumunbizlerse &#8216;yedi c\u00fcce&#8217;kirli kara gecedemum alt\u0131nda s\u00f6yle\u015fidegeceler \u00f6zlenilen geceler de\u011file\u011filsek hangi [&hellip;]<\/p>\n","protected":false},"author":1,"featured_media":0,"comment_status":"open","ping_status":"open","sticky":false,"template":"","format":"standard","meta":{"footnotes":""},"categories":[21],"tags":[],"class_list":{"0":"post-6541","1":"post","2":"type-post","3":"status-publish","4":"format-standard","6":"category-h-huseyin-korkmazgil"},"yoast_head":"<!-- This site is optimized with the Yoast SEO Premium plugin v24.9 (Yoast SEO v24.9) - https:\/\/yoast.com\/wordpress\/plugins\/seo\/ -->\n<title>EMEK KOYDUM YAVRUMUZUN ADINI - narteks.net<\/title>\n<meta name=\"robots\" content=\"index, follow, max-snippet:-1, max-image-preview:large, max-video-preview:-1\" \/>\n<link rel=\"canonical\" href=\"https:\/\/narteks.net\/index.php\/2011\/06\/09\/emek-koydum-yavrumuzun-adini\/\" \/>\n<meta property=\"og:locale\" content=\"tr_TR\" \/>\n<meta property=\"og:type\" content=\"article\" \/>\n<meta property=\"og:title\" content=\"EMEK KOYDUM YAVRUMUZUN ADINI\" \/>\n<meta property=\"og:description\" content=\"\u00a0 \u0131\u015f\u0131klar s\u00f6nd\u00fc birdenkaranl\u0131kta y\u00fcz\u00fckoyun koca kenthava da \u00f6yle kirli\u00f6yle kal\u0131n kirli kibakam\u0131yor y\u0131ld\u0131zlar pencerelerden ad\u0131 emek yavrumuzunya\u015f\u0131 daha be\u015f de\u011filoturmu\u015f \u00f6n\u00fcnde akvaryumun&#8216;hiro\u015fima&#8217;y\u0131 s\u00f6yl\u00fcyor kendikendine&#8216;karl\u0131 kay\u0131n orman\u0131nda&#8217;y\u0131titrek mum \u0131\u015f\u0131\u011f\u0131ndabir g\u00f6z\u00fc de bal\u0131klarda emek yavrununbal\u0131klar\u0131n masalsal k\u0131p\u0131rt\u0131s\u0131nda ne de \u00e7ok and\u0131r\u0131yor emek yavrucuko &#8216;pamuk prenses&#8217;ini \u00e7ocuklu\u011fumunbizlerse &#8216;yedi c\u00fcce&#8217;kirli kara gecedemum alt\u0131nda s\u00f6yle\u015fidegeceler \u00f6zlenilen geceler de\u011file\u011filsek hangi [&hellip;]\" \/>\n<meta property=\"og:url\" content=\"https:\/\/narteks.net\/index.php\/2011\/06\/09\/emek-koydum-yavrumuzun-adini\/\" \/>\n<meta property=\"og:site_name\" content=\"narteks.net\" \/>\n<meta property=\"article:published_time\" content=\"2011-06-09T08:19:22+00:00\" \/>\n<meta property=\"og:image\" content=\"https:\/\/narteks.net\/wp-content\/uploads\/narteks.png\" \/>\n\t<meta property=\"og:image:width\" content=\"300\" \/>\n\t<meta property=\"og:image:height\" content=\"90\" \/>\n\t<meta property=\"og:image:type\" content=\"image\/png\" \/>\n<meta name=\"author\" content=\"Tar\u0131k\" \/>\n<meta name=\"twitter:card\" content=\"summary_large_image\" \/>\n<meta name=\"twitter:creator\" content=\"@narteks\" \/>\n<meta name=\"twitter:site\" content=\"@narteks\" \/>\n<meta name=\"twitter:label1\" content=\"Yazan:\" \/>\n\t<meta name=\"twitter:data1\" content=\"Tar\u0131k\" \/>\n\t<meta name=\"twitter:label2\" content=\"Tahmini okuma s\u00fcresi\" \/>\n\t<meta name=\"twitter:data2\" content=\"1 dakika\" \/>\n<script type=\"application\/ld+json\" class=\"yoast-schema-graph\">{\"@context\":\"https:\/\/schema.org\",\"@graph\":[{\"@type\":\"Article\",\"@id\":\"https:\/\/narteks.net\/index.php\/2011\/06\/09\/emek-koydum-yavrumuzun-adini\/#article\",\"isPartOf\":{\"@id\":\"https:\/\/narteks.net\/index.php\/2011\/06\/09\/emek-koydum-yavrumuzun-adini\/\"},\"author\":{\"name\":\"Tar\u0131k\",\"@id\":\"https:\/\/narteks.net\/#\/schema\/person\/61f37d9834294b72d31d274e7ed79bca\"},\"headline\":\"EMEK KOYDUM YAVRUMUZUN ADINI\",\"datePublished\":\"2011-06-09T08:19:22+00:00\",\"mainEntityOfPage\":{\"@id\":\"https:\/\/narteks.net\/index.php\/2011\/06\/09\/emek-koydum-yavrumuzun-adini\/\"},\"wordCount\":178,\"commentCount\":0,\"publisher\":{\"@id\":\"https:\/\/narteks.net\/#organization\"},\"articleSection\":[\"H.H\u00fcseyin KORKMAZG\u0130L\"],\"inLanguage\":\"tr\",\"potentialAction\":[{\"@type\":\"CommentAction\",\"name\":\"Comment\",\"target\":[\"https:\/\/narteks.net\/index.php\/2011\/06\/09\/emek-koydum-yavrumuzun-adini\/#respond\"]}]},{\"@type\":\"WebPage\",\"@id\":\"https:\/\/narteks.net\/index.php\/2011\/06\/09\/emek-koydum-yavrumuzun-adini\/\",\"url\":\"https:\/\/narteks.net\/index.php\/2011\/06\/09\/emek-koydum-yavrumuzun-adini\/\",\"name\":\"EMEK KOYDUM YAVRUMUZUN ADINI - narteks.net\",\"isPartOf\":{\"@id\":\"https:\/\/narteks.net\/#website\"},\"datePublished\":\"2011-06-09T08:19:22+00:00\",\"breadcrumb\":{\"@id\":\"https:\/\/narteks.net\/index.php\/2011\/06\/09\/emek-koydum-yavrumuzun-adini\/#breadcrumb\"},\"inLanguage\":\"tr\",\"potentialAction\":[{\"@type\":\"ReadAction\",\"target\":[\"https:\/\/narteks.net\/index.php\/2011\/06\/09\/emek-koydum-yavrumuzun-adini\/\"]}]},{\"@type\":\"BreadcrumbList\",\"@id\":\"https:\/\/narteks.net\/index.php\/2011\/06\/09\/emek-koydum-yavrumuzun-adini\/#breadcrumb\",\"itemListElement\":[{\"@type\":\"ListItem\",\"position\":1,\"name\":\"Anasayfa\",\"item\":\"https:\/\/narteks.net\/\"},{\"@type\":\"ListItem\",\"position\":2,\"name\":\"EMEK KOYDUM YAVRUMUZUN ADINI\"}]},{\"@type\":\"WebSite\",\"@id\":\"https:\/\/narteks.net\/#website\",\"url\":\"https:\/\/narteks.net\/\",\"name\":\"narteks.net\",\"description\":\"K\u00fclt\u00fcr Sanat Edebiyat Felsefe\",\"publisher\":{\"@id\":\"https:\/\/narteks.net\/#organization\"},\"alternateName\":\"K\u00fclt\u00fcr Sanat Edebiyat Felsefe\",\"potentialAction\":[{\"@type\":\"SearchAction\",\"target\":{\"@type\":\"EntryPoint\",\"urlTemplate\":\"https:\/\/narteks.net\/?s={search_term_string}\"},\"query-input\":{\"@type\":\"PropertyValueSpecification\",\"valueRequired\":true,\"valueName\":\"search_term_string\"}}],\"inLanguage\":\"tr\"},{\"@type\":\"Organization\",\"@id\":\"https:\/\/narteks.net\/#organization\",\"name\":\"narteks.net\",\"url\":\"https:\/\/narteks.net\/\",\"logo\":{\"@type\":\"ImageObject\",\"inLanguage\":\"tr\",\"@id\":\"https:\/\/narteks.net\/#\/schema\/logo\/image\/\",\"url\":\"https:\/\/narteks.net\/wp-content\/uploads\/narteks.png\",\"contentUrl\":\"https:\/\/narteks.net\/wp-content\/uploads\/narteks.png\",\"width\":300,\"height\":90,\"caption\":\"narteks.net\"},\"image\":{\"@id\":\"https:\/\/narteks.net\/#\/schema\/logo\/image\/\"},\"sameAs\":[\"https:\/\/x.com\/narteks\",\"https:\/\/instagram.com\/narteksnet\"]},{\"@type\":\"Person\",\"@id\":\"https:\/\/narteks.net\/#\/schema\/person\/61f37d9834294b72d31d274e7ed79bca\",\"name\":\"Tar\u0131k\",\"image\":{\"@type\":\"ImageObject\",\"inLanguage\":\"tr\",\"@id\":\"https:\/\/narteks.net\/#\/schema\/person\/image\/\",\"url\":\"https:\/\/secure.gravatar.com\/avatar\/50865afb55632c4ae467e0af0930f6510aa2297d8014be502a55b14f3b7550cf?s=96&d=mm&r=g\",\"contentUrl\":\"https:\/\/secure.gravatar.com\/avatar\/50865afb55632c4ae467e0af0930f6510aa2297d8014be502a55b14f3b7550cf?s=96&d=mm&r=g\",\"caption\":\"Tar\u0131k\"},\"sameAs\":[\"http:\/\/narteks.net\"],\"url\":\"https:\/\/narteks.net\/index.php\/author\/narbak\/\"}]}<\/script>\n<!-- \/ Yoast SEO Premium plugin. -->","yoast_head_json":{"title":"EMEK KOYDUM YAVRUMUZUN ADINI - narteks.net","robots":{"index":"index","follow":"follow","max-snippet":"max-snippet:-1","max-image-preview":"max-image-preview:large","max-video-preview":"max-video-preview:-1"},"canonical":"https:\/\/narteks.net\/index.php\/2011\/06\/09\/emek-koydum-yavrumuzun-adini\/","og_locale":"tr_TR","og_type":"article","og_title":"EMEK KOYDUM YAVRUMUZUN ADINI","og_description":"\u00a0 \u0131\u015f\u0131klar s\u00f6nd\u00fc birdenkaranl\u0131kta y\u00fcz\u00fckoyun koca kenthava da \u00f6yle kirli\u00f6yle kal\u0131n kirli kibakam\u0131yor y\u0131ld\u0131zlar pencerelerden ad\u0131 emek yavrumuzunya\u015f\u0131 daha be\u015f de\u011filoturmu\u015f \u00f6n\u00fcnde akvaryumun&#8216;hiro\u015fima&#8217;y\u0131 s\u00f6yl\u00fcyor kendikendine&#8216;karl\u0131 kay\u0131n orman\u0131nda&#8217;y\u0131titrek mum \u0131\u015f\u0131\u011f\u0131ndabir g\u00f6z\u00fc de bal\u0131klarda emek yavrununbal\u0131klar\u0131n masalsal k\u0131p\u0131rt\u0131s\u0131nda ne de \u00e7ok and\u0131r\u0131yor emek yavrucuko &#8216;pamuk prenses&#8217;ini \u00e7ocuklu\u011fumunbizlerse &#8216;yedi c\u00fcce&#8217;kirli kara gecedemum alt\u0131nda s\u00f6yle\u015fidegeceler \u00f6zlenilen geceler de\u011file\u011filsek hangi [&hellip;]","og_url":"https:\/\/narteks.net\/index.php\/2011\/06\/09\/emek-koydum-yavrumuzun-adini\/","og_site_name":"narteks.net","article_published_time":"2011-06-09T08:19:22+00:00","og_image":[{"width":300,"height":90,"url":"https:\/\/narteks.net\/wp-content\/uploads\/narteks.png","type":"image\/png"}],"author":"Tar\u0131k","twitter_card":"summary_large_image","twitter_creator":"@narteks","twitter_site":"@narteks","twitter_misc":{"Yazan:":"Tar\u0131k","Tahmini okuma s\u00fcresi":"1 dakika"},"schema":{"@context":"https:\/\/schema.org","@graph":[{"@type":"Article","@id":"https:\/\/narteks.net\/index.php\/2011\/06\/09\/emek-koydum-yavrumuzun-adini\/#article","isPartOf":{"@id":"https:\/\/narteks.net\/index.php\/2011\/06\/09\/emek-koydum-yavrumuzun-adini\/"},"author":{"name":"Tar\u0131k","@id":"https:\/\/narteks.net\/#\/schema\/person\/61f37d9834294b72d31d274e7ed79bca"},"headline":"EMEK KOYDUM YAVRUMUZUN ADINI","datePublished":"2011-06-09T08:19:22+00:00","mainEntityOfPage":{"@id":"https:\/\/narteks.net\/index.php\/2011\/06\/09\/emek-koydum-yavrumuzun-adini\/"},"wordCount":178,"commentCount":0,"publisher":{"@id":"https:\/\/narteks.net\/#organization"},"articleSection":["H.H\u00fcseyin KORKMAZG\u0130L"],"inLanguage":"tr","potentialAction":[{"@type":"CommentAction","name":"Comment","target":["https:\/\/narteks.net\/index.php\/2011\/06\/09\/emek-koydum-yavrumuzun-adini\/#respond"]}]},{"@type":"WebPage","@id":"https:\/\/narteks.net\/index.php\/2011\/06\/09\/emek-koydum-yavrumuzun-adini\/","url":"https:\/\/narteks.net\/index.php\/2011\/06\/09\/emek-koydum-yavrumuzun-adini\/","name":"EMEK KOYDUM YAVRUMUZUN ADINI - narteks.net","isPartOf":{"@id":"https:\/\/narteks.net\/#website"},"datePublished":"2011-06-09T08:19:22+00:00","breadcrumb":{"@id":"https:\/\/narteks.net\/index.php\/2011\/06\/09\/emek-koydum-yavrumuzun-adini\/#breadcrumb"},"inLanguage":"tr","potentialAction":[{"@type":"ReadAction","target":["https:\/\/narteks.net\/index.php\/2011\/06\/09\/emek-koydum-yavrumuzun-adini\/"]}]},{"@type":"BreadcrumbList","@id":"https:\/\/narteks.net\/index.php\/2011\/06\/09\/emek-koydum-yavrumuzun-adini\/#breadcrumb","itemListElement":[{"@type":"ListItem","position":1,"name":"Anasayfa","item":"https:\/\/narteks.net\/"},{"@type":"ListItem","position":2,"name":"EMEK KOYDUM YAVRUMUZUN ADINI"}]},{"@type":"WebSite","@id":"https:\/\/narteks.net\/#website","url":"https:\/\/narteks.net\/","name":"narteks.net","description":"K\u00fclt\u00fcr Sanat Edebiyat Felsefe","publisher":{"@id":"https:\/\/narteks.net\/#organization"},"alternateName":"K\u00fclt\u00fcr Sanat Edebiyat Felsefe","potentialAction":[{"@type":"SearchAction","target":{"@type":"EntryPoint","urlTemplate":"https:\/\/narteks.net\/?s={search_term_string}"},"query-input":{"@type":"PropertyValueSpecification","valueRequired":true,"valueName":"search_term_string"}}],"inLanguage":"tr"},{"@type":"Organization","@id":"https:\/\/narteks.net\/#organization","name":"narteks.net","url":"https:\/\/narteks.net\/","logo":{"@type":"ImageObject","inLanguage":"tr","@id":"https:\/\/narteks.net\/#\/schema\/logo\/image\/","url":"https:\/\/narteks.net\/wp-content\/uploads\/narteks.png","contentUrl":"https:\/\/narteks.net\/wp-content\/uploads\/narteks.png","width":300,"height":90,"caption":"narteks.net"},"image":{"@id":"https:\/\/narteks.net\/#\/schema\/logo\/image\/"},"sameAs":["https:\/\/x.com\/narteks","https:\/\/instagram.com\/narteksnet"]},{"@type":"Person","@id":"https:\/\/narteks.net\/#\/schema\/person\/61f37d9834294b72d31d274e7ed79bca","name":"Tar\u0131k","image":{"@type":"ImageObject","inLanguage":"tr","@id":"https:\/\/narteks.net\/#\/schema\/person\/image\/","url":"https:\/\/secure.gravatar.com\/avatar\/50865afb55632c4ae467e0af0930f6510aa2297d8014be502a55b14f3b7550cf?s=96&d=mm&r=g","contentUrl":"https:\/\/secure.gravatar.com\/avatar\/50865afb55632c4ae467e0af0930f6510aa2297d8014be502a55b14f3b7550cf?s=96&d=mm&r=g","caption":"Tar\u0131k"},"sameAs":["http:\/\/narteks.net"],"url":"https:\/\/narteks.net\/index.php\/author\/narbak\/"}]}},"_links":{"self":[{"href":"https:\/\/narteks.net\/index.php\/wp-json\/wp\/v2\/posts\/6541","targetHints":{"allow":["GET"]}}],"collection":[{"href":"https:\/\/narteks.net\/index.php\/wp-json\/wp\/v2\/posts"}],"about":[{"href":"https:\/\/narteks.net\/index.php\/wp-json\/wp\/v2\/types\/post"}],"author":[{"embeddable":true,"href":"https:\/\/narteks.net\/index.php\/wp-json\/wp\/v2\/users\/1"}],"replies":[{"embeddable":true,"href":"https:\/\/narteks.net\/index.php\/wp-json\/wp\/v2\/comments?post=6541"}],"version-history":[{"count":0,"href":"https:\/\/narteks.net\/index.php\/wp-json\/wp\/v2\/posts\/6541\/revisions"}],"wp:attachment":[{"href":"https:\/\/narteks.net\/index.php\/wp-json\/wp\/v2\/media?parent=6541"}],"wp:term":[{"taxonomy":"category","embeddable":true,"href":"https:\/\/narteks.net\/index.php\/wp-json\/wp\/v2\/categories?post=6541"},{"taxonomy":"post_tag","embeddable":true,"href":"https:\/\/narteks.net\/index.php\/wp-json\/wp\/v2\/tags?post=6541"}],"curies":[{"name":"wp","href":"https:\/\/api.w.org\/{rel}","templated":true}]}}