{"id":6544,"date":"2011-06-09T11:23:26","date_gmt":"2011-06-09T08:23:26","guid":{"rendered":"http:\/\/localhost\/wordpress\/2011\/06\/09\/kavel\/"},"modified":"2011-06-09T11:23:26","modified_gmt":"2011-06-09T08:23:26","slug":"kavel","status":"publish","type":"post","link":"https:\/\/narteks.net\/index.php\/2011\/06\/09\/kavel\/","title":{"rendered":"KAVEL"},"content":{"rendered":"<p>\u00a0<\/p>\n<p>\u0130\u015fime kar\u0131m dedim, kar\u0131ma Kavel diyece\u011fim.<br \/>Ve solu\u011fum t\u00fckenmedik\u00e7e bu doyumsuz d\u00fcnyada,<br \/>G\u00fcne\u015fe kar\u0131\u015fmad\u0131k\u00e7a etim<br \/>Kavel Grevcilerinin t\u00fcrk\u00fcs\u00fcn\u00fc s\u00f6yleyece\u011fim.<br \/>Ve izin verirlerse Kavel Grevcileri,<br \/>\u0130zin verirlerse \u0130stinyeli emek\u00e7i karde\u015flerim,<br \/>\u0130zin verirlerse Kavel Grevcileri,<br \/>Ve ben kendimi tutabilirsem e\u011fer sesimi tutabilirsem<br \/>O \u00e7oban ate\u015finin yand\u0131\u011f\u0131 yerde Kavel&#8217;de,<br \/>O erkek\u00e7e direnilen yerde, Kavel&#8217;de<br \/>Kar\u0131n alt\u0131nda ni\u015fanlan\u0131p dostlar\u0131m\u0131n aras\u0131nda<br \/>\u00d6pece\u011fim ni\u015fanl\u0131m\u0131 Kavel kap\u0131s\u0131nda<br \/>Ve izin verirlerse \u0130stinyeli emek\u00e7i karde\u015flerim<br \/>\u0130zin verirlerse Kavel Grevcileri<br \/>\u0130lk \u00e7ocu\u011fumun ad\u0131n\u0131 Kavel koyaca\u011f\u0131m<\/p>\n<p>Hasan H\u00fcseyin KORKMAZG\u0130L<\/p>\n","protected":false},"excerpt":{"rendered":"<p>\u00a0 \u0130\u015fime kar\u0131m dedim, kar\u0131ma Kavel diyece\u011fim.Ve solu\u011fum t\u00fckenmedik\u00e7e bu doyumsuz d\u00fcnyada,G\u00fcne\u015fe kar\u0131\u015fmad\u0131k\u00e7a etimKavel Grevcilerinin t\u00fcrk\u00fcs\u00fcn\u00fc s\u00f6yleyece\u011fim.Ve izin verirlerse Kavel Grevcileri,\u0130zin verirlerse \u0130stinyeli emek\u00e7i karde\u015flerim,\u0130zin verirlerse Kavel Grevcileri,Ve ben kendimi tutabilirsem e\u011fer sesimi tutabilirsemO \u00e7oban ate\u015finin yand\u0131\u011f\u0131 yerde Kavel&#8217;de,O erkek\u00e7e direnilen yerde, Kavel&#8217;deKar\u0131n alt\u0131nda ni\u015fanlan\u0131p dostlar\u0131m\u0131n aras\u0131nda\u00d6pece\u011fim ni\u015fanl\u0131m\u0131 Kavel kap\u0131s\u0131ndaVe izin verirlerse \u0130stinyeli emek\u00e7i karde\u015flerim\u0130zin [&hellip;]<\/p>\n","protected":false},"author":1,"featured_media":0,"comment_status":"open","ping_status":"open","sticky":false,"template":"","format":"standard","meta":{"footnotes":""},"categories":[21],"tags":[],"class_list":{"0":"post-6544","1":"post","2":"type-post","3":"status-publish","4":"format-standard","6":"category-h-huseyin-korkmazgil"},"yoast_head":"<!-- This site is optimized with the Yoast SEO Premium plugin v24.9 (Yoast SEO v24.9) - https:\/\/yoast.com\/wordpress\/plugins\/seo\/ -->\n<title>KAVEL - narteks.net<\/title>\n<meta name=\"robots\" content=\"index, follow, max-snippet:-1, max-image-preview:large, max-video-preview:-1\" \/>\n<link rel=\"canonical\" href=\"https:\/\/narteks.net\/index.php\/2011\/06\/09\/kavel\/\" \/>\n<meta property=\"og:locale\" content=\"tr_TR\" \/>\n<meta property=\"og:type\" content=\"article\" \/>\n<meta property=\"og:title\" content=\"KAVEL\" \/>\n<meta property=\"og:description\" content=\"\u00a0 \u0130\u015fime kar\u0131m dedim, kar\u0131ma Kavel diyece\u011fim.Ve solu\u011fum t\u00fckenmedik\u00e7e bu doyumsuz d\u00fcnyada,G\u00fcne\u015fe kar\u0131\u015fmad\u0131k\u00e7a etimKavel Grevcilerinin t\u00fcrk\u00fcs\u00fcn\u00fc s\u00f6yleyece\u011fim.Ve izin verirlerse Kavel Grevcileri,\u0130zin verirlerse \u0130stinyeli emek\u00e7i karde\u015flerim,\u0130zin verirlerse Kavel Grevcileri,Ve ben kendimi tutabilirsem e\u011fer sesimi tutabilirsemO \u00e7oban ate\u015finin yand\u0131\u011f\u0131 yerde Kavel&#8217;de,O erkek\u00e7e direnilen yerde, Kavel&#8217;deKar\u0131n alt\u0131nda ni\u015fanlan\u0131p dostlar\u0131m\u0131n aras\u0131nda\u00d6pece\u011fim ni\u015fanl\u0131m\u0131 Kavel kap\u0131s\u0131ndaVe izin verirlerse \u0130stinyeli emek\u00e7i karde\u015flerim\u0130zin [&hellip;]\" \/>\n<meta property=\"og:url\" content=\"https:\/\/narteks.net\/index.php\/2011\/06\/09\/kavel\/\" \/>\n<meta property=\"og:site_name\" content=\"narteks.net\" \/>\n<meta property=\"article:published_time\" content=\"2011-06-09T08:23:26+00:00\" \/>\n<meta property=\"og:image\" content=\"https:\/\/narteks.net\/wp-content\/uploads\/narteks.png\" \/>\n\t<meta property=\"og:image:width\" content=\"300\" \/>\n\t<meta property=\"og:image:height\" content=\"90\" \/>\n\t<meta property=\"og:image:type\" content=\"image\/png\" \/>\n<meta name=\"author\" content=\"Tar\u0131k\" \/>\n<meta name=\"twitter:card\" content=\"summary_large_image\" \/>\n<meta name=\"twitter:creator\" content=\"@narteks\" \/>\n<meta name=\"twitter:site\" content=\"@narteks\" \/>\n<meta name=\"twitter:label1\" content=\"Yazan:\" \/>\n\t<meta name=\"twitter:data1\" content=\"Tar\u0131k\" \/>\n\t<meta name=\"twitter:label2\" content=\"Tahmini okuma s\u00fcresi\" \/>\n\t<meta name=\"twitter:data2\" content=\"1 dakika\" \/>\n<script type=\"application\/ld+json\" class=\"yoast-schema-graph\">{\"@context\":\"https:\/\/schema.org\",\"@graph\":[{\"@type\":\"Article\",\"@id\":\"https:\/\/narteks.net\/index.php\/2011\/06\/09\/kavel\/#article\",\"isPartOf\":{\"@id\":\"https:\/\/narteks.net\/index.php\/2011\/06\/09\/kavel\/\"},\"author\":{\"name\":\"Tar\u0131k\",\"@id\":\"https:\/\/narteks.net\/#\/schema\/person\/61f37d9834294b72d31d274e7ed79bca\"},\"headline\":\"KAVEL\",\"datePublished\":\"2011-06-09T08:23:26+00:00\",\"mainEntityOfPage\":{\"@id\":\"https:\/\/narteks.net\/index.php\/2011\/06\/09\/kavel\/\"},\"wordCount\":116,\"commentCount\":0,\"publisher\":{\"@id\":\"https:\/\/narteks.net\/#organization\"},\"articleSection\":[\"H.H\u00fcseyin KORKMAZG\u0130L\"],\"inLanguage\":\"tr\",\"potentialAction\":[{\"@type\":\"CommentAction\",\"name\":\"Comment\",\"target\":[\"https:\/\/narteks.net\/index.php\/2011\/06\/09\/kavel\/#respond\"]}]},{\"@type\":\"WebPage\",\"@id\":\"https:\/\/narteks.net\/index.php\/2011\/06\/09\/kavel\/\",\"url\":\"https:\/\/narteks.net\/index.php\/2011\/06\/09\/kavel\/\",\"name\":\"KAVEL - narteks.net\",\"isPartOf\":{\"@id\":\"https:\/\/narteks.net\/#website\"},\"datePublished\":\"2011-06-09T08:23:26+00:00\",\"breadcrumb\":{\"@id\":\"https:\/\/narteks.net\/index.php\/2011\/06\/09\/kavel\/#breadcrumb\"},\"inLanguage\":\"tr\",\"potentialAction\":[{\"@type\":\"ReadAction\",\"target\":[\"https:\/\/narteks.net\/index.php\/2011\/06\/09\/kavel\/\"]}]},{\"@type\":\"BreadcrumbList\",\"@id\":\"https:\/\/narteks.net\/index.php\/2011\/06\/09\/kavel\/#breadcrumb\",\"itemListElement\":[{\"@type\":\"ListItem\",\"position\":1,\"name\":\"Anasayfa\",\"item\":\"https:\/\/narteks.net\/\"},{\"@type\":\"ListItem\",\"position\":2,\"name\":\"KAVEL\"}]},{\"@type\":\"WebSite\",\"@id\":\"https:\/\/narteks.net\/#website\",\"url\":\"https:\/\/narteks.net\/\",\"name\":\"narteks.net\",\"description\":\"K\u00fclt\u00fcr Sanat Edebiyat Felsefe\",\"publisher\":{\"@id\":\"https:\/\/narteks.net\/#organization\"},\"alternateName\":\"K\u00fclt\u00fcr Sanat Edebiyat Felsefe\",\"potentialAction\":[{\"@type\":\"SearchAction\",\"target\":{\"@type\":\"EntryPoint\",\"urlTemplate\":\"https:\/\/narteks.net\/?s={search_term_string}\"},\"query-input\":{\"@type\":\"PropertyValueSpecification\",\"valueRequired\":true,\"valueName\":\"search_term_string\"}}],\"inLanguage\":\"tr\"},{\"@type\":\"Organization\",\"@id\":\"https:\/\/narteks.net\/#organization\",\"name\":\"narteks.net\",\"url\":\"https:\/\/narteks.net\/\",\"logo\":{\"@type\":\"ImageObject\",\"inLanguage\":\"tr\",\"@id\":\"https:\/\/narteks.net\/#\/schema\/logo\/image\/\",\"url\":\"https:\/\/narteks.net\/wp-content\/uploads\/narteks.png\",\"contentUrl\":\"https:\/\/narteks.net\/wp-content\/uploads\/narteks.png\",\"width\":300,\"height\":90,\"caption\":\"narteks.net\"},\"image\":{\"@id\":\"https:\/\/narteks.net\/#\/schema\/logo\/image\/\"},\"sameAs\":[\"https:\/\/x.com\/narteks\",\"https:\/\/instagram.com\/narteksnet\"]},{\"@type\":\"Person\",\"@id\":\"https:\/\/narteks.net\/#\/schema\/person\/61f37d9834294b72d31d274e7ed79bca\",\"name\":\"Tar\u0131k\",\"image\":{\"@type\":\"ImageObject\",\"inLanguage\":\"tr\",\"@id\":\"https:\/\/narteks.net\/#\/schema\/person\/image\/\",\"url\":\"https:\/\/secure.gravatar.com\/avatar\/50865afb55632c4ae467e0af0930f6510aa2297d8014be502a55b14f3b7550cf?s=96&d=mm&r=g\",\"contentUrl\":\"https:\/\/secure.gravatar.com\/avatar\/50865afb55632c4ae467e0af0930f6510aa2297d8014be502a55b14f3b7550cf?s=96&d=mm&r=g\",\"caption\":\"Tar\u0131k\"},\"sameAs\":[\"http:\/\/narteks.net\"],\"url\":\"https:\/\/narteks.net\/index.php\/author\/narbak\/\"}]}<\/script>\n<!-- \/ Yoast SEO Premium plugin. -->","yoast_head_json":{"title":"KAVEL - narteks.net","robots":{"index":"index","follow":"follow","max-snippet":"max-snippet:-1","max-image-preview":"max-image-preview:large","max-video-preview":"max-video-preview:-1"},"canonical":"https:\/\/narteks.net\/index.php\/2011\/06\/09\/kavel\/","og_locale":"tr_TR","og_type":"article","og_title":"KAVEL","og_description":"\u00a0 \u0130\u015fime kar\u0131m dedim, kar\u0131ma Kavel diyece\u011fim.Ve solu\u011fum t\u00fckenmedik\u00e7e bu doyumsuz d\u00fcnyada,G\u00fcne\u015fe kar\u0131\u015fmad\u0131k\u00e7a etimKavel Grevcilerinin t\u00fcrk\u00fcs\u00fcn\u00fc s\u00f6yleyece\u011fim.Ve izin verirlerse Kavel Grevcileri,\u0130zin verirlerse \u0130stinyeli emek\u00e7i karde\u015flerim,\u0130zin verirlerse Kavel Grevcileri,Ve ben kendimi tutabilirsem e\u011fer sesimi tutabilirsemO \u00e7oban ate\u015finin yand\u0131\u011f\u0131 yerde Kavel&#8217;de,O erkek\u00e7e direnilen yerde, Kavel&#8217;deKar\u0131n alt\u0131nda ni\u015fanlan\u0131p dostlar\u0131m\u0131n aras\u0131nda\u00d6pece\u011fim ni\u015fanl\u0131m\u0131 Kavel kap\u0131s\u0131ndaVe izin verirlerse \u0130stinyeli emek\u00e7i karde\u015flerim\u0130zin [&hellip;]","og_url":"https:\/\/narteks.net\/index.php\/2011\/06\/09\/kavel\/","og_site_name":"narteks.net","article_published_time":"2011-06-09T08:23:26+00:00","og_image":[{"width":300,"height":90,"url":"https:\/\/narteks.net\/wp-content\/uploads\/narteks.png","type":"image\/png"}],"author":"Tar\u0131k","twitter_card":"summary_large_image","twitter_creator":"@narteks","twitter_site":"@narteks","twitter_misc":{"Yazan:":"Tar\u0131k","Tahmini okuma s\u00fcresi":"1 dakika"},"schema":{"@context":"https:\/\/schema.org","@graph":[{"@type":"Article","@id":"https:\/\/narteks.net\/index.php\/2011\/06\/09\/kavel\/#article","isPartOf":{"@id":"https:\/\/narteks.net\/index.php\/2011\/06\/09\/kavel\/"},"author":{"name":"Tar\u0131k","@id":"https:\/\/narteks.net\/#\/schema\/person\/61f37d9834294b72d31d274e7ed79bca"},"headline":"KAVEL","datePublished":"2011-06-09T08:23:26+00:00","mainEntityOfPage":{"@id":"https:\/\/narteks.net\/index.php\/2011\/06\/09\/kavel\/"},"wordCount":116,"commentCount":0,"publisher":{"@id":"https:\/\/narteks.net\/#organization"},"articleSection":["H.H\u00fcseyin KORKMAZG\u0130L"],"inLanguage":"tr","potentialAction":[{"@type":"CommentAction","name":"Comment","target":["https:\/\/narteks.net\/index.php\/2011\/06\/09\/kavel\/#respond"]}]},{"@type":"WebPage","@id":"https:\/\/narteks.net\/index.php\/2011\/06\/09\/kavel\/","url":"https:\/\/narteks.net\/index.php\/2011\/06\/09\/kavel\/","name":"KAVEL - narteks.net","isPartOf":{"@id":"https:\/\/narteks.net\/#website"},"datePublished":"2011-06-09T08:23:26+00:00","breadcrumb":{"@id":"https:\/\/narteks.net\/index.php\/2011\/06\/09\/kavel\/#breadcrumb"},"inLanguage":"tr","potentialAction":[{"@type":"ReadAction","target":["https:\/\/narteks.net\/index.php\/2011\/06\/09\/kavel\/"]}]},{"@type":"BreadcrumbList","@id":"https:\/\/narteks.net\/index.php\/2011\/06\/09\/kavel\/#breadcrumb","itemListElement":[{"@type":"ListItem","position":1,"name":"Anasayfa","item":"https:\/\/narteks.net\/"},{"@type":"ListItem","position":2,"name":"KAVEL"}]},{"@type":"WebSite","@id":"https:\/\/narteks.net\/#website","url":"https:\/\/narteks.net\/","name":"narteks.net","description":"K\u00fclt\u00fcr Sanat Edebiyat Felsefe","publisher":{"@id":"https:\/\/narteks.net\/#organization"},"alternateName":"K\u00fclt\u00fcr Sanat Edebiyat Felsefe","potentialAction":[{"@type":"SearchAction","target":{"@type":"EntryPoint","urlTemplate":"https:\/\/narteks.net\/?s={search_term_string}"},"query-input":{"@type":"PropertyValueSpecification","valueRequired":true,"valueName":"search_term_string"}}],"inLanguage":"tr"},{"@type":"Organization","@id":"https:\/\/narteks.net\/#organization","name":"narteks.net","url":"https:\/\/narteks.net\/","logo":{"@type":"ImageObject","inLanguage":"tr","@id":"https:\/\/narteks.net\/#\/schema\/logo\/image\/","url":"https:\/\/narteks.net\/wp-content\/uploads\/narteks.png","contentUrl":"https:\/\/narteks.net\/wp-content\/uploads\/narteks.png","width":300,"height":90,"caption":"narteks.net"},"image":{"@id":"https:\/\/narteks.net\/#\/schema\/logo\/image\/"},"sameAs":["https:\/\/x.com\/narteks","https:\/\/instagram.com\/narteksnet"]},{"@type":"Person","@id":"https:\/\/narteks.net\/#\/schema\/person\/61f37d9834294b72d31d274e7ed79bca","name":"Tar\u0131k","image":{"@type":"ImageObject","inLanguage":"tr","@id":"https:\/\/narteks.net\/#\/schema\/person\/image\/","url":"https:\/\/secure.gravatar.com\/avatar\/50865afb55632c4ae467e0af0930f6510aa2297d8014be502a55b14f3b7550cf?s=96&d=mm&r=g","contentUrl":"https:\/\/secure.gravatar.com\/avatar\/50865afb55632c4ae467e0af0930f6510aa2297d8014be502a55b14f3b7550cf?s=96&d=mm&r=g","caption":"Tar\u0131k"},"sameAs":["http:\/\/narteks.net"],"url":"https:\/\/narteks.net\/index.php\/author\/narbak\/"}]}},"_links":{"self":[{"href":"https:\/\/narteks.net\/index.php\/wp-json\/wp\/v2\/posts\/6544","targetHints":{"allow":["GET"]}}],"collection":[{"href":"https:\/\/narteks.net\/index.php\/wp-json\/wp\/v2\/posts"}],"about":[{"href":"https:\/\/narteks.net\/index.php\/wp-json\/wp\/v2\/types\/post"}],"author":[{"embeddable":true,"href":"https:\/\/narteks.net\/index.php\/wp-json\/wp\/v2\/users\/1"}],"replies":[{"embeddable":true,"href":"https:\/\/narteks.net\/index.php\/wp-json\/wp\/v2\/comments?post=6544"}],"version-history":[{"count":0,"href":"https:\/\/narteks.net\/index.php\/wp-json\/wp\/v2\/posts\/6544\/revisions"}],"wp:attachment":[{"href":"https:\/\/narteks.net\/index.php\/wp-json\/wp\/v2\/media?parent=6544"}],"wp:term":[{"taxonomy":"category","embeddable":true,"href":"https:\/\/narteks.net\/index.php\/wp-json\/wp\/v2\/categories?post=6544"},{"taxonomy":"post_tag","embeddable":true,"href":"https:\/\/narteks.net\/index.php\/wp-json\/wp\/v2\/tags?post=6544"}],"curies":[{"name":"wp","href":"https:\/\/api.w.org\/{rel}","templated":true}]}}