{"id":6547,"date":"2011-06-09T11:34:08","date_gmt":"2011-06-09T08:34:08","guid":{"rendered":"http:\/\/localhost\/wordpress\/2011\/06\/09\/sorgula-erkan-kucuk\/"},"modified":"2011-06-09T11:34:08","modified_gmt":"2011-06-09T08:34:08","slug":"sorgula-erkan-kucuk","status":"publish","type":"post","link":"https:\/\/narteks.net\/index.php\/2011\/06\/09\/sorgula-erkan-kucuk\/","title":{"rendered":"Sorgula! | Erkan K\u00fc\u00e7\u00fck"},"content":{"rendered":"<p style=\"text-align: justify;\">\u201cSorgulanmam\u0131\u015f bir hayat ya\u015fanmam\u0131\u015ft\u0131r\u201d demi\u015f d\u00fc\u015f\u00fcn\u00fcr Sokrates. Demek ki bir tek bu topraklarda zebanilerin eline d\u00fc\u015f\u00fcp i\u015fkenceden ge\u00e7enler ya\u015fam\u0131\u015f say\u0131lmal\u0131. Ancak ne ya\u015fad\u0131klar\u0131n\u0131 ben hi\u00e7 sormayaca\u011f\u0131m. Zaten yaz\u0131y\u0131 yazma maksad\u0131m bu de\u011fil. D\u00fc\u015f\u00fcn\u00fcr\u00fcm\u00fcz\u00fcn ger\u00e7ekten kastetti\u011fi \u015fey \u00fczerine bir \u015feyler m\u0131r\u0131ldanmak istiyorum; ancak ister istemez daha en ba\u015f\u0131ndan bu refleksle d\u00fc\u015f\u00fcnenlerin\/sorgulayanlar\u0131n bu topraklarda kar\u015f\u0131la\u015fmas\u0131 olduk\u00e7a muhtemel olana kalemim meyil etti. Tekrar, sanki en ba\u015f\u0131ndan ba\u015fl\u0131yormu\u015f\u00e7as\u0131na devam edece\u011fim.<\/p>\n<p style=\"text-align: justify;\">Sorgulama neyle olur, yani hangi organ\u0131m\u0131z bu eylemin icrac\u0131s\u0131d\u0131r. E\u011fer kendimize durduk yere parmak sallay\u0131p tokat atm\u0131yorsak eylemin \u00f6znesinin beynimiz oldu\u011funu teredd\u00fcts\u00fcz s\u00f6yleyebiliriz. Zira beyin biz ne yaparsak yapal\u0131m onu ger\u00e7ekle\u015ftiren ba\u015f akt\u00f6rd\u00fcr. Her i\u015fin alt\u0131ndan \u00e7\u0131kan esas ki\u015fidir yani. O halde sorgulamay\u0131 bir i\u015flev olarak d\u00fc\u015f\u00fcnce yoluyla yerine getiren beyindir. Belki de organlar\u0131n Bey\u2019i oldu\u011fu i\u00e7in ismi de ona g\u00f6re konmu\u015ftur.<\/p>\n<p style=\"text-align: justify;\">D\u00fc\u015f\u00fcncenin beyin organ\u0131 i\u00e7in zorunlu bir \u00fcretim olmad\u0131\u011f\u0131n\u0131 burada \u00f6nemle belirtmek gerekiyor. Nas\u0131l ki her elma a\u011fac\u0131 meyve vermek ve bundan da \u00f6tesi iyi meyve vermek zorunda de\u011filse sevgili beynimizin de b\u00f6yle bir zorunlulu\u011fu bulunmuyor. \u0130yi olan\u0131 \u00fcretebilmesi i\u00e7in ona sahip \u00e7\u0131kan, onu denetim alt\u0131nda tutan bir g\u00fcc\u00fcn zorlamas\u0131na, terbiye etmesine ihtiya\u00e7 duyuyor. \u00d6yle ya budanan, a\u015f\u0131lanan a\u011fac\u0131n meyvesi g\u00fczel olur. Bu noktadan bak\u0131nca her bah\u00e7e a\u011fa\u00e7 i\u00e7in bir okuldur. Ne \u00fcretmesi gerekti\u011fini ister istemez \u00f6\u011frenir. A\u015f\u0131lanmayan, topra\u011f\u0131 humuslu, suyu bol olmayan a\u011fa\u00e7 sorgusuz sualsiz ya\u015fayan adam gibi odundan ibarettir.<\/p>\n<p style=\"text-align: justify;\">Beyne bu bak\u0131m\u0131 yapan temel ara\u00e7 felsefi d\u00fc\u015f\u00fcnce olmu\u015ftur her zaman. Bu y\u00fczden bahsi ge\u00e7en aforizmay\u0131 s\u00f6yleyende d\u00fc\u015f\u00fcn\u00fcrlerin pirlerinden Sokrates\u2019in olmas\u0131 \u015fa\u015f\u0131rt\u0131c\u0131 de\u011fil. Zira d\u00fc\u015f\u00fcnme edimini kendisi i\u00e7in normalle\u015ftirmemi\u015f bir ki\u015finin konu\u015fma boyutu g\u00fcndelik hayat\u0131n\u0131n idame ettirilmesi ve d\u00fcrt\u00fcleri do\u011frultusunda ortaya \u00e7\u0131kan s\u00f6zc\u00fcklerden ibaret kal\u0131r. D\u00fc\u015f\u00fcnmeyen adam b\u00f6yle derinli\u011fi olan kelam\u0131 yaratamaz. Bu, i\u015fin bir y\u00f6n\u00fc di\u011fer taraftan d\u00fc\u015f\u00fcnme ile bilinci bir kabul edersek bilin\u00e7le ya\u015fanmayan bir hayat da biz fark etmeden ge\u00e7ip gider. Ay\u0131rd\u0131na varamad\u0131\u011f\u0131m\u0131z, fark\u0131nda olamad\u0131\u011f\u0131m\u0131z \u015fey biz ya\u015fayanlar i\u00e7in yok gibidir \u00e7\u00fcnk\u00fc. O halde ki\u015fi kendi hayat\u0131n\u0131n ne denli bilincindeyse, dolay\u0131s\u0131yla ne denli d\u00fc\u015f\u00fcn\u00fcyor ve sorguluyorsa o kadar an\u0131n i\u00e7inde olacak, ya\u015fam\u0131 derinli\u011fine ya\u015fayacakt\u0131r.<\/p>\n<p style=\"text-align: justify;\">Sorgusuz bir ya\u015fam\u0131n, sanat\u0131n, felsefenin ve bilimin bah\u00e7esine hi\u00e7 u\u011framadan kendi kurak \u00e7\u00f6l\u00fcnde vakit ge\u00e7irmekten ba\u015fka bir anlam\u0131 var m\u0131d\u0131r? Bilim ile ayaklar\u0131 yere basan ve kendine masal anlatmay\u0131 b\u0131rakm\u0131\u015f, felsefeyle sorular sorup kendini a\u015fm\u0131\u015f, sanatla g\u00fczeli yaratm\u0131\u015f bir insan ger\u00e7ek anlamda ya\u015fam\u0131n\u0131n hesab\u0131n\u0131 da verebilmi\u015f demektir. T\u00fcm bunlar\u0131n olabilmesi ise \u00f6zg\u00fcr bir d\u00fcnyada m\u00fcmk\u00fcn olabilir elbet. \u0130nsan\u0131n d\u00fc\u015f\u00fcncelerine i\u015fkence ve \u00f6l\u00fcm korkusu egemenler taraf\u0131ndan nak\u015fedilmi\u015fse ve yoksullu\u011funun sonucu olarak bir dirhem ekme\u011fin pe\u015finde bir \u00f6m\u00fcr harc\u0131yorsa ki\u015fi, kimse ondan bilim, sanat, felsefe yapmas\u0131n\u0131 bekleyemez elbette.\u00a0 Hal b\u00f6yle olunca, kendi ac\u0131lar\u0131n\u0131n, korkular\u0131n\u0131n nedenine de uzak kal\u0131r bu insanlar ve bedenine azap veren bu hayatta en az\u0131ndan ruhunu g\u00fcvenceye almak i\u00e7in dine sar\u0131l\u0131r. Kendisinin hayat\u0131n\u0131 ve \u00f6zg\u00fcrl\u00fc\u011f\u00fcn\u00fc ellerinden alanlara kul k\u00f6le olur ve b\u00f6ylece kendi boynundaki, dilindeki zincirlere bizzat kendisi halkalar ekler.<\/p>\n<p style=\"text-align: justify;\">Sorgulamak i\u00e7in \u00f6zg\u00fcr bir hayat gerekir dedik ama \u00f6zg\u00fcrl\u00fck i\u00e7inde sorgulamak \u015fartt\u0131r. En az\u0131ndan ki\u015fi,\u00a0 onun hayat\u0131 i\u00e7in kendi hayatlar\u0131n\u0131 t\u00fcketenlerin s\u00f6ylediklerine kulak vermeye ba\u015flamal\u0131 ve s\u00f6ylenenleri anlamaya \u00e7al\u0131\u015fmal\u0131d\u0131r.\u00a0 Bu ba\u015flang\u0131\u00e7 hem kendisinin hem de halklar\u0131n \u00f6zg\u00fcrl\u00fc\u011f\u00fc yolunda \u00f6nemli bir ad\u0131m atmak anlam\u0131na gelecektir.<\/p>\n<p style=\"text-align: justify;\">Erkan K\u00fc\u00e7\u00fck<\/p>\n","protected":false},"excerpt":{"rendered":"<p>\u201cSorgulanmam\u0131\u015f bir hayat ya\u015fanmam\u0131\u015ft\u0131r\u201d demi\u015f d\u00fc\u015f\u00fcn\u00fcr Sokrates. Demek ki bir tek bu topraklarda zebanilerin eline d\u00fc\u015f\u00fcp i\u015fkenceden ge\u00e7enler ya\u015fam\u0131\u015f say\u0131lmal\u0131. Ancak ne ya\u015fad\u0131klar\u0131n\u0131 ben hi\u00e7 sormayaca\u011f\u0131m. Zaten yaz\u0131y\u0131 yazma maksad\u0131m bu de\u011fil. D\u00fc\u015f\u00fcn\u00fcr\u00fcm\u00fcz\u00fcn ger\u00e7ekten kastetti\u011fi \u015fey \u00fczerine bir \u015feyler m\u0131r\u0131ldanmak istiyorum; ancak ister istemez daha en ba\u015f\u0131ndan bu refleksle d\u00fc\u015f\u00fcnenlerin\/sorgulayanlar\u0131n bu topraklarda kar\u015f\u0131la\u015fmas\u0131 olduk\u00e7a muhtemel [&hellip;]<\/p>\n","protected":false},"author":1,"featured_media":0,"comment_status":"open","ping_status":"open","sticky":false,"template":"","format":"standard","meta":{"footnotes":""},"categories":[140],"tags":[],"class_list":{"0":"post-6547","1":"post","2":"type-post","3":"status-publish","4":"format-standard","6":"category-erkan-kucuk-makale"},"yoast_head":"<!-- This site is optimized with the Yoast SEO Premium plugin v24.9 (Yoast SEO v24.9) - https:\/\/yoast.com\/wordpress\/plugins\/seo\/ -->\n<title>Sorgula! | Erkan K\u00fc\u00e7\u00fck - narteks.net<\/title>\n<meta name=\"robots\" content=\"index, follow, max-snippet:-1, max-image-preview:large, max-video-preview:-1\" \/>\n<link rel=\"canonical\" href=\"https:\/\/narteks.net\/index.php\/2011\/06\/09\/sorgula-erkan-kucuk\/\" \/>\n<meta property=\"og:locale\" content=\"tr_TR\" \/>\n<meta property=\"og:type\" content=\"article\" \/>\n<meta property=\"og:title\" content=\"Sorgula! | Erkan K\u00fc\u00e7\u00fck\" \/>\n<meta property=\"og:description\" content=\"\u201cSorgulanmam\u0131\u015f bir hayat ya\u015fanmam\u0131\u015ft\u0131r\u201d demi\u015f d\u00fc\u015f\u00fcn\u00fcr Sokrates. Demek ki bir tek bu topraklarda zebanilerin eline d\u00fc\u015f\u00fcp i\u015fkenceden ge\u00e7enler ya\u015fam\u0131\u015f say\u0131lmal\u0131. Ancak ne ya\u015fad\u0131klar\u0131n\u0131 ben hi\u00e7 sormayaca\u011f\u0131m. Zaten yaz\u0131y\u0131 yazma maksad\u0131m bu de\u011fil. D\u00fc\u015f\u00fcn\u00fcr\u00fcm\u00fcz\u00fcn ger\u00e7ekten kastetti\u011fi \u015fey \u00fczerine bir \u015feyler m\u0131r\u0131ldanmak istiyorum; ancak ister istemez daha en ba\u015f\u0131ndan bu refleksle d\u00fc\u015f\u00fcnenlerin\/sorgulayanlar\u0131n bu topraklarda kar\u015f\u0131la\u015fmas\u0131 olduk\u00e7a muhtemel [&hellip;]\" \/>\n<meta property=\"og:url\" content=\"https:\/\/narteks.net\/index.php\/2011\/06\/09\/sorgula-erkan-kucuk\/\" \/>\n<meta property=\"og:site_name\" content=\"narteks.net\" \/>\n<meta property=\"article:published_time\" content=\"2011-06-09T08:34:08+00:00\" \/>\n<meta property=\"og:image\" content=\"https:\/\/narteks.net\/wp-content\/uploads\/narteks.png\" \/>\n\t<meta property=\"og:image:width\" content=\"300\" \/>\n\t<meta property=\"og:image:height\" content=\"90\" \/>\n\t<meta property=\"og:image:type\" content=\"image\/png\" \/>\n<meta name=\"author\" content=\"Tar\u0131k\" \/>\n<meta name=\"twitter:card\" content=\"summary_large_image\" \/>\n<meta name=\"twitter:creator\" content=\"@narteks\" \/>\n<meta name=\"twitter:site\" content=\"@narteks\" \/>\n<meta name=\"twitter:label1\" content=\"Yazan:\" \/>\n\t<meta name=\"twitter:data1\" content=\"Tar\u0131k\" \/>\n\t<meta name=\"twitter:label2\" content=\"Tahmini okuma s\u00fcresi\" \/>\n\t<meta name=\"twitter:data2\" content=\"4 dakika\" \/>\n<script type=\"application\/ld+json\" class=\"yoast-schema-graph\">{\"@context\":\"https:\/\/schema.org\",\"@graph\":[{\"@type\":\"Article\",\"@id\":\"https:\/\/narteks.net\/index.php\/2011\/06\/09\/sorgula-erkan-kucuk\/#article\",\"isPartOf\":{\"@id\":\"https:\/\/narteks.net\/index.php\/2011\/06\/09\/sorgula-erkan-kucuk\/\"},\"author\":{\"name\":\"Tar\u0131k\",\"@id\":\"https:\/\/narteks.net\/#\/schema\/person\/61f37d9834294b72d31d274e7ed79bca\"},\"headline\":\"Sorgula! | Erkan K\u00fc\u00e7\u00fck\",\"datePublished\":\"2011-06-09T08:34:08+00:00\",\"mainEntityOfPage\":{\"@id\":\"https:\/\/narteks.net\/index.php\/2011\/06\/09\/sorgula-erkan-kucuk\/\"},\"wordCount\":734,\"commentCount\":0,\"publisher\":{\"@id\":\"https:\/\/narteks.net\/#organization\"},\"articleSection\":[\"Erkan K\u00fc\u00e7\u00fck (Makale)\"],\"inLanguage\":\"tr\",\"potentialAction\":[{\"@type\":\"CommentAction\",\"name\":\"Comment\",\"target\":[\"https:\/\/narteks.net\/index.php\/2011\/06\/09\/sorgula-erkan-kucuk\/#respond\"]}]},{\"@type\":\"WebPage\",\"@id\":\"https:\/\/narteks.net\/index.php\/2011\/06\/09\/sorgula-erkan-kucuk\/\",\"url\":\"https:\/\/narteks.net\/index.php\/2011\/06\/09\/sorgula-erkan-kucuk\/\",\"name\":\"Sorgula! | Erkan K\u00fc\u00e7\u00fck - narteks.net\",\"isPartOf\":{\"@id\":\"https:\/\/narteks.net\/#website\"},\"datePublished\":\"2011-06-09T08:34:08+00:00\",\"breadcrumb\":{\"@id\":\"https:\/\/narteks.net\/index.php\/2011\/06\/09\/sorgula-erkan-kucuk\/#breadcrumb\"},\"inLanguage\":\"tr\",\"potentialAction\":[{\"@type\":\"ReadAction\",\"target\":[\"https:\/\/narteks.net\/index.php\/2011\/06\/09\/sorgula-erkan-kucuk\/\"]}]},{\"@type\":\"BreadcrumbList\",\"@id\":\"https:\/\/narteks.net\/index.php\/2011\/06\/09\/sorgula-erkan-kucuk\/#breadcrumb\",\"itemListElement\":[{\"@type\":\"ListItem\",\"position\":1,\"name\":\"Anasayfa\",\"item\":\"https:\/\/narteks.net\/\"},{\"@type\":\"ListItem\",\"position\":2,\"name\":\"Sorgula! | Erkan K\u00fc\u00e7\u00fck\"}]},{\"@type\":\"WebSite\",\"@id\":\"https:\/\/narteks.net\/#website\",\"url\":\"https:\/\/narteks.net\/\",\"name\":\"narteks.net\",\"description\":\"K\u00fclt\u00fcr Sanat Edebiyat Felsefe\",\"publisher\":{\"@id\":\"https:\/\/narteks.net\/#organization\"},\"alternateName\":\"K\u00fclt\u00fcr Sanat Edebiyat Felsefe\",\"potentialAction\":[{\"@type\":\"SearchAction\",\"target\":{\"@type\":\"EntryPoint\",\"urlTemplate\":\"https:\/\/narteks.net\/?s={search_term_string}\"},\"query-input\":{\"@type\":\"PropertyValueSpecification\",\"valueRequired\":true,\"valueName\":\"search_term_string\"}}],\"inLanguage\":\"tr\"},{\"@type\":\"Organization\",\"@id\":\"https:\/\/narteks.net\/#organization\",\"name\":\"narteks.net\",\"url\":\"https:\/\/narteks.net\/\",\"logo\":{\"@type\":\"ImageObject\",\"inLanguage\":\"tr\",\"@id\":\"https:\/\/narteks.net\/#\/schema\/logo\/image\/\",\"url\":\"https:\/\/narteks.net\/wp-content\/uploads\/narteks.png\",\"contentUrl\":\"https:\/\/narteks.net\/wp-content\/uploads\/narteks.png\",\"width\":300,\"height\":90,\"caption\":\"narteks.net\"},\"image\":{\"@id\":\"https:\/\/narteks.net\/#\/schema\/logo\/image\/\"},\"sameAs\":[\"https:\/\/x.com\/narteks\",\"https:\/\/instagram.com\/narteksnet\"]},{\"@type\":\"Person\",\"@id\":\"https:\/\/narteks.net\/#\/schema\/person\/61f37d9834294b72d31d274e7ed79bca\",\"name\":\"Tar\u0131k\",\"image\":{\"@type\":\"ImageObject\",\"inLanguage\":\"tr\",\"@id\":\"https:\/\/narteks.net\/#\/schema\/person\/image\/\",\"url\":\"https:\/\/secure.gravatar.com\/avatar\/50865afb55632c4ae467e0af0930f6510aa2297d8014be502a55b14f3b7550cf?s=96&d=mm&r=g\",\"contentUrl\":\"https:\/\/secure.gravatar.com\/avatar\/50865afb55632c4ae467e0af0930f6510aa2297d8014be502a55b14f3b7550cf?s=96&d=mm&r=g\",\"caption\":\"Tar\u0131k\"},\"sameAs\":[\"http:\/\/narteks.net\"],\"url\":\"https:\/\/narteks.net\/index.php\/author\/narbak\/\"}]}<\/script>\n<!-- \/ Yoast SEO Premium plugin. -->","yoast_head_json":{"title":"Sorgula! | Erkan K\u00fc\u00e7\u00fck - narteks.net","robots":{"index":"index","follow":"follow","max-snippet":"max-snippet:-1","max-image-preview":"max-image-preview:large","max-video-preview":"max-video-preview:-1"},"canonical":"https:\/\/narteks.net\/index.php\/2011\/06\/09\/sorgula-erkan-kucuk\/","og_locale":"tr_TR","og_type":"article","og_title":"Sorgula! | Erkan K\u00fc\u00e7\u00fck","og_description":"\u201cSorgulanmam\u0131\u015f bir hayat ya\u015fanmam\u0131\u015ft\u0131r\u201d demi\u015f d\u00fc\u015f\u00fcn\u00fcr Sokrates. Demek ki bir tek bu topraklarda zebanilerin eline d\u00fc\u015f\u00fcp i\u015fkenceden ge\u00e7enler ya\u015fam\u0131\u015f say\u0131lmal\u0131. Ancak ne ya\u015fad\u0131klar\u0131n\u0131 ben hi\u00e7 sormayaca\u011f\u0131m. Zaten yaz\u0131y\u0131 yazma maksad\u0131m bu de\u011fil. D\u00fc\u015f\u00fcn\u00fcr\u00fcm\u00fcz\u00fcn ger\u00e7ekten kastetti\u011fi \u015fey \u00fczerine bir \u015feyler m\u0131r\u0131ldanmak istiyorum; ancak ister istemez daha en ba\u015f\u0131ndan bu refleksle d\u00fc\u015f\u00fcnenlerin\/sorgulayanlar\u0131n bu topraklarda kar\u015f\u0131la\u015fmas\u0131 olduk\u00e7a muhtemel [&hellip;]","og_url":"https:\/\/narteks.net\/index.php\/2011\/06\/09\/sorgula-erkan-kucuk\/","og_site_name":"narteks.net","article_published_time":"2011-06-09T08:34:08+00:00","og_image":[{"width":300,"height":90,"url":"https:\/\/narteks.net\/wp-content\/uploads\/narteks.png","type":"image\/png"}],"author":"Tar\u0131k","twitter_card":"summary_large_image","twitter_creator":"@narteks","twitter_site":"@narteks","twitter_misc":{"Yazan:":"Tar\u0131k","Tahmini okuma s\u00fcresi":"4 dakika"},"schema":{"@context":"https:\/\/schema.org","@graph":[{"@type":"Article","@id":"https:\/\/narteks.net\/index.php\/2011\/06\/09\/sorgula-erkan-kucuk\/#article","isPartOf":{"@id":"https:\/\/narteks.net\/index.php\/2011\/06\/09\/sorgula-erkan-kucuk\/"},"author":{"name":"Tar\u0131k","@id":"https:\/\/narteks.net\/#\/schema\/person\/61f37d9834294b72d31d274e7ed79bca"},"headline":"Sorgula! | Erkan K\u00fc\u00e7\u00fck","datePublished":"2011-06-09T08:34:08+00:00","mainEntityOfPage":{"@id":"https:\/\/narteks.net\/index.php\/2011\/06\/09\/sorgula-erkan-kucuk\/"},"wordCount":734,"commentCount":0,"publisher":{"@id":"https:\/\/narteks.net\/#organization"},"articleSection":["Erkan K\u00fc\u00e7\u00fck (Makale)"],"inLanguage":"tr","potentialAction":[{"@type":"CommentAction","name":"Comment","target":["https:\/\/narteks.net\/index.php\/2011\/06\/09\/sorgula-erkan-kucuk\/#respond"]}]},{"@type":"WebPage","@id":"https:\/\/narteks.net\/index.php\/2011\/06\/09\/sorgula-erkan-kucuk\/","url":"https:\/\/narteks.net\/index.php\/2011\/06\/09\/sorgula-erkan-kucuk\/","name":"Sorgula! | Erkan K\u00fc\u00e7\u00fck - narteks.net","isPartOf":{"@id":"https:\/\/narteks.net\/#website"},"datePublished":"2011-06-09T08:34:08+00:00","breadcrumb":{"@id":"https:\/\/narteks.net\/index.php\/2011\/06\/09\/sorgula-erkan-kucuk\/#breadcrumb"},"inLanguage":"tr","potentialAction":[{"@type":"ReadAction","target":["https:\/\/narteks.net\/index.php\/2011\/06\/09\/sorgula-erkan-kucuk\/"]}]},{"@type":"BreadcrumbList","@id":"https:\/\/narteks.net\/index.php\/2011\/06\/09\/sorgula-erkan-kucuk\/#breadcrumb","itemListElement":[{"@type":"ListItem","position":1,"name":"Anasayfa","item":"https:\/\/narteks.net\/"},{"@type":"ListItem","position":2,"name":"Sorgula! | Erkan K\u00fc\u00e7\u00fck"}]},{"@type":"WebSite","@id":"https:\/\/narteks.net\/#website","url":"https:\/\/narteks.net\/","name":"narteks.net","description":"K\u00fclt\u00fcr Sanat Edebiyat Felsefe","publisher":{"@id":"https:\/\/narteks.net\/#organization"},"alternateName":"K\u00fclt\u00fcr Sanat Edebiyat Felsefe","potentialAction":[{"@type":"SearchAction","target":{"@type":"EntryPoint","urlTemplate":"https:\/\/narteks.net\/?s={search_term_string}"},"query-input":{"@type":"PropertyValueSpecification","valueRequired":true,"valueName":"search_term_string"}}],"inLanguage":"tr"},{"@type":"Organization","@id":"https:\/\/narteks.net\/#organization","name":"narteks.net","url":"https:\/\/narteks.net\/","logo":{"@type":"ImageObject","inLanguage":"tr","@id":"https:\/\/narteks.net\/#\/schema\/logo\/image\/","url":"https:\/\/narteks.net\/wp-content\/uploads\/narteks.png","contentUrl":"https:\/\/narteks.net\/wp-content\/uploads\/narteks.png","width":300,"height":90,"caption":"narteks.net"},"image":{"@id":"https:\/\/narteks.net\/#\/schema\/logo\/image\/"},"sameAs":["https:\/\/x.com\/narteks","https:\/\/instagram.com\/narteksnet"]},{"@type":"Person","@id":"https:\/\/narteks.net\/#\/schema\/person\/61f37d9834294b72d31d274e7ed79bca","name":"Tar\u0131k","image":{"@type":"ImageObject","inLanguage":"tr","@id":"https:\/\/narteks.net\/#\/schema\/person\/image\/","url":"https:\/\/secure.gravatar.com\/avatar\/50865afb55632c4ae467e0af0930f6510aa2297d8014be502a55b14f3b7550cf?s=96&d=mm&r=g","contentUrl":"https:\/\/secure.gravatar.com\/avatar\/50865afb55632c4ae467e0af0930f6510aa2297d8014be502a55b14f3b7550cf?s=96&d=mm&r=g","caption":"Tar\u0131k"},"sameAs":["http:\/\/narteks.net"],"url":"https:\/\/narteks.net\/index.php\/author\/narbak\/"}]}},"_links":{"self":[{"href":"https:\/\/narteks.net\/index.php\/wp-json\/wp\/v2\/posts\/6547","targetHints":{"allow":["GET"]}}],"collection":[{"href":"https:\/\/narteks.net\/index.php\/wp-json\/wp\/v2\/posts"}],"about":[{"href":"https:\/\/narteks.net\/index.php\/wp-json\/wp\/v2\/types\/post"}],"author":[{"embeddable":true,"href":"https:\/\/narteks.net\/index.php\/wp-json\/wp\/v2\/users\/1"}],"replies":[{"embeddable":true,"href":"https:\/\/narteks.net\/index.php\/wp-json\/wp\/v2\/comments?post=6547"}],"version-history":[{"count":0,"href":"https:\/\/narteks.net\/index.php\/wp-json\/wp\/v2\/posts\/6547\/revisions"}],"wp:attachment":[{"href":"https:\/\/narteks.net\/index.php\/wp-json\/wp\/v2\/media?parent=6547"}],"wp:term":[{"taxonomy":"category","embeddable":true,"href":"https:\/\/narteks.net\/index.php\/wp-json\/wp\/v2\/categories?post=6547"},{"taxonomy":"post_tag","embeddable":true,"href":"https:\/\/narteks.net\/index.php\/wp-json\/wp\/v2\/tags?post=6547"}],"curies":[{"name":"wp","href":"https:\/\/api.w.org\/{rel}","templated":true}]}}