{"id":655,"date":"2009-04-16T10:50:37","date_gmt":"2009-04-16T07:50:37","guid":{"rendered":"http:\/\/localhost\/wordpress\/2009\/04\/16\/memleketimin-sarkilari\/"},"modified":"2009-04-16T10:50:37","modified_gmt":"2009-04-16T07:50:37","slug":"memleketimin-sarkilari","status":"publish","type":"post","link":"https:\/\/narteks.net\/index.php\/2009\/04\/16\/memleketimin-sarkilari\/","title":{"rendered":"MEMLEKET\u0130M\u0130N \u015eARKILARI"},"content":{"rendered":"<p>\u00a0<\/p>\n<p>Ben, bizden olan b\u00fct\u00fcn insanlar\u0131n dostu;<br \/>Ad\u0131, haritalarda bile bulunmayan<br \/>Bir k\u00f6y\u00fcndenim Anadolu&#8217;nun.<br \/>G\u00fczel \u015feylere hasrettir memleketim,<br \/>G\u00fczel \u015feylere hasret bu d\u00fcnya.<br \/>Y\u0131llard\u0131r, kanda ve ate\u015fte m\u0131sralar\u0131m<br \/>Yanan \u015fehirlerin,<br \/>A\u011f\u0131r tanklar\u0131n tekerlekleri aras\u0131nda.<br \/>Biliyorum,<br \/>Yayl\u0131m ate\u015flere girilmi\u015ftir g\u00f6nl\u00fcm\u00fczce<br \/>Pasifik k\u0131y\u0131lar\u0131ndan Volga&#8217;ya kadar.<br \/>Benim arzuman\u0131m kald\u0131<br \/>H\u00fcrriyet boylar\u0131nda tank oynatanlarda.<br \/>B\u00fct\u00fcn k\u0131talarda<br \/>Tulu arzda, islam i\u00e7inde, k\u00fcffar i\u00e7inde<br \/>M\u00fclhit, m\u00fcmin ve vatanseverim.<br \/>Fakir, cefac\u0131 topraklar\u0131m i\u00e7inde<br \/>Mendil tutan\u0131m, diz vuran\u0131m, ba\u015f \u00e7ekenim<br \/>Zeybekte, halayda, tamzarada&#8230;<br \/>Ben k\u00fc\u00e7\u00fck Yusuf&#8217;um \u00c7it k\u00f6y\u00fcnde<br \/>\u00c7apak \u00e7apak ela g\u00f6zlerim;<br \/>K\u0131l ke\u00e7im k\u0131s\u0131r, annemin memesi yara.<br \/>Benim sa\u00e7lar\u0131m belik belik,<br \/>B\u0131y\u0131klar\u0131m burma burma<br \/>G\u00f6zlerim kara k\u0131yma renginde, ama<br \/>Erzincan oynam\u0131\u015f a\u011flam\u0131\u015f\u0131m<br \/>Irgatl\u0131k etmi\u015fim el kap\u0131s\u0131nda.<br \/>Dolu vurmu\u015f bah\u00e7elerimi,<br \/>\u00c7ekirge inmi\u015f tarlar\u0131ma.<br \/>Ben bir yolcuyum hem\u015feri<br \/>Manisa ba\u011flar\u0131ndan ge\u00e7tim<br \/>Ayd\u0131n incir tarlalar\u0131ndan.<br \/>\u00c7\u0131\u011fl\u0131klar getirdim<br \/>\u00dcz\u00fcmleriyle beraber \u00e7\u00fcr\u00fcr gibi d\u00fc\u015fen<br \/>\u0130nsanlar\u0131mdan.<br \/>S\u0131cak tuzsuz gevreklerinizi yemi\u015fim<br \/>Alaca karanl\u0131kta&#8230; Buca&#8217;l\u0131 i\u015f\u00e7ilerim.<br \/>Unutur muyum seni<br \/>Derdini, ekme\u011fini b\u00f6l\u00fc\u015ft\u00fc\u011f\u00fcm<br \/>T\u00fcrk\u00fcleriyle bizi a\u011flatan memleketlim.<br \/>Karadeniz&#8217;in Rumelikar\u0131 t\u00fct\u00fcn\u00fc,<br \/>Bende t\u00fcrk\u00fcler oldu a\u011flamakl\u0131,<br \/>Bende t\u00fcrk\u00fcler oldu dizim dizim.<br \/>Doldurdum sineme, ci\u011ferlerime,<br \/>Doldurdum derdi mihneti<br \/>Pamuk tozunu, k\u00f6m\u00fcr tozunu;<br \/>Memleketimin \u015fark\u0131lar\u0131 kadar ac\u0131 \u00e7ektim.<br \/>Ben Ahmet \u00c7avu\u015f&#8217;um<br \/>&#8220;Att\u0131\u011f\u0131m kur\u015funlar gitmezdi bo\u015funa<br \/>&#8220;\u015eimdi kuzgunlar iner taze le\u015fime&#8221;.<br \/>&#8220;\u0130ki kere kesemden everdi\u011fim&#8221;<br \/>Dost dedi\u011fim k\u0131yd\u0131 bana.<br \/>Ben K\u00fcrto\u011fluyum derim ki &#8220;Yi\u011fitlik kadim&#8221;<br \/>Ben Nazif&#8217;im &#8220;Urfa&#8217;ya kar\u015f\u0131 vurdular beni&#8221;<br \/>A\u011flas\u0131n Urfa.<br \/>Ben \u015fairim<br \/>Halklar\u0131n emrinde, kolunda, saf\u0131nda.<br \/>Sat\u0131rlar\u0131m vard\u0131r kahraman,<br \/>Sat\u0131rlar\u0131m vard\u0131r c\u0131l\u0131z, cesur ve s\u0131tmal\u0131.<br \/>Ahdim var :<br \/>Terli atlet fanilal\u0131 g\u00f6\u011f\u00fcslerden<br \/>P\u00fcf\u00fcr p\u00fcf\u00fcr ge\u00e7ece\u011fim.<br \/>Bir de a\u015f\u0131k\u0131m, kanl\u0131b\u0131\u00e7akl\u0131<br \/>Yar i\u00e7in serden ge\u00e7ece\u011fim.<br \/>\u0130nan ki ci\u011ferparem, inan ki sevgilim<br \/>Bu hususta :<br \/>&#8220;\u00dc\u00e7ten, be\u015ften, senden geride kalan de\u011filim&#8221;<\/p>\n<p>Enver G\u00d6K\u00c7E<\/p>\n","protected":false},"excerpt":{"rendered":"<p>\u00a0 Ben, bizden olan b\u00fct\u00fcn insanlar\u0131n dostu;Ad\u0131, haritalarda bile bulunmayanBir k\u00f6y\u00fcndenim Anadolu&#8217;nun.G\u00fczel \u015feylere hasrettir memleketim,G\u00fczel \u015feylere hasret bu d\u00fcnya.Y\u0131llard\u0131r, kanda ve ate\u015fte m\u0131sralar\u0131mYanan \u015fehirlerin,A\u011f\u0131r tanklar\u0131n tekerlekleri aras\u0131nda.Biliyorum,Yayl\u0131m ate\u015flere girilmi\u015ftir g\u00f6nl\u00fcm\u00fczcePasifik k\u0131y\u0131lar\u0131ndan Volga&#8217;ya kadar.Benim arzuman\u0131m kald\u0131H\u00fcrriyet boylar\u0131nda tank oynatanlarda.B\u00fct\u00fcn k\u0131talardaTulu arzda, islam i\u00e7inde, k\u00fcffar i\u00e7indeM\u00fclhit, m\u00fcmin ve vatanseverim.Fakir, cefac\u0131 topraklar\u0131m i\u00e7indeMendil tutan\u0131m, diz vuran\u0131m, ba\u015f \u00e7ekenimZeybekte, [&hellip;]<\/p>\n","protected":false},"author":1,"featured_media":0,"comment_status":"open","ping_status":"open","sticky":false,"template":"","format":"standard","meta":{"footnotes":""},"categories":[20],"tags":[],"class_list":{"0":"post-655","1":"post","2":"type-post","3":"status-publish","4":"format-standard","6":"category-enver-gokce"},"yoast_head":"<!-- This site is optimized with the Yoast SEO Premium plugin v24.9 (Yoast SEO v24.9) - https:\/\/yoast.com\/wordpress\/plugins\/seo\/ -->\n<title>MEMLEKET\u0130M\u0130N \u015eARKILARI - narteks.net<\/title>\n<meta name=\"robots\" content=\"index, follow, max-snippet:-1, max-image-preview:large, max-video-preview:-1\" \/>\n<link rel=\"canonical\" href=\"https:\/\/narteks.net\/index.php\/2009\/04\/16\/memleketimin-sarkilari\/\" \/>\n<meta property=\"og:locale\" content=\"tr_TR\" \/>\n<meta property=\"og:type\" content=\"article\" \/>\n<meta property=\"og:title\" content=\"MEMLEKET\u0130M\u0130N \u015eARKILARI\" \/>\n<meta property=\"og:description\" content=\"\u00a0 Ben, bizden olan b\u00fct\u00fcn insanlar\u0131n dostu;Ad\u0131, haritalarda bile bulunmayanBir k\u00f6y\u00fcndenim Anadolu&#8217;nun.G\u00fczel \u015feylere hasrettir memleketim,G\u00fczel \u015feylere hasret bu d\u00fcnya.Y\u0131llard\u0131r, kanda ve ate\u015fte m\u0131sralar\u0131mYanan \u015fehirlerin,A\u011f\u0131r tanklar\u0131n tekerlekleri aras\u0131nda.Biliyorum,Yayl\u0131m ate\u015flere girilmi\u015ftir g\u00f6nl\u00fcm\u00fczcePasifik k\u0131y\u0131lar\u0131ndan Volga&#8217;ya kadar.Benim arzuman\u0131m kald\u0131H\u00fcrriyet boylar\u0131nda tank oynatanlarda.B\u00fct\u00fcn k\u0131talardaTulu arzda, islam i\u00e7inde, k\u00fcffar i\u00e7indeM\u00fclhit, m\u00fcmin ve vatanseverim.Fakir, cefac\u0131 topraklar\u0131m i\u00e7indeMendil tutan\u0131m, diz vuran\u0131m, ba\u015f \u00e7ekenimZeybekte, [&hellip;]\" \/>\n<meta property=\"og:url\" content=\"https:\/\/narteks.net\/index.php\/2009\/04\/16\/memleketimin-sarkilari\/\" \/>\n<meta property=\"og:site_name\" content=\"narteks.net\" \/>\n<meta property=\"article:published_time\" content=\"2009-04-16T07:50:37+00:00\" \/>\n<meta property=\"og:image\" content=\"https:\/\/narteks.net\/wp-content\/uploads\/narteks.png\" \/>\n\t<meta property=\"og:image:width\" content=\"300\" \/>\n\t<meta property=\"og:image:height\" content=\"90\" \/>\n\t<meta property=\"og:image:type\" content=\"image\/png\" \/>\n<meta name=\"author\" content=\"Tar\u0131k\" \/>\n<meta name=\"twitter:card\" content=\"summary_large_image\" \/>\n<meta name=\"twitter:creator\" content=\"@narteks\" \/>\n<meta name=\"twitter:site\" content=\"@narteks\" \/>\n<meta name=\"twitter:label1\" content=\"Yazan:\" \/>\n\t<meta name=\"twitter:data1\" content=\"Tar\u0131k\" \/>\n\t<meta name=\"twitter:label2\" content=\"Tahmini okuma s\u00fcresi\" \/>\n\t<meta name=\"twitter:data2\" content=\"2 dakika\" \/>\n<script type=\"application\/ld+json\" class=\"yoast-schema-graph\">{\"@context\":\"https:\/\/schema.org\",\"@graph\":[{\"@type\":\"Article\",\"@id\":\"https:\/\/narteks.net\/index.php\/2009\/04\/16\/memleketimin-sarkilari\/#article\",\"isPartOf\":{\"@id\":\"https:\/\/narteks.net\/index.php\/2009\/04\/16\/memleketimin-sarkilari\/\"},\"author\":{\"name\":\"Tar\u0131k\",\"@id\":\"https:\/\/narteks.net\/#\/schema\/person\/61f37d9834294b72d31d274e7ed79bca\"},\"headline\":\"MEMLEKET\u0130M\u0130N \u015eARKILARI\",\"datePublished\":\"2009-04-16T07:50:37+00:00\",\"mainEntityOfPage\":{\"@id\":\"https:\/\/narteks.net\/index.php\/2009\/04\/16\/memleketimin-sarkilari\/\"},\"wordCount\":383,\"commentCount\":0,\"publisher\":{\"@id\":\"https:\/\/narteks.net\/#organization\"},\"articleSection\":[\"Enver G\u00d6K\u00c7E\"],\"inLanguage\":\"tr\",\"potentialAction\":[{\"@type\":\"CommentAction\",\"name\":\"Comment\",\"target\":[\"https:\/\/narteks.net\/index.php\/2009\/04\/16\/memleketimin-sarkilari\/#respond\"]}]},{\"@type\":\"WebPage\",\"@id\":\"https:\/\/narteks.net\/index.php\/2009\/04\/16\/memleketimin-sarkilari\/\",\"url\":\"https:\/\/narteks.net\/index.php\/2009\/04\/16\/memleketimin-sarkilari\/\",\"name\":\"MEMLEKET\u0130M\u0130N \u015eARKILARI - narteks.net\",\"isPartOf\":{\"@id\":\"https:\/\/narteks.net\/#website\"},\"datePublished\":\"2009-04-16T07:50:37+00:00\",\"breadcrumb\":{\"@id\":\"https:\/\/narteks.net\/index.php\/2009\/04\/16\/memleketimin-sarkilari\/#breadcrumb\"},\"inLanguage\":\"tr\",\"potentialAction\":[{\"@type\":\"ReadAction\",\"target\":[\"https:\/\/narteks.net\/index.php\/2009\/04\/16\/memleketimin-sarkilari\/\"]}]},{\"@type\":\"BreadcrumbList\",\"@id\":\"https:\/\/narteks.net\/index.php\/2009\/04\/16\/memleketimin-sarkilari\/#breadcrumb\",\"itemListElement\":[{\"@type\":\"ListItem\",\"position\":1,\"name\":\"Anasayfa\",\"item\":\"https:\/\/narteks.net\/\"},{\"@type\":\"ListItem\",\"position\":2,\"name\":\"MEMLEKET\u0130M\u0130N \u015eARKILARI\"}]},{\"@type\":\"WebSite\",\"@id\":\"https:\/\/narteks.net\/#website\",\"url\":\"https:\/\/narteks.net\/\",\"name\":\"narteks.net\",\"description\":\"K\u00fclt\u00fcr Sanat Edebiyat Felsefe\",\"publisher\":{\"@id\":\"https:\/\/narteks.net\/#organization\"},\"alternateName\":\"K\u00fclt\u00fcr Sanat Edebiyat Felsefe\",\"potentialAction\":[{\"@type\":\"SearchAction\",\"target\":{\"@type\":\"EntryPoint\",\"urlTemplate\":\"https:\/\/narteks.net\/?s={search_term_string}\"},\"query-input\":{\"@type\":\"PropertyValueSpecification\",\"valueRequired\":true,\"valueName\":\"search_term_string\"}}],\"inLanguage\":\"tr\"},{\"@type\":\"Organization\",\"@id\":\"https:\/\/narteks.net\/#organization\",\"name\":\"narteks.net\",\"url\":\"https:\/\/narteks.net\/\",\"logo\":{\"@type\":\"ImageObject\",\"inLanguage\":\"tr\",\"@id\":\"https:\/\/narteks.net\/#\/schema\/logo\/image\/\",\"url\":\"https:\/\/narteks.net\/wp-content\/uploads\/narteks.png\",\"contentUrl\":\"https:\/\/narteks.net\/wp-content\/uploads\/narteks.png\",\"width\":300,\"height\":90,\"caption\":\"narteks.net\"},\"image\":{\"@id\":\"https:\/\/narteks.net\/#\/schema\/logo\/image\/\"},\"sameAs\":[\"https:\/\/x.com\/narteks\",\"https:\/\/instagram.com\/narteksnet\"]},{\"@type\":\"Person\",\"@id\":\"https:\/\/narteks.net\/#\/schema\/person\/61f37d9834294b72d31d274e7ed79bca\",\"name\":\"Tar\u0131k\",\"image\":{\"@type\":\"ImageObject\",\"inLanguage\":\"tr\",\"@id\":\"https:\/\/narteks.net\/#\/schema\/person\/image\/\",\"url\":\"https:\/\/secure.gravatar.com\/avatar\/50865afb55632c4ae467e0af0930f6510aa2297d8014be502a55b14f3b7550cf?s=96&d=mm&r=g\",\"contentUrl\":\"https:\/\/secure.gravatar.com\/avatar\/50865afb55632c4ae467e0af0930f6510aa2297d8014be502a55b14f3b7550cf?s=96&d=mm&r=g\",\"caption\":\"Tar\u0131k\"},\"sameAs\":[\"http:\/\/narteks.net\"],\"url\":\"https:\/\/narteks.net\/index.php\/author\/narbak\/\"}]}<\/script>\n<!-- \/ Yoast SEO Premium plugin. -->","yoast_head_json":{"title":"MEMLEKET\u0130M\u0130N \u015eARKILARI - narteks.net","robots":{"index":"index","follow":"follow","max-snippet":"max-snippet:-1","max-image-preview":"max-image-preview:large","max-video-preview":"max-video-preview:-1"},"canonical":"https:\/\/narteks.net\/index.php\/2009\/04\/16\/memleketimin-sarkilari\/","og_locale":"tr_TR","og_type":"article","og_title":"MEMLEKET\u0130M\u0130N \u015eARKILARI","og_description":"\u00a0 Ben, bizden olan b\u00fct\u00fcn insanlar\u0131n dostu;Ad\u0131, haritalarda bile bulunmayanBir k\u00f6y\u00fcndenim Anadolu&#8217;nun.G\u00fczel \u015feylere hasrettir memleketim,G\u00fczel \u015feylere hasret bu d\u00fcnya.Y\u0131llard\u0131r, kanda ve ate\u015fte m\u0131sralar\u0131mYanan \u015fehirlerin,A\u011f\u0131r tanklar\u0131n tekerlekleri aras\u0131nda.Biliyorum,Yayl\u0131m ate\u015flere girilmi\u015ftir g\u00f6nl\u00fcm\u00fczcePasifik k\u0131y\u0131lar\u0131ndan Volga&#8217;ya kadar.Benim arzuman\u0131m kald\u0131H\u00fcrriyet boylar\u0131nda tank oynatanlarda.B\u00fct\u00fcn k\u0131talardaTulu arzda, islam i\u00e7inde, k\u00fcffar i\u00e7indeM\u00fclhit, m\u00fcmin ve vatanseverim.Fakir, cefac\u0131 topraklar\u0131m i\u00e7indeMendil tutan\u0131m, diz vuran\u0131m, ba\u015f \u00e7ekenimZeybekte, [&hellip;]","og_url":"https:\/\/narteks.net\/index.php\/2009\/04\/16\/memleketimin-sarkilari\/","og_site_name":"narteks.net","article_published_time":"2009-04-16T07:50:37+00:00","og_image":[{"width":300,"height":90,"url":"https:\/\/narteks.net\/wp-content\/uploads\/narteks.png","type":"image\/png"}],"author":"Tar\u0131k","twitter_card":"summary_large_image","twitter_creator":"@narteks","twitter_site":"@narteks","twitter_misc":{"Yazan:":"Tar\u0131k","Tahmini okuma s\u00fcresi":"2 dakika"},"schema":{"@context":"https:\/\/schema.org","@graph":[{"@type":"Article","@id":"https:\/\/narteks.net\/index.php\/2009\/04\/16\/memleketimin-sarkilari\/#article","isPartOf":{"@id":"https:\/\/narteks.net\/index.php\/2009\/04\/16\/memleketimin-sarkilari\/"},"author":{"name":"Tar\u0131k","@id":"https:\/\/narteks.net\/#\/schema\/person\/61f37d9834294b72d31d274e7ed79bca"},"headline":"MEMLEKET\u0130M\u0130N \u015eARKILARI","datePublished":"2009-04-16T07:50:37+00:00","mainEntityOfPage":{"@id":"https:\/\/narteks.net\/index.php\/2009\/04\/16\/memleketimin-sarkilari\/"},"wordCount":383,"commentCount":0,"publisher":{"@id":"https:\/\/narteks.net\/#organization"},"articleSection":["Enver G\u00d6K\u00c7E"],"inLanguage":"tr","potentialAction":[{"@type":"CommentAction","name":"Comment","target":["https:\/\/narteks.net\/index.php\/2009\/04\/16\/memleketimin-sarkilari\/#respond"]}]},{"@type":"WebPage","@id":"https:\/\/narteks.net\/index.php\/2009\/04\/16\/memleketimin-sarkilari\/","url":"https:\/\/narteks.net\/index.php\/2009\/04\/16\/memleketimin-sarkilari\/","name":"MEMLEKET\u0130M\u0130N \u015eARKILARI - narteks.net","isPartOf":{"@id":"https:\/\/narteks.net\/#website"},"datePublished":"2009-04-16T07:50:37+00:00","breadcrumb":{"@id":"https:\/\/narteks.net\/index.php\/2009\/04\/16\/memleketimin-sarkilari\/#breadcrumb"},"inLanguage":"tr","potentialAction":[{"@type":"ReadAction","target":["https:\/\/narteks.net\/index.php\/2009\/04\/16\/memleketimin-sarkilari\/"]}]},{"@type":"BreadcrumbList","@id":"https:\/\/narteks.net\/index.php\/2009\/04\/16\/memleketimin-sarkilari\/#breadcrumb","itemListElement":[{"@type":"ListItem","position":1,"name":"Anasayfa","item":"https:\/\/narteks.net\/"},{"@type":"ListItem","position":2,"name":"MEMLEKET\u0130M\u0130N \u015eARKILARI"}]},{"@type":"WebSite","@id":"https:\/\/narteks.net\/#website","url":"https:\/\/narteks.net\/","name":"narteks.net","description":"K\u00fclt\u00fcr Sanat Edebiyat Felsefe","publisher":{"@id":"https:\/\/narteks.net\/#organization"},"alternateName":"K\u00fclt\u00fcr Sanat Edebiyat Felsefe","potentialAction":[{"@type":"SearchAction","target":{"@type":"EntryPoint","urlTemplate":"https:\/\/narteks.net\/?s={search_term_string}"},"query-input":{"@type":"PropertyValueSpecification","valueRequired":true,"valueName":"search_term_string"}}],"inLanguage":"tr"},{"@type":"Organization","@id":"https:\/\/narteks.net\/#organization","name":"narteks.net","url":"https:\/\/narteks.net\/","logo":{"@type":"ImageObject","inLanguage":"tr","@id":"https:\/\/narteks.net\/#\/schema\/logo\/image\/","url":"https:\/\/narteks.net\/wp-content\/uploads\/narteks.png","contentUrl":"https:\/\/narteks.net\/wp-content\/uploads\/narteks.png","width":300,"height":90,"caption":"narteks.net"},"image":{"@id":"https:\/\/narteks.net\/#\/schema\/logo\/image\/"},"sameAs":["https:\/\/x.com\/narteks","https:\/\/instagram.com\/narteksnet"]},{"@type":"Person","@id":"https:\/\/narteks.net\/#\/schema\/person\/61f37d9834294b72d31d274e7ed79bca","name":"Tar\u0131k","image":{"@type":"ImageObject","inLanguage":"tr","@id":"https:\/\/narteks.net\/#\/schema\/person\/image\/","url":"https:\/\/secure.gravatar.com\/avatar\/50865afb55632c4ae467e0af0930f6510aa2297d8014be502a55b14f3b7550cf?s=96&d=mm&r=g","contentUrl":"https:\/\/secure.gravatar.com\/avatar\/50865afb55632c4ae467e0af0930f6510aa2297d8014be502a55b14f3b7550cf?s=96&d=mm&r=g","caption":"Tar\u0131k"},"sameAs":["http:\/\/narteks.net"],"url":"https:\/\/narteks.net\/index.php\/author\/narbak\/"}]}},"_links":{"self":[{"href":"https:\/\/narteks.net\/index.php\/wp-json\/wp\/v2\/posts\/655","targetHints":{"allow":["GET"]}}],"collection":[{"href":"https:\/\/narteks.net\/index.php\/wp-json\/wp\/v2\/posts"}],"about":[{"href":"https:\/\/narteks.net\/index.php\/wp-json\/wp\/v2\/types\/post"}],"author":[{"embeddable":true,"href":"https:\/\/narteks.net\/index.php\/wp-json\/wp\/v2\/users\/1"}],"replies":[{"embeddable":true,"href":"https:\/\/narteks.net\/index.php\/wp-json\/wp\/v2\/comments?post=655"}],"version-history":[{"count":0,"href":"https:\/\/narteks.net\/index.php\/wp-json\/wp\/v2\/posts\/655\/revisions"}],"wp:attachment":[{"href":"https:\/\/narteks.net\/index.php\/wp-json\/wp\/v2\/media?parent=655"}],"wp:term":[{"taxonomy":"category","embeddable":true,"href":"https:\/\/narteks.net\/index.php\/wp-json\/wp\/v2\/categories?post=655"},{"taxonomy":"post_tag","embeddable":true,"href":"https:\/\/narteks.net\/index.php\/wp-json\/wp\/v2\/tags?post=655"}],"curies":[{"name":"wp","href":"https:\/\/api.w.org\/{rel}","templated":true}]}}