{"id":6553,"date":"2011-06-09T11:47:46","date_gmt":"2011-06-09T08:47:46","guid":{"rendered":"http:\/\/localhost\/wordpress\/2011\/06\/09\/yuregim-sizladigi-zaman\/"},"modified":"2011-06-09T11:47:46","modified_gmt":"2011-06-09T08:47:46","slug":"yuregim-sizladigi-zaman","status":"publish","type":"post","link":"https:\/\/narteks.net\/index.php\/2011\/06\/09\/yuregim-sizladigi-zaman\/","title":{"rendered":"Y\u00dcRE\u011e\u0130M SIZLADI\u011eI ZAMAN"},"content":{"rendered":"<p>\u00a0<\/p>\n<p>Y\u00fcre\u011fim s\u0131zlad\u0131\u011f\u0131 zaman<br \/>Gece yar\u0131lar\u0131ndan sonra,\u015fafaktan \u00f6nce<br \/>Bilmedi\u011fim bir istasyondan,bilmedi\u011fim bir m\u00fczik geliyor kula\u011f\u0131ma:<br \/>Uzak<br \/>vah\u015fi<br \/>Karanl\u0131k&#8230;<br \/>Gece denizleri gibi bir m\u00fczik,<br \/>Bat\u0131k gemilerli gece denizleri gibi bir m\u00fczik,<br \/>\u00c7a\u011f\u0131r\u0131yor,\u00e7a\u011f\u0131r\u0131yor beni durmadan<br \/>Ve belki de i\u015fte o zaman ba\u015fl\u0131yor s\u0131zlamaya y\u00fcre\u011fim.<\/p>\n<p>Y\u00fcre\u011fim s\u0131zlad\u0131\u011f\u0131 zaman<br \/>Duvarlar\u0131 banka afi\u015fli \u00e7ok eski bir \u015fehrin Cumhuriyet Caddesi&#8217;nde iki t\u00fcfek bir kelep\u00e7e,<br \/>T\u00fcfekler garip garip<br \/>Kelep\u00e7e garip&#8230;<br \/>\u00d6yle beter<br \/>\u00d6yle \u00e7amur<br \/>Bir yaprak d\u00f6ne yuvarlana,<br \/>Bir akarsu bata \u00e7\u0131ka&#8230;<br \/>Ko\u015fuyor ko\u015fuyor bir kad\u0131n kelep\u00e7enin ard\u0131ndan<br \/>Ve belki de i\u015fte o zaman ba\u015fl\u0131yor s\u0131zlamaya y\u00fcre\u011fim.<\/p>\n<p>Y\u00fcre\u011fim s\u0131zlad\u0131\u011f\u0131 zaman<br \/>Bir kara tank \u00e7\u0131k\u0131yor bir a\u011f\u0131ttan,bir filmden,bir sava\u015f roman\u0131ndan \u00e7\u0131k\u0131p y\u00fcr\u00fcyor sevgilerin,\u00f6zlemlerin \u00fczerinden.<br \/>A\u015fklar\u0131n,umutlar\u0131n,oyuncaklar\u0131n,k\u00fc\u00e7\u00fck emeklerin,b\u00fcy\u00fck kayg\u0131lar\u0131n \u00fczerinden ge\u00e7ip gidiyor.<br \/>Su gibi ilerliyor yang\u0131n<br \/>\u0130\u015fliyor k\u0131tl\u0131k karanl\u0131\u011f\u0131<br \/>\u00d6l\u00fcler birden bire \u015fark\u0131la\u015f\u0131p<br \/>Vir\u00fcsler bakteriler<br \/>B\u00fct\u00fcn dilleri birden konu\u015fuyor her\u015fey.<br \/>\u00c7\u0131rp\u0131n\u0131yor yerde bir damla kan<br \/>Ve belki de i\u015fte o zaman ba\u015fl\u0131yor s\u0131zlamaya y\u00fcre\u011fim.<\/p>\n<p>Y\u00fcre\u011fim s\u0131zlad\u0131\u011f\u0131 zaman<br \/>K\u00f6r bir \u00e7e\u015fme ba\u015f\u0131nda k\u00f6r bir kad\u0131n geliyor g\u00f6zlerimin \u00f6n\u00fcne<br \/>B\u00fct\u00fcn iplikleri b\u00fct\u00fcn i\u011fnelere tak\u0131yor da<br \/>Ne iplikler bitiyor,ne de i\u011fneler.<br \/>G\u00f6t\u00fcr\u00fclm\u00fc\u015f o\u011fluna m\u0131<br \/>ka\u00e7\u0131r\u0131lm\u0131\u015f k\u0131z\u0131na m\u0131<br \/>Ge\u00e7en g\u00fcnlerine mi<br \/>Unutmu\u015f neye a\u011flad\u0131\u011f\u0131n\u0131<br \/>A\u011fl\u0131yor,aran\u0131yor<br \/>Aran\u0131yor,<br \/>B\u0131kmadan<br \/>Bilmeden<br \/>usanmadan.<br \/>Ve belki de i\u015fte o zaman ba\u015fl\u0131yor s\u0131zlamaya y\u00fcre\u011fim.<\/p>\n<p>Y\u00fcre\u011fim s\u0131zlad\u0131\u011f\u0131 zaman<br \/>Ci\u011ferlerime \u00e7ekerken k\u00f6t\u00fcl\u00fc\u011f\u00fc,<br \/>Ellerimle dokunurken k\u00f6t\u00fcl\u00fc\u011fe,<br \/>Ayaklar\u0131ma dola\u015f\u0131rken k\u00f6t\u00fcl\u00fck,<br \/>\u015eu ta\u015f\u0131 \u015furdan al\u0131p \u015furaya koymaman\u0131n pis bunalt\u0131s\u0131 ge\u00e7iriyor t\u0131rnaklar\u0131n\u0131 g\u0131rtla\u011f\u0131ma.<br \/>Kokuyor i\u015fyerleri<br \/>Kokuyor g\u00fcnayd\u0131nlar.<br \/>Ne varsa verilmemi\u015f,<br \/>Al\u0131nmam\u0131\u015f ne varsa;<br \/>Edilmemi\u015f s\u00f6z,<br \/>Patlamam\u0131\u015f \u00f6fke,<br \/>Uyutulmu\u015f ne varsa<br \/>Ne varsa kokuyor birden bire<br \/>Ve kay\u0131yor bir \u015fey parmaklar\u0131mdan,<br \/>Ve belki de i\u015fte o zaman ba\u015fl\u0131yor s\u0131zlamaya y\u00fcre\u011fim.<\/p>\n<p>Yani ben d\u00f6rt mevsime b\u00f6lerek bu y\u00fcrek s\u0131z\u0131s\u0131n\u0131,<br \/>G\u00fcnlere,saatlere b\u00f6lerek bu y\u00fcrek s\u0131z\u0131s\u0131n\u0131,<br \/>Soka\u011f\u0131m,kentim,vatan\u0131m sanarak bu y\u00fcrek s\u0131z\u0131s\u0131n\u0131,<br \/>Bir yapra\u011f\u0131 durmadan i\u015fliyorum bu \u00f6l\u00fcms\u00fcz a\u011faca.<\/p>\n<p>G\u00fcnlere,saatlere b\u00f6lerek bu y\u00fcrek s\u0131z\u0131s\u0131n\u0131&#8230;<\/p>\n<p>Hasan H\u00fcseyin KORKMAZG\u0130L<\/p>\n","protected":false},"excerpt":{"rendered":"<p>\u00a0 Y\u00fcre\u011fim s\u0131zlad\u0131\u011f\u0131 zamanGece yar\u0131lar\u0131ndan sonra,\u015fafaktan \u00f6nceBilmedi\u011fim bir istasyondan,bilmedi\u011fim bir m\u00fczik geliyor kula\u011f\u0131ma:Uzakvah\u015fiKaranl\u0131k&#8230;Gece denizleri gibi bir m\u00fczik,Bat\u0131k gemilerli gece denizleri gibi bir m\u00fczik,\u00c7a\u011f\u0131r\u0131yor,\u00e7a\u011f\u0131r\u0131yor beni durmadanVe belki de i\u015fte o zaman ba\u015fl\u0131yor s\u0131zlamaya y\u00fcre\u011fim. Y\u00fcre\u011fim s\u0131zlad\u0131\u011f\u0131 zamanDuvarlar\u0131 banka afi\u015fli \u00e7ok eski bir \u015fehrin Cumhuriyet Caddesi&#8217;nde iki t\u00fcfek bir kelep\u00e7e,T\u00fcfekler garip garipKelep\u00e7e garip&#8230;\u00d6yle beter\u00d6yle \u00e7amurBir yaprak d\u00f6ne [&hellip;]<\/p>\n","protected":false},"author":1,"featured_media":0,"comment_status":"open","ping_status":"open","sticky":false,"template":"","format":"standard","meta":{"footnotes":""},"categories":[21],"tags":[],"class_list":{"0":"post-6553","1":"post","2":"type-post","3":"status-publish","4":"format-standard","6":"category-h-huseyin-korkmazgil"},"yoast_head":"<!-- This site is optimized with the Yoast SEO Premium plugin v24.9 (Yoast SEO v24.9) - https:\/\/yoast.com\/wordpress\/plugins\/seo\/ -->\n<title>Y\u00dcRE\u011e\u0130M SIZLADI\u011eI ZAMAN - narteks.net<\/title>\n<meta name=\"robots\" content=\"index, follow, max-snippet:-1, max-image-preview:large, max-video-preview:-1\" \/>\n<link rel=\"canonical\" href=\"https:\/\/narteks.net\/index.php\/2011\/06\/09\/yuregim-sizladigi-zaman\/\" \/>\n<meta property=\"og:locale\" content=\"tr_TR\" \/>\n<meta property=\"og:type\" content=\"article\" \/>\n<meta property=\"og:title\" content=\"Y\u00dcRE\u011e\u0130M SIZLADI\u011eI ZAMAN\" \/>\n<meta property=\"og:description\" content=\"\u00a0 Y\u00fcre\u011fim s\u0131zlad\u0131\u011f\u0131 zamanGece yar\u0131lar\u0131ndan sonra,\u015fafaktan \u00f6nceBilmedi\u011fim bir istasyondan,bilmedi\u011fim bir m\u00fczik geliyor kula\u011f\u0131ma:Uzakvah\u015fiKaranl\u0131k&#8230;Gece denizleri gibi bir m\u00fczik,Bat\u0131k gemilerli gece denizleri gibi bir m\u00fczik,\u00c7a\u011f\u0131r\u0131yor,\u00e7a\u011f\u0131r\u0131yor beni durmadanVe belki de i\u015fte o zaman ba\u015fl\u0131yor s\u0131zlamaya y\u00fcre\u011fim. Y\u00fcre\u011fim s\u0131zlad\u0131\u011f\u0131 zamanDuvarlar\u0131 banka afi\u015fli \u00e7ok eski bir \u015fehrin Cumhuriyet Caddesi&#8217;nde iki t\u00fcfek bir kelep\u00e7e,T\u00fcfekler garip garipKelep\u00e7e garip&#8230;\u00d6yle beter\u00d6yle \u00e7amurBir yaprak d\u00f6ne [&hellip;]\" \/>\n<meta property=\"og:url\" content=\"https:\/\/narteks.net\/index.php\/2011\/06\/09\/yuregim-sizladigi-zaman\/\" \/>\n<meta property=\"og:site_name\" content=\"narteks.net\" \/>\n<meta property=\"article:published_time\" content=\"2011-06-09T08:47:46+00:00\" \/>\n<meta property=\"og:image\" content=\"https:\/\/narteks.net\/wp-content\/uploads\/narteks.png\" \/>\n\t<meta property=\"og:image:width\" content=\"300\" \/>\n\t<meta property=\"og:image:height\" content=\"90\" \/>\n\t<meta property=\"og:image:type\" content=\"image\/png\" \/>\n<meta name=\"author\" content=\"Tar\u0131k\" \/>\n<meta name=\"twitter:card\" content=\"summary_large_image\" \/>\n<meta name=\"twitter:creator\" content=\"@narteks\" \/>\n<meta name=\"twitter:site\" content=\"@narteks\" \/>\n<meta name=\"twitter:label1\" content=\"Yazan:\" \/>\n\t<meta name=\"twitter:data1\" content=\"Tar\u0131k\" \/>\n\t<meta name=\"twitter:label2\" content=\"Tahmini okuma s\u00fcresi\" \/>\n\t<meta name=\"twitter:data2\" content=\"2 dakika\" \/>\n<script type=\"application\/ld+json\" class=\"yoast-schema-graph\">{\"@context\":\"https:\/\/schema.org\",\"@graph\":[{\"@type\":\"Article\",\"@id\":\"https:\/\/narteks.net\/index.php\/2011\/06\/09\/yuregim-sizladigi-zaman\/#article\",\"isPartOf\":{\"@id\":\"https:\/\/narteks.net\/index.php\/2011\/06\/09\/yuregim-sizladigi-zaman\/\"},\"author\":{\"name\":\"Tar\u0131k\",\"@id\":\"https:\/\/narteks.net\/#\/schema\/person\/61f37d9834294b72d31d274e7ed79bca\"},\"headline\":\"Y\u00dcRE\u011e\u0130M SIZLADI\u011eI ZAMAN\",\"datePublished\":\"2011-06-09T08:47:46+00:00\",\"mainEntityOfPage\":{\"@id\":\"https:\/\/narteks.net\/index.php\/2011\/06\/09\/yuregim-sizladigi-zaman\/\"},\"wordCount\":470,\"commentCount\":0,\"publisher\":{\"@id\":\"https:\/\/narteks.net\/#organization\"},\"articleSection\":[\"H.H\u00fcseyin KORKMAZG\u0130L\"],\"inLanguage\":\"tr\",\"potentialAction\":[{\"@type\":\"CommentAction\",\"name\":\"Comment\",\"target\":[\"https:\/\/narteks.net\/index.php\/2011\/06\/09\/yuregim-sizladigi-zaman\/#respond\"]}]},{\"@type\":\"WebPage\",\"@id\":\"https:\/\/narteks.net\/index.php\/2011\/06\/09\/yuregim-sizladigi-zaman\/\",\"url\":\"https:\/\/narteks.net\/index.php\/2011\/06\/09\/yuregim-sizladigi-zaman\/\",\"name\":\"Y\u00dcRE\u011e\u0130M SIZLADI\u011eI ZAMAN - narteks.net\",\"isPartOf\":{\"@id\":\"https:\/\/narteks.net\/#website\"},\"datePublished\":\"2011-06-09T08:47:46+00:00\",\"breadcrumb\":{\"@id\":\"https:\/\/narteks.net\/index.php\/2011\/06\/09\/yuregim-sizladigi-zaman\/#breadcrumb\"},\"inLanguage\":\"tr\",\"potentialAction\":[{\"@type\":\"ReadAction\",\"target\":[\"https:\/\/narteks.net\/index.php\/2011\/06\/09\/yuregim-sizladigi-zaman\/\"]}]},{\"@type\":\"BreadcrumbList\",\"@id\":\"https:\/\/narteks.net\/index.php\/2011\/06\/09\/yuregim-sizladigi-zaman\/#breadcrumb\",\"itemListElement\":[{\"@type\":\"ListItem\",\"position\":1,\"name\":\"Anasayfa\",\"item\":\"https:\/\/narteks.net\/\"},{\"@type\":\"ListItem\",\"position\":2,\"name\":\"Y\u00dcRE\u011e\u0130M SIZLADI\u011eI ZAMAN\"}]},{\"@type\":\"WebSite\",\"@id\":\"https:\/\/narteks.net\/#website\",\"url\":\"https:\/\/narteks.net\/\",\"name\":\"narteks.net\",\"description\":\"K\u00fclt\u00fcr Sanat Edebiyat Felsefe\",\"publisher\":{\"@id\":\"https:\/\/narteks.net\/#organization\"},\"alternateName\":\"K\u00fclt\u00fcr Sanat Edebiyat Felsefe\",\"potentialAction\":[{\"@type\":\"SearchAction\",\"target\":{\"@type\":\"EntryPoint\",\"urlTemplate\":\"https:\/\/narteks.net\/?s={search_term_string}\"},\"query-input\":{\"@type\":\"PropertyValueSpecification\",\"valueRequired\":true,\"valueName\":\"search_term_string\"}}],\"inLanguage\":\"tr\"},{\"@type\":\"Organization\",\"@id\":\"https:\/\/narteks.net\/#organization\",\"name\":\"narteks.net\",\"url\":\"https:\/\/narteks.net\/\",\"logo\":{\"@type\":\"ImageObject\",\"inLanguage\":\"tr\",\"@id\":\"https:\/\/narteks.net\/#\/schema\/logo\/image\/\",\"url\":\"https:\/\/narteks.net\/wp-content\/uploads\/narteks.png\",\"contentUrl\":\"https:\/\/narteks.net\/wp-content\/uploads\/narteks.png\",\"width\":300,\"height\":90,\"caption\":\"narteks.net\"},\"image\":{\"@id\":\"https:\/\/narteks.net\/#\/schema\/logo\/image\/\"},\"sameAs\":[\"https:\/\/x.com\/narteks\",\"https:\/\/instagram.com\/narteksnet\"]},{\"@type\":\"Person\",\"@id\":\"https:\/\/narteks.net\/#\/schema\/person\/61f37d9834294b72d31d274e7ed79bca\",\"name\":\"Tar\u0131k\",\"image\":{\"@type\":\"ImageObject\",\"inLanguage\":\"tr\",\"@id\":\"https:\/\/narteks.net\/#\/schema\/person\/image\/\",\"url\":\"https:\/\/secure.gravatar.com\/avatar\/50865afb55632c4ae467e0af0930f6510aa2297d8014be502a55b14f3b7550cf?s=96&d=mm&r=g\",\"contentUrl\":\"https:\/\/secure.gravatar.com\/avatar\/50865afb55632c4ae467e0af0930f6510aa2297d8014be502a55b14f3b7550cf?s=96&d=mm&r=g\",\"caption\":\"Tar\u0131k\"},\"sameAs\":[\"http:\/\/narteks.net\"],\"url\":\"https:\/\/narteks.net\/index.php\/author\/narbak\/\"}]}<\/script>\n<!-- \/ Yoast SEO Premium plugin. -->","yoast_head_json":{"title":"Y\u00dcRE\u011e\u0130M SIZLADI\u011eI ZAMAN - narteks.net","robots":{"index":"index","follow":"follow","max-snippet":"max-snippet:-1","max-image-preview":"max-image-preview:large","max-video-preview":"max-video-preview:-1"},"canonical":"https:\/\/narteks.net\/index.php\/2011\/06\/09\/yuregim-sizladigi-zaman\/","og_locale":"tr_TR","og_type":"article","og_title":"Y\u00dcRE\u011e\u0130M SIZLADI\u011eI ZAMAN","og_description":"\u00a0 Y\u00fcre\u011fim s\u0131zlad\u0131\u011f\u0131 zamanGece yar\u0131lar\u0131ndan sonra,\u015fafaktan \u00f6nceBilmedi\u011fim bir istasyondan,bilmedi\u011fim bir m\u00fczik geliyor kula\u011f\u0131ma:Uzakvah\u015fiKaranl\u0131k&#8230;Gece denizleri gibi bir m\u00fczik,Bat\u0131k gemilerli gece denizleri gibi bir m\u00fczik,\u00c7a\u011f\u0131r\u0131yor,\u00e7a\u011f\u0131r\u0131yor beni durmadanVe belki de i\u015fte o zaman ba\u015fl\u0131yor s\u0131zlamaya y\u00fcre\u011fim. Y\u00fcre\u011fim s\u0131zlad\u0131\u011f\u0131 zamanDuvarlar\u0131 banka afi\u015fli \u00e7ok eski bir \u015fehrin Cumhuriyet Caddesi&#8217;nde iki t\u00fcfek bir kelep\u00e7e,T\u00fcfekler garip garipKelep\u00e7e garip&#8230;\u00d6yle beter\u00d6yle \u00e7amurBir yaprak d\u00f6ne [&hellip;]","og_url":"https:\/\/narteks.net\/index.php\/2011\/06\/09\/yuregim-sizladigi-zaman\/","og_site_name":"narteks.net","article_published_time":"2011-06-09T08:47:46+00:00","og_image":[{"width":300,"height":90,"url":"https:\/\/narteks.net\/wp-content\/uploads\/narteks.png","type":"image\/png"}],"author":"Tar\u0131k","twitter_card":"summary_large_image","twitter_creator":"@narteks","twitter_site":"@narteks","twitter_misc":{"Yazan:":"Tar\u0131k","Tahmini okuma s\u00fcresi":"2 dakika"},"schema":{"@context":"https:\/\/schema.org","@graph":[{"@type":"Article","@id":"https:\/\/narteks.net\/index.php\/2011\/06\/09\/yuregim-sizladigi-zaman\/#article","isPartOf":{"@id":"https:\/\/narteks.net\/index.php\/2011\/06\/09\/yuregim-sizladigi-zaman\/"},"author":{"name":"Tar\u0131k","@id":"https:\/\/narteks.net\/#\/schema\/person\/61f37d9834294b72d31d274e7ed79bca"},"headline":"Y\u00dcRE\u011e\u0130M SIZLADI\u011eI ZAMAN","datePublished":"2011-06-09T08:47:46+00:00","mainEntityOfPage":{"@id":"https:\/\/narteks.net\/index.php\/2011\/06\/09\/yuregim-sizladigi-zaman\/"},"wordCount":470,"commentCount":0,"publisher":{"@id":"https:\/\/narteks.net\/#organization"},"articleSection":["H.H\u00fcseyin KORKMAZG\u0130L"],"inLanguage":"tr","potentialAction":[{"@type":"CommentAction","name":"Comment","target":["https:\/\/narteks.net\/index.php\/2011\/06\/09\/yuregim-sizladigi-zaman\/#respond"]}]},{"@type":"WebPage","@id":"https:\/\/narteks.net\/index.php\/2011\/06\/09\/yuregim-sizladigi-zaman\/","url":"https:\/\/narteks.net\/index.php\/2011\/06\/09\/yuregim-sizladigi-zaman\/","name":"Y\u00dcRE\u011e\u0130M SIZLADI\u011eI ZAMAN - narteks.net","isPartOf":{"@id":"https:\/\/narteks.net\/#website"},"datePublished":"2011-06-09T08:47:46+00:00","breadcrumb":{"@id":"https:\/\/narteks.net\/index.php\/2011\/06\/09\/yuregim-sizladigi-zaman\/#breadcrumb"},"inLanguage":"tr","potentialAction":[{"@type":"ReadAction","target":["https:\/\/narteks.net\/index.php\/2011\/06\/09\/yuregim-sizladigi-zaman\/"]}]},{"@type":"BreadcrumbList","@id":"https:\/\/narteks.net\/index.php\/2011\/06\/09\/yuregim-sizladigi-zaman\/#breadcrumb","itemListElement":[{"@type":"ListItem","position":1,"name":"Anasayfa","item":"https:\/\/narteks.net\/"},{"@type":"ListItem","position":2,"name":"Y\u00dcRE\u011e\u0130M SIZLADI\u011eI ZAMAN"}]},{"@type":"WebSite","@id":"https:\/\/narteks.net\/#website","url":"https:\/\/narteks.net\/","name":"narteks.net","description":"K\u00fclt\u00fcr Sanat Edebiyat Felsefe","publisher":{"@id":"https:\/\/narteks.net\/#organization"},"alternateName":"K\u00fclt\u00fcr Sanat Edebiyat Felsefe","potentialAction":[{"@type":"SearchAction","target":{"@type":"EntryPoint","urlTemplate":"https:\/\/narteks.net\/?s={search_term_string}"},"query-input":{"@type":"PropertyValueSpecification","valueRequired":true,"valueName":"search_term_string"}}],"inLanguage":"tr"},{"@type":"Organization","@id":"https:\/\/narteks.net\/#organization","name":"narteks.net","url":"https:\/\/narteks.net\/","logo":{"@type":"ImageObject","inLanguage":"tr","@id":"https:\/\/narteks.net\/#\/schema\/logo\/image\/","url":"https:\/\/narteks.net\/wp-content\/uploads\/narteks.png","contentUrl":"https:\/\/narteks.net\/wp-content\/uploads\/narteks.png","width":300,"height":90,"caption":"narteks.net"},"image":{"@id":"https:\/\/narteks.net\/#\/schema\/logo\/image\/"},"sameAs":["https:\/\/x.com\/narteks","https:\/\/instagram.com\/narteksnet"]},{"@type":"Person","@id":"https:\/\/narteks.net\/#\/schema\/person\/61f37d9834294b72d31d274e7ed79bca","name":"Tar\u0131k","image":{"@type":"ImageObject","inLanguage":"tr","@id":"https:\/\/narteks.net\/#\/schema\/person\/image\/","url":"https:\/\/secure.gravatar.com\/avatar\/50865afb55632c4ae467e0af0930f6510aa2297d8014be502a55b14f3b7550cf?s=96&d=mm&r=g","contentUrl":"https:\/\/secure.gravatar.com\/avatar\/50865afb55632c4ae467e0af0930f6510aa2297d8014be502a55b14f3b7550cf?s=96&d=mm&r=g","caption":"Tar\u0131k"},"sameAs":["http:\/\/narteks.net"],"url":"https:\/\/narteks.net\/index.php\/author\/narbak\/"}]}},"_links":{"self":[{"href":"https:\/\/narteks.net\/index.php\/wp-json\/wp\/v2\/posts\/6553","targetHints":{"allow":["GET"]}}],"collection":[{"href":"https:\/\/narteks.net\/index.php\/wp-json\/wp\/v2\/posts"}],"about":[{"href":"https:\/\/narteks.net\/index.php\/wp-json\/wp\/v2\/types\/post"}],"author":[{"embeddable":true,"href":"https:\/\/narteks.net\/index.php\/wp-json\/wp\/v2\/users\/1"}],"replies":[{"embeddable":true,"href":"https:\/\/narteks.net\/index.php\/wp-json\/wp\/v2\/comments?post=6553"}],"version-history":[{"count":0,"href":"https:\/\/narteks.net\/index.php\/wp-json\/wp\/v2\/posts\/6553\/revisions"}],"wp:attachment":[{"href":"https:\/\/narteks.net\/index.php\/wp-json\/wp\/v2\/media?parent=6553"}],"wp:term":[{"taxonomy":"category","embeddable":true,"href":"https:\/\/narteks.net\/index.php\/wp-json\/wp\/v2\/categories?post=6553"},{"taxonomy":"post_tag","embeddable":true,"href":"https:\/\/narteks.net\/index.php\/wp-json\/wp\/v2\/tags?post=6553"}],"curies":[{"name":"wp","href":"https:\/\/api.w.org\/{rel}","templated":true}]}}