{"id":6555,"date":"2011-06-09T12:13:26","date_gmt":"2011-06-09T09:13:26","guid":{"rendered":"http:\/\/localhost\/wordpress\/2011\/06\/09\/ulani-da-karacaoglan-ulani\/"},"modified":"2011-06-09T12:13:26","modified_gmt":"2011-06-09T09:13:26","slug":"ulani-da-karacaoglan-ulani","status":"publish","type":"post","link":"https:\/\/narteks.net\/index.php\/2011\/06\/09\/ulani-da-karacaoglan-ulani\/","title":{"rendered":"ULANI DA KARACAO\u011eLAN ULANI"},"content":{"rendered":"<p>\u00a0<\/p>\n<p>Hangi kad\u0131na baksam<br \/>Kar\u015f\u0131mda karaco\u011flan<br \/>Hangi kad\u0131nla yatsam<br \/>Karaco\u011flan kokuyor<\/p>\n<p>Ulan insaf bre hey<br \/>Ne g\u00f6z kalm\u0131\u015f bak\u0131lmad\u0131k,feleksiz!<br \/>Ne d\u00f6\u015f kalm\u0131\u015f \u00f6p\u00fclmedik,kitaps\u0131z!<br \/>Mor da\u011flar\u0131n yeli m\u2019oldun esersin<br \/>Haziran\u0131n g\u00fcl\u00fc m\u2019oldun t\u00fctersin<br \/>Gurbet ilin yolu m\u2019oldun,murats\u0131z<br \/>S\u0131la s\u0131la \u00f6zlem \u00f6zlem gezersin<br \/>Ulan insaf bre het!<\/p>\n<p>A\u00e7 kurt gibi ne dalars\u0131n s\u00fcr\u00fcye<br \/>Gerdan\u0131 benliye boyu selviye<br \/>Anas\u0131n\u0131n dizinde k\u00f6rpe kuzuya<br \/>Aman\u0131 da karaco\u011flan aman\u0131<br \/>Biz biliriz yi\u011fit ile yaman\u0131<br \/>\u00c7ukurova topra\u011f\u0131na inen duman\u0131<br \/>Bizim \u015fu da\u011flarda kar eylemi\u015fsin<br \/>Ulan insaf bre hey!<\/p>\n<p>Bu d\u00fcnyaya biz de geldik gideriz<br \/>G\u00fczeller i\u00e7inde yars\u0131z gezeriz<br \/>Karaco\u011flan sevdi diye susar\u0131z<br \/>Ulan\u0131da karaco\u011flan ulan\u0131<br \/>Biz severiz all\u0131 pullu yalan\u0131<br \/>\u00d6pt\u00fcn diye koynumdaki yatan\u0131<br \/>G\u00fcller diken diken de\u011fer elime<br \/>Morlar k\u0131z\u0131l k\u0131z\u0131l yakar elimi<br \/>Sevdice\u011fim s\u00f6vg\u00fc olur dilime<br \/>Ulan insaf bre hey!<\/p>\n<p>Hemeni de Karacao\u011flan hemeni<br \/>Biz s\u00f6yledik dilimize geleni<br \/>G\u00f6z ucundan bal k\u00fcp\u00fcnden g\u00fcleni<br \/>Yazd\u0131k defter defter destan eyledik!<br \/>\u00c7a\u011fda\u015f ozan der ki yellerim d\u00fc\u015f\u00fck<br \/>Ate\u015fim yanm\u0131yor \u00e7\u00f6mle\u011fim d\u00fc\u015f\u00fck<br \/>Karacao\u011flan sayg\u0131s\u0131ndan a\u015f\u0131lmaz e\u015fik<br \/>Geldi art\u0131k buram\u0131za,feleksiz!<br \/>B\u0131rak art\u0131k yakam\u0131z\u0131,kitaps\u0131z!<br \/>Yeter art\u0131k diledi\u011fin,murats\u0131z!<br \/>Al saz\u0131n\u0131 \u00e7\u0131k aradan,bacanak!<br \/>Hele b\u0131rak<br \/>Az\u0131c\u0131k da biz yanak!<br \/>Ulan insaf bre hey!<br \/>Ulan \u00e7apraz ulan yan\u0131k ulan sevdal\u0131!<br \/>Hangi kad\u0131na baksam<br \/>Kar\u015f\u0131mda karaco\u011flan<br \/>Hangi kad\u0131nla yatsam<br \/>Karaco\u011flan kokuyor<br \/>Ulan insaf bre hey!<\/p>\n<p>Hasan H\u00fcseyin KORKMAZG\u0130L<\/p>\n","protected":false},"excerpt":{"rendered":"<p>\u00a0 Hangi kad\u0131na baksamKar\u015f\u0131mda karaco\u011flanHangi kad\u0131nla yatsamKaraco\u011flan kokuyor Ulan insaf bre heyNe g\u00f6z kalm\u0131\u015f bak\u0131lmad\u0131k,feleksiz!Ne d\u00f6\u015f kalm\u0131\u015f \u00f6p\u00fclmedik,kitaps\u0131z!Mor da\u011flar\u0131n yeli m\u2019oldun esersinHaziran\u0131n g\u00fcl\u00fc m\u2019oldun t\u00fctersinGurbet ilin yolu m\u2019oldun,murats\u0131zS\u0131la s\u0131la \u00f6zlem \u00f6zlem gezersinUlan insaf bre het! A\u00e7 kurt gibi ne dalars\u0131n s\u00fcr\u00fcyeGerdan\u0131 benliye boyu selviyeAnas\u0131n\u0131n dizinde k\u00f6rpe kuzuyaAman\u0131 da karaco\u011flan aman\u0131Biz biliriz yi\u011fit ile yaman\u0131\u00c7ukurova topra\u011f\u0131na [&hellip;]<\/p>\n","protected":false},"author":1,"featured_media":0,"comment_status":"open","ping_status":"open","sticky":false,"template":"","format":"standard","meta":{"footnotes":""},"categories":[21],"tags":[],"class_list":{"0":"post-6555","1":"post","2":"type-post","3":"status-publish","4":"format-standard","6":"category-h-huseyin-korkmazgil"},"yoast_head":"<!-- This site is optimized with the Yoast SEO Premium plugin v24.9 (Yoast SEO v24.9) - https:\/\/yoast.com\/wordpress\/plugins\/seo\/ -->\n<title>ULANI DA KARACAO\u011eLAN ULANI - narteks.net<\/title>\n<meta name=\"robots\" content=\"index, follow, max-snippet:-1, max-image-preview:large, max-video-preview:-1\" \/>\n<link rel=\"canonical\" href=\"https:\/\/narteks.net\/index.php\/2011\/06\/09\/ulani-da-karacaoglan-ulani\/\" \/>\n<meta property=\"og:locale\" content=\"tr_TR\" \/>\n<meta property=\"og:type\" content=\"article\" \/>\n<meta property=\"og:title\" content=\"ULANI DA KARACAO\u011eLAN ULANI\" \/>\n<meta property=\"og:description\" content=\"\u00a0 Hangi kad\u0131na baksamKar\u015f\u0131mda karaco\u011flanHangi kad\u0131nla yatsamKaraco\u011flan kokuyor Ulan insaf bre heyNe g\u00f6z kalm\u0131\u015f bak\u0131lmad\u0131k,feleksiz!Ne d\u00f6\u015f kalm\u0131\u015f \u00f6p\u00fclmedik,kitaps\u0131z!Mor da\u011flar\u0131n yeli m\u2019oldun esersinHaziran\u0131n g\u00fcl\u00fc m\u2019oldun t\u00fctersinGurbet ilin yolu m\u2019oldun,murats\u0131zS\u0131la s\u0131la \u00f6zlem \u00f6zlem gezersinUlan insaf bre het! A\u00e7 kurt gibi ne dalars\u0131n s\u00fcr\u00fcyeGerdan\u0131 benliye boyu selviyeAnas\u0131n\u0131n dizinde k\u00f6rpe kuzuyaAman\u0131 da karaco\u011flan aman\u0131Biz biliriz yi\u011fit ile yaman\u0131\u00c7ukurova topra\u011f\u0131na [&hellip;]\" \/>\n<meta property=\"og:url\" content=\"https:\/\/narteks.net\/index.php\/2011\/06\/09\/ulani-da-karacaoglan-ulani\/\" \/>\n<meta property=\"og:site_name\" content=\"narteks.net\" \/>\n<meta property=\"article:published_time\" content=\"2011-06-09T09:13:26+00:00\" \/>\n<meta property=\"og:image\" content=\"https:\/\/narteks.net\/wp-content\/uploads\/narteks.png\" \/>\n\t<meta property=\"og:image:width\" content=\"300\" \/>\n\t<meta property=\"og:image:height\" content=\"90\" \/>\n\t<meta property=\"og:image:type\" content=\"image\/png\" \/>\n<meta name=\"author\" content=\"Tar\u0131k\" \/>\n<meta name=\"twitter:card\" content=\"summary_large_image\" \/>\n<meta name=\"twitter:creator\" content=\"@narteks\" \/>\n<meta name=\"twitter:site\" content=\"@narteks\" \/>\n<meta name=\"twitter:label1\" content=\"Yazan:\" \/>\n\t<meta name=\"twitter:data1\" content=\"Tar\u0131k\" \/>\n\t<meta name=\"twitter:label2\" content=\"Tahmini okuma s\u00fcresi\" \/>\n\t<meta name=\"twitter:data2\" content=\"1 dakika\" \/>\n<script type=\"application\/ld+json\" class=\"yoast-schema-graph\">{\"@context\":\"https:\/\/schema.org\",\"@graph\":[{\"@type\":\"Article\",\"@id\":\"https:\/\/narteks.net\/index.php\/2011\/06\/09\/ulani-da-karacaoglan-ulani\/#article\",\"isPartOf\":{\"@id\":\"https:\/\/narteks.net\/index.php\/2011\/06\/09\/ulani-da-karacaoglan-ulani\/\"},\"author\":{\"name\":\"Tar\u0131k\",\"@id\":\"https:\/\/narteks.net\/#\/schema\/person\/61f37d9834294b72d31d274e7ed79bca\"},\"headline\":\"ULANI DA KARACAO\u011eLAN ULANI\",\"datePublished\":\"2011-06-09T09:13:26+00:00\",\"mainEntityOfPage\":{\"@id\":\"https:\/\/narteks.net\/index.php\/2011\/06\/09\/ulani-da-karacaoglan-ulani\/\"},\"wordCount\":273,\"commentCount\":0,\"publisher\":{\"@id\":\"https:\/\/narteks.net\/#organization\"},\"articleSection\":[\"H.H\u00fcseyin KORKMAZG\u0130L\"],\"inLanguage\":\"tr\",\"potentialAction\":[{\"@type\":\"CommentAction\",\"name\":\"Comment\",\"target\":[\"https:\/\/narteks.net\/index.php\/2011\/06\/09\/ulani-da-karacaoglan-ulani\/#respond\"]}]},{\"@type\":\"WebPage\",\"@id\":\"https:\/\/narteks.net\/index.php\/2011\/06\/09\/ulani-da-karacaoglan-ulani\/\",\"url\":\"https:\/\/narteks.net\/index.php\/2011\/06\/09\/ulani-da-karacaoglan-ulani\/\",\"name\":\"ULANI DA KARACAO\u011eLAN ULANI - narteks.net\",\"isPartOf\":{\"@id\":\"https:\/\/narteks.net\/#website\"},\"datePublished\":\"2011-06-09T09:13:26+00:00\",\"breadcrumb\":{\"@id\":\"https:\/\/narteks.net\/index.php\/2011\/06\/09\/ulani-da-karacaoglan-ulani\/#breadcrumb\"},\"inLanguage\":\"tr\",\"potentialAction\":[{\"@type\":\"ReadAction\",\"target\":[\"https:\/\/narteks.net\/index.php\/2011\/06\/09\/ulani-da-karacaoglan-ulani\/\"]}]},{\"@type\":\"BreadcrumbList\",\"@id\":\"https:\/\/narteks.net\/index.php\/2011\/06\/09\/ulani-da-karacaoglan-ulani\/#breadcrumb\",\"itemListElement\":[{\"@type\":\"ListItem\",\"position\":1,\"name\":\"Anasayfa\",\"item\":\"https:\/\/narteks.net\/\"},{\"@type\":\"ListItem\",\"position\":2,\"name\":\"ULANI DA KARACAO\u011eLAN ULANI\"}]},{\"@type\":\"WebSite\",\"@id\":\"https:\/\/narteks.net\/#website\",\"url\":\"https:\/\/narteks.net\/\",\"name\":\"narteks.net\",\"description\":\"K\u00fclt\u00fcr Sanat Edebiyat Felsefe\",\"publisher\":{\"@id\":\"https:\/\/narteks.net\/#organization\"},\"alternateName\":\"K\u00fclt\u00fcr Sanat Edebiyat Felsefe\",\"potentialAction\":[{\"@type\":\"SearchAction\",\"target\":{\"@type\":\"EntryPoint\",\"urlTemplate\":\"https:\/\/narteks.net\/?s={search_term_string}\"},\"query-input\":{\"@type\":\"PropertyValueSpecification\",\"valueRequired\":true,\"valueName\":\"search_term_string\"}}],\"inLanguage\":\"tr\"},{\"@type\":\"Organization\",\"@id\":\"https:\/\/narteks.net\/#organization\",\"name\":\"narteks.net\",\"url\":\"https:\/\/narteks.net\/\",\"logo\":{\"@type\":\"ImageObject\",\"inLanguage\":\"tr\",\"@id\":\"https:\/\/narteks.net\/#\/schema\/logo\/image\/\",\"url\":\"https:\/\/narteks.net\/wp-content\/uploads\/narteks.png\",\"contentUrl\":\"https:\/\/narteks.net\/wp-content\/uploads\/narteks.png\",\"width\":300,\"height\":90,\"caption\":\"narteks.net\"},\"image\":{\"@id\":\"https:\/\/narteks.net\/#\/schema\/logo\/image\/\"},\"sameAs\":[\"https:\/\/x.com\/narteks\",\"https:\/\/instagram.com\/narteksnet\"]},{\"@type\":\"Person\",\"@id\":\"https:\/\/narteks.net\/#\/schema\/person\/61f37d9834294b72d31d274e7ed79bca\",\"name\":\"Tar\u0131k\",\"image\":{\"@type\":\"ImageObject\",\"inLanguage\":\"tr\",\"@id\":\"https:\/\/narteks.net\/#\/schema\/person\/image\/\",\"url\":\"https:\/\/secure.gravatar.com\/avatar\/50865afb55632c4ae467e0af0930f6510aa2297d8014be502a55b14f3b7550cf?s=96&d=mm&r=g\",\"contentUrl\":\"https:\/\/secure.gravatar.com\/avatar\/50865afb55632c4ae467e0af0930f6510aa2297d8014be502a55b14f3b7550cf?s=96&d=mm&r=g\",\"caption\":\"Tar\u0131k\"},\"sameAs\":[\"http:\/\/narteks.net\"],\"url\":\"https:\/\/narteks.net\/index.php\/author\/narbak\/\"}]}<\/script>\n<!-- \/ Yoast SEO Premium plugin. -->","yoast_head_json":{"title":"ULANI DA KARACAO\u011eLAN ULANI - narteks.net","robots":{"index":"index","follow":"follow","max-snippet":"max-snippet:-1","max-image-preview":"max-image-preview:large","max-video-preview":"max-video-preview:-1"},"canonical":"https:\/\/narteks.net\/index.php\/2011\/06\/09\/ulani-da-karacaoglan-ulani\/","og_locale":"tr_TR","og_type":"article","og_title":"ULANI DA KARACAO\u011eLAN ULANI","og_description":"\u00a0 Hangi kad\u0131na baksamKar\u015f\u0131mda karaco\u011flanHangi kad\u0131nla yatsamKaraco\u011flan kokuyor Ulan insaf bre heyNe g\u00f6z kalm\u0131\u015f bak\u0131lmad\u0131k,feleksiz!Ne d\u00f6\u015f kalm\u0131\u015f \u00f6p\u00fclmedik,kitaps\u0131z!Mor da\u011flar\u0131n yeli m\u2019oldun esersinHaziran\u0131n g\u00fcl\u00fc m\u2019oldun t\u00fctersinGurbet ilin yolu m\u2019oldun,murats\u0131zS\u0131la s\u0131la \u00f6zlem \u00f6zlem gezersinUlan insaf bre het! A\u00e7 kurt gibi ne dalars\u0131n s\u00fcr\u00fcyeGerdan\u0131 benliye boyu selviyeAnas\u0131n\u0131n dizinde k\u00f6rpe kuzuyaAman\u0131 da karaco\u011flan aman\u0131Biz biliriz yi\u011fit ile yaman\u0131\u00c7ukurova topra\u011f\u0131na [&hellip;]","og_url":"https:\/\/narteks.net\/index.php\/2011\/06\/09\/ulani-da-karacaoglan-ulani\/","og_site_name":"narteks.net","article_published_time":"2011-06-09T09:13:26+00:00","og_image":[{"width":300,"height":90,"url":"https:\/\/narteks.net\/wp-content\/uploads\/narteks.png","type":"image\/png"}],"author":"Tar\u0131k","twitter_card":"summary_large_image","twitter_creator":"@narteks","twitter_site":"@narteks","twitter_misc":{"Yazan:":"Tar\u0131k","Tahmini okuma s\u00fcresi":"1 dakika"},"schema":{"@context":"https:\/\/schema.org","@graph":[{"@type":"Article","@id":"https:\/\/narteks.net\/index.php\/2011\/06\/09\/ulani-da-karacaoglan-ulani\/#article","isPartOf":{"@id":"https:\/\/narteks.net\/index.php\/2011\/06\/09\/ulani-da-karacaoglan-ulani\/"},"author":{"name":"Tar\u0131k","@id":"https:\/\/narteks.net\/#\/schema\/person\/61f37d9834294b72d31d274e7ed79bca"},"headline":"ULANI DA KARACAO\u011eLAN ULANI","datePublished":"2011-06-09T09:13:26+00:00","mainEntityOfPage":{"@id":"https:\/\/narteks.net\/index.php\/2011\/06\/09\/ulani-da-karacaoglan-ulani\/"},"wordCount":273,"commentCount":0,"publisher":{"@id":"https:\/\/narteks.net\/#organization"},"articleSection":["H.H\u00fcseyin KORKMAZG\u0130L"],"inLanguage":"tr","potentialAction":[{"@type":"CommentAction","name":"Comment","target":["https:\/\/narteks.net\/index.php\/2011\/06\/09\/ulani-da-karacaoglan-ulani\/#respond"]}]},{"@type":"WebPage","@id":"https:\/\/narteks.net\/index.php\/2011\/06\/09\/ulani-da-karacaoglan-ulani\/","url":"https:\/\/narteks.net\/index.php\/2011\/06\/09\/ulani-da-karacaoglan-ulani\/","name":"ULANI DA KARACAO\u011eLAN ULANI - narteks.net","isPartOf":{"@id":"https:\/\/narteks.net\/#website"},"datePublished":"2011-06-09T09:13:26+00:00","breadcrumb":{"@id":"https:\/\/narteks.net\/index.php\/2011\/06\/09\/ulani-da-karacaoglan-ulani\/#breadcrumb"},"inLanguage":"tr","potentialAction":[{"@type":"ReadAction","target":["https:\/\/narteks.net\/index.php\/2011\/06\/09\/ulani-da-karacaoglan-ulani\/"]}]},{"@type":"BreadcrumbList","@id":"https:\/\/narteks.net\/index.php\/2011\/06\/09\/ulani-da-karacaoglan-ulani\/#breadcrumb","itemListElement":[{"@type":"ListItem","position":1,"name":"Anasayfa","item":"https:\/\/narteks.net\/"},{"@type":"ListItem","position":2,"name":"ULANI DA KARACAO\u011eLAN ULANI"}]},{"@type":"WebSite","@id":"https:\/\/narteks.net\/#website","url":"https:\/\/narteks.net\/","name":"narteks.net","description":"K\u00fclt\u00fcr Sanat Edebiyat Felsefe","publisher":{"@id":"https:\/\/narteks.net\/#organization"},"alternateName":"K\u00fclt\u00fcr Sanat Edebiyat Felsefe","potentialAction":[{"@type":"SearchAction","target":{"@type":"EntryPoint","urlTemplate":"https:\/\/narteks.net\/?s={search_term_string}"},"query-input":{"@type":"PropertyValueSpecification","valueRequired":true,"valueName":"search_term_string"}}],"inLanguage":"tr"},{"@type":"Organization","@id":"https:\/\/narteks.net\/#organization","name":"narteks.net","url":"https:\/\/narteks.net\/","logo":{"@type":"ImageObject","inLanguage":"tr","@id":"https:\/\/narteks.net\/#\/schema\/logo\/image\/","url":"https:\/\/narteks.net\/wp-content\/uploads\/narteks.png","contentUrl":"https:\/\/narteks.net\/wp-content\/uploads\/narteks.png","width":300,"height":90,"caption":"narteks.net"},"image":{"@id":"https:\/\/narteks.net\/#\/schema\/logo\/image\/"},"sameAs":["https:\/\/x.com\/narteks","https:\/\/instagram.com\/narteksnet"]},{"@type":"Person","@id":"https:\/\/narteks.net\/#\/schema\/person\/61f37d9834294b72d31d274e7ed79bca","name":"Tar\u0131k","image":{"@type":"ImageObject","inLanguage":"tr","@id":"https:\/\/narteks.net\/#\/schema\/person\/image\/","url":"https:\/\/secure.gravatar.com\/avatar\/50865afb55632c4ae467e0af0930f6510aa2297d8014be502a55b14f3b7550cf?s=96&d=mm&r=g","contentUrl":"https:\/\/secure.gravatar.com\/avatar\/50865afb55632c4ae467e0af0930f6510aa2297d8014be502a55b14f3b7550cf?s=96&d=mm&r=g","caption":"Tar\u0131k"},"sameAs":["http:\/\/narteks.net"],"url":"https:\/\/narteks.net\/index.php\/author\/narbak\/"}]}},"_links":{"self":[{"href":"https:\/\/narteks.net\/index.php\/wp-json\/wp\/v2\/posts\/6555","targetHints":{"allow":["GET"]}}],"collection":[{"href":"https:\/\/narteks.net\/index.php\/wp-json\/wp\/v2\/posts"}],"about":[{"href":"https:\/\/narteks.net\/index.php\/wp-json\/wp\/v2\/types\/post"}],"author":[{"embeddable":true,"href":"https:\/\/narteks.net\/index.php\/wp-json\/wp\/v2\/users\/1"}],"replies":[{"embeddable":true,"href":"https:\/\/narteks.net\/index.php\/wp-json\/wp\/v2\/comments?post=6555"}],"version-history":[{"count":0,"href":"https:\/\/narteks.net\/index.php\/wp-json\/wp\/v2\/posts\/6555\/revisions"}],"wp:attachment":[{"href":"https:\/\/narteks.net\/index.php\/wp-json\/wp\/v2\/media?parent=6555"}],"wp:term":[{"taxonomy":"category","embeddable":true,"href":"https:\/\/narteks.net\/index.php\/wp-json\/wp\/v2\/categories?post=6555"},{"taxonomy":"post_tag","embeddable":true,"href":"https:\/\/narteks.net\/index.php\/wp-json\/wp\/v2\/tags?post=6555"}],"curies":[{"name":"wp","href":"https:\/\/api.w.org\/{rel}","templated":true}]}}