{"id":6556,"date":"2011-06-09T12:31:18","date_gmt":"2011-06-09T09:31:18","guid":{"rendered":"http:\/\/localhost\/wordpress\/2011\/06\/09\/seni-nasil-ozledigim\/"},"modified":"2011-06-09T12:31:18","modified_gmt":"2011-06-09T09:31:18","slug":"seni-nasil-ozledigim","status":"publish","type":"post","link":"https:\/\/narteks.net\/index.php\/2011\/06\/09\/seni-nasil-ozledigim\/","title":{"rendered":"SEN\u0130 NASIL \u00d6ZLED\u0130\u011e\u0130M"},"content":{"rendered":"<p>\u00a0<\/p>\n<p>Sen su\u00e7lu de\u011filsin yarg\u0131 kader bu<br \/>Mah\u015fere dek sanmam \u00e7eker gider bu<br \/>\u00d6l\u00fcmden bin kere daha beter bu<br \/>Anlatamaya k\u00e2fi de\u011fildir s\u00f6zlerim<br \/>Bile bilsen seni nas\u0131l \u00f6zledi\u011fimi.<\/p>\n<p>Ba\u015f\u0131m\u0131 g\u00f6\u011fs\u00fcne koydu\u011fum g\u00fcn\u00fc<br \/>An an dakika dakika sayd\u0131\u011f\u0131m g\u00fcn\u00fc<br \/>O g\u00fczel s\u00f6z\u00fcn\u00fcn duydu\u011fum g\u00fcn\u00fc<br \/>Bayram ederim g\u00f6zlerim seni g\u00f6rd\u00fc\u011f\u00fc an\u0131<br \/>Bile bilsen seni nas\u0131l \u00f6zledi\u011fimi.<\/p>\n<p>Son haber viran etti \u015fu deli g\u00f6nl\u00fcm\u00fc<br \/>Bilmiyorum o anda d\u00fcnya d\u00f6nd\u00fcm\u00fc<br \/>Hasretinden atmaz oldu bu deli g\u00f6n\u00fcl<br \/>Ah bile bilsen bu y\u00fcre\u011fin seni nas\u0131l.<br \/>\u00d6zledi\u011fini<\/p>\n<p>Adonis<\/p>\n","protected":false},"excerpt":{"rendered":"<p>\u00a0 Sen su\u00e7lu de\u011filsin yarg\u0131 kader buMah\u015fere dek sanmam \u00e7eker gider bu\u00d6l\u00fcmden bin kere daha beter buAnlatamaya k\u00e2fi de\u011fildir s\u00f6zlerimBile bilsen seni nas\u0131l \u00f6zledi\u011fimi. Ba\u015f\u0131m\u0131 g\u00f6\u011fs\u00fcne koydu\u011fum g\u00fcn\u00fcAn an dakika dakika sayd\u0131\u011f\u0131m g\u00fcn\u00fcO g\u00fczel s\u00f6z\u00fcn\u00fcn duydu\u011fum g\u00fcn\u00fcBayram ederim g\u00f6zlerim seni g\u00f6rd\u00fc\u011f\u00fc an\u0131Bile bilsen seni nas\u0131l \u00f6zledi\u011fimi. Son haber viran etti \u015fu deli g\u00f6nl\u00fcm\u00fcBilmiyorum o anda [&hellip;]<\/p>\n","protected":false},"author":1,"featured_media":0,"comment_status":"open","ping_status":"open","sticky":false,"template":"","format":"standard","meta":{"footnotes":""},"categories":[143],"tags":[],"class_list":{"0":"post-6556","1":"post","2":"type-post","3":"status-publish","4":"format-standard","6":"category-adonis"},"yoast_head":"<!-- This site is optimized with the Yoast SEO Premium plugin v24.9 (Yoast SEO v24.9) - https:\/\/yoast.com\/wordpress\/plugins\/seo\/ -->\n<title>SEN\u0130 NASIL \u00d6ZLED\u0130\u011e\u0130M - narteks.net<\/title>\n<meta name=\"robots\" content=\"index, follow, max-snippet:-1, max-image-preview:large, max-video-preview:-1\" \/>\n<link rel=\"canonical\" href=\"https:\/\/narteks.net\/index.php\/2011\/06\/09\/seni-nasil-ozledigim\/\" \/>\n<meta property=\"og:locale\" content=\"tr_TR\" \/>\n<meta property=\"og:type\" content=\"article\" \/>\n<meta property=\"og:title\" content=\"SEN\u0130 NASIL \u00d6ZLED\u0130\u011e\u0130M\" \/>\n<meta property=\"og:description\" content=\"\u00a0 Sen su\u00e7lu de\u011filsin yarg\u0131 kader buMah\u015fere dek sanmam \u00e7eker gider bu\u00d6l\u00fcmden bin kere daha beter buAnlatamaya k\u00e2fi de\u011fildir s\u00f6zlerimBile bilsen seni nas\u0131l \u00f6zledi\u011fimi. Ba\u015f\u0131m\u0131 g\u00f6\u011fs\u00fcne koydu\u011fum g\u00fcn\u00fcAn an dakika dakika sayd\u0131\u011f\u0131m g\u00fcn\u00fcO g\u00fczel s\u00f6z\u00fcn\u00fcn duydu\u011fum g\u00fcn\u00fcBayram ederim g\u00f6zlerim seni g\u00f6rd\u00fc\u011f\u00fc an\u0131Bile bilsen seni nas\u0131l \u00f6zledi\u011fimi. Son haber viran etti \u015fu deli g\u00f6nl\u00fcm\u00fcBilmiyorum o anda [&hellip;]\" \/>\n<meta property=\"og:url\" content=\"https:\/\/narteks.net\/index.php\/2011\/06\/09\/seni-nasil-ozledigim\/\" \/>\n<meta property=\"og:site_name\" content=\"narteks.net\" \/>\n<meta property=\"article:published_time\" content=\"2011-06-09T09:31:18+00:00\" \/>\n<meta property=\"og:image\" content=\"https:\/\/narteks.net\/wp-content\/uploads\/narteks.png\" \/>\n\t<meta property=\"og:image:width\" content=\"300\" \/>\n\t<meta property=\"og:image:height\" content=\"90\" \/>\n\t<meta property=\"og:image:type\" content=\"image\/png\" \/>\n<meta name=\"author\" content=\"Tar\u0131k\" \/>\n<meta name=\"twitter:card\" content=\"summary_large_image\" \/>\n<meta name=\"twitter:creator\" content=\"@narteks\" \/>\n<meta name=\"twitter:site\" content=\"@narteks\" \/>\n<meta name=\"twitter:label1\" content=\"Yazan:\" \/>\n\t<meta name=\"twitter:data1\" content=\"Tar\u0131k\" \/>\n\t<meta name=\"twitter:label2\" content=\"Tahmini okuma s\u00fcresi\" \/>\n\t<meta name=\"twitter:data2\" content=\"1 dakika\" \/>\n<script type=\"application\/ld+json\" class=\"yoast-schema-graph\">{\"@context\":\"https:\/\/schema.org\",\"@graph\":[{\"@type\":\"Article\",\"@id\":\"https:\/\/narteks.net\/index.php\/2011\/06\/09\/seni-nasil-ozledigim\/#article\",\"isPartOf\":{\"@id\":\"https:\/\/narteks.net\/index.php\/2011\/06\/09\/seni-nasil-ozledigim\/\"},\"author\":{\"name\":\"Tar\u0131k\",\"@id\":\"https:\/\/narteks.net\/#\/schema\/person\/61f37d9834294b72d31d274e7ed79bca\"},\"headline\":\"SEN\u0130 NASIL \u00d6ZLED\u0130\u011e\u0130M\",\"datePublished\":\"2011-06-09T09:31:18+00:00\",\"mainEntityOfPage\":{\"@id\":\"https:\/\/narteks.net\/index.php\/2011\/06\/09\/seni-nasil-ozledigim\/\"},\"wordCount\":117,\"commentCount\":0,\"publisher\":{\"@id\":\"https:\/\/narteks.net\/#organization\"},\"articleSection\":[\"ADON\u0130S\"],\"inLanguage\":\"tr\",\"potentialAction\":[{\"@type\":\"CommentAction\",\"name\":\"Comment\",\"target\":[\"https:\/\/narteks.net\/index.php\/2011\/06\/09\/seni-nasil-ozledigim\/#respond\"]}]},{\"@type\":\"WebPage\",\"@id\":\"https:\/\/narteks.net\/index.php\/2011\/06\/09\/seni-nasil-ozledigim\/\",\"url\":\"https:\/\/narteks.net\/index.php\/2011\/06\/09\/seni-nasil-ozledigim\/\",\"name\":\"SEN\u0130 NASIL \u00d6ZLED\u0130\u011e\u0130M - narteks.net\",\"isPartOf\":{\"@id\":\"https:\/\/narteks.net\/#website\"},\"datePublished\":\"2011-06-09T09:31:18+00:00\",\"breadcrumb\":{\"@id\":\"https:\/\/narteks.net\/index.php\/2011\/06\/09\/seni-nasil-ozledigim\/#breadcrumb\"},\"inLanguage\":\"tr\",\"potentialAction\":[{\"@type\":\"ReadAction\",\"target\":[\"https:\/\/narteks.net\/index.php\/2011\/06\/09\/seni-nasil-ozledigim\/\"]}]},{\"@type\":\"BreadcrumbList\",\"@id\":\"https:\/\/narteks.net\/index.php\/2011\/06\/09\/seni-nasil-ozledigim\/#breadcrumb\",\"itemListElement\":[{\"@type\":\"ListItem\",\"position\":1,\"name\":\"Anasayfa\",\"item\":\"https:\/\/narteks.net\/\"},{\"@type\":\"ListItem\",\"position\":2,\"name\":\"SEN\u0130 NASIL \u00d6ZLED\u0130\u011e\u0130M\"}]},{\"@type\":\"WebSite\",\"@id\":\"https:\/\/narteks.net\/#website\",\"url\":\"https:\/\/narteks.net\/\",\"name\":\"narteks.net\",\"description\":\"K\u00fclt\u00fcr Sanat Edebiyat Felsefe\",\"publisher\":{\"@id\":\"https:\/\/narteks.net\/#organization\"},\"alternateName\":\"K\u00fclt\u00fcr Sanat Edebiyat Felsefe\",\"potentialAction\":[{\"@type\":\"SearchAction\",\"target\":{\"@type\":\"EntryPoint\",\"urlTemplate\":\"https:\/\/narteks.net\/?s={search_term_string}\"},\"query-input\":{\"@type\":\"PropertyValueSpecification\",\"valueRequired\":true,\"valueName\":\"search_term_string\"}}],\"inLanguage\":\"tr\"},{\"@type\":\"Organization\",\"@id\":\"https:\/\/narteks.net\/#organization\",\"name\":\"narteks.net\",\"url\":\"https:\/\/narteks.net\/\",\"logo\":{\"@type\":\"ImageObject\",\"inLanguage\":\"tr\",\"@id\":\"https:\/\/narteks.net\/#\/schema\/logo\/image\/\",\"url\":\"https:\/\/narteks.net\/wp-content\/uploads\/narteks.png\",\"contentUrl\":\"https:\/\/narteks.net\/wp-content\/uploads\/narteks.png\",\"width\":300,\"height\":90,\"caption\":\"narteks.net\"},\"image\":{\"@id\":\"https:\/\/narteks.net\/#\/schema\/logo\/image\/\"},\"sameAs\":[\"https:\/\/x.com\/narteks\",\"https:\/\/instagram.com\/narteksnet\"]},{\"@type\":\"Person\",\"@id\":\"https:\/\/narteks.net\/#\/schema\/person\/61f37d9834294b72d31d274e7ed79bca\",\"name\":\"Tar\u0131k\",\"image\":{\"@type\":\"ImageObject\",\"inLanguage\":\"tr\",\"@id\":\"https:\/\/narteks.net\/#\/schema\/person\/image\/\",\"url\":\"https:\/\/secure.gravatar.com\/avatar\/50865afb55632c4ae467e0af0930f6510aa2297d8014be502a55b14f3b7550cf?s=96&d=mm&r=g\",\"contentUrl\":\"https:\/\/secure.gravatar.com\/avatar\/50865afb55632c4ae467e0af0930f6510aa2297d8014be502a55b14f3b7550cf?s=96&d=mm&r=g\",\"caption\":\"Tar\u0131k\"},\"sameAs\":[\"http:\/\/narteks.net\"],\"url\":\"https:\/\/narteks.net\/index.php\/author\/narbak\/\"}]}<\/script>\n<!-- \/ Yoast SEO Premium plugin. -->","yoast_head_json":{"title":"SEN\u0130 NASIL \u00d6ZLED\u0130\u011e\u0130M - narteks.net","robots":{"index":"index","follow":"follow","max-snippet":"max-snippet:-1","max-image-preview":"max-image-preview:large","max-video-preview":"max-video-preview:-1"},"canonical":"https:\/\/narteks.net\/index.php\/2011\/06\/09\/seni-nasil-ozledigim\/","og_locale":"tr_TR","og_type":"article","og_title":"SEN\u0130 NASIL \u00d6ZLED\u0130\u011e\u0130M","og_description":"\u00a0 Sen su\u00e7lu de\u011filsin yarg\u0131 kader buMah\u015fere dek sanmam \u00e7eker gider bu\u00d6l\u00fcmden bin kere daha beter buAnlatamaya k\u00e2fi de\u011fildir s\u00f6zlerimBile bilsen seni nas\u0131l \u00f6zledi\u011fimi. Ba\u015f\u0131m\u0131 g\u00f6\u011fs\u00fcne koydu\u011fum g\u00fcn\u00fcAn an dakika dakika sayd\u0131\u011f\u0131m g\u00fcn\u00fcO g\u00fczel s\u00f6z\u00fcn\u00fcn duydu\u011fum g\u00fcn\u00fcBayram ederim g\u00f6zlerim seni g\u00f6rd\u00fc\u011f\u00fc an\u0131Bile bilsen seni nas\u0131l \u00f6zledi\u011fimi. Son haber viran etti \u015fu deli g\u00f6nl\u00fcm\u00fcBilmiyorum o anda [&hellip;]","og_url":"https:\/\/narteks.net\/index.php\/2011\/06\/09\/seni-nasil-ozledigim\/","og_site_name":"narteks.net","article_published_time":"2011-06-09T09:31:18+00:00","og_image":[{"width":300,"height":90,"url":"https:\/\/narteks.net\/wp-content\/uploads\/narteks.png","type":"image\/png"}],"author":"Tar\u0131k","twitter_card":"summary_large_image","twitter_creator":"@narteks","twitter_site":"@narteks","twitter_misc":{"Yazan:":"Tar\u0131k","Tahmini okuma s\u00fcresi":"1 dakika"},"schema":{"@context":"https:\/\/schema.org","@graph":[{"@type":"Article","@id":"https:\/\/narteks.net\/index.php\/2011\/06\/09\/seni-nasil-ozledigim\/#article","isPartOf":{"@id":"https:\/\/narteks.net\/index.php\/2011\/06\/09\/seni-nasil-ozledigim\/"},"author":{"name":"Tar\u0131k","@id":"https:\/\/narteks.net\/#\/schema\/person\/61f37d9834294b72d31d274e7ed79bca"},"headline":"SEN\u0130 NASIL \u00d6ZLED\u0130\u011e\u0130M","datePublished":"2011-06-09T09:31:18+00:00","mainEntityOfPage":{"@id":"https:\/\/narteks.net\/index.php\/2011\/06\/09\/seni-nasil-ozledigim\/"},"wordCount":117,"commentCount":0,"publisher":{"@id":"https:\/\/narteks.net\/#organization"},"articleSection":["ADON\u0130S"],"inLanguage":"tr","potentialAction":[{"@type":"CommentAction","name":"Comment","target":["https:\/\/narteks.net\/index.php\/2011\/06\/09\/seni-nasil-ozledigim\/#respond"]}]},{"@type":"WebPage","@id":"https:\/\/narteks.net\/index.php\/2011\/06\/09\/seni-nasil-ozledigim\/","url":"https:\/\/narteks.net\/index.php\/2011\/06\/09\/seni-nasil-ozledigim\/","name":"SEN\u0130 NASIL \u00d6ZLED\u0130\u011e\u0130M - narteks.net","isPartOf":{"@id":"https:\/\/narteks.net\/#website"},"datePublished":"2011-06-09T09:31:18+00:00","breadcrumb":{"@id":"https:\/\/narteks.net\/index.php\/2011\/06\/09\/seni-nasil-ozledigim\/#breadcrumb"},"inLanguage":"tr","potentialAction":[{"@type":"ReadAction","target":["https:\/\/narteks.net\/index.php\/2011\/06\/09\/seni-nasil-ozledigim\/"]}]},{"@type":"BreadcrumbList","@id":"https:\/\/narteks.net\/index.php\/2011\/06\/09\/seni-nasil-ozledigim\/#breadcrumb","itemListElement":[{"@type":"ListItem","position":1,"name":"Anasayfa","item":"https:\/\/narteks.net\/"},{"@type":"ListItem","position":2,"name":"SEN\u0130 NASIL \u00d6ZLED\u0130\u011e\u0130M"}]},{"@type":"WebSite","@id":"https:\/\/narteks.net\/#website","url":"https:\/\/narteks.net\/","name":"narteks.net","description":"K\u00fclt\u00fcr Sanat Edebiyat Felsefe","publisher":{"@id":"https:\/\/narteks.net\/#organization"},"alternateName":"K\u00fclt\u00fcr Sanat Edebiyat Felsefe","potentialAction":[{"@type":"SearchAction","target":{"@type":"EntryPoint","urlTemplate":"https:\/\/narteks.net\/?s={search_term_string}"},"query-input":{"@type":"PropertyValueSpecification","valueRequired":true,"valueName":"search_term_string"}}],"inLanguage":"tr"},{"@type":"Organization","@id":"https:\/\/narteks.net\/#organization","name":"narteks.net","url":"https:\/\/narteks.net\/","logo":{"@type":"ImageObject","inLanguage":"tr","@id":"https:\/\/narteks.net\/#\/schema\/logo\/image\/","url":"https:\/\/narteks.net\/wp-content\/uploads\/narteks.png","contentUrl":"https:\/\/narteks.net\/wp-content\/uploads\/narteks.png","width":300,"height":90,"caption":"narteks.net"},"image":{"@id":"https:\/\/narteks.net\/#\/schema\/logo\/image\/"},"sameAs":["https:\/\/x.com\/narteks","https:\/\/instagram.com\/narteksnet"]},{"@type":"Person","@id":"https:\/\/narteks.net\/#\/schema\/person\/61f37d9834294b72d31d274e7ed79bca","name":"Tar\u0131k","image":{"@type":"ImageObject","inLanguage":"tr","@id":"https:\/\/narteks.net\/#\/schema\/person\/image\/","url":"https:\/\/secure.gravatar.com\/avatar\/50865afb55632c4ae467e0af0930f6510aa2297d8014be502a55b14f3b7550cf?s=96&d=mm&r=g","contentUrl":"https:\/\/secure.gravatar.com\/avatar\/50865afb55632c4ae467e0af0930f6510aa2297d8014be502a55b14f3b7550cf?s=96&d=mm&r=g","caption":"Tar\u0131k"},"sameAs":["http:\/\/narteks.net"],"url":"https:\/\/narteks.net\/index.php\/author\/narbak\/"}]}},"_links":{"self":[{"href":"https:\/\/narteks.net\/index.php\/wp-json\/wp\/v2\/posts\/6556","targetHints":{"allow":["GET"]}}],"collection":[{"href":"https:\/\/narteks.net\/index.php\/wp-json\/wp\/v2\/posts"}],"about":[{"href":"https:\/\/narteks.net\/index.php\/wp-json\/wp\/v2\/types\/post"}],"author":[{"embeddable":true,"href":"https:\/\/narteks.net\/index.php\/wp-json\/wp\/v2\/users\/1"}],"replies":[{"embeddable":true,"href":"https:\/\/narteks.net\/index.php\/wp-json\/wp\/v2\/comments?post=6556"}],"version-history":[{"count":0,"href":"https:\/\/narteks.net\/index.php\/wp-json\/wp\/v2\/posts\/6556\/revisions"}],"wp:attachment":[{"href":"https:\/\/narteks.net\/index.php\/wp-json\/wp\/v2\/media?parent=6556"}],"wp:term":[{"taxonomy":"category","embeddable":true,"href":"https:\/\/narteks.net\/index.php\/wp-json\/wp\/v2\/categories?post=6556"},{"taxonomy":"post_tag","embeddable":true,"href":"https:\/\/narteks.net\/index.php\/wp-json\/wp\/v2\/tags?post=6556"}],"curies":[{"name":"wp","href":"https:\/\/api.w.org\/{rel}","templated":true}]}}