{"id":6564,"date":"2011-06-09T12:37:53","date_gmt":"2011-06-09T09:37:53","guid":{"rendered":"http:\/\/localhost\/wordpress\/2011\/06\/09\/gece-seni-sakliyor\/"},"modified":"2011-06-09T12:37:53","modified_gmt":"2011-06-09T09:37:53","slug":"gece-seni-sakliyor","status":"publish","type":"post","link":"https:\/\/narteks.net\/index.php\/2011\/06\/09\/gece-seni-sakliyor\/","title":{"rendered":"GECE SEN\u0130 SAKLIYOR"},"content":{"rendered":"<p>\u00a0<\/p>\n<p>bu \u015fuursuz beklemeler y\u0131pratmaya ba\u015flad\u0131 beni<br \/>geceler g\u00fcnd\u00fcze anat bula\u015f\u0131yor ellerime camlardan<br \/>aln\u0131m\u0131 dayad\u0131\u011f\u0131m pencereden d\u0131\u015far\u0131y\u0131 seyrediyorum<br \/>karanl\u0131k kopkoyu bir karanl\u0131k sarm\u0131\u015f \u015fehri<br \/>sirenlerin umursamaz g\u00fcr\u00fclt\u00fcs\u00fc korkutuyor beni<br \/>ambulanslar h\u0131zl\u0131 h\u0131zl\u0131 seni ta\u015f\u0131yormu\u015fcas\u0131na huzursuzum<br \/>yoksun bulam\u0131yorum seni<br \/>en son o gece g\u00f6rd\u00fcm seni g\u00f6zlerine bakmadan gittim<br \/>baksam gidemezdim<br \/>\u00f6zledi\u011fimi s\u00f6yledi\u011fimde g\u00fclm\u00fc\u015ft\u00fcn<br \/>s\u00f6yledi\u011fimde \u00f6zledi\u011fimi g\u00fclm\u00fc\u015ft\u00fcn<br \/>g\u00fclm\u00fc\u015ft\u00fcn \u00f6zledi\u011fimi s\u00f6yledi\u011fimde<br \/>bu ilk<br \/>seni \u00e7ok sevdim<br \/>t\u0131pki seni tekrar bulam\u0131yaca\u011f\u0131m\u0131 anlad\u0131\u011f\u0131mdaki kadar \u00e7ok sevdim<br \/>ambulanslar hala gelip ge\u00e7iyor<br \/>gece devam ediyor<br \/>geceyi soluyorum<br \/>ci\u011ferlerim simsiyah<br \/>deniz kudurmu\u015f geceye sald\u0131r\u0131r durur<br \/>kayalar bast\u0131rmaya \u00e7al\u0131\u015f\u0131rken geceyi<br \/>t\u00fcm kumsal ad\u0131n\u0131 hayk\u0131r\u0131yor r\u00fczgara<br \/>r\u00fczgar \u015fehriallak bullak ederek da\u011flara t\u0131rman\u0131yor<br \/>t\u00fcm geceyi kald\u0131r\u0131p alt\u0131na bak\u0131yorum<br \/>oralarda yoksun karak\u0131z\u0131m<br \/>neredesin bulam\u0131yorum<br \/>geceyi f\u0131rlatmaya \u00e7al\u0131\u015f\u0131yorum olmuyor<br \/>k\u00f6t\u00fc bula\u015fm\u0131\u015f \u015fehre gece camlar simsiyah<br \/>aln\u0131ma simsiyah gece bula\u015f\u0131k<br \/>elimin tersiyle terimi siler gibi siliyorum geceyi<br \/>\u00e7irkin yaz\u0131lm\u0131\u015f elyaz\u0131s\u0131 gibi duruyorum \u015fu d\u00fcnyan\u0131n \u00fczerinde<br \/>kimse silipte yani ba\u015ftan yazmak istemiyor<br \/>oysa \u00f6yle hasretimki kerelerce defa yaz\u0131lmaya<br \/>ka\u011f\u0131t olsam kalem olsam c\u00fcmle olsam nokta virg\u00fcl olsam<br \/>gelsen<br \/>kilometrelerce kilometrelerce hasret dolu \u015fiirler yazsan benimle<br \/>kitaplarca dolsam m\u0131sralarca a\u011flasam ellerinde<br \/>uyan\u0131yorum ans\u0131z\u0131n bu \u015fiirsel d\u00fcnyadan<br \/>\u015fehir kapkara karanl\u0131k<br \/>\u015fiirler okuyup simsiyah bo\u015flu\u011fa<br \/>seni \u00e7a\u011f\u0131yorum sesime<br \/>bug\u00fcn y\u0131rt bu geceyi ba\u015ftan sona dola\u015f t\u00fcm \u015fehri<br \/>b\u00fct\u00fcn sokak lambalar\u0131n\u0131 yak<br \/>b\u00fct\u00fcn kap\u0131lar\u0131 \u00e7al herkes uyans\u0131n<br \/>bir m\u00fcjde olsun i\u00e7inde senden bir\u015feyler olsun<br \/>bu gece \u015fehir uyumas\u0131n<br \/>bu karanl\u0131k<br \/>bu \u015fehir<br \/>bu gece<br \/>bu son olsun<br \/>bu gece bu simsiyah karanl\u0131\u011f\u0131 y\u0131rtan bembeyaz \u00e7\u0131\u011fl\u0131k<br \/>bana seni getiren m\u00fcjde olsun<br \/>bu son olsun i\u00e7inde sen olsun&#8230;<\/p>\n<p>Adonis<\/p>\n","protected":false},"excerpt":{"rendered":"<p>\u00a0 bu \u015fuursuz beklemeler y\u0131pratmaya ba\u015flad\u0131 benigeceler g\u00fcnd\u00fcze anat bula\u015f\u0131yor ellerime camlardanaln\u0131m\u0131 dayad\u0131\u011f\u0131m pencereden d\u0131\u015far\u0131y\u0131 seyrediyorumkaranl\u0131k kopkoyu bir karanl\u0131k sarm\u0131\u015f \u015fehrisirenlerin umursamaz g\u00fcr\u00fclt\u00fcs\u00fc korkutuyor beniambulanslar h\u0131zl\u0131 h\u0131zl\u0131 seni ta\u015f\u0131yormu\u015fcas\u0131na huzursuzumyoksun bulam\u0131yorum senien son o gece g\u00f6rd\u00fcm seni g\u00f6zlerine bakmadan gittimbaksam gidemezdim\u00f6zledi\u011fimi s\u00f6yledi\u011fimde g\u00fclm\u00fc\u015ft\u00fcns\u00f6yledi\u011fimde \u00f6zledi\u011fimi g\u00fclm\u00fc\u015ft\u00fcng\u00fclm\u00fc\u015ft\u00fcn \u00f6zledi\u011fimi s\u00f6yledi\u011fimdebu ilkseni \u00e7ok sevdimt\u0131pki seni tekrar bulam\u0131yaca\u011f\u0131m\u0131 anlad\u0131\u011f\u0131mdaki kadar [&hellip;]<\/p>\n","protected":false},"author":1,"featured_media":0,"comment_status":"open","ping_status":"open","sticky":false,"template":"","format":"standard","meta":{"footnotes":""},"categories":[143],"tags":[],"class_list":{"0":"post-6564","1":"post","2":"type-post","3":"status-publish","4":"format-standard","6":"category-adonis"},"yoast_head":"<!-- This site is optimized with the Yoast SEO Premium plugin v24.9 (Yoast SEO v24.9) - https:\/\/yoast.com\/wordpress\/plugins\/seo\/ -->\n<title>GECE SEN\u0130 SAKLIYOR - narteks.net<\/title>\n<meta name=\"robots\" content=\"index, follow, max-snippet:-1, max-image-preview:large, max-video-preview:-1\" \/>\n<link rel=\"canonical\" href=\"https:\/\/narteks.net\/index.php\/2011\/06\/09\/gece-seni-sakliyor\/\" \/>\n<meta property=\"og:locale\" content=\"tr_TR\" \/>\n<meta property=\"og:type\" content=\"article\" \/>\n<meta property=\"og:title\" content=\"GECE SEN\u0130 SAKLIYOR\" \/>\n<meta property=\"og:description\" content=\"\u00a0 bu \u015fuursuz beklemeler y\u0131pratmaya ba\u015flad\u0131 benigeceler g\u00fcnd\u00fcze anat bula\u015f\u0131yor ellerime camlardanaln\u0131m\u0131 dayad\u0131\u011f\u0131m pencereden d\u0131\u015far\u0131y\u0131 seyrediyorumkaranl\u0131k kopkoyu bir karanl\u0131k sarm\u0131\u015f \u015fehrisirenlerin umursamaz g\u00fcr\u00fclt\u00fcs\u00fc korkutuyor beniambulanslar h\u0131zl\u0131 h\u0131zl\u0131 seni ta\u015f\u0131yormu\u015fcas\u0131na huzursuzumyoksun bulam\u0131yorum senien son o gece g\u00f6rd\u00fcm seni g\u00f6zlerine bakmadan gittimbaksam gidemezdim\u00f6zledi\u011fimi s\u00f6yledi\u011fimde g\u00fclm\u00fc\u015ft\u00fcns\u00f6yledi\u011fimde \u00f6zledi\u011fimi g\u00fclm\u00fc\u015ft\u00fcng\u00fclm\u00fc\u015ft\u00fcn \u00f6zledi\u011fimi s\u00f6yledi\u011fimdebu ilkseni \u00e7ok sevdimt\u0131pki seni tekrar bulam\u0131yaca\u011f\u0131m\u0131 anlad\u0131\u011f\u0131mdaki kadar [&hellip;]\" \/>\n<meta property=\"og:url\" content=\"https:\/\/narteks.net\/index.php\/2011\/06\/09\/gece-seni-sakliyor\/\" \/>\n<meta property=\"og:site_name\" content=\"narteks.net\" \/>\n<meta property=\"article:published_time\" content=\"2011-06-09T09:37:53+00:00\" \/>\n<meta property=\"og:image\" content=\"https:\/\/narteks.net\/wp-content\/uploads\/narteks.png\" \/>\n\t<meta property=\"og:image:width\" content=\"300\" \/>\n\t<meta property=\"og:image:height\" content=\"90\" \/>\n\t<meta property=\"og:image:type\" content=\"image\/png\" \/>\n<meta name=\"author\" content=\"Tar\u0131k\" \/>\n<meta name=\"twitter:card\" content=\"summary_large_image\" \/>\n<meta name=\"twitter:creator\" content=\"@narteks\" \/>\n<meta name=\"twitter:site\" content=\"@narteks\" \/>\n<meta name=\"twitter:label1\" content=\"Yazan:\" \/>\n\t<meta name=\"twitter:data1\" content=\"Tar\u0131k\" \/>\n\t<meta name=\"twitter:label2\" content=\"Tahmini okuma s\u00fcresi\" \/>\n\t<meta name=\"twitter:data2\" content=\"2 dakika\" \/>\n<script type=\"application\/ld+json\" class=\"yoast-schema-graph\">{\"@context\":\"https:\/\/schema.org\",\"@graph\":[{\"@type\":\"Article\",\"@id\":\"https:\/\/narteks.net\/index.php\/2011\/06\/09\/gece-seni-sakliyor\/#article\",\"isPartOf\":{\"@id\":\"https:\/\/narteks.net\/index.php\/2011\/06\/09\/gece-seni-sakliyor\/\"},\"author\":{\"name\":\"Tar\u0131k\",\"@id\":\"https:\/\/narteks.net\/#\/schema\/person\/61f37d9834294b72d31d274e7ed79bca\"},\"headline\":\"GECE SEN\u0130 SAKLIYOR\",\"datePublished\":\"2011-06-09T09:37:53+00:00\",\"mainEntityOfPage\":{\"@id\":\"https:\/\/narteks.net\/index.php\/2011\/06\/09\/gece-seni-sakliyor\/\"},\"wordCount\":315,\"commentCount\":0,\"publisher\":{\"@id\":\"https:\/\/narteks.net\/#organization\"},\"articleSection\":[\"ADON\u0130S\"],\"inLanguage\":\"tr\",\"potentialAction\":[{\"@type\":\"CommentAction\",\"name\":\"Comment\",\"target\":[\"https:\/\/narteks.net\/index.php\/2011\/06\/09\/gece-seni-sakliyor\/#respond\"]}]},{\"@type\":\"WebPage\",\"@id\":\"https:\/\/narteks.net\/index.php\/2011\/06\/09\/gece-seni-sakliyor\/\",\"url\":\"https:\/\/narteks.net\/index.php\/2011\/06\/09\/gece-seni-sakliyor\/\",\"name\":\"GECE SEN\u0130 SAKLIYOR - narteks.net\",\"isPartOf\":{\"@id\":\"https:\/\/narteks.net\/#website\"},\"datePublished\":\"2011-06-09T09:37:53+00:00\",\"breadcrumb\":{\"@id\":\"https:\/\/narteks.net\/index.php\/2011\/06\/09\/gece-seni-sakliyor\/#breadcrumb\"},\"inLanguage\":\"tr\",\"potentialAction\":[{\"@type\":\"ReadAction\",\"target\":[\"https:\/\/narteks.net\/index.php\/2011\/06\/09\/gece-seni-sakliyor\/\"]}]},{\"@type\":\"BreadcrumbList\",\"@id\":\"https:\/\/narteks.net\/index.php\/2011\/06\/09\/gece-seni-sakliyor\/#breadcrumb\",\"itemListElement\":[{\"@type\":\"ListItem\",\"position\":1,\"name\":\"Anasayfa\",\"item\":\"https:\/\/narteks.net\/\"},{\"@type\":\"ListItem\",\"position\":2,\"name\":\"GECE SEN\u0130 SAKLIYOR\"}]},{\"@type\":\"WebSite\",\"@id\":\"https:\/\/narteks.net\/#website\",\"url\":\"https:\/\/narteks.net\/\",\"name\":\"narteks.net\",\"description\":\"K\u00fclt\u00fcr Sanat Edebiyat Felsefe\",\"publisher\":{\"@id\":\"https:\/\/narteks.net\/#organization\"},\"alternateName\":\"K\u00fclt\u00fcr Sanat Edebiyat Felsefe\",\"potentialAction\":[{\"@type\":\"SearchAction\",\"target\":{\"@type\":\"EntryPoint\",\"urlTemplate\":\"https:\/\/narteks.net\/?s={search_term_string}\"},\"query-input\":{\"@type\":\"PropertyValueSpecification\",\"valueRequired\":true,\"valueName\":\"search_term_string\"}}],\"inLanguage\":\"tr\"},{\"@type\":\"Organization\",\"@id\":\"https:\/\/narteks.net\/#organization\",\"name\":\"narteks.net\",\"url\":\"https:\/\/narteks.net\/\",\"logo\":{\"@type\":\"ImageObject\",\"inLanguage\":\"tr\",\"@id\":\"https:\/\/narteks.net\/#\/schema\/logo\/image\/\",\"url\":\"https:\/\/narteks.net\/wp-content\/uploads\/narteks.png\",\"contentUrl\":\"https:\/\/narteks.net\/wp-content\/uploads\/narteks.png\",\"width\":300,\"height\":90,\"caption\":\"narteks.net\"},\"image\":{\"@id\":\"https:\/\/narteks.net\/#\/schema\/logo\/image\/\"},\"sameAs\":[\"https:\/\/x.com\/narteks\",\"https:\/\/instagram.com\/narteksnet\"]},{\"@type\":\"Person\",\"@id\":\"https:\/\/narteks.net\/#\/schema\/person\/61f37d9834294b72d31d274e7ed79bca\",\"name\":\"Tar\u0131k\",\"image\":{\"@type\":\"ImageObject\",\"inLanguage\":\"tr\",\"@id\":\"https:\/\/narteks.net\/#\/schema\/person\/image\/\",\"url\":\"https:\/\/secure.gravatar.com\/avatar\/50865afb55632c4ae467e0af0930f6510aa2297d8014be502a55b14f3b7550cf?s=96&d=mm&r=g\",\"contentUrl\":\"https:\/\/secure.gravatar.com\/avatar\/50865afb55632c4ae467e0af0930f6510aa2297d8014be502a55b14f3b7550cf?s=96&d=mm&r=g\",\"caption\":\"Tar\u0131k\"},\"sameAs\":[\"http:\/\/narteks.net\"],\"url\":\"https:\/\/narteks.net\/index.php\/author\/narbak\/\"}]}<\/script>\n<!-- \/ Yoast SEO Premium plugin. -->","yoast_head_json":{"title":"GECE SEN\u0130 SAKLIYOR - narteks.net","robots":{"index":"index","follow":"follow","max-snippet":"max-snippet:-1","max-image-preview":"max-image-preview:large","max-video-preview":"max-video-preview:-1"},"canonical":"https:\/\/narteks.net\/index.php\/2011\/06\/09\/gece-seni-sakliyor\/","og_locale":"tr_TR","og_type":"article","og_title":"GECE SEN\u0130 SAKLIYOR","og_description":"\u00a0 bu \u015fuursuz beklemeler y\u0131pratmaya ba\u015flad\u0131 benigeceler g\u00fcnd\u00fcze anat bula\u015f\u0131yor ellerime camlardanaln\u0131m\u0131 dayad\u0131\u011f\u0131m pencereden d\u0131\u015far\u0131y\u0131 seyrediyorumkaranl\u0131k kopkoyu bir karanl\u0131k sarm\u0131\u015f \u015fehrisirenlerin umursamaz g\u00fcr\u00fclt\u00fcs\u00fc korkutuyor beniambulanslar h\u0131zl\u0131 h\u0131zl\u0131 seni ta\u015f\u0131yormu\u015fcas\u0131na huzursuzumyoksun bulam\u0131yorum senien son o gece g\u00f6rd\u00fcm seni g\u00f6zlerine bakmadan gittimbaksam gidemezdim\u00f6zledi\u011fimi s\u00f6yledi\u011fimde g\u00fclm\u00fc\u015ft\u00fcns\u00f6yledi\u011fimde \u00f6zledi\u011fimi g\u00fclm\u00fc\u015ft\u00fcng\u00fclm\u00fc\u015ft\u00fcn \u00f6zledi\u011fimi s\u00f6yledi\u011fimdebu ilkseni \u00e7ok sevdimt\u0131pki seni tekrar bulam\u0131yaca\u011f\u0131m\u0131 anlad\u0131\u011f\u0131mdaki kadar [&hellip;]","og_url":"https:\/\/narteks.net\/index.php\/2011\/06\/09\/gece-seni-sakliyor\/","og_site_name":"narteks.net","article_published_time":"2011-06-09T09:37:53+00:00","og_image":[{"width":300,"height":90,"url":"https:\/\/narteks.net\/wp-content\/uploads\/narteks.png","type":"image\/png"}],"author":"Tar\u0131k","twitter_card":"summary_large_image","twitter_creator":"@narteks","twitter_site":"@narteks","twitter_misc":{"Yazan:":"Tar\u0131k","Tahmini okuma s\u00fcresi":"2 dakika"},"schema":{"@context":"https:\/\/schema.org","@graph":[{"@type":"Article","@id":"https:\/\/narteks.net\/index.php\/2011\/06\/09\/gece-seni-sakliyor\/#article","isPartOf":{"@id":"https:\/\/narteks.net\/index.php\/2011\/06\/09\/gece-seni-sakliyor\/"},"author":{"name":"Tar\u0131k","@id":"https:\/\/narteks.net\/#\/schema\/person\/61f37d9834294b72d31d274e7ed79bca"},"headline":"GECE SEN\u0130 SAKLIYOR","datePublished":"2011-06-09T09:37:53+00:00","mainEntityOfPage":{"@id":"https:\/\/narteks.net\/index.php\/2011\/06\/09\/gece-seni-sakliyor\/"},"wordCount":315,"commentCount":0,"publisher":{"@id":"https:\/\/narteks.net\/#organization"},"articleSection":["ADON\u0130S"],"inLanguage":"tr","potentialAction":[{"@type":"CommentAction","name":"Comment","target":["https:\/\/narteks.net\/index.php\/2011\/06\/09\/gece-seni-sakliyor\/#respond"]}]},{"@type":"WebPage","@id":"https:\/\/narteks.net\/index.php\/2011\/06\/09\/gece-seni-sakliyor\/","url":"https:\/\/narteks.net\/index.php\/2011\/06\/09\/gece-seni-sakliyor\/","name":"GECE SEN\u0130 SAKLIYOR - narteks.net","isPartOf":{"@id":"https:\/\/narteks.net\/#website"},"datePublished":"2011-06-09T09:37:53+00:00","breadcrumb":{"@id":"https:\/\/narteks.net\/index.php\/2011\/06\/09\/gece-seni-sakliyor\/#breadcrumb"},"inLanguage":"tr","potentialAction":[{"@type":"ReadAction","target":["https:\/\/narteks.net\/index.php\/2011\/06\/09\/gece-seni-sakliyor\/"]}]},{"@type":"BreadcrumbList","@id":"https:\/\/narteks.net\/index.php\/2011\/06\/09\/gece-seni-sakliyor\/#breadcrumb","itemListElement":[{"@type":"ListItem","position":1,"name":"Anasayfa","item":"https:\/\/narteks.net\/"},{"@type":"ListItem","position":2,"name":"GECE SEN\u0130 SAKLIYOR"}]},{"@type":"WebSite","@id":"https:\/\/narteks.net\/#website","url":"https:\/\/narteks.net\/","name":"narteks.net","description":"K\u00fclt\u00fcr Sanat Edebiyat Felsefe","publisher":{"@id":"https:\/\/narteks.net\/#organization"},"alternateName":"K\u00fclt\u00fcr Sanat Edebiyat Felsefe","potentialAction":[{"@type":"SearchAction","target":{"@type":"EntryPoint","urlTemplate":"https:\/\/narteks.net\/?s={search_term_string}"},"query-input":{"@type":"PropertyValueSpecification","valueRequired":true,"valueName":"search_term_string"}}],"inLanguage":"tr"},{"@type":"Organization","@id":"https:\/\/narteks.net\/#organization","name":"narteks.net","url":"https:\/\/narteks.net\/","logo":{"@type":"ImageObject","inLanguage":"tr","@id":"https:\/\/narteks.net\/#\/schema\/logo\/image\/","url":"https:\/\/narteks.net\/wp-content\/uploads\/narteks.png","contentUrl":"https:\/\/narteks.net\/wp-content\/uploads\/narteks.png","width":300,"height":90,"caption":"narteks.net"},"image":{"@id":"https:\/\/narteks.net\/#\/schema\/logo\/image\/"},"sameAs":["https:\/\/x.com\/narteks","https:\/\/instagram.com\/narteksnet"]},{"@type":"Person","@id":"https:\/\/narteks.net\/#\/schema\/person\/61f37d9834294b72d31d274e7ed79bca","name":"Tar\u0131k","image":{"@type":"ImageObject","inLanguage":"tr","@id":"https:\/\/narteks.net\/#\/schema\/person\/image\/","url":"https:\/\/secure.gravatar.com\/avatar\/50865afb55632c4ae467e0af0930f6510aa2297d8014be502a55b14f3b7550cf?s=96&d=mm&r=g","contentUrl":"https:\/\/secure.gravatar.com\/avatar\/50865afb55632c4ae467e0af0930f6510aa2297d8014be502a55b14f3b7550cf?s=96&d=mm&r=g","caption":"Tar\u0131k"},"sameAs":["http:\/\/narteks.net"],"url":"https:\/\/narteks.net\/index.php\/author\/narbak\/"}]}},"_links":{"self":[{"href":"https:\/\/narteks.net\/index.php\/wp-json\/wp\/v2\/posts\/6564","targetHints":{"allow":["GET"]}}],"collection":[{"href":"https:\/\/narteks.net\/index.php\/wp-json\/wp\/v2\/posts"}],"about":[{"href":"https:\/\/narteks.net\/index.php\/wp-json\/wp\/v2\/types\/post"}],"author":[{"embeddable":true,"href":"https:\/\/narteks.net\/index.php\/wp-json\/wp\/v2\/users\/1"}],"replies":[{"embeddable":true,"href":"https:\/\/narteks.net\/index.php\/wp-json\/wp\/v2\/comments?post=6564"}],"version-history":[{"count":0,"href":"https:\/\/narteks.net\/index.php\/wp-json\/wp\/v2\/posts\/6564\/revisions"}],"wp:attachment":[{"href":"https:\/\/narteks.net\/index.php\/wp-json\/wp\/v2\/media?parent=6564"}],"wp:term":[{"taxonomy":"category","embeddable":true,"href":"https:\/\/narteks.net\/index.php\/wp-json\/wp\/v2\/categories?post=6564"},{"taxonomy":"post_tag","embeddable":true,"href":"https:\/\/narteks.net\/index.php\/wp-json\/wp\/v2\/tags?post=6564"}],"curies":[{"name":"wp","href":"https:\/\/api.w.org\/{rel}","templated":true}]}}