{"id":6565,"date":"2011-06-09T12:38:44","date_gmt":"2011-06-09T09:38:44","guid":{"rendered":"http:\/\/localhost\/wordpress\/2011\/06\/09\/buralarda-sen\/"},"modified":"2011-06-09T12:38:44","modified_gmt":"2011-06-09T09:38:44","slug":"buralarda-sen","status":"publish","type":"post","link":"https:\/\/narteks.net\/index.php\/2011\/06\/09\/buralarda-sen\/","title":{"rendered":"BURALARDA SEN"},"content":{"rendered":"<p>\u00a0<\/p>\n<p>Eskiden kar ve e\u015fk\u0131ya basarm\u0131\u015f buralarda k\u00f6yleri<br \/>\u015fimdi e\u015fk\u0131ya pek u\u011framasada<br \/>kar ac\u0131mazs\u0131zca yontuyor insanlar\u0131n an\u0131lar\u0131n\u0131<br \/>buralarda bu g\u00fcn\u00fcn d\u00fcn\u00fcnle ayn\u0131d\u0131r t\u0131pk\u0131 yar\u0131n\u0131n gibi<br \/>biliyor musun hi\u00e7 e\u015fk\u0131ya g\u00f6rmedim<br \/>ama \u00e7ok karla kapl\u0131 yollar \u00fc\u015f\u00fcyen a\u00e7 insanlar g\u00f6rd\u00fcm<br \/>ya\u015fam\u0131n ac\u0131mas\u0131zl\u0131\u011f\u0131n\u0131 g\u00f6rd\u00fcm sak\u0131z satan k\u00fc\u00e7\u00fck \u00e7\u0131plak \u00e7ocuklar\u0131n g\u00f6zlerinde<br \/>seni g\u00f6rd\u00fcm<br \/>seni g\u00f6rmeden \u00e7\u0131km\u0131\u015ft\u0131m \u015fehirden y\u00fcre\u011fimi ilk defa orada b\u0131rakarak<br \/>bir kez olsun geriye d\u00f6n\u00fcp bakmad\u0131m \u015fehre<br \/>kal demenden korktum oysa hep git dedin bana<br \/>diren\u00e7sizli\u011fimden korktum<br \/>unutulmak korkum oldu<br \/>unutamad\u0131m g\u00f6zlerini<br \/>bir k\u00f6\u015feye hep notlar ald\u0131m sana dair<br \/>k\u00fc\u00e7\u00fck \u015fiirler yazd\u0131m be\u011fenmedim<br \/>uzun uzun d\u00fc\u015f\u00fcnd\u00fcm seni<br \/>uykular\u0131m\u0131 takvimlere b\u00f6l\u00fcp g\u00fcn sayd\u0131m<br \/>\u00f6zledim<br \/>k\u00fc\u00e7\u00fck k\u00f6yden b\u00fcy\u00fck \u015fehre g\u00f6\u00e7enlerinki kadar b\u00fcy\u00fck umutlar\u0131m<br \/>umutlarca cesaretim<br \/>cesaretim kadar b\u00fcy\u00fck onurum<br \/>onurum kadar b\u00fcy\u00fck sevgim vard\u0131<br \/>okudu\u011fum her \u015fiirin son dizesinde sen vard\u0131n<br \/>hala \u015fiir okuyorum seni unutmamak i\u00e7in<br \/>hala \u015fiir yaz\u0131yorum seni anlatmak i\u00e7in<br \/>ne zaman g\u00f6z\u00fcme tatl\u0131 bir melodi ka\u00e7sa<br \/>a\u011flamaya ba\u015fl\u0131yorum<br \/>galiba ya\u015flan\u0131yorum<br \/>umut t\u00f6rp\u00fcl\u00fcyorum burada<br \/>karanl\u0131\u011fa ya\u011fan karla kapl\u0131 \u015fehirde<br \/>burada beyaz\u0131 bir tek gece gizliyor<br \/>a\u011f\u0131r bir karanl\u0131k bula\u015f\u0131yor karla kapl\u0131 \u015fehre<br \/>koyu ve v\u0131c\u0131k v\u0131c\u0131k bir siyah<br \/>\u00fcrk\u00fct\u00fcyor insan\u0131<br \/>t\u00fcm perdeleri s\u0131k\u0131 s\u0131k\u0131ya kapat\u0131yorsun<br \/>ve camlar\u0131 siliyorsun usulca yakla\u015fan sabah\u0131 yakalamak i\u00e7in<br \/>bahar\u0131n pe\u015finden ko\u015fuyorsun hep<br \/>lanetler ya\u011fd\u0131r\u0131yorsun ama kar hep ya\u011f\u0131yor sen ko\u015fuyorsun<br \/>ilk defa burada dokundum kardelene sana dokunurcas\u0131na<br \/>utand\u0131m<br \/>gece uykuya dal\u0131yor yava\u015f yava\u015f<br \/>pis bir duman kokusu ve duman\u0131n k\u00f6r eden yo\u011funlu\u011fu aras\u0131nda<br \/>m\u0131\u015f\u0131l m\u0131\u015f\u0131l bir \u015fehir d\u00fc\u015f\u00fcyor avu\u00e7lar\u0131ma<br \/>inan bu saatte \u015fehir daha g\u00fczel<br \/>buralarda bir adam<br \/>buralarda bir y\u00fcrek<br \/>buralarda bir sevda<br \/>burada ben<br \/>burada sen<br \/>buralardan uzan\u0131r ellerim tutmak i\u00e7in ellerini<br \/>ya\u011fmur ya\u011fsa bulut bulut sevdalara<br \/>ki hi\u00e7 ya\u011fmur ya\u011fmad\u0131 buralara<br \/>a\u011f\u0131r a\u011f\u0131r \u0131slan\u0131rd\u0131 y\u00fcre\u011fim<br \/>hasretim da\u011flar\u0131n y\u00fccesinden bakarda ula\u015famaz yan\u0131 ba\u015f\u0131na<br \/>hayk\u0131rmak isterdim de korkard\u0131m duymalar\u0131ndan e\u015fk\u0131yalar\u0131n<br \/>seni seviyorum diye buralardan<\/p>\n<p>Adonis<\/p>\n","protected":false},"excerpt":{"rendered":"<p>\u00a0 Eskiden kar ve e\u015fk\u0131ya basarm\u0131\u015f buralarda k\u00f6yleri\u015fimdi e\u015fk\u0131ya pek u\u011framasadakar ac\u0131mazs\u0131zca yontuyor insanlar\u0131n an\u0131lar\u0131n\u0131buralarda bu g\u00fcn\u00fcn d\u00fcn\u00fcnle ayn\u0131d\u0131r t\u0131pk\u0131 yar\u0131n\u0131n gibibiliyor musun hi\u00e7 e\u015fk\u0131ya g\u00f6rmedimama \u00e7ok karla kapl\u0131 yollar \u00fc\u015f\u00fcyen a\u00e7 insanlar g\u00f6rd\u00fcmya\u015fam\u0131n ac\u0131mas\u0131zl\u0131\u011f\u0131n\u0131 g\u00f6rd\u00fcm sak\u0131z satan k\u00fc\u00e7\u00fck \u00e7\u0131plak \u00e7ocuklar\u0131n g\u00f6zlerindeseni g\u00f6rd\u00fcmseni g\u00f6rmeden \u00e7\u0131km\u0131\u015ft\u0131m \u015fehirden y\u00fcre\u011fimi ilk defa orada b\u0131rakarakbir kez olsun geriye d\u00f6n\u00fcp [&hellip;]<\/p>\n","protected":false},"author":1,"featured_media":0,"comment_status":"open","ping_status":"open","sticky":false,"template":"","format":"standard","meta":{"footnotes":""},"categories":[143],"tags":[],"class_list":{"0":"post-6565","1":"post","2":"type-post","3":"status-publish","4":"format-standard","6":"category-adonis"},"yoast_head":"<!-- This site is optimized with the Yoast SEO Premium plugin v24.9 (Yoast SEO v24.9) - https:\/\/yoast.com\/wordpress\/plugins\/seo\/ -->\n<title>BURALARDA SEN - narteks.net<\/title>\n<meta name=\"robots\" content=\"index, follow, max-snippet:-1, max-image-preview:large, max-video-preview:-1\" \/>\n<link rel=\"canonical\" href=\"https:\/\/narteks.net\/index.php\/2011\/06\/09\/buralarda-sen\/\" \/>\n<meta property=\"og:locale\" content=\"tr_TR\" \/>\n<meta property=\"og:type\" content=\"article\" \/>\n<meta property=\"og:title\" content=\"BURALARDA SEN\" \/>\n<meta property=\"og:description\" content=\"\u00a0 Eskiden kar ve e\u015fk\u0131ya basarm\u0131\u015f buralarda k\u00f6yleri\u015fimdi e\u015fk\u0131ya pek u\u011framasadakar ac\u0131mazs\u0131zca yontuyor insanlar\u0131n an\u0131lar\u0131n\u0131buralarda bu g\u00fcn\u00fcn d\u00fcn\u00fcnle ayn\u0131d\u0131r t\u0131pk\u0131 yar\u0131n\u0131n gibibiliyor musun hi\u00e7 e\u015fk\u0131ya g\u00f6rmedimama \u00e7ok karla kapl\u0131 yollar \u00fc\u015f\u00fcyen a\u00e7 insanlar g\u00f6rd\u00fcmya\u015fam\u0131n ac\u0131mas\u0131zl\u0131\u011f\u0131n\u0131 g\u00f6rd\u00fcm sak\u0131z satan k\u00fc\u00e7\u00fck \u00e7\u0131plak \u00e7ocuklar\u0131n g\u00f6zlerindeseni g\u00f6rd\u00fcmseni g\u00f6rmeden \u00e7\u0131km\u0131\u015ft\u0131m \u015fehirden y\u00fcre\u011fimi ilk defa orada b\u0131rakarakbir kez olsun geriye d\u00f6n\u00fcp [&hellip;]\" \/>\n<meta property=\"og:url\" content=\"https:\/\/narteks.net\/index.php\/2011\/06\/09\/buralarda-sen\/\" \/>\n<meta property=\"og:site_name\" content=\"narteks.net\" \/>\n<meta property=\"article:published_time\" content=\"2011-06-09T09:38:44+00:00\" \/>\n<meta property=\"og:image\" content=\"https:\/\/narteks.net\/wp-content\/uploads\/narteks.png\" \/>\n\t<meta property=\"og:image:width\" content=\"300\" \/>\n\t<meta property=\"og:image:height\" content=\"90\" \/>\n\t<meta property=\"og:image:type\" content=\"image\/png\" \/>\n<meta name=\"author\" content=\"Tar\u0131k\" \/>\n<meta name=\"twitter:card\" content=\"summary_large_image\" \/>\n<meta name=\"twitter:creator\" content=\"@narteks\" \/>\n<meta name=\"twitter:site\" content=\"@narteks\" \/>\n<meta name=\"twitter:label1\" content=\"Yazan:\" \/>\n\t<meta name=\"twitter:data1\" content=\"Tar\u0131k\" \/>\n\t<meta name=\"twitter:label2\" content=\"Tahmini okuma s\u00fcresi\" \/>\n\t<meta name=\"twitter:data2\" content=\"2 dakika\" \/>\n<script type=\"application\/ld+json\" class=\"yoast-schema-graph\">{\"@context\":\"https:\/\/schema.org\",\"@graph\":[{\"@type\":\"Article\",\"@id\":\"https:\/\/narteks.net\/index.php\/2011\/06\/09\/buralarda-sen\/#article\",\"isPartOf\":{\"@id\":\"https:\/\/narteks.net\/index.php\/2011\/06\/09\/buralarda-sen\/\"},\"author\":{\"name\":\"Tar\u0131k\",\"@id\":\"https:\/\/narteks.net\/#\/schema\/person\/61f37d9834294b72d31d274e7ed79bca\"},\"headline\":\"BURALARDA SEN\",\"datePublished\":\"2011-06-09T09:38:44+00:00\",\"mainEntityOfPage\":{\"@id\":\"https:\/\/narteks.net\/index.php\/2011\/06\/09\/buralarda-sen\/\"},\"wordCount\":397,\"commentCount\":0,\"publisher\":{\"@id\":\"https:\/\/narteks.net\/#organization\"},\"articleSection\":[\"ADON\u0130S\"],\"inLanguage\":\"tr\",\"potentialAction\":[{\"@type\":\"CommentAction\",\"name\":\"Comment\",\"target\":[\"https:\/\/narteks.net\/index.php\/2011\/06\/09\/buralarda-sen\/#respond\"]}]},{\"@type\":\"WebPage\",\"@id\":\"https:\/\/narteks.net\/index.php\/2011\/06\/09\/buralarda-sen\/\",\"url\":\"https:\/\/narteks.net\/index.php\/2011\/06\/09\/buralarda-sen\/\",\"name\":\"BURALARDA SEN - narteks.net\",\"isPartOf\":{\"@id\":\"https:\/\/narteks.net\/#website\"},\"datePublished\":\"2011-06-09T09:38:44+00:00\",\"breadcrumb\":{\"@id\":\"https:\/\/narteks.net\/index.php\/2011\/06\/09\/buralarda-sen\/#breadcrumb\"},\"inLanguage\":\"tr\",\"potentialAction\":[{\"@type\":\"ReadAction\",\"target\":[\"https:\/\/narteks.net\/index.php\/2011\/06\/09\/buralarda-sen\/\"]}]},{\"@type\":\"BreadcrumbList\",\"@id\":\"https:\/\/narteks.net\/index.php\/2011\/06\/09\/buralarda-sen\/#breadcrumb\",\"itemListElement\":[{\"@type\":\"ListItem\",\"position\":1,\"name\":\"Anasayfa\",\"item\":\"https:\/\/narteks.net\/\"},{\"@type\":\"ListItem\",\"position\":2,\"name\":\"BURALARDA SEN\"}]},{\"@type\":\"WebSite\",\"@id\":\"https:\/\/narteks.net\/#website\",\"url\":\"https:\/\/narteks.net\/\",\"name\":\"narteks.net\",\"description\":\"K\u00fclt\u00fcr Sanat Edebiyat Felsefe\",\"publisher\":{\"@id\":\"https:\/\/narteks.net\/#organization\"},\"alternateName\":\"K\u00fclt\u00fcr Sanat Edebiyat Felsefe\",\"potentialAction\":[{\"@type\":\"SearchAction\",\"target\":{\"@type\":\"EntryPoint\",\"urlTemplate\":\"https:\/\/narteks.net\/?s={search_term_string}\"},\"query-input\":{\"@type\":\"PropertyValueSpecification\",\"valueRequired\":true,\"valueName\":\"search_term_string\"}}],\"inLanguage\":\"tr\"},{\"@type\":\"Organization\",\"@id\":\"https:\/\/narteks.net\/#organization\",\"name\":\"narteks.net\",\"url\":\"https:\/\/narteks.net\/\",\"logo\":{\"@type\":\"ImageObject\",\"inLanguage\":\"tr\",\"@id\":\"https:\/\/narteks.net\/#\/schema\/logo\/image\/\",\"url\":\"https:\/\/narteks.net\/wp-content\/uploads\/narteks.png\",\"contentUrl\":\"https:\/\/narteks.net\/wp-content\/uploads\/narteks.png\",\"width\":300,\"height\":90,\"caption\":\"narteks.net\"},\"image\":{\"@id\":\"https:\/\/narteks.net\/#\/schema\/logo\/image\/\"},\"sameAs\":[\"https:\/\/x.com\/narteks\",\"https:\/\/instagram.com\/narteksnet\"]},{\"@type\":\"Person\",\"@id\":\"https:\/\/narteks.net\/#\/schema\/person\/61f37d9834294b72d31d274e7ed79bca\",\"name\":\"Tar\u0131k\",\"image\":{\"@type\":\"ImageObject\",\"inLanguage\":\"tr\",\"@id\":\"https:\/\/narteks.net\/#\/schema\/person\/image\/\",\"url\":\"https:\/\/secure.gravatar.com\/avatar\/50865afb55632c4ae467e0af0930f6510aa2297d8014be502a55b14f3b7550cf?s=96&d=mm&r=g\",\"contentUrl\":\"https:\/\/secure.gravatar.com\/avatar\/50865afb55632c4ae467e0af0930f6510aa2297d8014be502a55b14f3b7550cf?s=96&d=mm&r=g\",\"caption\":\"Tar\u0131k\"},\"sameAs\":[\"http:\/\/narteks.net\"],\"url\":\"https:\/\/narteks.net\/index.php\/author\/narbak\/\"}]}<\/script>\n<!-- \/ Yoast SEO Premium plugin. -->","yoast_head_json":{"title":"BURALARDA SEN - narteks.net","robots":{"index":"index","follow":"follow","max-snippet":"max-snippet:-1","max-image-preview":"max-image-preview:large","max-video-preview":"max-video-preview:-1"},"canonical":"https:\/\/narteks.net\/index.php\/2011\/06\/09\/buralarda-sen\/","og_locale":"tr_TR","og_type":"article","og_title":"BURALARDA SEN","og_description":"\u00a0 Eskiden kar ve e\u015fk\u0131ya basarm\u0131\u015f buralarda k\u00f6yleri\u015fimdi e\u015fk\u0131ya pek u\u011framasadakar ac\u0131mazs\u0131zca yontuyor insanlar\u0131n an\u0131lar\u0131n\u0131buralarda bu g\u00fcn\u00fcn d\u00fcn\u00fcnle ayn\u0131d\u0131r t\u0131pk\u0131 yar\u0131n\u0131n gibibiliyor musun hi\u00e7 e\u015fk\u0131ya g\u00f6rmedimama \u00e7ok karla kapl\u0131 yollar \u00fc\u015f\u00fcyen a\u00e7 insanlar g\u00f6rd\u00fcmya\u015fam\u0131n ac\u0131mas\u0131zl\u0131\u011f\u0131n\u0131 g\u00f6rd\u00fcm sak\u0131z satan k\u00fc\u00e7\u00fck \u00e7\u0131plak \u00e7ocuklar\u0131n g\u00f6zlerindeseni g\u00f6rd\u00fcmseni g\u00f6rmeden \u00e7\u0131km\u0131\u015ft\u0131m \u015fehirden y\u00fcre\u011fimi ilk defa orada b\u0131rakarakbir kez olsun geriye d\u00f6n\u00fcp [&hellip;]","og_url":"https:\/\/narteks.net\/index.php\/2011\/06\/09\/buralarda-sen\/","og_site_name":"narteks.net","article_published_time":"2011-06-09T09:38:44+00:00","og_image":[{"width":300,"height":90,"url":"https:\/\/narteks.net\/wp-content\/uploads\/narteks.png","type":"image\/png"}],"author":"Tar\u0131k","twitter_card":"summary_large_image","twitter_creator":"@narteks","twitter_site":"@narteks","twitter_misc":{"Yazan:":"Tar\u0131k","Tahmini okuma s\u00fcresi":"2 dakika"},"schema":{"@context":"https:\/\/schema.org","@graph":[{"@type":"Article","@id":"https:\/\/narteks.net\/index.php\/2011\/06\/09\/buralarda-sen\/#article","isPartOf":{"@id":"https:\/\/narteks.net\/index.php\/2011\/06\/09\/buralarda-sen\/"},"author":{"name":"Tar\u0131k","@id":"https:\/\/narteks.net\/#\/schema\/person\/61f37d9834294b72d31d274e7ed79bca"},"headline":"BURALARDA SEN","datePublished":"2011-06-09T09:38:44+00:00","mainEntityOfPage":{"@id":"https:\/\/narteks.net\/index.php\/2011\/06\/09\/buralarda-sen\/"},"wordCount":397,"commentCount":0,"publisher":{"@id":"https:\/\/narteks.net\/#organization"},"articleSection":["ADON\u0130S"],"inLanguage":"tr","potentialAction":[{"@type":"CommentAction","name":"Comment","target":["https:\/\/narteks.net\/index.php\/2011\/06\/09\/buralarda-sen\/#respond"]}]},{"@type":"WebPage","@id":"https:\/\/narteks.net\/index.php\/2011\/06\/09\/buralarda-sen\/","url":"https:\/\/narteks.net\/index.php\/2011\/06\/09\/buralarda-sen\/","name":"BURALARDA SEN - narteks.net","isPartOf":{"@id":"https:\/\/narteks.net\/#website"},"datePublished":"2011-06-09T09:38:44+00:00","breadcrumb":{"@id":"https:\/\/narteks.net\/index.php\/2011\/06\/09\/buralarda-sen\/#breadcrumb"},"inLanguage":"tr","potentialAction":[{"@type":"ReadAction","target":["https:\/\/narteks.net\/index.php\/2011\/06\/09\/buralarda-sen\/"]}]},{"@type":"BreadcrumbList","@id":"https:\/\/narteks.net\/index.php\/2011\/06\/09\/buralarda-sen\/#breadcrumb","itemListElement":[{"@type":"ListItem","position":1,"name":"Anasayfa","item":"https:\/\/narteks.net\/"},{"@type":"ListItem","position":2,"name":"BURALARDA SEN"}]},{"@type":"WebSite","@id":"https:\/\/narteks.net\/#website","url":"https:\/\/narteks.net\/","name":"narteks.net","description":"K\u00fclt\u00fcr Sanat Edebiyat Felsefe","publisher":{"@id":"https:\/\/narteks.net\/#organization"},"alternateName":"K\u00fclt\u00fcr Sanat Edebiyat Felsefe","potentialAction":[{"@type":"SearchAction","target":{"@type":"EntryPoint","urlTemplate":"https:\/\/narteks.net\/?s={search_term_string}"},"query-input":{"@type":"PropertyValueSpecification","valueRequired":true,"valueName":"search_term_string"}}],"inLanguage":"tr"},{"@type":"Organization","@id":"https:\/\/narteks.net\/#organization","name":"narteks.net","url":"https:\/\/narteks.net\/","logo":{"@type":"ImageObject","inLanguage":"tr","@id":"https:\/\/narteks.net\/#\/schema\/logo\/image\/","url":"https:\/\/narteks.net\/wp-content\/uploads\/narteks.png","contentUrl":"https:\/\/narteks.net\/wp-content\/uploads\/narteks.png","width":300,"height":90,"caption":"narteks.net"},"image":{"@id":"https:\/\/narteks.net\/#\/schema\/logo\/image\/"},"sameAs":["https:\/\/x.com\/narteks","https:\/\/instagram.com\/narteksnet"]},{"@type":"Person","@id":"https:\/\/narteks.net\/#\/schema\/person\/61f37d9834294b72d31d274e7ed79bca","name":"Tar\u0131k","image":{"@type":"ImageObject","inLanguage":"tr","@id":"https:\/\/narteks.net\/#\/schema\/person\/image\/","url":"https:\/\/secure.gravatar.com\/avatar\/50865afb55632c4ae467e0af0930f6510aa2297d8014be502a55b14f3b7550cf?s=96&d=mm&r=g","contentUrl":"https:\/\/secure.gravatar.com\/avatar\/50865afb55632c4ae467e0af0930f6510aa2297d8014be502a55b14f3b7550cf?s=96&d=mm&r=g","caption":"Tar\u0131k"},"sameAs":["http:\/\/narteks.net"],"url":"https:\/\/narteks.net\/index.php\/author\/narbak\/"}]}},"_links":{"self":[{"href":"https:\/\/narteks.net\/index.php\/wp-json\/wp\/v2\/posts\/6565","targetHints":{"allow":["GET"]}}],"collection":[{"href":"https:\/\/narteks.net\/index.php\/wp-json\/wp\/v2\/posts"}],"about":[{"href":"https:\/\/narteks.net\/index.php\/wp-json\/wp\/v2\/types\/post"}],"author":[{"embeddable":true,"href":"https:\/\/narteks.net\/index.php\/wp-json\/wp\/v2\/users\/1"}],"replies":[{"embeddable":true,"href":"https:\/\/narteks.net\/index.php\/wp-json\/wp\/v2\/comments?post=6565"}],"version-history":[{"count":0,"href":"https:\/\/narteks.net\/index.php\/wp-json\/wp\/v2\/posts\/6565\/revisions"}],"wp:attachment":[{"href":"https:\/\/narteks.net\/index.php\/wp-json\/wp\/v2\/media?parent=6565"}],"wp:term":[{"taxonomy":"category","embeddable":true,"href":"https:\/\/narteks.net\/index.php\/wp-json\/wp\/v2\/categories?post=6565"},{"taxonomy":"post_tag","embeddable":true,"href":"https:\/\/narteks.net\/index.php\/wp-json\/wp\/v2\/tags?post=6565"}],"curies":[{"name":"wp","href":"https:\/\/api.w.org\/{rel}","templated":true}]}}