{"id":6570,"date":"2011-06-09T12:43:50","date_gmt":"2011-06-09T09:43:50","guid":{"rendered":"http:\/\/localhost\/wordpress\/2011\/06\/09\/aphrodite-ve-adonis\/"},"modified":"2011-06-09T12:43:50","modified_gmt":"2011-06-09T09:43:50","slug":"aphrodite-ve-adonis","status":"publish","type":"post","link":"https:\/\/narteks.net\/index.php\/2011\/06\/09\/aphrodite-ve-adonis\/","title":{"rendered":"APHRODITE VE ADONIS"},"content":{"rendered":"<p>\u00a0<\/p>\n<p style=\"text-align: justify;\"><span><span class=\"Siir_metin\">Geceye katran kar\u0131\u015ft\u0131, <br \/>Y\u00fcre\u011fimde hasretin Bahar G\u00f6zl\u00fcm. <br \/>Biliyorum yine zor olacak sabah..!  <br \/>Her ne yana baksam, <br \/>G\u00f6zlerin&#8230;ahh \u015fiir g\u00f6zlerin. <br \/>Her ne yana salsam y\u00fcre\u011fimi, <br \/>Boydan,boya aynalar..!  <br \/>Bir \u00e7ift bak\u0131\u015f&#8230; <br \/>\u0130ki damla g\u00f6zya\u015f\u0131&#8230; <br \/>Ve sen&#8230;ve Adonis.* <\/p>\n<p>K\u0131sa,k\u0131sa kareler.. <br \/>Fakat,uzun metrajl\u0131. <br \/>Biliyorum yine zor olacak sabah..!  <br \/>Dokunamad\u0131\u011f\u0131m g\u00f6lgelerde suletin, <br \/>Bitmeyen,t\u00fckenmeyen hasretin. <br \/>Gecelerde,g\u00fcnd\u00fcz.. <br \/>G\u00fcnd\u00fczlerde,gece her dem. <br \/>Bir \u00e7ift bak\u0131\u015f&#8230; <br \/>\u0130ki damla g\u00f6zya\u015f\u0131&#8230; <br \/>Ve sen&#8230;ve Adonis.* <\/p>\n<p>\u00c7ok cilveli o g\u00fcn deniz, <br \/>\u00c7ar\u015faf olmu\u015f,\u00e7ak\u0131llar\u0131 g\u00f6z\u00fck\u00fcyor. <br \/>Biliyorum yine zor olacak sabah..!  <br \/>G\u00f6zlerindeki \u0131\u015f\u0131lt\u0131lar sarmal\u0131yor  herbir yan\u0131, <br \/>Yakomozlar\u0131 k\u0131skand\u0131r\u0131yor  gamzelerin. <br \/>\u0130hti\u015fam\u0131yla kar\u015f\u0131da tarihi kale, <br \/>Sevi\u015fmelerimize tan\u0131kl\u0131k ediyor. <br \/>Bir \u00e7ift bak\u0131\u015f&#8230; <br \/>\u0130ki damla g\u00f6zya\u015f\u0131&#8230; <br \/>Ve sen&#8230;ve Adonis.* <\/p>\n<p>Yeni bir eski y\u0131la saatler var..!  <br \/>D\u0131\u015far\u0131da deli ya\u011fmur,\u015fim\u015fekler. <br \/>Biliyorum yine zor olacak sabah..!  <br \/>Tempo tutuyor silecekler ve titanic. <br \/>Araban\u0131n farlar\u0131 kesiyor geceyi. <br \/>Y\u00fcre\u011fimizde hayallerimiz,sevdam\u0131z&#8230; <br \/>Herkese,her\u015feye inat s\u00f6z\u00fcm\u00fcz var..!  <br \/>Bir \u00e7ift bak\u0131\u015f&#8230; <br \/>\u0130ki damla g\u00f6zya\u015f\u0131&#8230; <br \/>Ve sen&#8230;ve Adonis.* <\/p>\n<p>*** APHRODITE VE ADONIS   <\/p>\n<p> B\u00fct\u00fcn bitkilerin anas\u0131 olan Aphrodite&#8217;in Adonis ad\u0131nda bir o\u011flu  daha vard\u0131. Yunanl\u0131lar Aphrodite&#8217;in o\u011flunu bizi \u00e7ar\u00e7abuk terk eden  \u00e7i\u00e7ekli ve ne\u015feli ilk bahar\u0131n sembol\u00fc olarak kalbul ederlerdi. Adonis  sakland\u0131\u011f\u0131 a\u011fac\u0131n kabuklar\u0131n\u0131 yarark \u00e7\u0131kt\u0131\u011f\u0131 zaman g\u00fczel g\u00fcnler  ba\u015fl\u0131yor, \u00e7i\u00e7ekler a\u00e7\u0131yor, ilbahar ba\u015fl\u0131yordu. Onun hayat\u0131 t\u0131pk\u0131  \u00e7i\u00e7ekler gibi s\u0131n\u0131rl\u0131yd\u0131, bir ka\u00e7 g\u00fcn s\u00fcr\u00fcyordu. \u00c7\u00fcnk\u00fc Adonis a\u00e7\u0131l\u0131p  g\u00fcld\u00fc\u011f\u00fc, gen\u00e7li\u011fin en g\u00fczel ve parlak \u00e7a\u011f\u0131na ula\u015ft\u0131\u011f\u0131 g\u00fcn \u00f6l\u00fcyordu. Bu  zaman yaz mevsiminin sonuna denk geliyordu. Yani sonbahar\u0131n \u00e7i\u00e7eklerin  soldu\u011fu, yapraklar\u0131n sarard\u0131\u011f\u0131 d\u00fcnyaya h\u00fcz\u00fcnl\u00fc bir havan\u0131n hakim oldu\u011fu  mevsimn. \u0130\u015fte bu mevsimde Adonis d\u00fcnyam\u0131z\u0131 terk ediyor g\u00f6r\u00fcnmez bir  aleme giriyordu.  <\/p>\n<p>B\u00f6yle bir mevsim de Adonis yaban domuzunu kovalarken hi\u00e7 beklemedi\u011fi  bir anda yaban domzu birden bire geri d\u00f6nm\u00fc\u015f ve ona sald\u0131rm\u0131\u015ft\u0131.  Aphrodite o\u011flunun ge\u00e7irdi\u011fi kazay\u0131 haber al\u0131r almaz Olympos&#8217;tan a\u015fa\u011f\u0131  inmi\u015fti, ancak yan\u0131na vard\u0131\u011f\u0131nda o\u011flu \u00e7oktan \u00f6lm\u00fc\u015ft\u00fc. Aphrodite  a\u011flayarak o\u011fluna sar\u0131ld\u0131. Adonis&#8217;in \u00f6l\u00fcm\u00fcyle Aphrodite&#8217;in yan\u0131 s\u0131ra  periler ve bir \u00e7oktanr\u0131\u00e7a g\u00f6z ya\u015f\u0131 d\u00f6kt\u00fcler, yas tuttular. O g\u00fcnden  sonra Adonis&#8217;in \u00f6ld\u00fc\u011f\u00fc g\u00fcn&#8217;\u00fcn an\u0131s\u0131na Adonis&#8217;I sevenler yas tutmaya  ba\u015flad\u0131lar..taki do\u011fdu\u011fu g\u00fcne kadar. Bu y\u00fczden, ne\u015feli ve rengarenk  ge\u00e7en ilk bahar ve yaz mevsiminden sonra kasvetli ve h\u00fcz\u00fcnl\u00fc sonbahar ve  k\u0131\u015f gelir. Bu mevsimler Aphrodite ve perilerin Adonis&#8217;in yas\u0131n\u0131  tuttuklar\u0131 d\u00f6nemdir.<\/span><\/span><\/p>\n","protected":false},"excerpt":{"rendered":"<p>\u00a0 Geceye katran kar\u0131\u015ft\u0131, Y\u00fcre\u011fimde hasretin Bahar G\u00f6zl\u00fcm. Biliyorum yine zor olacak sabah..! Her ne yana baksam, G\u00f6zlerin&#8230;ahh \u015fiir g\u00f6zlerin. Her ne yana salsam y\u00fcre\u011fimi, Boydan,boya aynalar..! Bir \u00e7ift bak\u0131\u015f&#8230; \u0130ki damla g\u00f6zya\u015f\u0131&#8230; Ve sen&#8230;ve Adonis.* K\u0131sa,k\u0131sa kareler.. Fakat,uzun metrajl\u0131. Biliyorum yine zor olacak sabah..! Dokunamad\u0131\u011f\u0131m g\u00f6lgelerde suletin, Bitmeyen,t\u00fckenmeyen hasretin. Gecelerde,g\u00fcnd\u00fcz.. G\u00fcnd\u00fczlerde,gece her dem. Bir [&hellip;]<\/p>\n","protected":false},"author":1,"featured_media":0,"comment_status":"open","ping_status":"open","sticky":false,"template":"","format":"standard","meta":{"footnotes":""},"categories":[143],"tags":[],"class_list":{"0":"post-6570","1":"post","2":"type-post","3":"status-publish","4":"format-standard","6":"category-adonis"},"yoast_head":"<!-- This site is optimized with the Yoast SEO Premium plugin v24.9 (Yoast SEO v24.9) - https:\/\/yoast.com\/wordpress\/plugins\/seo\/ -->\n<title>APHRODITE VE ADONIS - narteks.net<\/title>\n<meta name=\"robots\" content=\"index, follow, max-snippet:-1, max-image-preview:large, max-video-preview:-1\" \/>\n<link rel=\"canonical\" href=\"https:\/\/narteks.net\/index.php\/2011\/06\/09\/aphrodite-ve-adonis\/\" \/>\n<meta property=\"og:locale\" content=\"tr_TR\" \/>\n<meta property=\"og:type\" content=\"article\" \/>\n<meta property=\"og:title\" content=\"APHRODITE VE ADONIS\" \/>\n<meta property=\"og:description\" content=\"\u00a0 Geceye katran kar\u0131\u015ft\u0131, Y\u00fcre\u011fimde hasretin Bahar G\u00f6zl\u00fcm. Biliyorum yine zor olacak sabah..! Her ne yana baksam, G\u00f6zlerin&#8230;ahh \u015fiir g\u00f6zlerin. Her ne yana salsam y\u00fcre\u011fimi, Boydan,boya aynalar..! Bir \u00e7ift bak\u0131\u015f&#8230; \u0130ki damla g\u00f6zya\u015f\u0131&#8230; Ve sen&#8230;ve Adonis.* K\u0131sa,k\u0131sa kareler.. Fakat,uzun metrajl\u0131. Biliyorum yine zor olacak sabah..! Dokunamad\u0131\u011f\u0131m g\u00f6lgelerde suletin, Bitmeyen,t\u00fckenmeyen hasretin. Gecelerde,g\u00fcnd\u00fcz.. G\u00fcnd\u00fczlerde,gece her dem. Bir [&hellip;]\" \/>\n<meta property=\"og:url\" content=\"https:\/\/narteks.net\/index.php\/2011\/06\/09\/aphrodite-ve-adonis\/\" \/>\n<meta property=\"og:site_name\" content=\"narteks.net\" \/>\n<meta property=\"article:published_time\" content=\"2011-06-09T09:43:50+00:00\" \/>\n<meta property=\"og:image\" content=\"https:\/\/narteks.net\/wp-content\/uploads\/narteks.png\" \/>\n\t<meta property=\"og:image:width\" content=\"300\" \/>\n\t<meta property=\"og:image:height\" content=\"90\" \/>\n\t<meta property=\"og:image:type\" content=\"image\/png\" \/>\n<meta name=\"author\" content=\"Tar\u0131k\" \/>\n<meta name=\"twitter:card\" content=\"summary_large_image\" \/>\n<meta name=\"twitter:creator\" content=\"@narteks\" \/>\n<meta name=\"twitter:site\" content=\"@narteks\" \/>\n<meta name=\"twitter:label1\" content=\"Yazan:\" \/>\n\t<meta name=\"twitter:data1\" content=\"Tar\u0131k\" \/>\n\t<meta name=\"twitter:label2\" content=\"Tahmini okuma s\u00fcresi\" \/>\n\t<meta name=\"twitter:data2\" content=\"2 dakika\" \/>\n<script type=\"application\/ld+json\" class=\"yoast-schema-graph\">{\"@context\":\"https:\/\/schema.org\",\"@graph\":[{\"@type\":\"Article\",\"@id\":\"https:\/\/narteks.net\/index.php\/2011\/06\/09\/aphrodite-ve-adonis\/#article\",\"isPartOf\":{\"@id\":\"https:\/\/narteks.net\/index.php\/2011\/06\/09\/aphrodite-ve-adonis\/\"},\"author\":{\"name\":\"Tar\u0131k\",\"@id\":\"https:\/\/narteks.net\/#\/schema\/person\/61f37d9834294b72d31d274e7ed79bca\"},\"headline\":\"APHRODITE VE ADONIS\",\"datePublished\":\"2011-06-09T09:43:50+00:00\",\"mainEntityOfPage\":{\"@id\":\"https:\/\/narteks.net\/index.php\/2011\/06\/09\/aphrodite-ve-adonis\/\"},\"wordCount\":499,\"commentCount\":0,\"publisher\":{\"@id\":\"https:\/\/narteks.net\/#organization\"},\"articleSection\":[\"ADON\u0130S\"],\"inLanguage\":\"tr\",\"potentialAction\":[{\"@type\":\"CommentAction\",\"name\":\"Comment\",\"target\":[\"https:\/\/narteks.net\/index.php\/2011\/06\/09\/aphrodite-ve-adonis\/#respond\"]}]},{\"@type\":\"WebPage\",\"@id\":\"https:\/\/narteks.net\/index.php\/2011\/06\/09\/aphrodite-ve-adonis\/\",\"url\":\"https:\/\/narteks.net\/index.php\/2011\/06\/09\/aphrodite-ve-adonis\/\",\"name\":\"APHRODITE VE ADONIS - narteks.net\",\"isPartOf\":{\"@id\":\"https:\/\/narteks.net\/#website\"},\"datePublished\":\"2011-06-09T09:43:50+00:00\",\"breadcrumb\":{\"@id\":\"https:\/\/narteks.net\/index.php\/2011\/06\/09\/aphrodite-ve-adonis\/#breadcrumb\"},\"inLanguage\":\"tr\",\"potentialAction\":[{\"@type\":\"ReadAction\",\"target\":[\"https:\/\/narteks.net\/index.php\/2011\/06\/09\/aphrodite-ve-adonis\/\"]}]},{\"@type\":\"BreadcrumbList\",\"@id\":\"https:\/\/narteks.net\/index.php\/2011\/06\/09\/aphrodite-ve-adonis\/#breadcrumb\",\"itemListElement\":[{\"@type\":\"ListItem\",\"position\":1,\"name\":\"Anasayfa\",\"item\":\"https:\/\/narteks.net\/\"},{\"@type\":\"ListItem\",\"position\":2,\"name\":\"APHRODITE VE ADONIS\"}]},{\"@type\":\"WebSite\",\"@id\":\"https:\/\/narteks.net\/#website\",\"url\":\"https:\/\/narteks.net\/\",\"name\":\"narteks.net\",\"description\":\"K\u00fclt\u00fcr Sanat Edebiyat Felsefe\",\"publisher\":{\"@id\":\"https:\/\/narteks.net\/#organization\"},\"alternateName\":\"K\u00fclt\u00fcr Sanat Edebiyat Felsefe\",\"potentialAction\":[{\"@type\":\"SearchAction\",\"target\":{\"@type\":\"EntryPoint\",\"urlTemplate\":\"https:\/\/narteks.net\/?s={search_term_string}\"},\"query-input\":{\"@type\":\"PropertyValueSpecification\",\"valueRequired\":true,\"valueName\":\"search_term_string\"}}],\"inLanguage\":\"tr\"},{\"@type\":\"Organization\",\"@id\":\"https:\/\/narteks.net\/#organization\",\"name\":\"narteks.net\",\"url\":\"https:\/\/narteks.net\/\",\"logo\":{\"@type\":\"ImageObject\",\"inLanguage\":\"tr\",\"@id\":\"https:\/\/narteks.net\/#\/schema\/logo\/image\/\",\"url\":\"https:\/\/narteks.net\/wp-content\/uploads\/narteks.png\",\"contentUrl\":\"https:\/\/narteks.net\/wp-content\/uploads\/narteks.png\",\"width\":300,\"height\":90,\"caption\":\"narteks.net\"},\"image\":{\"@id\":\"https:\/\/narteks.net\/#\/schema\/logo\/image\/\"},\"sameAs\":[\"https:\/\/x.com\/narteks\",\"https:\/\/instagram.com\/narteksnet\"]},{\"@type\":\"Person\",\"@id\":\"https:\/\/narteks.net\/#\/schema\/person\/61f37d9834294b72d31d274e7ed79bca\",\"name\":\"Tar\u0131k\",\"image\":{\"@type\":\"ImageObject\",\"inLanguage\":\"tr\",\"@id\":\"https:\/\/narteks.net\/#\/schema\/person\/image\/\",\"url\":\"https:\/\/secure.gravatar.com\/avatar\/50865afb55632c4ae467e0af0930f6510aa2297d8014be502a55b14f3b7550cf?s=96&d=mm&r=g\",\"contentUrl\":\"https:\/\/secure.gravatar.com\/avatar\/50865afb55632c4ae467e0af0930f6510aa2297d8014be502a55b14f3b7550cf?s=96&d=mm&r=g\",\"caption\":\"Tar\u0131k\"},\"sameAs\":[\"http:\/\/narteks.net\"],\"url\":\"https:\/\/narteks.net\/index.php\/author\/narbak\/\"}]}<\/script>\n<!-- \/ Yoast SEO Premium plugin. -->","yoast_head_json":{"title":"APHRODITE VE ADONIS - narteks.net","robots":{"index":"index","follow":"follow","max-snippet":"max-snippet:-1","max-image-preview":"max-image-preview:large","max-video-preview":"max-video-preview:-1"},"canonical":"https:\/\/narteks.net\/index.php\/2011\/06\/09\/aphrodite-ve-adonis\/","og_locale":"tr_TR","og_type":"article","og_title":"APHRODITE VE ADONIS","og_description":"\u00a0 Geceye katran kar\u0131\u015ft\u0131, Y\u00fcre\u011fimde hasretin Bahar G\u00f6zl\u00fcm. Biliyorum yine zor olacak sabah..! Her ne yana baksam, G\u00f6zlerin&#8230;ahh \u015fiir g\u00f6zlerin. Her ne yana salsam y\u00fcre\u011fimi, Boydan,boya aynalar..! Bir \u00e7ift bak\u0131\u015f&#8230; \u0130ki damla g\u00f6zya\u015f\u0131&#8230; Ve sen&#8230;ve Adonis.* K\u0131sa,k\u0131sa kareler.. Fakat,uzun metrajl\u0131. Biliyorum yine zor olacak sabah..! Dokunamad\u0131\u011f\u0131m g\u00f6lgelerde suletin, Bitmeyen,t\u00fckenmeyen hasretin. Gecelerde,g\u00fcnd\u00fcz.. G\u00fcnd\u00fczlerde,gece her dem. Bir [&hellip;]","og_url":"https:\/\/narteks.net\/index.php\/2011\/06\/09\/aphrodite-ve-adonis\/","og_site_name":"narteks.net","article_published_time":"2011-06-09T09:43:50+00:00","og_image":[{"width":300,"height":90,"url":"https:\/\/narteks.net\/wp-content\/uploads\/narteks.png","type":"image\/png"}],"author":"Tar\u0131k","twitter_card":"summary_large_image","twitter_creator":"@narteks","twitter_site":"@narteks","twitter_misc":{"Yazan:":"Tar\u0131k","Tahmini okuma s\u00fcresi":"2 dakika"},"schema":{"@context":"https:\/\/schema.org","@graph":[{"@type":"Article","@id":"https:\/\/narteks.net\/index.php\/2011\/06\/09\/aphrodite-ve-adonis\/#article","isPartOf":{"@id":"https:\/\/narteks.net\/index.php\/2011\/06\/09\/aphrodite-ve-adonis\/"},"author":{"name":"Tar\u0131k","@id":"https:\/\/narteks.net\/#\/schema\/person\/61f37d9834294b72d31d274e7ed79bca"},"headline":"APHRODITE VE ADONIS","datePublished":"2011-06-09T09:43:50+00:00","mainEntityOfPage":{"@id":"https:\/\/narteks.net\/index.php\/2011\/06\/09\/aphrodite-ve-adonis\/"},"wordCount":499,"commentCount":0,"publisher":{"@id":"https:\/\/narteks.net\/#organization"},"articleSection":["ADON\u0130S"],"inLanguage":"tr","potentialAction":[{"@type":"CommentAction","name":"Comment","target":["https:\/\/narteks.net\/index.php\/2011\/06\/09\/aphrodite-ve-adonis\/#respond"]}]},{"@type":"WebPage","@id":"https:\/\/narteks.net\/index.php\/2011\/06\/09\/aphrodite-ve-adonis\/","url":"https:\/\/narteks.net\/index.php\/2011\/06\/09\/aphrodite-ve-adonis\/","name":"APHRODITE VE ADONIS - narteks.net","isPartOf":{"@id":"https:\/\/narteks.net\/#website"},"datePublished":"2011-06-09T09:43:50+00:00","breadcrumb":{"@id":"https:\/\/narteks.net\/index.php\/2011\/06\/09\/aphrodite-ve-adonis\/#breadcrumb"},"inLanguage":"tr","potentialAction":[{"@type":"ReadAction","target":["https:\/\/narteks.net\/index.php\/2011\/06\/09\/aphrodite-ve-adonis\/"]}]},{"@type":"BreadcrumbList","@id":"https:\/\/narteks.net\/index.php\/2011\/06\/09\/aphrodite-ve-adonis\/#breadcrumb","itemListElement":[{"@type":"ListItem","position":1,"name":"Anasayfa","item":"https:\/\/narteks.net\/"},{"@type":"ListItem","position":2,"name":"APHRODITE VE ADONIS"}]},{"@type":"WebSite","@id":"https:\/\/narteks.net\/#website","url":"https:\/\/narteks.net\/","name":"narteks.net","description":"K\u00fclt\u00fcr Sanat Edebiyat Felsefe","publisher":{"@id":"https:\/\/narteks.net\/#organization"},"alternateName":"K\u00fclt\u00fcr Sanat Edebiyat Felsefe","potentialAction":[{"@type":"SearchAction","target":{"@type":"EntryPoint","urlTemplate":"https:\/\/narteks.net\/?s={search_term_string}"},"query-input":{"@type":"PropertyValueSpecification","valueRequired":true,"valueName":"search_term_string"}}],"inLanguage":"tr"},{"@type":"Organization","@id":"https:\/\/narteks.net\/#organization","name":"narteks.net","url":"https:\/\/narteks.net\/","logo":{"@type":"ImageObject","inLanguage":"tr","@id":"https:\/\/narteks.net\/#\/schema\/logo\/image\/","url":"https:\/\/narteks.net\/wp-content\/uploads\/narteks.png","contentUrl":"https:\/\/narteks.net\/wp-content\/uploads\/narteks.png","width":300,"height":90,"caption":"narteks.net"},"image":{"@id":"https:\/\/narteks.net\/#\/schema\/logo\/image\/"},"sameAs":["https:\/\/x.com\/narteks","https:\/\/instagram.com\/narteksnet"]},{"@type":"Person","@id":"https:\/\/narteks.net\/#\/schema\/person\/61f37d9834294b72d31d274e7ed79bca","name":"Tar\u0131k","image":{"@type":"ImageObject","inLanguage":"tr","@id":"https:\/\/narteks.net\/#\/schema\/person\/image\/","url":"https:\/\/secure.gravatar.com\/avatar\/50865afb55632c4ae467e0af0930f6510aa2297d8014be502a55b14f3b7550cf?s=96&d=mm&r=g","contentUrl":"https:\/\/secure.gravatar.com\/avatar\/50865afb55632c4ae467e0af0930f6510aa2297d8014be502a55b14f3b7550cf?s=96&d=mm&r=g","caption":"Tar\u0131k"},"sameAs":["http:\/\/narteks.net"],"url":"https:\/\/narteks.net\/index.php\/author\/narbak\/"}]}},"_links":{"self":[{"href":"https:\/\/narteks.net\/index.php\/wp-json\/wp\/v2\/posts\/6570","targetHints":{"allow":["GET"]}}],"collection":[{"href":"https:\/\/narteks.net\/index.php\/wp-json\/wp\/v2\/posts"}],"about":[{"href":"https:\/\/narteks.net\/index.php\/wp-json\/wp\/v2\/types\/post"}],"author":[{"embeddable":true,"href":"https:\/\/narteks.net\/index.php\/wp-json\/wp\/v2\/users\/1"}],"replies":[{"embeddable":true,"href":"https:\/\/narteks.net\/index.php\/wp-json\/wp\/v2\/comments?post=6570"}],"version-history":[{"count":0,"href":"https:\/\/narteks.net\/index.php\/wp-json\/wp\/v2\/posts\/6570\/revisions"}],"wp:attachment":[{"href":"https:\/\/narteks.net\/index.php\/wp-json\/wp\/v2\/media?parent=6570"}],"wp:term":[{"taxonomy":"category","embeddable":true,"href":"https:\/\/narteks.net\/index.php\/wp-json\/wp\/v2\/categories?post=6570"},{"taxonomy":"post_tag","embeddable":true,"href":"https:\/\/narteks.net\/index.php\/wp-json\/wp\/v2\/tags?post=6570"}],"curies":[{"name":"wp","href":"https:\/\/api.w.org\/{rel}","templated":true}]}}