{"id":6574,"date":"2011-06-09T12:53:18","date_gmt":"2011-06-09T09:53:18","guid":{"rendered":"http:\/\/localhost\/wordpress\/2011\/06\/09\/ay-ayakta-degildi\/"},"modified":"2011-06-09T12:53:18","modified_gmt":"2011-06-09T09:53:18","slug":"ay-ayakta-degildi","status":"publish","type":"post","link":"https:\/\/narteks.net\/index.php\/2011\/06\/09\/ay-ayakta-degildi\/","title":{"rendered":"AY AYAKTA DE\u011e\u0130LD\u0130"},"content":{"rendered":"<p>\u00a0<\/p>\n<p>\u015eiirlerim benim<br \/>\u015eark\u0131lar\u0131m<br \/>Ay ayakta de\u011filken<br \/>Ayaktay\u0131m<br \/>\u00c7oband\u0131m ben<br \/>K\u0131rk y\u0131l<br \/>Ayakta<br \/>\u00c7oban<br \/>Aya bakt\u0131m<br \/>G\u00fcne bakt\u0131m<br \/>Geceleyin<br \/>Kimi zaman<br \/>Kimi zaman<br \/>Bir \u00e7oband\u0131m<br \/>Geceleyin<br \/>Aya bakan<br \/>G\u00fcne bakt\u0131m<br \/>\u00c7i\u00e7ek a\u00e7t\u0131m<br \/>Geceleyin<br \/>Kimi zaman<br \/>Kimi zaman<br \/>Bir \u00e7oband\u0131m<br \/>Geceleyin<br \/>\u00c7i\u00e7ek a\u00e7an<br \/>Bir \u00e7i\u00e7ek<br \/>G\u00fcnebakan<br \/>Geceleyin<br \/>Kimi zaman<br \/>Kimi zaman<br \/>Geceleyin<br \/>Bin \u00e7i\u00e7ek<br \/>Aya bakan<br \/>K\u0131rk y\u0131l<br \/>Ayakta<br \/>\u00c7oban<br \/>Ayaz oldu<br \/>Bulut oldu<br \/>Ge\u00e7en k\u0131rk y\u0131l<br \/>Umut oldu<\/p>\n<p>Arif DAMAR<\/p>\n","protected":false},"excerpt":{"rendered":"<p>\u00a0 \u015eiirlerim benim\u015eark\u0131lar\u0131mAy ayakta de\u011filkenAyaktay\u0131m\u00c7oband\u0131m benK\u0131rk y\u0131lAyakta\u00c7obanAya bakt\u0131mG\u00fcne bakt\u0131mGeceleyinKimi zamanKimi zamanBir \u00e7oband\u0131mGeceleyinAya bakanG\u00fcne bakt\u0131m\u00c7i\u00e7ek a\u00e7t\u0131mGeceleyinKimi zamanKimi zamanBir \u00e7oband\u0131mGeceleyin\u00c7i\u00e7ek a\u00e7anBir \u00e7i\u00e7ekG\u00fcnebakanGeceleyinKimi zamanKimi zamanGeceleyinBin \u00e7i\u00e7ekAya bakanK\u0131rk y\u0131lAyakta\u00c7obanAyaz olduBulut olduGe\u00e7en k\u0131rk y\u0131lUmut oldu Arif DAMAR<\/p>\n","protected":false},"author":1,"featured_media":0,"comment_status":"open","ping_status":"open","sticky":false,"template":"","format":"standard","meta":{"footnotes":""},"categories":[8],"tags":[],"class_list":{"0":"post-6574","1":"post","2":"type-post","3":"status-publish","4":"format-standard","6":"category-arif-damar"},"yoast_head":"<!-- This site is optimized with the Yoast SEO Premium plugin v24.9 (Yoast SEO v24.9) - https:\/\/yoast.com\/wordpress\/plugins\/seo\/ -->\n<title>AY AYAKTA DE\u011e\u0130LD\u0130 - narteks.net<\/title>\n<meta name=\"robots\" content=\"index, follow, max-snippet:-1, max-image-preview:large, max-video-preview:-1\" \/>\n<link rel=\"canonical\" href=\"https:\/\/narteks.net\/index.php\/2011\/06\/09\/ay-ayakta-degildi\/\" \/>\n<meta property=\"og:locale\" content=\"tr_TR\" \/>\n<meta property=\"og:type\" content=\"article\" \/>\n<meta property=\"og:title\" content=\"AY AYAKTA DE\u011e\u0130LD\u0130\" \/>\n<meta property=\"og:description\" content=\"\u00a0 \u015eiirlerim benim\u015eark\u0131lar\u0131mAy ayakta de\u011filkenAyaktay\u0131m\u00c7oband\u0131m benK\u0131rk y\u0131lAyakta\u00c7obanAya bakt\u0131mG\u00fcne bakt\u0131mGeceleyinKimi zamanKimi zamanBir \u00e7oband\u0131mGeceleyinAya bakanG\u00fcne bakt\u0131m\u00c7i\u00e7ek a\u00e7t\u0131mGeceleyinKimi zamanKimi zamanBir \u00e7oband\u0131mGeceleyin\u00c7i\u00e7ek a\u00e7anBir \u00e7i\u00e7ekG\u00fcnebakanGeceleyinKimi zamanKimi zamanGeceleyinBin \u00e7i\u00e7ekAya bakanK\u0131rk y\u0131lAyakta\u00c7obanAyaz olduBulut olduGe\u00e7en k\u0131rk y\u0131lUmut oldu Arif DAMAR\" \/>\n<meta property=\"og:url\" content=\"https:\/\/narteks.net\/index.php\/2011\/06\/09\/ay-ayakta-degildi\/\" \/>\n<meta property=\"og:site_name\" content=\"narteks.net\" \/>\n<meta property=\"article:published_time\" content=\"2011-06-09T09:53:18+00:00\" \/>\n<meta property=\"og:image\" content=\"https:\/\/narteks.net\/wp-content\/uploads\/narteks.png\" \/>\n\t<meta property=\"og:image:width\" content=\"300\" \/>\n\t<meta property=\"og:image:height\" content=\"90\" \/>\n\t<meta property=\"og:image:type\" content=\"image\/png\" \/>\n<meta name=\"author\" content=\"Tar\u0131k\" \/>\n<meta name=\"twitter:card\" content=\"summary_large_image\" \/>\n<meta name=\"twitter:creator\" content=\"@narteks\" \/>\n<meta name=\"twitter:site\" content=\"@narteks\" \/>\n<meta name=\"twitter:label1\" content=\"Yazan:\" \/>\n\t<meta name=\"twitter:data1\" content=\"Tar\u0131k\" \/>\n<script type=\"application\/ld+json\" class=\"yoast-schema-graph\">{\"@context\":\"https:\/\/schema.org\",\"@graph\":[{\"@type\":\"Article\",\"@id\":\"https:\/\/narteks.net\/index.php\/2011\/06\/09\/ay-ayakta-degildi\/#article\",\"isPartOf\":{\"@id\":\"https:\/\/narteks.net\/index.php\/2011\/06\/09\/ay-ayakta-degildi\/\"},\"author\":{\"name\":\"Tar\u0131k\",\"@id\":\"https:\/\/narteks.net\/#\/schema\/person\/61f37d9834294b72d31d274e7ed79bca\"},\"headline\":\"AY AYAKTA DE\u011e\u0130LD\u0130\",\"datePublished\":\"2011-06-09T09:53:18+00:00\",\"mainEntityOfPage\":{\"@id\":\"https:\/\/narteks.net\/index.php\/2011\/06\/09\/ay-ayakta-degildi\/\"},\"wordCount\":68,\"commentCount\":0,\"publisher\":{\"@id\":\"https:\/\/narteks.net\/#organization\"},\"articleSection\":[\"Arif DAMAR\"],\"inLanguage\":\"tr\",\"potentialAction\":[{\"@type\":\"CommentAction\",\"name\":\"Comment\",\"target\":[\"https:\/\/narteks.net\/index.php\/2011\/06\/09\/ay-ayakta-degildi\/#respond\"]}]},{\"@type\":\"WebPage\",\"@id\":\"https:\/\/narteks.net\/index.php\/2011\/06\/09\/ay-ayakta-degildi\/\",\"url\":\"https:\/\/narteks.net\/index.php\/2011\/06\/09\/ay-ayakta-degildi\/\",\"name\":\"AY AYAKTA DE\u011e\u0130LD\u0130 - narteks.net\",\"isPartOf\":{\"@id\":\"https:\/\/narteks.net\/#website\"},\"datePublished\":\"2011-06-09T09:53:18+00:00\",\"breadcrumb\":{\"@id\":\"https:\/\/narteks.net\/index.php\/2011\/06\/09\/ay-ayakta-degildi\/#breadcrumb\"},\"inLanguage\":\"tr\",\"potentialAction\":[{\"@type\":\"ReadAction\",\"target\":[\"https:\/\/narteks.net\/index.php\/2011\/06\/09\/ay-ayakta-degildi\/\"]}]},{\"@type\":\"BreadcrumbList\",\"@id\":\"https:\/\/narteks.net\/index.php\/2011\/06\/09\/ay-ayakta-degildi\/#breadcrumb\",\"itemListElement\":[{\"@type\":\"ListItem\",\"position\":1,\"name\":\"Anasayfa\",\"item\":\"https:\/\/narteks.net\/\"},{\"@type\":\"ListItem\",\"position\":2,\"name\":\"AY AYAKTA DE\u011e\u0130LD\u0130\"}]},{\"@type\":\"WebSite\",\"@id\":\"https:\/\/narteks.net\/#website\",\"url\":\"https:\/\/narteks.net\/\",\"name\":\"narteks.net\",\"description\":\"K\u00fclt\u00fcr Sanat Edebiyat Felsefe\",\"publisher\":{\"@id\":\"https:\/\/narteks.net\/#organization\"},\"alternateName\":\"K\u00fclt\u00fcr Sanat Edebiyat Felsefe\",\"potentialAction\":[{\"@type\":\"SearchAction\",\"target\":{\"@type\":\"EntryPoint\",\"urlTemplate\":\"https:\/\/narteks.net\/?s={search_term_string}\"},\"query-input\":{\"@type\":\"PropertyValueSpecification\",\"valueRequired\":true,\"valueName\":\"search_term_string\"}}],\"inLanguage\":\"tr\"},{\"@type\":\"Organization\",\"@id\":\"https:\/\/narteks.net\/#organization\",\"name\":\"narteks.net\",\"url\":\"https:\/\/narteks.net\/\",\"logo\":{\"@type\":\"ImageObject\",\"inLanguage\":\"tr\",\"@id\":\"https:\/\/narteks.net\/#\/schema\/logo\/image\/\",\"url\":\"https:\/\/narteks.net\/wp-content\/uploads\/narteks.png\",\"contentUrl\":\"https:\/\/narteks.net\/wp-content\/uploads\/narteks.png\",\"width\":300,\"height\":90,\"caption\":\"narteks.net\"},\"image\":{\"@id\":\"https:\/\/narteks.net\/#\/schema\/logo\/image\/\"},\"sameAs\":[\"https:\/\/x.com\/narteks\",\"https:\/\/instagram.com\/narteksnet\"]},{\"@type\":\"Person\",\"@id\":\"https:\/\/narteks.net\/#\/schema\/person\/61f37d9834294b72d31d274e7ed79bca\",\"name\":\"Tar\u0131k\",\"image\":{\"@type\":\"ImageObject\",\"inLanguage\":\"tr\",\"@id\":\"https:\/\/narteks.net\/#\/schema\/person\/image\/\",\"url\":\"https:\/\/secure.gravatar.com\/avatar\/50865afb55632c4ae467e0af0930f6510aa2297d8014be502a55b14f3b7550cf?s=96&d=mm&r=g\",\"contentUrl\":\"https:\/\/secure.gravatar.com\/avatar\/50865afb55632c4ae467e0af0930f6510aa2297d8014be502a55b14f3b7550cf?s=96&d=mm&r=g\",\"caption\":\"Tar\u0131k\"},\"sameAs\":[\"http:\/\/narteks.net\"],\"url\":\"https:\/\/narteks.net\/index.php\/author\/narbak\/\"}]}<\/script>\n<!-- \/ Yoast SEO Premium plugin. -->","yoast_head_json":{"title":"AY AYAKTA DE\u011e\u0130LD\u0130 - narteks.net","robots":{"index":"index","follow":"follow","max-snippet":"max-snippet:-1","max-image-preview":"max-image-preview:large","max-video-preview":"max-video-preview:-1"},"canonical":"https:\/\/narteks.net\/index.php\/2011\/06\/09\/ay-ayakta-degildi\/","og_locale":"tr_TR","og_type":"article","og_title":"AY AYAKTA DE\u011e\u0130LD\u0130","og_description":"\u00a0 \u015eiirlerim benim\u015eark\u0131lar\u0131mAy ayakta de\u011filkenAyaktay\u0131m\u00c7oband\u0131m benK\u0131rk y\u0131lAyakta\u00c7obanAya bakt\u0131mG\u00fcne bakt\u0131mGeceleyinKimi zamanKimi zamanBir \u00e7oband\u0131mGeceleyinAya bakanG\u00fcne bakt\u0131m\u00c7i\u00e7ek a\u00e7t\u0131mGeceleyinKimi zamanKimi zamanBir \u00e7oband\u0131mGeceleyin\u00c7i\u00e7ek a\u00e7anBir \u00e7i\u00e7ekG\u00fcnebakanGeceleyinKimi zamanKimi zamanGeceleyinBin \u00e7i\u00e7ekAya bakanK\u0131rk y\u0131lAyakta\u00c7obanAyaz olduBulut olduGe\u00e7en k\u0131rk y\u0131lUmut oldu Arif DAMAR","og_url":"https:\/\/narteks.net\/index.php\/2011\/06\/09\/ay-ayakta-degildi\/","og_site_name":"narteks.net","article_published_time":"2011-06-09T09:53:18+00:00","og_image":[{"width":300,"height":90,"url":"https:\/\/narteks.net\/wp-content\/uploads\/narteks.png","type":"image\/png"}],"author":"Tar\u0131k","twitter_card":"summary_large_image","twitter_creator":"@narteks","twitter_site":"@narteks","twitter_misc":{"Yazan:":"Tar\u0131k"},"schema":{"@context":"https:\/\/schema.org","@graph":[{"@type":"Article","@id":"https:\/\/narteks.net\/index.php\/2011\/06\/09\/ay-ayakta-degildi\/#article","isPartOf":{"@id":"https:\/\/narteks.net\/index.php\/2011\/06\/09\/ay-ayakta-degildi\/"},"author":{"name":"Tar\u0131k","@id":"https:\/\/narteks.net\/#\/schema\/person\/61f37d9834294b72d31d274e7ed79bca"},"headline":"AY AYAKTA DE\u011e\u0130LD\u0130","datePublished":"2011-06-09T09:53:18+00:00","mainEntityOfPage":{"@id":"https:\/\/narteks.net\/index.php\/2011\/06\/09\/ay-ayakta-degildi\/"},"wordCount":68,"commentCount":0,"publisher":{"@id":"https:\/\/narteks.net\/#organization"},"articleSection":["Arif DAMAR"],"inLanguage":"tr","potentialAction":[{"@type":"CommentAction","name":"Comment","target":["https:\/\/narteks.net\/index.php\/2011\/06\/09\/ay-ayakta-degildi\/#respond"]}]},{"@type":"WebPage","@id":"https:\/\/narteks.net\/index.php\/2011\/06\/09\/ay-ayakta-degildi\/","url":"https:\/\/narteks.net\/index.php\/2011\/06\/09\/ay-ayakta-degildi\/","name":"AY AYAKTA DE\u011e\u0130LD\u0130 - narteks.net","isPartOf":{"@id":"https:\/\/narteks.net\/#website"},"datePublished":"2011-06-09T09:53:18+00:00","breadcrumb":{"@id":"https:\/\/narteks.net\/index.php\/2011\/06\/09\/ay-ayakta-degildi\/#breadcrumb"},"inLanguage":"tr","potentialAction":[{"@type":"ReadAction","target":["https:\/\/narteks.net\/index.php\/2011\/06\/09\/ay-ayakta-degildi\/"]}]},{"@type":"BreadcrumbList","@id":"https:\/\/narteks.net\/index.php\/2011\/06\/09\/ay-ayakta-degildi\/#breadcrumb","itemListElement":[{"@type":"ListItem","position":1,"name":"Anasayfa","item":"https:\/\/narteks.net\/"},{"@type":"ListItem","position":2,"name":"AY AYAKTA DE\u011e\u0130LD\u0130"}]},{"@type":"WebSite","@id":"https:\/\/narteks.net\/#website","url":"https:\/\/narteks.net\/","name":"narteks.net","description":"K\u00fclt\u00fcr Sanat Edebiyat Felsefe","publisher":{"@id":"https:\/\/narteks.net\/#organization"},"alternateName":"K\u00fclt\u00fcr Sanat Edebiyat Felsefe","potentialAction":[{"@type":"SearchAction","target":{"@type":"EntryPoint","urlTemplate":"https:\/\/narteks.net\/?s={search_term_string}"},"query-input":{"@type":"PropertyValueSpecification","valueRequired":true,"valueName":"search_term_string"}}],"inLanguage":"tr"},{"@type":"Organization","@id":"https:\/\/narteks.net\/#organization","name":"narteks.net","url":"https:\/\/narteks.net\/","logo":{"@type":"ImageObject","inLanguage":"tr","@id":"https:\/\/narteks.net\/#\/schema\/logo\/image\/","url":"https:\/\/narteks.net\/wp-content\/uploads\/narteks.png","contentUrl":"https:\/\/narteks.net\/wp-content\/uploads\/narteks.png","width":300,"height":90,"caption":"narteks.net"},"image":{"@id":"https:\/\/narteks.net\/#\/schema\/logo\/image\/"},"sameAs":["https:\/\/x.com\/narteks","https:\/\/instagram.com\/narteksnet"]},{"@type":"Person","@id":"https:\/\/narteks.net\/#\/schema\/person\/61f37d9834294b72d31d274e7ed79bca","name":"Tar\u0131k","image":{"@type":"ImageObject","inLanguage":"tr","@id":"https:\/\/narteks.net\/#\/schema\/person\/image\/","url":"https:\/\/secure.gravatar.com\/avatar\/50865afb55632c4ae467e0af0930f6510aa2297d8014be502a55b14f3b7550cf?s=96&d=mm&r=g","contentUrl":"https:\/\/secure.gravatar.com\/avatar\/50865afb55632c4ae467e0af0930f6510aa2297d8014be502a55b14f3b7550cf?s=96&d=mm&r=g","caption":"Tar\u0131k"},"sameAs":["http:\/\/narteks.net"],"url":"https:\/\/narteks.net\/index.php\/author\/narbak\/"}]}},"_links":{"self":[{"href":"https:\/\/narteks.net\/index.php\/wp-json\/wp\/v2\/posts\/6574","targetHints":{"allow":["GET"]}}],"collection":[{"href":"https:\/\/narteks.net\/index.php\/wp-json\/wp\/v2\/posts"}],"about":[{"href":"https:\/\/narteks.net\/index.php\/wp-json\/wp\/v2\/types\/post"}],"author":[{"embeddable":true,"href":"https:\/\/narteks.net\/index.php\/wp-json\/wp\/v2\/users\/1"}],"replies":[{"embeddable":true,"href":"https:\/\/narteks.net\/index.php\/wp-json\/wp\/v2\/comments?post=6574"}],"version-history":[{"count":0,"href":"https:\/\/narteks.net\/index.php\/wp-json\/wp\/v2\/posts\/6574\/revisions"}],"wp:attachment":[{"href":"https:\/\/narteks.net\/index.php\/wp-json\/wp\/v2\/media?parent=6574"}],"wp:term":[{"taxonomy":"category","embeddable":true,"href":"https:\/\/narteks.net\/index.php\/wp-json\/wp\/v2\/categories?post=6574"},{"taxonomy":"post_tag","embeddable":true,"href":"https:\/\/narteks.net\/index.php\/wp-json\/wp\/v2\/tags?post=6574"}],"curies":[{"name":"wp","href":"https:\/\/api.w.org\/{rel}","templated":true}]}}