{"id":6581,"date":"2011-06-09T13:02:33","date_gmt":"2011-06-09T10:02:33","guid":{"rendered":"http:\/\/localhost\/wordpress\/2011\/06\/09\/31-ekim-1964\/"},"modified":"2011-06-09T13:02:33","modified_gmt":"2011-06-09T10:02:33","slug":"31-ekim-1964","status":"publish","type":"post","link":"https:\/\/narteks.net\/index.php\/2011\/06\/09\/31-ekim-1964\/","title":{"rendered":"31 EK\u0130M 1964"},"content":{"rendered":"<p>\u00a0<\/p>\n<p>Su\u00e7 kan\u0131t\u0131 karanfiller beyazd\u0131<br \/>Savc\u0131 s\u00f6yledi yaz\u0131c\u0131 yazd\u0131<\/p>\n<p>Kanl\u0131 bir g\u00f6mlek de\u011fildi<br \/>T\u00fcfek tabanca b\u0131\u00e7ak<br \/>Karanfildiler<\/p>\n<p>Karanfildiler hem de beyaz<br \/>Al\u0131nd\u0131lar durduklar\u0131 yerden<br \/>A\u00e7\u0131k alandan g\u00fcne\u015ften<br \/>Evlerin bulutlar\u0131n \u00f6n\u00fcnden<br \/>Yakaland\u0131 g\u00f6t\u00fcr\u00fcld\u00fcler<br \/>K\u0131rk karanfildi k\u0131rk\u0131 da<\/p>\n<p>U\u00e7tu gitti<br \/>Ayd\u0131nl\u0131k d\u00fc\u015fleri toprak saks\u0131lar\u0131n<br \/>Ya\u011fmur sonlar\u0131n\u0131n sevinci<br \/>Yazlardan inen s\u0131cak<br \/>Sorguda duru\u015fmada<\/p>\n<p>Karanfildiler hem de beyaz<br \/>K\u0131rk karanfildi k\u0131rk\u0131 da beyaz<\/p>\n<p>Arif DAMAR<\/p>\n","protected":false},"excerpt":{"rendered":"<p>\u00a0 Su\u00e7 kan\u0131t\u0131 karanfiller beyazd\u0131Savc\u0131 s\u00f6yledi yaz\u0131c\u0131 yazd\u0131 Kanl\u0131 bir g\u00f6mlek de\u011fildiT\u00fcfek tabanca b\u0131\u00e7akKaranfildiler Karanfildiler hem de beyazAl\u0131nd\u0131lar durduklar\u0131 yerdenA\u00e7\u0131k alandan g\u00fcne\u015ftenEvlerin bulutlar\u0131n \u00f6n\u00fcndenYakaland\u0131 g\u00f6t\u00fcr\u00fcld\u00fclerK\u0131rk karanfildi k\u0131rk\u0131 da U\u00e7tu gittiAyd\u0131nl\u0131k d\u00fc\u015fleri toprak saks\u0131lar\u0131nYa\u011fmur sonlar\u0131n\u0131n sevinciYazlardan inen s\u0131cakSorguda duru\u015fmada Karanfildiler hem de beyazK\u0131rk karanfildi k\u0131rk\u0131 da beyaz Arif DAMAR<\/p>\n","protected":false},"author":1,"featured_media":0,"comment_status":"open","ping_status":"open","sticky":false,"template":"","format":"standard","meta":{"footnotes":""},"categories":[8],"tags":[],"class_list":{"0":"post-6581","1":"post","2":"type-post","3":"status-publish","4":"format-standard","6":"category-arif-damar"},"yoast_head":"<!-- This site is optimized with the Yoast SEO Premium plugin v24.9 (Yoast SEO v24.9) - https:\/\/yoast.com\/wordpress\/plugins\/seo\/ -->\n<title>31 EK\u0130M 1964 - narteks.net<\/title>\n<meta name=\"robots\" content=\"index, follow, max-snippet:-1, max-image-preview:large, max-video-preview:-1\" \/>\n<link rel=\"canonical\" href=\"https:\/\/narteks.net\/index.php\/2011\/06\/09\/31-ekim-1964\/\" \/>\n<meta property=\"og:locale\" content=\"tr_TR\" \/>\n<meta property=\"og:type\" content=\"article\" \/>\n<meta property=\"og:title\" content=\"31 EK\u0130M 1964\" \/>\n<meta property=\"og:description\" content=\"\u00a0 Su\u00e7 kan\u0131t\u0131 karanfiller beyazd\u0131Savc\u0131 s\u00f6yledi yaz\u0131c\u0131 yazd\u0131 Kanl\u0131 bir g\u00f6mlek de\u011fildiT\u00fcfek tabanca b\u0131\u00e7akKaranfildiler Karanfildiler hem de beyazAl\u0131nd\u0131lar durduklar\u0131 yerdenA\u00e7\u0131k alandan g\u00fcne\u015ftenEvlerin bulutlar\u0131n \u00f6n\u00fcndenYakaland\u0131 g\u00f6t\u00fcr\u00fcld\u00fclerK\u0131rk karanfildi k\u0131rk\u0131 da U\u00e7tu gittiAyd\u0131nl\u0131k d\u00fc\u015fleri toprak saks\u0131lar\u0131nYa\u011fmur sonlar\u0131n\u0131n sevinciYazlardan inen s\u0131cakSorguda duru\u015fmada Karanfildiler hem de beyazK\u0131rk karanfildi k\u0131rk\u0131 da beyaz Arif DAMAR\" \/>\n<meta property=\"og:url\" content=\"https:\/\/narteks.net\/index.php\/2011\/06\/09\/31-ekim-1964\/\" \/>\n<meta property=\"og:site_name\" content=\"narteks.net\" \/>\n<meta property=\"article:published_time\" content=\"2011-06-09T10:02:33+00:00\" \/>\n<meta property=\"og:image\" content=\"https:\/\/narteks.net\/wp-content\/uploads\/narteks.png\" \/>\n\t<meta property=\"og:image:width\" content=\"300\" \/>\n\t<meta property=\"og:image:height\" content=\"90\" \/>\n\t<meta property=\"og:image:type\" content=\"image\/png\" \/>\n<meta name=\"author\" content=\"Tar\u0131k\" \/>\n<meta name=\"twitter:card\" content=\"summary_large_image\" \/>\n<meta name=\"twitter:creator\" content=\"@narteks\" \/>\n<meta name=\"twitter:site\" content=\"@narteks\" \/>\n<meta name=\"twitter:label1\" content=\"Yazan:\" \/>\n\t<meta name=\"twitter:data1\" content=\"Tar\u0131k\" \/>\n<script type=\"application\/ld+json\" class=\"yoast-schema-graph\">{\"@context\":\"https:\/\/schema.org\",\"@graph\":[{\"@type\":\"Article\",\"@id\":\"https:\/\/narteks.net\/index.php\/2011\/06\/09\/31-ekim-1964\/#article\",\"isPartOf\":{\"@id\":\"https:\/\/narteks.net\/index.php\/2011\/06\/09\/31-ekim-1964\/\"},\"author\":{\"name\":\"Tar\u0131k\",\"@id\":\"https:\/\/narteks.net\/#\/schema\/person\/61f37d9834294b72d31d274e7ed79bca\"},\"headline\":\"31 EK\u0130M 1964\",\"datePublished\":\"2011-06-09T10:02:33+00:00\",\"mainEntityOfPage\":{\"@id\":\"https:\/\/narteks.net\/index.php\/2011\/06\/09\/31-ekim-1964\/\"},\"wordCount\":83,\"commentCount\":0,\"publisher\":{\"@id\":\"https:\/\/narteks.net\/#organization\"},\"articleSection\":[\"Arif DAMAR\"],\"inLanguage\":\"tr\",\"potentialAction\":[{\"@type\":\"CommentAction\",\"name\":\"Comment\",\"target\":[\"https:\/\/narteks.net\/index.php\/2011\/06\/09\/31-ekim-1964\/#respond\"]}]},{\"@type\":\"WebPage\",\"@id\":\"https:\/\/narteks.net\/index.php\/2011\/06\/09\/31-ekim-1964\/\",\"url\":\"https:\/\/narteks.net\/index.php\/2011\/06\/09\/31-ekim-1964\/\",\"name\":\"31 EK\u0130M 1964 - narteks.net\",\"isPartOf\":{\"@id\":\"https:\/\/narteks.net\/#website\"},\"datePublished\":\"2011-06-09T10:02:33+00:00\",\"breadcrumb\":{\"@id\":\"https:\/\/narteks.net\/index.php\/2011\/06\/09\/31-ekim-1964\/#breadcrumb\"},\"inLanguage\":\"tr\",\"potentialAction\":[{\"@type\":\"ReadAction\",\"target\":[\"https:\/\/narteks.net\/index.php\/2011\/06\/09\/31-ekim-1964\/\"]}]},{\"@type\":\"BreadcrumbList\",\"@id\":\"https:\/\/narteks.net\/index.php\/2011\/06\/09\/31-ekim-1964\/#breadcrumb\",\"itemListElement\":[{\"@type\":\"ListItem\",\"position\":1,\"name\":\"Anasayfa\",\"item\":\"https:\/\/narteks.net\/\"},{\"@type\":\"ListItem\",\"position\":2,\"name\":\"31 EK\u0130M 1964\"}]},{\"@type\":\"WebSite\",\"@id\":\"https:\/\/narteks.net\/#website\",\"url\":\"https:\/\/narteks.net\/\",\"name\":\"narteks.net\",\"description\":\"K\u00fclt\u00fcr Sanat Edebiyat Felsefe\",\"publisher\":{\"@id\":\"https:\/\/narteks.net\/#organization\"},\"alternateName\":\"K\u00fclt\u00fcr Sanat Edebiyat Felsefe\",\"potentialAction\":[{\"@type\":\"SearchAction\",\"target\":{\"@type\":\"EntryPoint\",\"urlTemplate\":\"https:\/\/narteks.net\/?s={search_term_string}\"},\"query-input\":{\"@type\":\"PropertyValueSpecification\",\"valueRequired\":true,\"valueName\":\"search_term_string\"}}],\"inLanguage\":\"tr\"},{\"@type\":\"Organization\",\"@id\":\"https:\/\/narteks.net\/#organization\",\"name\":\"narteks.net\",\"url\":\"https:\/\/narteks.net\/\",\"logo\":{\"@type\":\"ImageObject\",\"inLanguage\":\"tr\",\"@id\":\"https:\/\/narteks.net\/#\/schema\/logo\/image\/\",\"url\":\"https:\/\/narteks.net\/wp-content\/uploads\/narteks.png\",\"contentUrl\":\"https:\/\/narteks.net\/wp-content\/uploads\/narteks.png\",\"width\":300,\"height\":90,\"caption\":\"narteks.net\"},\"image\":{\"@id\":\"https:\/\/narteks.net\/#\/schema\/logo\/image\/\"},\"sameAs\":[\"https:\/\/x.com\/narteks\",\"https:\/\/instagram.com\/narteksnet\"]},{\"@type\":\"Person\",\"@id\":\"https:\/\/narteks.net\/#\/schema\/person\/61f37d9834294b72d31d274e7ed79bca\",\"name\":\"Tar\u0131k\",\"image\":{\"@type\":\"ImageObject\",\"inLanguage\":\"tr\",\"@id\":\"https:\/\/narteks.net\/#\/schema\/person\/image\/\",\"url\":\"https:\/\/secure.gravatar.com\/avatar\/50865afb55632c4ae467e0af0930f6510aa2297d8014be502a55b14f3b7550cf?s=96&d=mm&r=g\",\"contentUrl\":\"https:\/\/secure.gravatar.com\/avatar\/50865afb55632c4ae467e0af0930f6510aa2297d8014be502a55b14f3b7550cf?s=96&d=mm&r=g\",\"caption\":\"Tar\u0131k\"},\"sameAs\":[\"http:\/\/narteks.net\"],\"url\":\"https:\/\/narteks.net\/index.php\/author\/narbak\/\"}]}<\/script>\n<!-- \/ Yoast SEO Premium plugin. -->","yoast_head_json":{"title":"31 EK\u0130M 1964 - narteks.net","robots":{"index":"index","follow":"follow","max-snippet":"max-snippet:-1","max-image-preview":"max-image-preview:large","max-video-preview":"max-video-preview:-1"},"canonical":"https:\/\/narteks.net\/index.php\/2011\/06\/09\/31-ekim-1964\/","og_locale":"tr_TR","og_type":"article","og_title":"31 EK\u0130M 1964","og_description":"\u00a0 Su\u00e7 kan\u0131t\u0131 karanfiller beyazd\u0131Savc\u0131 s\u00f6yledi yaz\u0131c\u0131 yazd\u0131 Kanl\u0131 bir g\u00f6mlek de\u011fildiT\u00fcfek tabanca b\u0131\u00e7akKaranfildiler Karanfildiler hem de beyazAl\u0131nd\u0131lar durduklar\u0131 yerdenA\u00e7\u0131k alandan g\u00fcne\u015ftenEvlerin bulutlar\u0131n \u00f6n\u00fcndenYakaland\u0131 g\u00f6t\u00fcr\u00fcld\u00fclerK\u0131rk karanfildi k\u0131rk\u0131 da U\u00e7tu gittiAyd\u0131nl\u0131k d\u00fc\u015fleri toprak saks\u0131lar\u0131nYa\u011fmur sonlar\u0131n\u0131n sevinciYazlardan inen s\u0131cakSorguda duru\u015fmada Karanfildiler hem de beyazK\u0131rk karanfildi k\u0131rk\u0131 da beyaz Arif DAMAR","og_url":"https:\/\/narteks.net\/index.php\/2011\/06\/09\/31-ekim-1964\/","og_site_name":"narteks.net","article_published_time":"2011-06-09T10:02:33+00:00","og_image":[{"width":300,"height":90,"url":"https:\/\/narteks.net\/wp-content\/uploads\/narteks.png","type":"image\/png"}],"author":"Tar\u0131k","twitter_card":"summary_large_image","twitter_creator":"@narteks","twitter_site":"@narteks","twitter_misc":{"Yazan:":"Tar\u0131k"},"schema":{"@context":"https:\/\/schema.org","@graph":[{"@type":"Article","@id":"https:\/\/narteks.net\/index.php\/2011\/06\/09\/31-ekim-1964\/#article","isPartOf":{"@id":"https:\/\/narteks.net\/index.php\/2011\/06\/09\/31-ekim-1964\/"},"author":{"name":"Tar\u0131k","@id":"https:\/\/narteks.net\/#\/schema\/person\/61f37d9834294b72d31d274e7ed79bca"},"headline":"31 EK\u0130M 1964","datePublished":"2011-06-09T10:02:33+00:00","mainEntityOfPage":{"@id":"https:\/\/narteks.net\/index.php\/2011\/06\/09\/31-ekim-1964\/"},"wordCount":83,"commentCount":0,"publisher":{"@id":"https:\/\/narteks.net\/#organization"},"articleSection":["Arif DAMAR"],"inLanguage":"tr","potentialAction":[{"@type":"CommentAction","name":"Comment","target":["https:\/\/narteks.net\/index.php\/2011\/06\/09\/31-ekim-1964\/#respond"]}]},{"@type":"WebPage","@id":"https:\/\/narteks.net\/index.php\/2011\/06\/09\/31-ekim-1964\/","url":"https:\/\/narteks.net\/index.php\/2011\/06\/09\/31-ekim-1964\/","name":"31 EK\u0130M 1964 - narteks.net","isPartOf":{"@id":"https:\/\/narteks.net\/#website"},"datePublished":"2011-06-09T10:02:33+00:00","breadcrumb":{"@id":"https:\/\/narteks.net\/index.php\/2011\/06\/09\/31-ekim-1964\/#breadcrumb"},"inLanguage":"tr","potentialAction":[{"@type":"ReadAction","target":["https:\/\/narteks.net\/index.php\/2011\/06\/09\/31-ekim-1964\/"]}]},{"@type":"BreadcrumbList","@id":"https:\/\/narteks.net\/index.php\/2011\/06\/09\/31-ekim-1964\/#breadcrumb","itemListElement":[{"@type":"ListItem","position":1,"name":"Anasayfa","item":"https:\/\/narteks.net\/"},{"@type":"ListItem","position":2,"name":"31 EK\u0130M 1964"}]},{"@type":"WebSite","@id":"https:\/\/narteks.net\/#website","url":"https:\/\/narteks.net\/","name":"narteks.net","description":"K\u00fclt\u00fcr Sanat Edebiyat Felsefe","publisher":{"@id":"https:\/\/narteks.net\/#organization"},"alternateName":"K\u00fclt\u00fcr Sanat Edebiyat Felsefe","potentialAction":[{"@type":"SearchAction","target":{"@type":"EntryPoint","urlTemplate":"https:\/\/narteks.net\/?s={search_term_string}"},"query-input":{"@type":"PropertyValueSpecification","valueRequired":true,"valueName":"search_term_string"}}],"inLanguage":"tr"},{"@type":"Organization","@id":"https:\/\/narteks.net\/#organization","name":"narteks.net","url":"https:\/\/narteks.net\/","logo":{"@type":"ImageObject","inLanguage":"tr","@id":"https:\/\/narteks.net\/#\/schema\/logo\/image\/","url":"https:\/\/narteks.net\/wp-content\/uploads\/narteks.png","contentUrl":"https:\/\/narteks.net\/wp-content\/uploads\/narteks.png","width":300,"height":90,"caption":"narteks.net"},"image":{"@id":"https:\/\/narteks.net\/#\/schema\/logo\/image\/"},"sameAs":["https:\/\/x.com\/narteks","https:\/\/instagram.com\/narteksnet"]},{"@type":"Person","@id":"https:\/\/narteks.net\/#\/schema\/person\/61f37d9834294b72d31d274e7ed79bca","name":"Tar\u0131k","image":{"@type":"ImageObject","inLanguage":"tr","@id":"https:\/\/narteks.net\/#\/schema\/person\/image\/","url":"https:\/\/secure.gravatar.com\/avatar\/50865afb55632c4ae467e0af0930f6510aa2297d8014be502a55b14f3b7550cf?s=96&d=mm&r=g","contentUrl":"https:\/\/secure.gravatar.com\/avatar\/50865afb55632c4ae467e0af0930f6510aa2297d8014be502a55b14f3b7550cf?s=96&d=mm&r=g","caption":"Tar\u0131k"},"sameAs":["http:\/\/narteks.net"],"url":"https:\/\/narteks.net\/index.php\/author\/narbak\/"}]}},"_links":{"self":[{"href":"https:\/\/narteks.net\/index.php\/wp-json\/wp\/v2\/posts\/6581","targetHints":{"allow":["GET"]}}],"collection":[{"href":"https:\/\/narteks.net\/index.php\/wp-json\/wp\/v2\/posts"}],"about":[{"href":"https:\/\/narteks.net\/index.php\/wp-json\/wp\/v2\/types\/post"}],"author":[{"embeddable":true,"href":"https:\/\/narteks.net\/index.php\/wp-json\/wp\/v2\/users\/1"}],"replies":[{"embeddable":true,"href":"https:\/\/narteks.net\/index.php\/wp-json\/wp\/v2\/comments?post=6581"}],"version-history":[{"count":0,"href":"https:\/\/narteks.net\/index.php\/wp-json\/wp\/v2\/posts\/6581\/revisions"}],"wp:attachment":[{"href":"https:\/\/narteks.net\/index.php\/wp-json\/wp\/v2\/media?parent=6581"}],"wp:term":[{"taxonomy":"category","embeddable":true,"href":"https:\/\/narteks.net\/index.php\/wp-json\/wp\/v2\/categories?post=6581"},{"taxonomy":"post_tag","embeddable":true,"href":"https:\/\/narteks.net\/index.php\/wp-json\/wp\/v2\/tags?post=6581"}],"curies":[{"name":"wp","href":"https:\/\/api.w.org\/{rel}","templated":true}]}}