{"id":6582,"date":"2011-06-09T13:03:24","date_gmt":"2011-06-09T10:03:24","guid":{"rendered":"http:\/\/localhost\/wordpress\/2011\/06\/09\/bir-ask-sarkisi-yazmak-isterdim-senin-icin\/"},"modified":"2011-06-09T13:03:24","modified_gmt":"2011-06-09T10:03:24","slug":"bir-ask-sarkisi-yazmak-isterdim-senin-icin","status":"publish","type":"post","link":"https:\/\/narteks.net\/index.php\/2011\/06\/09\/bir-ask-sarkisi-yazmak-isterdim-senin-icin\/","title":{"rendered":"B\u0130R A\u015eK \u015eARKISI YAZMAK \u0130STERD\u0130M SEN\u0130N \u0130\u00c7\u0130N"},"content":{"rendered":"<p>\u00a0<\/p>\n<p>Bir a\u015fk \u015fark\u0131s\u0131 yazmak isterdim senin i\u00e7in<br \/>Unutulmas\u0131n ebediyete kadar<br \/>Sensiz ge\u00e7en an\u0131lar\u0131m gibi hazin<br \/>Ve a\u015fk\u0131m\u0131zla y\u00fckl\u00fc olsun m\u0131sralar.<\/p>\n<p>Bir a\u015fk \u015fark\u0131s\u0131 yazmak isterdim senin i\u00e7in<br \/>S\u0131\u011fd\u0131rs\u0131n i\u00e7ine b\u00fct\u00fcn g\u00fczellikleri<br \/>Seman\u0131n mavili\u011fini ve sonsuzlu\u011funu sevgimizin<br \/>Ve bitsin &#8220;Seni Seviyorum&#8221;la c\u00fcmleleri.<\/p>\n<p>Bir a\u015fk \u015fark\u0131s\u0131 yazmak isterdim senin i\u00e7in<br \/>Yaln\u0131z s\u00f6leyebilelim sen ve ben<br \/>O \u015fark\u0131d\u0131r ki \u0131l\u0131k bak\u0131\u015flar\u0131nda g\u00f6zlerini<br \/>G\u00f6lgeler halinde dile gelir.<\/p>\n<p>Bir a\u015fk \u015fark\u0131s\u0131 yazmak isterdim senin i\u00e7in<\/p>\n<p>Arif DAMAR<\/p>\n","protected":false},"excerpt":{"rendered":"<p>\u00a0 Bir a\u015fk \u015fark\u0131s\u0131 yazmak isterdim senin i\u00e7inUnutulmas\u0131n ebediyete kadarSensiz ge\u00e7en an\u0131lar\u0131m gibi hazinVe a\u015fk\u0131m\u0131zla y\u00fckl\u00fc olsun m\u0131sralar. Bir a\u015fk \u015fark\u0131s\u0131 yazmak isterdim senin i\u00e7inS\u0131\u011fd\u0131rs\u0131n i\u00e7ine b\u00fct\u00fcn g\u00fczellikleriSeman\u0131n mavili\u011fini ve sonsuzlu\u011funu sevgimizinVe bitsin &#8220;Seni Seviyorum&#8221;la c\u00fcmleleri. Bir a\u015fk \u015fark\u0131s\u0131 yazmak isterdim senin i\u00e7inYaln\u0131z s\u00f6leyebilelim sen ve benO \u015fark\u0131d\u0131r ki \u0131l\u0131k bak\u0131\u015flar\u0131nda g\u00f6zleriniG\u00f6lgeler halinde dile gelir. [&hellip;]<\/p>\n","protected":false},"author":1,"featured_media":0,"comment_status":"open","ping_status":"open","sticky":false,"template":"","format":"standard","meta":{"footnotes":""},"categories":[8],"tags":[],"class_list":{"0":"post-6582","1":"post","2":"type-post","3":"status-publish","4":"format-standard","6":"category-arif-damar"},"yoast_head":"<!-- This site is optimized with the Yoast SEO Premium plugin v24.9 (Yoast SEO v24.9) - https:\/\/yoast.com\/wordpress\/plugins\/seo\/ -->\n<title>B\u0130R A\u015eK \u015eARKISI YAZMAK \u0130STERD\u0130M SEN\u0130N \u0130\u00c7\u0130N - narteks.net<\/title>\n<meta name=\"robots\" content=\"index, follow, max-snippet:-1, max-image-preview:large, max-video-preview:-1\" \/>\n<link rel=\"canonical\" href=\"https:\/\/narteks.net\/index.php\/2011\/06\/09\/bir-ask-sarkisi-yazmak-isterdim-senin-icin\/\" \/>\n<meta property=\"og:locale\" content=\"tr_TR\" \/>\n<meta property=\"og:type\" content=\"article\" \/>\n<meta property=\"og:title\" content=\"B\u0130R A\u015eK \u015eARKISI YAZMAK \u0130STERD\u0130M SEN\u0130N \u0130\u00c7\u0130N\" \/>\n<meta property=\"og:description\" content=\"\u00a0 Bir a\u015fk \u015fark\u0131s\u0131 yazmak isterdim senin i\u00e7inUnutulmas\u0131n ebediyete kadarSensiz ge\u00e7en an\u0131lar\u0131m gibi hazinVe a\u015fk\u0131m\u0131zla y\u00fckl\u00fc olsun m\u0131sralar. Bir a\u015fk \u015fark\u0131s\u0131 yazmak isterdim senin i\u00e7inS\u0131\u011fd\u0131rs\u0131n i\u00e7ine b\u00fct\u00fcn g\u00fczellikleriSeman\u0131n mavili\u011fini ve sonsuzlu\u011funu sevgimizinVe bitsin &#8220;Seni Seviyorum&#8221;la c\u00fcmleleri. Bir a\u015fk \u015fark\u0131s\u0131 yazmak isterdim senin i\u00e7inYaln\u0131z s\u00f6leyebilelim sen ve benO \u015fark\u0131d\u0131r ki \u0131l\u0131k bak\u0131\u015flar\u0131nda g\u00f6zleriniG\u00f6lgeler halinde dile gelir. [&hellip;]\" \/>\n<meta property=\"og:url\" content=\"https:\/\/narteks.net\/index.php\/2011\/06\/09\/bir-ask-sarkisi-yazmak-isterdim-senin-icin\/\" \/>\n<meta property=\"og:site_name\" content=\"narteks.net\" \/>\n<meta property=\"article:published_time\" content=\"2011-06-09T10:03:24+00:00\" \/>\n<meta property=\"og:image\" content=\"https:\/\/narteks.net\/wp-content\/uploads\/narteks.png\" \/>\n\t<meta property=\"og:image:width\" content=\"300\" \/>\n\t<meta property=\"og:image:height\" content=\"90\" \/>\n\t<meta property=\"og:image:type\" content=\"image\/png\" \/>\n<meta name=\"author\" content=\"Tar\u0131k\" \/>\n<meta name=\"twitter:card\" content=\"summary_large_image\" \/>\n<meta name=\"twitter:creator\" content=\"@narteks\" \/>\n<meta name=\"twitter:site\" content=\"@narteks\" \/>\n<meta name=\"twitter:label1\" content=\"Yazan:\" \/>\n\t<meta name=\"twitter:data1\" content=\"Tar\u0131k\" \/>\n\t<meta name=\"twitter:label2\" content=\"Tahmini okuma s\u00fcresi\" \/>\n\t<meta name=\"twitter:data2\" content=\"1 dakika\" \/>\n<script type=\"application\/ld+json\" class=\"yoast-schema-graph\">{\"@context\":\"https:\/\/schema.org\",\"@graph\":[{\"@type\":\"Article\",\"@id\":\"https:\/\/narteks.net\/index.php\/2011\/06\/09\/bir-ask-sarkisi-yazmak-isterdim-senin-icin\/#article\",\"isPartOf\":{\"@id\":\"https:\/\/narteks.net\/index.php\/2011\/06\/09\/bir-ask-sarkisi-yazmak-isterdim-senin-icin\/\"},\"author\":{\"name\":\"Tar\u0131k\",\"@id\":\"https:\/\/narteks.net\/#\/schema\/person\/61f37d9834294b72d31d274e7ed79bca\"},\"headline\":\"B\u0130R A\u015eK \u015eARKISI YAZMAK \u0130STERD\u0130M SEN\u0130N \u0130\u00c7\u0130N\",\"datePublished\":\"2011-06-09T10:03:24+00:00\",\"mainEntityOfPage\":{\"@id\":\"https:\/\/narteks.net\/index.php\/2011\/06\/09\/bir-ask-sarkisi-yazmak-isterdim-senin-icin\/\"},\"wordCount\":116,\"commentCount\":0,\"publisher\":{\"@id\":\"https:\/\/narteks.net\/#organization\"},\"articleSection\":[\"Arif DAMAR\"],\"inLanguage\":\"tr\",\"potentialAction\":[{\"@type\":\"CommentAction\",\"name\":\"Comment\",\"target\":[\"https:\/\/narteks.net\/index.php\/2011\/06\/09\/bir-ask-sarkisi-yazmak-isterdim-senin-icin\/#respond\"]}]},{\"@type\":\"WebPage\",\"@id\":\"https:\/\/narteks.net\/index.php\/2011\/06\/09\/bir-ask-sarkisi-yazmak-isterdim-senin-icin\/\",\"url\":\"https:\/\/narteks.net\/index.php\/2011\/06\/09\/bir-ask-sarkisi-yazmak-isterdim-senin-icin\/\",\"name\":\"B\u0130R A\u015eK \u015eARKISI YAZMAK \u0130STERD\u0130M SEN\u0130N \u0130\u00c7\u0130N - narteks.net\",\"isPartOf\":{\"@id\":\"https:\/\/narteks.net\/#website\"},\"datePublished\":\"2011-06-09T10:03:24+00:00\",\"breadcrumb\":{\"@id\":\"https:\/\/narteks.net\/index.php\/2011\/06\/09\/bir-ask-sarkisi-yazmak-isterdim-senin-icin\/#breadcrumb\"},\"inLanguage\":\"tr\",\"potentialAction\":[{\"@type\":\"ReadAction\",\"target\":[\"https:\/\/narteks.net\/index.php\/2011\/06\/09\/bir-ask-sarkisi-yazmak-isterdim-senin-icin\/\"]}]},{\"@type\":\"BreadcrumbList\",\"@id\":\"https:\/\/narteks.net\/index.php\/2011\/06\/09\/bir-ask-sarkisi-yazmak-isterdim-senin-icin\/#breadcrumb\",\"itemListElement\":[{\"@type\":\"ListItem\",\"position\":1,\"name\":\"Anasayfa\",\"item\":\"https:\/\/narteks.net\/\"},{\"@type\":\"ListItem\",\"position\":2,\"name\":\"B\u0130R A\u015eK \u015eARKISI YAZMAK \u0130STERD\u0130M SEN\u0130N \u0130\u00c7\u0130N\"}]},{\"@type\":\"WebSite\",\"@id\":\"https:\/\/narteks.net\/#website\",\"url\":\"https:\/\/narteks.net\/\",\"name\":\"narteks.net\",\"description\":\"K\u00fclt\u00fcr Sanat Edebiyat Felsefe\",\"publisher\":{\"@id\":\"https:\/\/narteks.net\/#organization\"},\"alternateName\":\"K\u00fclt\u00fcr Sanat Edebiyat Felsefe\",\"potentialAction\":[{\"@type\":\"SearchAction\",\"target\":{\"@type\":\"EntryPoint\",\"urlTemplate\":\"https:\/\/narteks.net\/?s={search_term_string}\"},\"query-input\":{\"@type\":\"PropertyValueSpecification\",\"valueRequired\":true,\"valueName\":\"search_term_string\"}}],\"inLanguage\":\"tr\"},{\"@type\":\"Organization\",\"@id\":\"https:\/\/narteks.net\/#organization\",\"name\":\"narteks.net\",\"url\":\"https:\/\/narteks.net\/\",\"logo\":{\"@type\":\"ImageObject\",\"inLanguage\":\"tr\",\"@id\":\"https:\/\/narteks.net\/#\/schema\/logo\/image\/\",\"url\":\"https:\/\/narteks.net\/wp-content\/uploads\/narteks.png\",\"contentUrl\":\"https:\/\/narteks.net\/wp-content\/uploads\/narteks.png\",\"width\":300,\"height\":90,\"caption\":\"narteks.net\"},\"image\":{\"@id\":\"https:\/\/narteks.net\/#\/schema\/logo\/image\/\"},\"sameAs\":[\"https:\/\/x.com\/narteks\",\"https:\/\/instagram.com\/narteksnet\"]},{\"@type\":\"Person\",\"@id\":\"https:\/\/narteks.net\/#\/schema\/person\/61f37d9834294b72d31d274e7ed79bca\",\"name\":\"Tar\u0131k\",\"image\":{\"@type\":\"ImageObject\",\"inLanguage\":\"tr\",\"@id\":\"https:\/\/narteks.net\/#\/schema\/person\/image\/\",\"url\":\"https:\/\/secure.gravatar.com\/avatar\/50865afb55632c4ae467e0af0930f6510aa2297d8014be502a55b14f3b7550cf?s=96&d=mm&r=g\",\"contentUrl\":\"https:\/\/secure.gravatar.com\/avatar\/50865afb55632c4ae467e0af0930f6510aa2297d8014be502a55b14f3b7550cf?s=96&d=mm&r=g\",\"caption\":\"Tar\u0131k\"},\"sameAs\":[\"http:\/\/narteks.net\"],\"url\":\"https:\/\/narteks.net\/index.php\/author\/narbak\/\"}]}<\/script>\n<!-- \/ Yoast SEO Premium plugin. -->","yoast_head_json":{"title":"B\u0130R A\u015eK \u015eARKISI YAZMAK \u0130STERD\u0130M SEN\u0130N \u0130\u00c7\u0130N - narteks.net","robots":{"index":"index","follow":"follow","max-snippet":"max-snippet:-1","max-image-preview":"max-image-preview:large","max-video-preview":"max-video-preview:-1"},"canonical":"https:\/\/narteks.net\/index.php\/2011\/06\/09\/bir-ask-sarkisi-yazmak-isterdim-senin-icin\/","og_locale":"tr_TR","og_type":"article","og_title":"B\u0130R A\u015eK \u015eARKISI YAZMAK \u0130STERD\u0130M SEN\u0130N \u0130\u00c7\u0130N","og_description":"\u00a0 Bir a\u015fk \u015fark\u0131s\u0131 yazmak isterdim senin i\u00e7inUnutulmas\u0131n ebediyete kadarSensiz ge\u00e7en an\u0131lar\u0131m gibi hazinVe a\u015fk\u0131m\u0131zla y\u00fckl\u00fc olsun m\u0131sralar. Bir a\u015fk \u015fark\u0131s\u0131 yazmak isterdim senin i\u00e7inS\u0131\u011fd\u0131rs\u0131n i\u00e7ine b\u00fct\u00fcn g\u00fczellikleriSeman\u0131n mavili\u011fini ve sonsuzlu\u011funu sevgimizinVe bitsin &#8220;Seni Seviyorum&#8221;la c\u00fcmleleri. Bir a\u015fk \u015fark\u0131s\u0131 yazmak isterdim senin i\u00e7inYaln\u0131z s\u00f6leyebilelim sen ve benO \u015fark\u0131d\u0131r ki \u0131l\u0131k bak\u0131\u015flar\u0131nda g\u00f6zleriniG\u00f6lgeler halinde dile gelir. [&hellip;]","og_url":"https:\/\/narteks.net\/index.php\/2011\/06\/09\/bir-ask-sarkisi-yazmak-isterdim-senin-icin\/","og_site_name":"narteks.net","article_published_time":"2011-06-09T10:03:24+00:00","og_image":[{"width":300,"height":90,"url":"https:\/\/narteks.net\/wp-content\/uploads\/narteks.png","type":"image\/png"}],"author":"Tar\u0131k","twitter_card":"summary_large_image","twitter_creator":"@narteks","twitter_site":"@narteks","twitter_misc":{"Yazan:":"Tar\u0131k","Tahmini okuma s\u00fcresi":"1 dakika"},"schema":{"@context":"https:\/\/schema.org","@graph":[{"@type":"Article","@id":"https:\/\/narteks.net\/index.php\/2011\/06\/09\/bir-ask-sarkisi-yazmak-isterdim-senin-icin\/#article","isPartOf":{"@id":"https:\/\/narteks.net\/index.php\/2011\/06\/09\/bir-ask-sarkisi-yazmak-isterdim-senin-icin\/"},"author":{"name":"Tar\u0131k","@id":"https:\/\/narteks.net\/#\/schema\/person\/61f37d9834294b72d31d274e7ed79bca"},"headline":"B\u0130R A\u015eK \u015eARKISI YAZMAK \u0130STERD\u0130M SEN\u0130N \u0130\u00c7\u0130N","datePublished":"2011-06-09T10:03:24+00:00","mainEntityOfPage":{"@id":"https:\/\/narteks.net\/index.php\/2011\/06\/09\/bir-ask-sarkisi-yazmak-isterdim-senin-icin\/"},"wordCount":116,"commentCount":0,"publisher":{"@id":"https:\/\/narteks.net\/#organization"},"articleSection":["Arif DAMAR"],"inLanguage":"tr","potentialAction":[{"@type":"CommentAction","name":"Comment","target":["https:\/\/narteks.net\/index.php\/2011\/06\/09\/bir-ask-sarkisi-yazmak-isterdim-senin-icin\/#respond"]}]},{"@type":"WebPage","@id":"https:\/\/narteks.net\/index.php\/2011\/06\/09\/bir-ask-sarkisi-yazmak-isterdim-senin-icin\/","url":"https:\/\/narteks.net\/index.php\/2011\/06\/09\/bir-ask-sarkisi-yazmak-isterdim-senin-icin\/","name":"B\u0130R A\u015eK \u015eARKISI YAZMAK \u0130STERD\u0130M SEN\u0130N \u0130\u00c7\u0130N - narteks.net","isPartOf":{"@id":"https:\/\/narteks.net\/#website"},"datePublished":"2011-06-09T10:03:24+00:00","breadcrumb":{"@id":"https:\/\/narteks.net\/index.php\/2011\/06\/09\/bir-ask-sarkisi-yazmak-isterdim-senin-icin\/#breadcrumb"},"inLanguage":"tr","potentialAction":[{"@type":"ReadAction","target":["https:\/\/narteks.net\/index.php\/2011\/06\/09\/bir-ask-sarkisi-yazmak-isterdim-senin-icin\/"]}]},{"@type":"BreadcrumbList","@id":"https:\/\/narteks.net\/index.php\/2011\/06\/09\/bir-ask-sarkisi-yazmak-isterdim-senin-icin\/#breadcrumb","itemListElement":[{"@type":"ListItem","position":1,"name":"Anasayfa","item":"https:\/\/narteks.net\/"},{"@type":"ListItem","position":2,"name":"B\u0130R A\u015eK \u015eARKISI YAZMAK \u0130STERD\u0130M SEN\u0130N \u0130\u00c7\u0130N"}]},{"@type":"WebSite","@id":"https:\/\/narteks.net\/#website","url":"https:\/\/narteks.net\/","name":"narteks.net","description":"K\u00fclt\u00fcr Sanat Edebiyat Felsefe","publisher":{"@id":"https:\/\/narteks.net\/#organization"},"alternateName":"K\u00fclt\u00fcr Sanat Edebiyat Felsefe","potentialAction":[{"@type":"SearchAction","target":{"@type":"EntryPoint","urlTemplate":"https:\/\/narteks.net\/?s={search_term_string}"},"query-input":{"@type":"PropertyValueSpecification","valueRequired":true,"valueName":"search_term_string"}}],"inLanguage":"tr"},{"@type":"Organization","@id":"https:\/\/narteks.net\/#organization","name":"narteks.net","url":"https:\/\/narteks.net\/","logo":{"@type":"ImageObject","inLanguage":"tr","@id":"https:\/\/narteks.net\/#\/schema\/logo\/image\/","url":"https:\/\/narteks.net\/wp-content\/uploads\/narteks.png","contentUrl":"https:\/\/narteks.net\/wp-content\/uploads\/narteks.png","width":300,"height":90,"caption":"narteks.net"},"image":{"@id":"https:\/\/narteks.net\/#\/schema\/logo\/image\/"},"sameAs":["https:\/\/x.com\/narteks","https:\/\/instagram.com\/narteksnet"]},{"@type":"Person","@id":"https:\/\/narteks.net\/#\/schema\/person\/61f37d9834294b72d31d274e7ed79bca","name":"Tar\u0131k","image":{"@type":"ImageObject","inLanguage":"tr","@id":"https:\/\/narteks.net\/#\/schema\/person\/image\/","url":"https:\/\/secure.gravatar.com\/avatar\/50865afb55632c4ae467e0af0930f6510aa2297d8014be502a55b14f3b7550cf?s=96&d=mm&r=g","contentUrl":"https:\/\/secure.gravatar.com\/avatar\/50865afb55632c4ae467e0af0930f6510aa2297d8014be502a55b14f3b7550cf?s=96&d=mm&r=g","caption":"Tar\u0131k"},"sameAs":["http:\/\/narteks.net"],"url":"https:\/\/narteks.net\/index.php\/author\/narbak\/"}]}},"_links":{"self":[{"href":"https:\/\/narteks.net\/index.php\/wp-json\/wp\/v2\/posts\/6582","targetHints":{"allow":["GET"]}}],"collection":[{"href":"https:\/\/narteks.net\/index.php\/wp-json\/wp\/v2\/posts"}],"about":[{"href":"https:\/\/narteks.net\/index.php\/wp-json\/wp\/v2\/types\/post"}],"author":[{"embeddable":true,"href":"https:\/\/narteks.net\/index.php\/wp-json\/wp\/v2\/users\/1"}],"replies":[{"embeddable":true,"href":"https:\/\/narteks.net\/index.php\/wp-json\/wp\/v2\/comments?post=6582"}],"version-history":[{"count":0,"href":"https:\/\/narteks.net\/index.php\/wp-json\/wp\/v2\/posts\/6582\/revisions"}],"wp:attachment":[{"href":"https:\/\/narteks.net\/index.php\/wp-json\/wp\/v2\/media?parent=6582"}],"wp:term":[{"taxonomy":"category","embeddable":true,"href":"https:\/\/narteks.net\/index.php\/wp-json\/wp\/v2\/categories?post=6582"},{"taxonomy":"post_tag","embeddable":true,"href":"https:\/\/narteks.net\/index.php\/wp-json\/wp\/v2\/tags?post=6582"}],"curies":[{"name":"wp","href":"https:\/\/api.w.org\/{rel}","templated":true}]}}