{"id":6592,"date":"2011-06-09T13:14:49","date_gmt":"2011-06-09T10:14:49","guid":{"rendered":"http:\/\/localhost\/wordpress\/2011\/06\/09\/yoksulduk-dunyayi-sevdik\/"},"modified":"2011-06-09T13:14:49","modified_gmt":"2011-06-09T10:14:49","slug":"yoksulduk-dunyayi-sevdik","status":"publish","type":"post","link":"https:\/\/narteks.net\/index.php\/2011\/06\/09\/yoksulduk-dunyayi-sevdik\/","title":{"rendered":"YOKSULDUK D\u00dcNYAYI SEVD\u0130K"},"content":{"rendered":"<p>\u00a0<\/p>\n<p>\u00d6yle uzak<br \/>Gitgide<br \/>\u00d6yle g\u00fczelle\u015fti ki<br \/>O y\u00fcz\u00fc hi\u00e7 g\u00f6rmedim<br \/>Hi\u00e7 ya\u015famad\u0131 belki<\/p>\n<p>T\u00fclin&#8217;in y\u00fcz\u00fcndeki<br \/>Duru g\u00fczellik<br \/>Nas\u0131l da benzer<br \/>Ben k\u0131rg\u0131n<br \/>K\u00fcsk\u00fcnken<br \/>Evsiz barks\u0131z bir an\u0131n\u0131n<br \/>Puslu<br \/>K\u0131r\u0131k<br \/>Yerinden d\u00fc\u015fm\u00fc\u015f cam\u0131ndaki<\/p>\n<p>G\u00fcne\u015fsiz bir k\u0131\u015f ak\u015fam\u0131ndaki<br \/>\u0130nce<br \/>Solgun<br \/>Esmer<\/p>\n<p>Nas\u0131l da benzer<br \/>Ben k\u0131rg\u0131n<br \/>K\u00fcsk\u00fcnken<br \/>Kimselere g\u00f6r\u00fcnmeden<br \/>D\u00f6n\u00fcp d\u00f6n\u00fcp bakt\u0131\u011f\u0131m<\/p>\n<p>Saks\u0131lara<br \/>Deniz kabuklar\u0131na<br \/>Kitap yapraklar\u0131na b\u0131rakt\u0131\u011f\u0131m<\/p>\n<p>Ama zor<br \/>Ama kolay<br \/>Tavanda bir yar\u0131m ay<\/p>\n<p>Nas\u0131l da benzer<br \/>\u0130nce<br \/>Solgun<br \/>Esmer<\/p>\n<p>Ben k\u0131rg\u0131n<br \/>K\u00fcsk\u00fcnken<br \/>Evsiz barks\u0131z bir an\u0131n\u0131n<br \/>Puslu<br \/>K\u0131r\u0131k<br \/>Yerinden d\u00fc\u015fm\u00fc\u015f cam\u0131ndaki<br \/>G\u00fcne\u015fsiz bir k\u0131\u015f ak\u015fam\u0131ndaki<br \/>T\u00fclin&#8217;in y\u00fcz\u00fcndeki<br \/>Duru g\u00fczellik<\/p>\n<p>Ama zor<br \/>Ama kolay<br \/>Yoksulduk<br \/>D\u00fcnyay\u0131 sevdik<\/p>\n<p>Tavanda bir yar\u0131m ay<\/p>\n<p>Arif DAMAR<\/p>\n","protected":false},"excerpt":{"rendered":"<p>\u00a0 \u00d6yle uzakGitgide\u00d6yle g\u00fczelle\u015fti kiO y\u00fcz\u00fc hi\u00e7 g\u00f6rmedimHi\u00e7 ya\u015famad\u0131 belki T\u00fclin&#8217;in y\u00fcz\u00fcndekiDuru g\u00fczellikNas\u0131l da benzerBen k\u0131rg\u0131nK\u00fcsk\u00fcnkenEvsiz barks\u0131z bir an\u0131n\u0131nPusluK\u0131r\u0131kYerinden d\u00fc\u015fm\u00fc\u015f cam\u0131ndaki G\u00fcne\u015fsiz bir k\u0131\u015f ak\u015fam\u0131ndaki\u0130nceSolgunEsmer Nas\u0131l da benzerBen k\u0131rg\u0131nK\u00fcsk\u00fcnkenKimselere g\u00f6r\u00fcnmedenD\u00f6n\u00fcp d\u00f6n\u00fcp bakt\u0131\u011f\u0131m Saks\u0131laraDeniz kabuklar\u0131naKitap yapraklar\u0131na b\u0131rakt\u0131\u011f\u0131m Ama zorAma kolayTavanda bir yar\u0131m ay Nas\u0131l da benzer\u0130nceSolgunEsmer Ben k\u0131rg\u0131nK\u00fcsk\u00fcnkenEvsiz barks\u0131z bir an\u0131n\u0131nPusluK\u0131r\u0131kYerinden d\u00fc\u015fm\u00fc\u015f cam\u0131ndakiG\u00fcne\u015fsiz bir k\u0131\u015f ak\u015fam\u0131ndakiT\u00fclin&#8217;in [&hellip;]<\/p>\n","protected":false},"author":1,"featured_media":0,"comment_status":"open","ping_status":"open","sticky":false,"template":"","format":"standard","meta":{"footnotes":""},"categories":[8],"tags":[],"class_list":{"0":"post-6592","1":"post","2":"type-post","3":"status-publish","4":"format-standard","6":"category-arif-damar"},"yoast_head":"<!-- This site is optimized with the Yoast SEO Premium plugin v24.9 (Yoast SEO v24.9) - https:\/\/yoast.com\/wordpress\/plugins\/seo\/ -->\n<title>YOKSULDUK D\u00dcNYAYI SEVD\u0130K - narteks.net<\/title>\n<meta name=\"robots\" content=\"index, follow, max-snippet:-1, max-image-preview:large, max-video-preview:-1\" \/>\n<link rel=\"canonical\" href=\"https:\/\/narteks.net\/index.php\/2011\/06\/09\/yoksulduk-dunyayi-sevdik\/\" \/>\n<meta property=\"og:locale\" content=\"tr_TR\" \/>\n<meta property=\"og:type\" content=\"article\" \/>\n<meta property=\"og:title\" content=\"YOKSULDUK D\u00dcNYAYI SEVD\u0130K\" \/>\n<meta property=\"og:description\" content=\"\u00a0 \u00d6yle uzakGitgide\u00d6yle g\u00fczelle\u015fti kiO y\u00fcz\u00fc hi\u00e7 g\u00f6rmedimHi\u00e7 ya\u015famad\u0131 belki T\u00fclin&#8217;in y\u00fcz\u00fcndekiDuru g\u00fczellikNas\u0131l da benzerBen k\u0131rg\u0131nK\u00fcsk\u00fcnkenEvsiz barks\u0131z bir an\u0131n\u0131nPusluK\u0131r\u0131kYerinden d\u00fc\u015fm\u00fc\u015f cam\u0131ndaki G\u00fcne\u015fsiz bir k\u0131\u015f ak\u015fam\u0131ndaki\u0130nceSolgunEsmer Nas\u0131l da benzerBen k\u0131rg\u0131nK\u00fcsk\u00fcnkenKimselere g\u00f6r\u00fcnmedenD\u00f6n\u00fcp d\u00f6n\u00fcp bakt\u0131\u011f\u0131m Saks\u0131laraDeniz kabuklar\u0131naKitap yapraklar\u0131na b\u0131rakt\u0131\u011f\u0131m Ama zorAma kolayTavanda bir yar\u0131m ay Nas\u0131l da benzer\u0130nceSolgunEsmer Ben k\u0131rg\u0131nK\u00fcsk\u00fcnkenEvsiz barks\u0131z bir an\u0131n\u0131nPusluK\u0131r\u0131kYerinden d\u00fc\u015fm\u00fc\u015f cam\u0131ndakiG\u00fcne\u015fsiz bir k\u0131\u015f ak\u015fam\u0131ndakiT\u00fclin&#8217;in [&hellip;]\" \/>\n<meta property=\"og:url\" content=\"https:\/\/narteks.net\/index.php\/2011\/06\/09\/yoksulduk-dunyayi-sevdik\/\" \/>\n<meta property=\"og:site_name\" content=\"narteks.net\" \/>\n<meta property=\"article:published_time\" content=\"2011-06-09T10:14:49+00:00\" \/>\n<meta property=\"og:image\" content=\"https:\/\/narteks.net\/wp-content\/uploads\/narteks.png\" \/>\n\t<meta property=\"og:image:width\" content=\"300\" \/>\n\t<meta property=\"og:image:height\" content=\"90\" \/>\n\t<meta property=\"og:image:type\" content=\"image\/png\" \/>\n<meta name=\"author\" content=\"Tar\u0131k\" \/>\n<meta name=\"twitter:card\" content=\"summary_large_image\" \/>\n<meta name=\"twitter:creator\" content=\"@narteks\" \/>\n<meta name=\"twitter:site\" content=\"@narteks\" \/>\n<meta name=\"twitter:label1\" content=\"Yazan:\" \/>\n\t<meta name=\"twitter:data1\" content=\"Tar\u0131k\" \/>\n\t<meta name=\"twitter:label2\" content=\"Tahmini okuma s\u00fcresi\" \/>\n\t<meta name=\"twitter:data2\" content=\"1 dakika\" \/>\n<script type=\"application\/ld+json\" class=\"yoast-schema-graph\">{\"@context\":\"https:\/\/schema.org\",\"@graph\":[{\"@type\":\"Article\",\"@id\":\"https:\/\/narteks.net\/index.php\/2011\/06\/09\/yoksulduk-dunyayi-sevdik\/#article\",\"isPartOf\":{\"@id\":\"https:\/\/narteks.net\/index.php\/2011\/06\/09\/yoksulduk-dunyayi-sevdik\/\"},\"author\":{\"name\":\"Tar\u0131k\",\"@id\":\"https:\/\/narteks.net\/#\/schema\/person\/61f37d9834294b72d31d274e7ed79bca\"},\"headline\":\"YOKSULDUK D\u00dcNYAYI SEVD\u0130K\",\"datePublished\":\"2011-06-09T10:14:49+00:00\",\"mainEntityOfPage\":{\"@id\":\"https:\/\/narteks.net\/index.php\/2011\/06\/09\/yoksulduk-dunyayi-sevdik\/\"},\"wordCount\":139,\"commentCount\":0,\"publisher\":{\"@id\":\"https:\/\/narteks.net\/#organization\"},\"articleSection\":[\"Arif DAMAR\"],\"inLanguage\":\"tr\",\"potentialAction\":[{\"@type\":\"CommentAction\",\"name\":\"Comment\",\"target\":[\"https:\/\/narteks.net\/index.php\/2011\/06\/09\/yoksulduk-dunyayi-sevdik\/#respond\"]}]},{\"@type\":\"WebPage\",\"@id\":\"https:\/\/narteks.net\/index.php\/2011\/06\/09\/yoksulduk-dunyayi-sevdik\/\",\"url\":\"https:\/\/narteks.net\/index.php\/2011\/06\/09\/yoksulduk-dunyayi-sevdik\/\",\"name\":\"YOKSULDUK D\u00dcNYAYI SEVD\u0130K - narteks.net\",\"isPartOf\":{\"@id\":\"https:\/\/narteks.net\/#website\"},\"datePublished\":\"2011-06-09T10:14:49+00:00\",\"breadcrumb\":{\"@id\":\"https:\/\/narteks.net\/index.php\/2011\/06\/09\/yoksulduk-dunyayi-sevdik\/#breadcrumb\"},\"inLanguage\":\"tr\",\"potentialAction\":[{\"@type\":\"ReadAction\",\"target\":[\"https:\/\/narteks.net\/index.php\/2011\/06\/09\/yoksulduk-dunyayi-sevdik\/\"]}]},{\"@type\":\"BreadcrumbList\",\"@id\":\"https:\/\/narteks.net\/index.php\/2011\/06\/09\/yoksulduk-dunyayi-sevdik\/#breadcrumb\",\"itemListElement\":[{\"@type\":\"ListItem\",\"position\":1,\"name\":\"Anasayfa\",\"item\":\"https:\/\/narteks.net\/\"},{\"@type\":\"ListItem\",\"position\":2,\"name\":\"YOKSULDUK D\u00dcNYAYI SEVD\u0130K\"}]},{\"@type\":\"WebSite\",\"@id\":\"https:\/\/narteks.net\/#website\",\"url\":\"https:\/\/narteks.net\/\",\"name\":\"narteks.net\",\"description\":\"K\u00fclt\u00fcr Sanat Edebiyat Felsefe\",\"publisher\":{\"@id\":\"https:\/\/narteks.net\/#organization\"},\"alternateName\":\"K\u00fclt\u00fcr Sanat Edebiyat Felsefe\",\"potentialAction\":[{\"@type\":\"SearchAction\",\"target\":{\"@type\":\"EntryPoint\",\"urlTemplate\":\"https:\/\/narteks.net\/?s={search_term_string}\"},\"query-input\":{\"@type\":\"PropertyValueSpecification\",\"valueRequired\":true,\"valueName\":\"search_term_string\"}}],\"inLanguage\":\"tr\"},{\"@type\":\"Organization\",\"@id\":\"https:\/\/narteks.net\/#organization\",\"name\":\"narteks.net\",\"url\":\"https:\/\/narteks.net\/\",\"logo\":{\"@type\":\"ImageObject\",\"inLanguage\":\"tr\",\"@id\":\"https:\/\/narteks.net\/#\/schema\/logo\/image\/\",\"url\":\"https:\/\/narteks.net\/wp-content\/uploads\/narteks.png\",\"contentUrl\":\"https:\/\/narteks.net\/wp-content\/uploads\/narteks.png\",\"width\":300,\"height\":90,\"caption\":\"narteks.net\"},\"image\":{\"@id\":\"https:\/\/narteks.net\/#\/schema\/logo\/image\/\"},\"sameAs\":[\"https:\/\/x.com\/narteks\",\"https:\/\/instagram.com\/narteksnet\"]},{\"@type\":\"Person\",\"@id\":\"https:\/\/narteks.net\/#\/schema\/person\/61f37d9834294b72d31d274e7ed79bca\",\"name\":\"Tar\u0131k\",\"image\":{\"@type\":\"ImageObject\",\"inLanguage\":\"tr\",\"@id\":\"https:\/\/narteks.net\/#\/schema\/person\/image\/\",\"url\":\"https:\/\/secure.gravatar.com\/avatar\/50865afb55632c4ae467e0af0930f6510aa2297d8014be502a55b14f3b7550cf?s=96&d=mm&r=g\",\"contentUrl\":\"https:\/\/secure.gravatar.com\/avatar\/50865afb55632c4ae467e0af0930f6510aa2297d8014be502a55b14f3b7550cf?s=96&d=mm&r=g\",\"caption\":\"Tar\u0131k\"},\"sameAs\":[\"http:\/\/narteks.net\"],\"url\":\"https:\/\/narteks.net\/index.php\/author\/narbak\/\"}]}<\/script>\n<!-- \/ Yoast SEO Premium plugin. -->","yoast_head_json":{"title":"YOKSULDUK D\u00dcNYAYI SEVD\u0130K - narteks.net","robots":{"index":"index","follow":"follow","max-snippet":"max-snippet:-1","max-image-preview":"max-image-preview:large","max-video-preview":"max-video-preview:-1"},"canonical":"https:\/\/narteks.net\/index.php\/2011\/06\/09\/yoksulduk-dunyayi-sevdik\/","og_locale":"tr_TR","og_type":"article","og_title":"YOKSULDUK D\u00dcNYAYI SEVD\u0130K","og_description":"\u00a0 \u00d6yle uzakGitgide\u00d6yle g\u00fczelle\u015fti kiO y\u00fcz\u00fc hi\u00e7 g\u00f6rmedimHi\u00e7 ya\u015famad\u0131 belki T\u00fclin&#8217;in y\u00fcz\u00fcndekiDuru g\u00fczellikNas\u0131l da benzerBen k\u0131rg\u0131nK\u00fcsk\u00fcnkenEvsiz barks\u0131z bir an\u0131n\u0131nPusluK\u0131r\u0131kYerinden d\u00fc\u015fm\u00fc\u015f cam\u0131ndaki G\u00fcne\u015fsiz bir k\u0131\u015f ak\u015fam\u0131ndaki\u0130nceSolgunEsmer Nas\u0131l da benzerBen k\u0131rg\u0131nK\u00fcsk\u00fcnkenKimselere g\u00f6r\u00fcnmedenD\u00f6n\u00fcp d\u00f6n\u00fcp bakt\u0131\u011f\u0131m Saks\u0131laraDeniz kabuklar\u0131naKitap yapraklar\u0131na b\u0131rakt\u0131\u011f\u0131m Ama zorAma kolayTavanda bir yar\u0131m ay Nas\u0131l da benzer\u0130nceSolgunEsmer Ben k\u0131rg\u0131nK\u00fcsk\u00fcnkenEvsiz barks\u0131z bir an\u0131n\u0131nPusluK\u0131r\u0131kYerinden d\u00fc\u015fm\u00fc\u015f cam\u0131ndakiG\u00fcne\u015fsiz bir k\u0131\u015f ak\u015fam\u0131ndakiT\u00fclin&#8217;in [&hellip;]","og_url":"https:\/\/narteks.net\/index.php\/2011\/06\/09\/yoksulduk-dunyayi-sevdik\/","og_site_name":"narteks.net","article_published_time":"2011-06-09T10:14:49+00:00","og_image":[{"width":300,"height":90,"url":"https:\/\/narteks.net\/wp-content\/uploads\/narteks.png","type":"image\/png"}],"author":"Tar\u0131k","twitter_card":"summary_large_image","twitter_creator":"@narteks","twitter_site":"@narteks","twitter_misc":{"Yazan:":"Tar\u0131k","Tahmini okuma s\u00fcresi":"1 dakika"},"schema":{"@context":"https:\/\/schema.org","@graph":[{"@type":"Article","@id":"https:\/\/narteks.net\/index.php\/2011\/06\/09\/yoksulduk-dunyayi-sevdik\/#article","isPartOf":{"@id":"https:\/\/narteks.net\/index.php\/2011\/06\/09\/yoksulduk-dunyayi-sevdik\/"},"author":{"name":"Tar\u0131k","@id":"https:\/\/narteks.net\/#\/schema\/person\/61f37d9834294b72d31d274e7ed79bca"},"headline":"YOKSULDUK D\u00dcNYAYI SEVD\u0130K","datePublished":"2011-06-09T10:14:49+00:00","mainEntityOfPage":{"@id":"https:\/\/narteks.net\/index.php\/2011\/06\/09\/yoksulduk-dunyayi-sevdik\/"},"wordCount":139,"commentCount":0,"publisher":{"@id":"https:\/\/narteks.net\/#organization"},"articleSection":["Arif DAMAR"],"inLanguage":"tr","potentialAction":[{"@type":"CommentAction","name":"Comment","target":["https:\/\/narteks.net\/index.php\/2011\/06\/09\/yoksulduk-dunyayi-sevdik\/#respond"]}]},{"@type":"WebPage","@id":"https:\/\/narteks.net\/index.php\/2011\/06\/09\/yoksulduk-dunyayi-sevdik\/","url":"https:\/\/narteks.net\/index.php\/2011\/06\/09\/yoksulduk-dunyayi-sevdik\/","name":"YOKSULDUK D\u00dcNYAYI SEVD\u0130K - narteks.net","isPartOf":{"@id":"https:\/\/narteks.net\/#website"},"datePublished":"2011-06-09T10:14:49+00:00","breadcrumb":{"@id":"https:\/\/narteks.net\/index.php\/2011\/06\/09\/yoksulduk-dunyayi-sevdik\/#breadcrumb"},"inLanguage":"tr","potentialAction":[{"@type":"ReadAction","target":["https:\/\/narteks.net\/index.php\/2011\/06\/09\/yoksulduk-dunyayi-sevdik\/"]}]},{"@type":"BreadcrumbList","@id":"https:\/\/narteks.net\/index.php\/2011\/06\/09\/yoksulduk-dunyayi-sevdik\/#breadcrumb","itemListElement":[{"@type":"ListItem","position":1,"name":"Anasayfa","item":"https:\/\/narteks.net\/"},{"@type":"ListItem","position":2,"name":"YOKSULDUK D\u00dcNYAYI SEVD\u0130K"}]},{"@type":"WebSite","@id":"https:\/\/narteks.net\/#website","url":"https:\/\/narteks.net\/","name":"narteks.net","description":"K\u00fclt\u00fcr Sanat Edebiyat Felsefe","publisher":{"@id":"https:\/\/narteks.net\/#organization"},"alternateName":"K\u00fclt\u00fcr Sanat Edebiyat Felsefe","potentialAction":[{"@type":"SearchAction","target":{"@type":"EntryPoint","urlTemplate":"https:\/\/narteks.net\/?s={search_term_string}"},"query-input":{"@type":"PropertyValueSpecification","valueRequired":true,"valueName":"search_term_string"}}],"inLanguage":"tr"},{"@type":"Organization","@id":"https:\/\/narteks.net\/#organization","name":"narteks.net","url":"https:\/\/narteks.net\/","logo":{"@type":"ImageObject","inLanguage":"tr","@id":"https:\/\/narteks.net\/#\/schema\/logo\/image\/","url":"https:\/\/narteks.net\/wp-content\/uploads\/narteks.png","contentUrl":"https:\/\/narteks.net\/wp-content\/uploads\/narteks.png","width":300,"height":90,"caption":"narteks.net"},"image":{"@id":"https:\/\/narteks.net\/#\/schema\/logo\/image\/"},"sameAs":["https:\/\/x.com\/narteks","https:\/\/instagram.com\/narteksnet"]},{"@type":"Person","@id":"https:\/\/narteks.net\/#\/schema\/person\/61f37d9834294b72d31d274e7ed79bca","name":"Tar\u0131k","image":{"@type":"ImageObject","inLanguage":"tr","@id":"https:\/\/narteks.net\/#\/schema\/person\/image\/","url":"https:\/\/secure.gravatar.com\/avatar\/50865afb55632c4ae467e0af0930f6510aa2297d8014be502a55b14f3b7550cf?s=96&d=mm&r=g","contentUrl":"https:\/\/secure.gravatar.com\/avatar\/50865afb55632c4ae467e0af0930f6510aa2297d8014be502a55b14f3b7550cf?s=96&d=mm&r=g","caption":"Tar\u0131k"},"sameAs":["http:\/\/narteks.net"],"url":"https:\/\/narteks.net\/index.php\/author\/narbak\/"}]}},"_links":{"self":[{"href":"https:\/\/narteks.net\/index.php\/wp-json\/wp\/v2\/posts\/6592","targetHints":{"allow":["GET"]}}],"collection":[{"href":"https:\/\/narteks.net\/index.php\/wp-json\/wp\/v2\/posts"}],"about":[{"href":"https:\/\/narteks.net\/index.php\/wp-json\/wp\/v2\/types\/post"}],"author":[{"embeddable":true,"href":"https:\/\/narteks.net\/index.php\/wp-json\/wp\/v2\/users\/1"}],"replies":[{"embeddable":true,"href":"https:\/\/narteks.net\/index.php\/wp-json\/wp\/v2\/comments?post=6592"}],"version-history":[{"count":0,"href":"https:\/\/narteks.net\/index.php\/wp-json\/wp\/v2\/posts\/6592\/revisions"}],"wp:attachment":[{"href":"https:\/\/narteks.net\/index.php\/wp-json\/wp\/v2\/media?parent=6592"}],"wp:term":[{"taxonomy":"category","embeddable":true,"href":"https:\/\/narteks.net\/index.php\/wp-json\/wp\/v2\/categories?post=6592"},{"taxonomy":"post_tag","embeddable":true,"href":"https:\/\/narteks.net\/index.php\/wp-json\/wp\/v2\/tags?post=6592"}],"curies":[{"name":"wp","href":"https:\/\/api.w.org\/{rel}","templated":true}]}}