{"id":6593,"date":"2011-06-09T13:15:43","date_gmt":"2011-06-09T10:15:43","guid":{"rendered":"http:\/\/localhost\/wordpress\/2011\/06\/09\/yol-gider-ah-nasil-da\/"},"modified":"2011-06-09T13:15:43","modified_gmt":"2011-06-09T10:15:43","slug":"yol-gider-ah-nasil-da","status":"publish","type":"post","link":"https:\/\/narteks.net\/index.php\/2011\/06\/09\/yol-gider-ah-nasil-da\/","title":{"rendered":"YOL G\u0130DER AH NASIL DA"},"content":{"rendered":"<p>\u00a0<\/p>\n<p>De bana<br \/>Anlat hadi<br \/>Ka\u00e7<br \/>Ka\u00e7 kez<br \/>G\u00f6n\u00fcl g\u00f6z\u00fcyle g\u00f6rd\u00fck<br \/>Can kula\u011f\u0131yla dinledik ki<\/p>\n<p>Ah \u00e7\u0131n \u00e7\u0131n nas\u0131l da g\u00fczel<br \/>Bir ayd\u0131nl\u0131k<br \/>Beklenmedik bir zamanda<br \/>Beklenmedik bir yerde<\/p>\n<p>\u00d6n\u00fcm\u00fczde<br \/>Arkam\u0131zda<br \/>Her yerde<\/p>\n<p>Bir ses<br \/>Seslenen bir ses<br \/>Ad\u0131m\u0131z\u0131<\/p>\n<p>Bir selam<br \/>Bir merhaba<\/p>\n<p>Trende<br \/>\u0130skelede<br \/>Durakta<\/p>\n<p>Uzakta<br \/>Ah uzakta<br \/>Ah Bozcaada\/Tenedos&#8217;ta<\/p>\n<p>Bir \u015fark\u0131n\u0131n ilk s\u00f6zlerinde<br \/>Bir mart\u0131n\u0131n son s\u00f6zlerinde<\/p>\n<p>Ay saklan\u0131r bir buluttan bir buluta<br \/>G\u00f6z k\u0131rpar<br \/>Erken sabahlar\u0131n<br \/>Kurnaz y\u0131ld\u0131z\u0131<br \/>Suda<br \/>D\u00fc\u015fen yaprak ah nas\u0131l da<br \/>Ah \u00e7\u0131n \u00e7\u0131n suda<br \/>Akarken<\/p>\n<p>Kibrit nerede derken<br \/>Bir dergiye bakarken<br \/>Ku\u015fluk vakti<br \/>Kap\u0131m\u0131z\u0131 kaparken<br \/>Sokaklar<br \/>Bakakal\u0131r<br \/>K\u0131rlang\u0131\u00e7lar \u00e7ocuklar da<br \/>Ah \u00e7\u0131n \u00e7\u0131n nas\u0131l da g\u00fczel<br \/>Yol gider ah nas\u0131l da<\/p>\n<p>Kartal bulutlardan inerken d\u00f6ne d\u00f6ne<br \/>Ah ikindi sessizli\u011fi<br \/>Nas\u0131l da \u00e7\u0131nlar ikindi sessizli\u011fi<br \/>Yazlar\u0131n ovas\u0131nda<\/p>\n<p>K\u00fc\u00fc\u00fct k\u00fct vurur<br \/>A\u00e7\u0131k kanad\u0131 penceremizin<br \/>K\u00fc\u00fc\u00fct k\u00fct<\/p>\n<p>Nas\u0131l da ayd\u0131nlan\u0131r su<br \/>Ah nas\u0131l da ayd\u0131nlan\u0131r<br \/>\u00c7\u0131n \u00e7\u0131n i\u00e7imizde<\/p>\n<p>Tak\u0131rdar durur<br \/>Tek ayak \u00fcst\u00fcnde leylek<br \/>Tak\u0131r tak\u0131r<br \/>Tak\u0131r tak\u0131r<\/p>\n<p>Arif DAMAR<\/p>\n","protected":false},"excerpt":{"rendered":"<p>\u00a0 De banaAnlat hadiKa\u00e7Ka\u00e7 kezG\u00f6n\u00fcl g\u00f6z\u00fcyle g\u00f6rd\u00fckCan kula\u011f\u0131yla dinledik ki Ah \u00e7\u0131n \u00e7\u0131n nas\u0131l da g\u00fczelBir ayd\u0131nl\u0131kBeklenmedik bir zamandaBeklenmedik bir yerde \u00d6n\u00fcm\u00fczdeArkam\u0131zdaHer yerde Bir sesSeslenen bir sesAd\u0131m\u0131z\u0131 Bir selamBir merhaba Trende\u0130skeledeDurakta UzaktaAh uzaktaAh Bozcaada\/Tenedos&#8217;ta Bir \u015fark\u0131n\u0131n ilk s\u00f6zlerindeBir mart\u0131n\u0131n son s\u00f6zlerinde Ay saklan\u0131r bir buluttan bir bulutaG\u00f6z k\u0131rparErken sabahlar\u0131nKurnaz y\u0131ld\u0131z\u0131SudaD\u00fc\u015fen yaprak ah nas\u0131l daAh \u00e7\u0131n [&hellip;]<\/p>\n","protected":false},"author":1,"featured_media":0,"comment_status":"open","ping_status":"open","sticky":false,"template":"","format":"standard","meta":{"footnotes":""},"categories":[8],"tags":[],"class_list":{"0":"post-6593","1":"post","2":"type-post","3":"status-publish","4":"format-standard","6":"category-arif-damar"},"yoast_head":"<!-- This site is optimized with the Yoast SEO Premium plugin v24.9 (Yoast SEO v24.9) - https:\/\/yoast.com\/wordpress\/plugins\/seo\/ -->\n<title>YOL G\u0130DER AH NASIL DA - narteks.net<\/title>\n<meta name=\"robots\" content=\"index, follow, max-snippet:-1, max-image-preview:large, max-video-preview:-1\" \/>\n<link rel=\"canonical\" href=\"https:\/\/narteks.net\/index.php\/2011\/06\/09\/yol-gider-ah-nasil-da\/\" \/>\n<meta property=\"og:locale\" content=\"tr_TR\" \/>\n<meta property=\"og:type\" content=\"article\" \/>\n<meta property=\"og:title\" content=\"YOL G\u0130DER AH NASIL DA\" \/>\n<meta property=\"og:description\" content=\"\u00a0 De banaAnlat hadiKa\u00e7Ka\u00e7 kezG\u00f6n\u00fcl g\u00f6z\u00fcyle g\u00f6rd\u00fckCan kula\u011f\u0131yla dinledik ki Ah \u00e7\u0131n \u00e7\u0131n nas\u0131l da g\u00fczelBir ayd\u0131nl\u0131kBeklenmedik bir zamandaBeklenmedik bir yerde \u00d6n\u00fcm\u00fczdeArkam\u0131zdaHer yerde Bir sesSeslenen bir sesAd\u0131m\u0131z\u0131 Bir selamBir merhaba Trende\u0130skeledeDurakta UzaktaAh uzaktaAh Bozcaada\/Tenedos&#8217;ta Bir \u015fark\u0131n\u0131n ilk s\u00f6zlerindeBir mart\u0131n\u0131n son s\u00f6zlerinde Ay saklan\u0131r bir buluttan bir bulutaG\u00f6z k\u0131rparErken sabahlar\u0131nKurnaz y\u0131ld\u0131z\u0131SudaD\u00fc\u015fen yaprak ah nas\u0131l daAh \u00e7\u0131n [&hellip;]\" \/>\n<meta property=\"og:url\" content=\"https:\/\/narteks.net\/index.php\/2011\/06\/09\/yol-gider-ah-nasil-da\/\" \/>\n<meta property=\"og:site_name\" content=\"narteks.net\" \/>\n<meta property=\"article:published_time\" content=\"2011-06-09T10:15:43+00:00\" \/>\n<meta property=\"og:image\" content=\"https:\/\/narteks.net\/wp-content\/uploads\/narteks.png\" \/>\n\t<meta property=\"og:image:width\" content=\"300\" \/>\n\t<meta property=\"og:image:height\" content=\"90\" \/>\n\t<meta property=\"og:image:type\" content=\"image\/png\" \/>\n<meta name=\"author\" content=\"Tar\u0131k\" \/>\n<meta name=\"twitter:card\" content=\"summary_large_image\" \/>\n<meta name=\"twitter:creator\" content=\"@narteks\" \/>\n<meta name=\"twitter:site\" content=\"@narteks\" \/>\n<meta name=\"twitter:label1\" content=\"Yazan:\" \/>\n\t<meta name=\"twitter:data1\" content=\"Tar\u0131k\" \/>\n\t<meta name=\"twitter:label2\" content=\"Tahmini okuma s\u00fcresi\" \/>\n\t<meta name=\"twitter:data2\" content=\"1 dakika\" \/>\n<script type=\"application\/ld+json\" class=\"yoast-schema-graph\">{\"@context\":\"https:\/\/schema.org\",\"@graph\":[{\"@type\":\"Article\",\"@id\":\"https:\/\/narteks.net\/index.php\/2011\/06\/09\/yol-gider-ah-nasil-da\/#article\",\"isPartOf\":{\"@id\":\"https:\/\/narteks.net\/index.php\/2011\/06\/09\/yol-gider-ah-nasil-da\/\"},\"author\":{\"name\":\"Tar\u0131k\",\"@id\":\"https:\/\/narteks.net\/#\/schema\/person\/61f37d9834294b72d31d274e7ed79bca\"},\"headline\":\"YOL G\u0130DER AH NASIL DA\",\"datePublished\":\"2011-06-09T10:15:43+00:00\",\"mainEntityOfPage\":{\"@id\":\"https:\/\/narteks.net\/index.php\/2011\/06\/09\/yol-gider-ah-nasil-da\/\"},\"wordCount\":185,\"commentCount\":0,\"publisher\":{\"@id\":\"https:\/\/narteks.net\/#organization\"},\"articleSection\":[\"Arif DAMAR\"],\"inLanguage\":\"tr\",\"potentialAction\":[{\"@type\":\"CommentAction\",\"name\":\"Comment\",\"target\":[\"https:\/\/narteks.net\/index.php\/2011\/06\/09\/yol-gider-ah-nasil-da\/#respond\"]}]},{\"@type\":\"WebPage\",\"@id\":\"https:\/\/narteks.net\/index.php\/2011\/06\/09\/yol-gider-ah-nasil-da\/\",\"url\":\"https:\/\/narteks.net\/index.php\/2011\/06\/09\/yol-gider-ah-nasil-da\/\",\"name\":\"YOL G\u0130DER AH NASIL DA - narteks.net\",\"isPartOf\":{\"@id\":\"https:\/\/narteks.net\/#website\"},\"datePublished\":\"2011-06-09T10:15:43+00:00\",\"breadcrumb\":{\"@id\":\"https:\/\/narteks.net\/index.php\/2011\/06\/09\/yol-gider-ah-nasil-da\/#breadcrumb\"},\"inLanguage\":\"tr\",\"potentialAction\":[{\"@type\":\"ReadAction\",\"target\":[\"https:\/\/narteks.net\/index.php\/2011\/06\/09\/yol-gider-ah-nasil-da\/\"]}]},{\"@type\":\"BreadcrumbList\",\"@id\":\"https:\/\/narteks.net\/index.php\/2011\/06\/09\/yol-gider-ah-nasil-da\/#breadcrumb\",\"itemListElement\":[{\"@type\":\"ListItem\",\"position\":1,\"name\":\"Anasayfa\",\"item\":\"https:\/\/narteks.net\/\"},{\"@type\":\"ListItem\",\"position\":2,\"name\":\"YOL G\u0130DER AH NASIL DA\"}]},{\"@type\":\"WebSite\",\"@id\":\"https:\/\/narteks.net\/#website\",\"url\":\"https:\/\/narteks.net\/\",\"name\":\"narteks.net\",\"description\":\"K\u00fclt\u00fcr Sanat Edebiyat Felsefe\",\"publisher\":{\"@id\":\"https:\/\/narteks.net\/#organization\"},\"alternateName\":\"K\u00fclt\u00fcr Sanat Edebiyat Felsefe\",\"potentialAction\":[{\"@type\":\"SearchAction\",\"target\":{\"@type\":\"EntryPoint\",\"urlTemplate\":\"https:\/\/narteks.net\/?s={search_term_string}\"},\"query-input\":{\"@type\":\"PropertyValueSpecification\",\"valueRequired\":true,\"valueName\":\"search_term_string\"}}],\"inLanguage\":\"tr\"},{\"@type\":\"Organization\",\"@id\":\"https:\/\/narteks.net\/#organization\",\"name\":\"narteks.net\",\"url\":\"https:\/\/narteks.net\/\",\"logo\":{\"@type\":\"ImageObject\",\"inLanguage\":\"tr\",\"@id\":\"https:\/\/narteks.net\/#\/schema\/logo\/image\/\",\"url\":\"https:\/\/narteks.net\/wp-content\/uploads\/narteks.png\",\"contentUrl\":\"https:\/\/narteks.net\/wp-content\/uploads\/narteks.png\",\"width\":300,\"height\":90,\"caption\":\"narteks.net\"},\"image\":{\"@id\":\"https:\/\/narteks.net\/#\/schema\/logo\/image\/\"},\"sameAs\":[\"https:\/\/x.com\/narteks\",\"https:\/\/instagram.com\/narteksnet\"]},{\"@type\":\"Person\",\"@id\":\"https:\/\/narteks.net\/#\/schema\/person\/61f37d9834294b72d31d274e7ed79bca\",\"name\":\"Tar\u0131k\",\"image\":{\"@type\":\"ImageObject\",\"inLanguage\":\"tr\",\"@id\":\"https:\/\/narteks.net\/#\/schema\/person\/image\/\",\"url\":\"https:\/\/secure.gravatar.com\/avatar\/50865afb55632c4ae467e0af0930f6510aa2297d8014be502a55b14f3b7550cf?s=96&d=mm&r=g\",\"contentUrl\":\"https:\/\/secure.gravatar.com\/avatar\/50865afb55632c4ae467e0af0930f6510aa2297d8014be502a55b14f3b7550cf?s=96&d=mm&r=g\",\"caption\":\"Tar\u0131k\"},\"sameAs\":[\"http:\/\/narteks.net\"],\"url\":\"https:\/\/narteks.net\/index.php\/author\/narbak\/\"}]}<\/script>\n<!-- \/ Yoast SEO Premium plugin. -->","yoast_head_json":{"title":"YOL G\u0130DER AH NASIL DA - narteks.net","robots":{"index":"index","follow":"follow","max-snippet":"max-snippet:-1","max-image-preview":"max-image-preview:large","max-video-preview":"max-video-preview:-1"},"canonical":"https:\/\/narteks.net\/index.php\/2011\/06\/09\/yol-gider-ah-nasil-da\/","og_locale":"tr_TR","og_type":"article","og_title":"YOL G\u0130DER AH NASIL DA","og_description":"\u00a0 De banaAnlat hadiKa\u00e7Ka\u00e7 kezG\u00f6n\u00fcl g\u00f6z\u00fcyle g\u00f6rd\u00fckCan kula\u011f\u0131yla dinledik ki Ah \u00e7\u0131n \u00e7\u0131n nas\u0131l da g\u00fczelBir ayd\u0131nl\u0131kBeklenmedik bir zamandaBeklenmedik bir yerde \u00d6n\u00fcm\u00fczdeArkam\u0131zdaHer yerde Bir sesSeslenen bir sesAd\u0131m\u0131z\u0131 Bir selamBir merhaba Trende\u0130skeledeDurakta UzaktaAh uzaktaAh Bozcaada\/Tenedos&#8217;ta Bir \u015fark\u0131n\u0131n ilk s\u00f6zlerindeBir mart\u0131n\u0131n son s\u00f6zlerinde Ay saklan\u0131r bir buluttan bir bulutaG\u00f6z k\u0131rparErken sabahlar\u0131nKurnaz y\u0131ld\u0131z\u0131SudaD\u00fc\u015fen yaprak ah nas\u0131l daAh \u00e7\u0131n [&hellip;]","og_url":"https:\/\/narteks.net\/index.php\/2011\/06\/09\/yol-gider-ah-nasil-da\/","og_site_name":"narteks.net","article_published_time":"2011-06-09T10:15:43+00:00","og_image":[{"width":300,"height":90,"url":"https:\/\/narteks.net\/wp-content\/uploads\/narteks.png","type":"image\/png"}],"author":"Tar\u0131k","twitter_card":"summary_large_image","twitter_creator":"@narteks","twitter_site":"@narteks","twitter_misc":{"Yazan:":"Tar\u0131k","Tahmini okuma s\u00fcresi":"1 dakika"},"schema":{"@context":"https:\/\/schema.org","@graph":[{"@type":"Article","@id":"https:\/\/narteks.net\/index.php\/2011\/06\/09\/yol-gider-ah-nasil-da\/#article","isPartOf":{"@id":"https:\/\/narteks.net\/index.php\/2011\/06\/09\/yol-gider-ah-nasil-da\/"},"author":{"name":"Tar\u0131k","@id":"https:\/\/narteks.net\/#\/schema\/person\/61f37d9834294b72d31d274e7ed79bca"},"headline":"YOL G\u0130DER AH NASIL DA","datePublished":"2011-06-09T10:15:43+00:00","mainEntityOfPage":{"@id":"https:\/\/narteks.net\/index.php\/2011\/06\/09\/yol-gider-ah-nasil-da\/"},"wordCount":185,"commentCount":0,"publisher":{"@id":"https:\/\/narteks.net\/#organization"},"articleSection":["Arif DAMAR"],"inLanguage":"tr","potentialAction":[{"@type":"CommentAction","name":"Comment","target":["https:\/\/narteks.net\/index.php\/2011\/06\/09\/yol-gider-ah-nasil-da\/#respond"]}]},{"@type":"WebPage","@id":"https:\/\/narteks.net\/index.php\/2011\/06\/09\/yol-gider-ah-nasil-da\/","url":"https:\/\/narteks.net\/index.php\/2011\/06\/09\/yol-gider-ah-nasil-da\/","name":"YOL G\u0130DER AH NASIL DA - narteks.net","isPartOf":{"@id":"https:\/\/narteks.net\/#website"},"datePublished":"2011-06-09T10:15:43+00:00","breadcrumb":{"@id":"https:\/\/narteks.net\/index.php\/2011\/06\/09\/yol-gider-ah-nasil-da\/#breadcrumb"},"inLanguage":"tr","potentialAction":[{"@type":"ReadAction","target":["https:\/\/narteks.net\/index.php\/2011\/06\/09\/yol-gider-ah-nasil-da\/"]}]},{"@type":"BreadcrumbList","@id":"https:\/\/narteks.net\/index.php\/2011\/06\/09\/yol-gider-ah-nasil-da\/#breadcrumb","itemListElement":[{"@type":"ListItem","position":1,"name":"Anasayfa","item":"https:\/\/narteks.net\/"},{"@type":"ListItem","position":2,"name":"YOL G\u0130DER AH NASIL DA"}]},{"@type":"WebSite","@id":"https:\/\/narteks.net\/#website","url":"https:\/\/narteks.net\/","name":"narteks.net","description":"K\u00fclt\u00fcr Sanat Edebiyat Felsefe","publisher":{"@id":"https:\/\/narteks.net\/#organization"},"alternateName":"K\u00fclt\u00fcr Sanat Edebiyat Felsefe","potentialAction":[{"@type":"SearchAction","target":{"@type":"EntryPoint","urlTemplate":"https:\/\/narteks.net\/?s={search_term_string}"},"query-input":{"@type":"PropertyValueSpecification","valueRequired":true,"valueName":"search_term_string"}}],"inLanguage":"tr"},{"@type":"Organization","@id":"https:\/\/narteks.net\/#organization","name":"narteks.net","url":"https:\/\/narteks.net\/","logo":{"@type":"ImageObject","inLanguage":"tr","@id":"https:\/\/narteks.net\/#\/schema\/logo\/image\/","url":"https:\/\/narteks.net\/wp-content\/uploads\/narteks.png","contentUrl":"https:\/\/narteks.net\/wp-content\/uploads\/narteks.png","width":300,"height":90,"caption":"narteks.net"},"image":{"@id":"https:\/\/narteks.net\/#\/schema\/logo\/image\/"},"sameAs":["https:\/\/x.com\/narteks","https:\/\/instagram.com\/narteksnet"]},{"@type":"Person","@id":"https:\/\/narteks.net\/#\/schema\/person\/61f37d9834294b72d31d274e7ed79bca","name":"Tar\u0131k","image":{"@type":"ImageObject","inLanguage":"tr","@id":"https:\/\/narteks.net\/#\/schema\/person\/image\/","url":"https:\/\/secure.gravatar.com\/avatar\/50865afb55632c4ae467e0af0930f6510aa2297d8014be502a55b14f3b7550cf?s=96&d=mm&r=g","contentUrl":"https:\/\/secure.gravatar.com\/avatar\/50865afb55632c4ae467e0af0930f6510aa2297d8014be502a55b14f3b7550cf?s=96&d=mm&r=g","caption":"Tar\u0131k"},"sameAs":["http:\/\/narteks.net"],"url":"https:\/\/narteks.net\/index.php\/author\/narbak\/"}]}},"_links":{"self":[{"href":"https:\/\/narteks.net\/index.php\/wp-json\/wp\/v2\/posts\/6593","targetHints":{"allow":["GET"]}}],"collection":[{"href":"https:\/\/narteks.net\/index.php\/wp-json\/wp\/v2\/posts"}],"about":[{"href":"https:\/\/narteks.net\/index.php\/wp-json\/wp\/v2\/types\/post"}],"author":[{"embeddable":true,"href":"https:\/\/narteks.net\/index.php\/wp-json\/wp\/v2\/users\/1"}],"replies":[{"embeddable":true,"href":"https:\/\/narteks.net\/index.php\/wp-json\/wp\/v2\/comments?post=6593"}],"version-history":[{"count":0,"href":"https:\/\/narteks.net\/index.php\/wp-json\/wp\/v2\/posts\/6593\/revisions"}],"wp:attachment":[{"href":"https:\/\/narteks.net\/index.php\/wp-json\/wp\/v2\/media?parent=6593"}],"wp:term":[{"taxonomy":"category","embeddable":true,"href":"https:\/\/narteks.net\/index.php\/wp-json\/wp\/v2\/categories?post=6593"},{"taxonomy":"post_tag","embeddable":true,"href":"https:\/\/narteks.net\/index.php\/wp-json\/wp\/v2\/tags?post=6593"}],"curies":[{"name":"wp","href":"https:\/\/api.w.org\/{rel}","templated":true}]}}