{"id":6598,"date":"2011-06-09T13:21:58","date_gmt":"2011-06-09T10:21:58","guid":{"rendered":"http:\/\/localhost\/wordpress\/2011\/06\/09\/tevfik-fikret-icin\/"},"modified":"2011-06-09T13:21:58","modified_gmt":"2011-06-09T10:21:58","slug":"tevfik-fikret-icin","status":"publish","type":"post","link":"https:\/\/narteks.net\/index.php\/2011\/06\/09\/tevfik-fikret-icin\/","title":{"rendered":"TEVF\u0130K F\u0130KRET \u0130\u00c7\u0130N"},"content":{"rendered":"<p>\u00a0<\/p>\n<p>I.<br \/>Kendi elimle tek tek<br \/>\u00c7aylar\u0131n\u0131 sunarken<br \/>Devrimci gen\u00e7 k\u0131zlar\u0131n<br \/>Delikanl\u0131lar\u0131n<br \/>Akl\u0131mdas\u0131n hey Koca Fikret<br \/>Hep akl\u0131mda<\/p>\n<p>Bu b\u00fcy\u00fck kentin geni\u015f alanlar\u0131nda<br \/>Ayak seslerimiz avaz\u0131m\u0131z<br \/>En uzak ufuklardan duyulur<br \/>Ya\u011fmur bulutlar\u0131nda<br \/>G\u00f6kku\u015faklar\u0131nda<br \/>Y\u0131ld\u0131zlar\u0131nda samanyolunun<br \/>Ve i\u015f\u00e7ilerin y\u00fcreklerinde<br \/>\u00c7\u0131nlarken<br \/>Ses vermi\u015fsin o kartal yuvas\u0131ndan<br \/>O g\u00f6rkemli A\u015fiyan&#8217;dan<\/p>\n<p>-A\u00e7\u0131k evimin kap\u0131lar\u0131 her zaman<br \/>Ard\u0131na kadar<br \/>Gelsinler okusunlar<br \/>Tart\u0131\u015fs\u0131nlar burada<br \/>Sobalar\u0131n\u0131 yakay\u0131m ben onlar\u0131n<br \/>\u00c7aylar\u0131n\u0131 pi\u015fireyim<\/p>\n<p>\u0130letmediler hey Koca Fikret<br \/>Onurlu davetini<br \/>Sevmediler ki a\u015fkolsun<br \/>Halk\u0131n\u0131 topra\u011f\u0131n\u0131 suyunu<br \/>\u00dcst\u00fcne titredi\u011fin bu g\u00fczel yurdun<\/p>\n<p>II.<br \/>Herkeslere her yerde ecelin eli<br \/>Seni al\u0131p g\u00f6t\u00fcrd\u00fc\u011f\u00fc s\u00f6ylendi<br \/>Tasa \u00e7ekme hey Koca Fikret<br \/>\u00d6\u011frendik biz yiti\u015finin gizini<br \/>Ve ger\u00e7ek nedenini<\/p>\n<p>Sava\u015fa sava\u015f a\u00e7t\u0131\u011f\u0131n i\u00e7in<br \/>D\u00fc\u015fman bellediler seni<br \/>Hastayd\u0131n \u015fekerin vard\u0131<br \/>Beklettiler bile bile<br \/>G\u00fcmr\u00fckte al\u0131koydular<br \/>Tek ilac\u0131n ens\u00fclini<br \/>O katiller<br \/>O sava\u015f \u00e7\u0131lg\u0131nlar\u0131<\/p>\n<p>Ama bilmelisin ki hey Koca Fikret<br \/>Hesap soruyorlar hala durmadan<br \/>Ev ev<br \/>Sokak sokak<br \/>Tipiden buzdan ayaklanarak<br \/>Kan\u0131 karlara kar\u0131\u015fan onbinlercesi<br \/>Sar\u0131kam\u0131\u015f&#8217;\u0131n<br \/>Kat\u0131 topraklar\u0131ndan<\/p>\n<p>\u00c7ok \u015f\u00fck\u00fcr fark\u0131na vard\u0131k biz<br \/>Bo\u015funa k\u0131r\u0131lmad\u0131 k\u00fcsmedi<br \/>O\u011flunuz<br \/>Haluk a\u011fabeyimiz<\/p>\n<p>(Varl\u0131k \/ Say\u0131: 1179) <\/p>\n<p>Arif DAMAR<\/p>\n","protected":false},"excerpt":{"rendered":"<p>\u00a0 I.Kendi elimle tek tek\u00c7aylar\u0131n\u0131 sunarkenDevrimci gen\u00e7 k\u0131zlar\u0131nDelikanl\u0131lar\u0131nAkl\u0131mdas\u0131n hey Koca FikretHep akl\u0131mda Bu b\u00fcy\u00fck kentin geni\u015f alanlar\u0131ndaAyak seslerimiz avaz\u0131m\u0131zEn uzak ufuklardan duyulurYa\u011fmur bulutlar\u0131ndaG\u00f6kku\u015faklar\u0131ndaY\u0131ld\u0131zlar\u0131nda samanyolununVe i\u015f\u00e7ilerin y\u00fcreklerinde\u00c7\u0131nlarkenSes vermi\u015fsin o kartal yuvas\u0131ndanO g\u00f6rkemli A\u015fiyan&#8217;dan -A\u00e7\u0131k evimin kap\u0131lar\u0131 her zamanArd\u0131na kadarGelsinler okusunlarTart\u0131\u015fs\u0131nlar buradaSobalar\u0131n\u0131 yakay\u0131m ben onlar\u0131n\u00c7aylar\u0131n\u0131 pi\u015fireyim \u0130letmediler hey Koca FikretOnurlu davetiniSevmediler ki a\u015fkolsunHalk\u0131n\u0131 topra\u011f\u0131n\u0131 suyunu\u00dcst\u00fcne titredi\u011fin bu [&hellip;]<\/p>\n","protected":false},"author":1,"featured_media":0,"comment_status":"open","ping_status":"open","sticky":false,"template":"","format":"standard","meta":{"footnotes":""},"categories":[8],"tags":[],"class_list":{"0":"post-6598","1":"post","2":"type-post","3":"status-publish","4":"format-standard","6":"category-arif-damar"},"yoast_head":"<!-- This site is optimized with the Yoast SEO Premium plugin v24.9 (Yoast SEO v24.9) - https:\/\/yoast.com\/wordpress\/plugins\/seo\/ -->\n<title>TEVF\u0130K F\u0130KRET \u0130\u00c7\u0130N - narteks.net<\/title>\n<meta name=\"robots\" content=\"index, follow, max-snippet:-1, max-image-preview:large, max-video-preview:-1\" \/>\n<link rel=\"canonical\" href=\"https:\/\/narteks.net\/index.php\/2011\/06\/09\/tevfik-fikret-icin\/\" \/>\n<meta property=\"og:locale\" content=\"tr_TR\" \/>\n<meta property=\"og:type\" content=\"article\" \/>\n<meta property=\"og:title\" content=\"TEVF\u0130K F\u0130KRET \u0130\u00c7\u0130N\" \/>\n<meta property=\"og:description\" content=\"\u00a0 I.Kendi elimle tek tek\u00c7aylar\u0131n\u0131 sunarkenDevrimci gen\u00e7 k\u0131zlar\u0131nDelikanl\u0131lar\u0131nAkl\u0131mdas\u0131n hey Koca FikretHep akl\u0131mda Bu b\u00fcy\u00fck kentin geni\u015f alanlar\u0131ndaAyak seslerimiz avaz\u0131m\u0131zEn uzak ufuklardan duyulurYa\u011fmur bulutlar\u0131ndaG\u00f6kku\u015faklar\u0131ndaY\u0131ld\u0131zlar\u0131nda samanyolununVe i\u015f\u00e7ilerin y\u00fcreklerinde\u00c7\u0131nlarkenSes vermi\u015fsin o kartal yuvas\u0131ndanO g\u00f6rkemli A\u015fiyan&#8217;dan -A\u00e7\u0131k evimin kap\u0131lar\u0131 her zamanArd\u0131na kadarGelsinler okusunlarTart\u0131\u015fs\u0131nlar buradaSobalar\u0131n\u0131 yakay\u0131m ben onlar\u0131n\u00c7aylar\u0131n\u0131 pi\u015fireyim \u0130letmediler hey Koca FikretOnurlu davetiniSevmediler ki a\u015fkolsunHalk\u0131n\u0131 topra\u011f\u0131n\u0131 suyunu\u00dcst\u00fcne titredi\u011fin bu [&hellip;]\" \/>\n<meta property=\"og:url\" content=\"https:\/\/narteks.net\/index.php\/2011\/06\/09\/tevfik-fikret-icin\/\" \/>\n<meta property=\"og:site_name\" content=\"narteks.net\" \/>\n<meta property=\"article:published_time\" content=\"2011-06-09T10:21:58+00:00\" \/>\n<meta property=\"og:image\" content=\"https:\/\/narteks.net\/wp-content\/uploads\/narteks.png\" \/>\n\t<meta property=\"og:image:width\" content=\"300\" \/>\n\t<meta property=\"og:image:height\" content=\"90\" \/>\n\t<meta property=\"og:image:type\" content=\"image\/png\" \/>\n<meta name=\"author\" content=\"Tar\u0131k\" \/>\n<meta name=\"twitter:card\" content=\"summary_large_image\" \/>\n<meta name=\"twitter:creator\" content=\"@narteks\" \/>\n<meta name=\"twitter:site\" content=\"@narteks\" \/>\n<meta name=\"twitter:label1\" content=\"Yazan:\" \/>\n\t<meta name=\"twitter:data1\" content=\"Tar\u0131k\" \/>\n\t<meta name=\"twitter:label2\" content=\"Tahmini okuma s\u00fcresi\" \/>\n\t<meta name=\"twitter:data2\" content=\"1 dakika\" \/>\n<script type=\"application\/ld+json\" class=\"yoast-schema-graph\">{\"@context\":\"https:\/\/schema.org\",\"@graph\":[{\"@type\":\"Article\",\"@id\":\"https:\/\/narteks.net\/index.php\/2011\/06\/09\/tevfik-fikret-icin\/#article\",\"isPartOf\":{\"@id\":\"https:\/\/narteks.net\/index.php\/2011\/06\/09\/tevfik-fikret-icin\/\"},\"author\":{\"name\":\"Tar\u0131k\",\"@id\":\"https:\/\/narteks.net\/#\/schema\/person\/61f37d9834294b72d31d274e7ed79bca\"},\"headline\":\"TEVF\u0130K F\u0130KRET \u0130\u00c7\u0130N\",\"datePublished\":\"2011-06-09T10:21:58+00:00\",\"mainEntityOfPage\":{\"@id\":\"https:\/\/narteks.net\/index.php\/2011\/06\/09\/tevfik-fikret-icin\/\"},\"wordCount\":207,\"commentCount\":0,\"publisher\":{\"@id\":\"https:\/\/narteks.net\/#organization\"},\"articleSection\":[\"Arif DAMAR\"],\"inLanguage\":\"tr\",\"potentialAction\":[{\"@type\":\"CommentAction\",\"name\":\"Comment\",\"target\":[\"https:\/\/narteks.net\/index.php\/2011\/06\/09\/tevfik-fikret-icin\/#respond\"]}]},{\"@type\":\"WebPage\",\"@id\":\"https:\/\/narteks.net\/index.php\/2011\/06\/09\/tevfik-fikret-icin\/\",\"url\":\"https:\/\/narteks.net\/index.php\/2011\/06\/09\/tevfik-fikret-icin\/\",\"name\":\"TEVF\u0130K F\u0130KRET \u0130\u00c7\u0130N - narteks.net\",\"isPartOf\":{\"@id\":\"https:\/\/narteks.net\/#website\"},\"datePublished\":\"2011-06-09T10:21:58+00:00\",\"breadcrumb\":{\"@id\":\"https:\/\/narteks.net\/index.php\/2011\/06\/09\/tevfik-fikret-icin\/#breadcrumb\"},\"inLanguage\":\"tr\",\"potentialAction\":[{\"@type\":\"ReadAction\",\"target\":[\"https:\/\/narteks.net\/index.php\/2011\/06\/09\/tevfik-fikret-icin\/\"]}]},{\"@type\":\"BreadcrumbList\",\"@id\":\"https:\/\/narteks.net\/index.php\/2011\/06\/09\/tevfik-fikret-icin\/#breadcrumb\",\"itemListElement\":[{\"@type\":\"ListItem\",\"position\":1,\"name\":\"Anasayfa\",\"item\":\"https:\/\/narteks.net\/\"},{\"@type\":\"ListItem\",\"position\":2,\"name\":\"TEVF\u0130K F\u0130KRET \u0130\u00c7\u0130N\"}]},{\"@type\":\"WebSite\",\"@id\":\"https:\/\/narteks.net\/#website\",\"url\":\"https:\/\/narteks.net\/\",\"name\":\"narteks.net\",\"description\":\"K\u00fclt\u00fcr Sanat Edebiyat Felsefe\",\"publisher\":{\"@id\":\"https:\/\/narteks.net\/#organization\"},\"alternateName\":\"K\u00fclt\u00fcr Sanat Edebiyat Felsefe\",\"potentialAction\":[{\"@type\":\"SearchAction\",\"target\":{\"@type\":\"EntryPoint\",\"urlTemplate\":\"https:\/\/narteks.net\/?s={search_term_string}\"},\"query-input\":{\"@type\":\"PropertyValueSpecification\",\"valueRequired\":true,\"valueName\":\"search_term_string\"}}],\"inLanguage\":\"tr\"},{\"@type\":\"Organization\",\"@id\":\"https:\/\/narteks.net\/#organization\",\"name\":\"narteks.net\",\"url\":\"https:\/\/narteks.net\/\",\"logo\":{\"@type\":\"ImageObject\",\"inLanguage\":\"tr\",\"@id\":\"https:\/\/narteks.net\/#\/schema\/logo\/image\/\",\"url\":\"https:\/\/narteks.net\/wp-content\/uploads\/narteks.png\",\"contentUrl\":\"https:\/\/narteks.net\/wp-content\/uploads\/narteks.png\",\"width\":300,\"height\":90,\"caption\":\"narteks.net\"},\"image\":{\"@id\":\"https:\/\/narteks.net\/#\/schema\/logo\/image\/\"},\"sameAs\":[\"https:\/\/x.com\/narteks\",\"https:\/\/instagram.com\/narteksnet\"]},{\"@type\":\"Person\",\"@id\":\"https:\/\/narteks.net\/#\/schema\/person\/61f37d9834294b72d31d274e7ed79bca\",\"name\":\"Tar\u0131k\",\"image\":{\"@type\":\"ImageObject\",\"inLanguage\":\"tr\",\"@id\":\"https:\/\/narteks.net\/#\/schema\/person\/image\/\",\"url\":\"https:\/\/secure.gravatar.com\/avatar\/50865afb55632c4ae467e0af0930f6510aa2297d8014be502a55b14f3b7550cf?s=96&d=mm&r=g\",\"contentUrl\":\"https:\/\/secure.gravatar.com\/avatar\/50865afb55632c4ae467e0af0930f6510aa2297d8014be502a55b14f3b7550cf?s=96&d=mm&r=g\",\"caption\":\"Tar\u0131k\"},\"sameAs\":[\"http:\/\/narteks.net\"],\"url\":\"https:\/\/narteks.net\/index.php\/author\/narbak\/\"}]}<\/script>\n<!-- \/ Yoast SEO Premium plugin. -->","yoast_head_json":{"title":"TEVF\u0130K F\u0130KRET \u0130\u00c7\u0130N - narteks.net","robots":{"index":"index","follow":"follow","max-snippet":"max-snippet:-1","max-image-preview":"max-image-preview:large","max-video-preview":"max-video-preview:-1"},"canonical":"https:\/\/narteks.net\/index.php\/2011\/06\/09\/tevfik-fikret-icin\/","og_locale":"tr_TR","og_type":"article","og_title":"TEVF\u0130K F\u0130KRET \u0130\u00c7\u0130N","og_description":"\u00a0 I.Kendi elimle tek tek\u00c7aylar\u0131n\u0131 sunarkenDevrimci gen\u00e7 k\u0131zlar\u0131nDelikanl\u0131lar\u0131nAkl\u0131mdas\u0131n hey Koca FikretHep akl\u0131mda Bu b\u00fcy\u00fck kentin geni\u015f alanlar\u0131ndaAyak seslerimiz avaz\u0131m\u0131zEn uzak ufuklardan duyulurYa\u011fmur bulutlar\u0131ndaG\u00f6kku\u015faklar\u0131ndaY\u0131ld\u0131zlar\u0131nda samanyolununVe i\u015f\u00e7ilerin y\u00fcreklerinde\u00c7\u0131nlarkenSes vermi\u015fsin o kartal yuvas\u0131ndanO g\u00f6rkemli A\u015fiyan&#8217;dan -A\u00e7\u0131k evimin kap\u0131lar\u0131 her zamanArd\u0131na kadarGelsinler okusunlarTart\u0131\u015fs\u0131nlar buradaSobalar\u0131n\u0131 yakay\u0131m ben onlar\u0131n\u00c7aylar\u0131n\u0131 pi\u015fireyim \u0130letmediler hey Koca FikretOnurlu davetiniSevmediler ki a\u015fkolsunHalk\u0131n\u0131 topra\u011f\u0131n\u0131 suyunu\u00dcst\u00fcne titredi\u011fin bu [&hellip;]","og_url":"https:\/\/narteks.net\/index.php\/2011\/06\/09\/tevfik-fikret-icin\/","og_site_name":"narteks.net","article_published_time":"2011-06-09T10:21:58+00:00","og_image":[{"width":300,"height":90,"url":"https:\/\/narteks.net\/wp-content\/uploads\/narteks.png","type":"image\/png"}],"author":"Tar\u0131k","twitter_card":"summary_large_image","twitter_creator":"@narteks","twitter_site":"@narteks","twitter_misc":{"Yazan:":"Tar\u0131k","Tahmini okuma s\u00fcresi":"1 dakika"},"schema":{"@context":"https:\/\/schema.org","@graph":[{"@type":"Article","@id":"https:\/\/narteks.net\/index.php\/2011\/06\/09\/tevfik-fikret-icin\/#article","isPartOf":{"@id":"https:\/\/narteks.net\/index.php\/2011\/06\/09\/tevfik-fikret-icin\/"},"author":{"name":"Tar\u0131k","@id":"https:\/\/narteks.net\/#\/schema\/person\/61f37d9834294b72d31d274e7ed79bca"},"headline":"TEVF\u0130K F\u0130KRET \u0130\u00c7\u0130N","datePublished":"2011-06-09T10:21:58+00:00","mainEntityOfPage":{"@id":"https:\/\/narteks.net\/index.php\/2011\/06\/09\/tevfik-fikret-icin\/"},"wordCount":207,"commentCount":0,"publisher":{"@id":"https:\/\/narteks.net\/#organization"},"articleSection":["Arif DAMAR"],"inLanguage":"tr","potentialAction":[{"@type":"CommentAction","name":"Comment","target":["https:\/\/narteks.net\/index.php\/2011\/06\/09\/tevfik-fikret-icin\/#respond"]}]},{"@type":"WebPage","@id":"https:\/\/narteks.net\/index.php\/2011\/06\/09\/tevfik-fikret-icin\/","url":"https:\/\/narteks.net\/index.php\/2011\/06\/09\/tevfik-fikret-icin\/","name":"TEVF\u0130K F\u0130KRET \u0130\u00c7\u0130N - narteks.net","isPartOf":{"@id":"https:\/\/narteks.net\/#website"},"datePublished":"2011-06-09T10:21:58+00:00","breadcrumb":{"@id":"https:\/\/narteks.net\/index.php\/2011\/06\/09\/tevfik-fikret-icin\/#breadcrumb"},"inLanguage":"tr","potentialAction":[{"@type":"ReadAction","target":["https:\/\/narteks.net\/index.php\/2011\/06\/09\/tevfik-fikret-icin\/"]}]},{"@type":"BreadcrumbList","@id":"https:\/\/narteks.net\/index.php\/2011\/06\/09\/tevfik-fikret-icin\/#breadcrumb","itemListElement":[{"@type":"ListItem","position":1,"name":"Anasayfa","item":"https:\/\/narteks.net\/"},{"@type":"ListItem","position":2,"name":"TEVF\u0130K F\u0130KRET \u0130\u00c7\u0130N"}]},{"@type":"WebSite","@id":"https:\/\/narteks.net\/#website","url":"https:\/\/narteks.net\/","name":"narteks.net","description":"K\u00fclt\u00fcr Sanat Edebiyat Felsefe","publisher":{"@id":"https:\/\/narteks.net\/#organization"},"alternateName":"K\u00fclt\u00fcr Sanat Edebiyat Felsefe","potentialAction":[{"@type":"SearchAction","target":{"@type":"EntryPoint","urlTemplate":"https:\/\/narteks.net\/?s={search_term_string}"},"query-input":{"@type":"PropertyValueSpecification","valueRequired":true,"valueName":"search_term_string"}}],"inLanguage":"tr"},{"@type":"Organization","@id":"https:\/\/narteks.net\/#organization","name":"narteks.net","url":"https:\/\/narteks.net\/","logo":{"@type":"ImageObject","inLanguage":"tr","@id":"https:\/\/narteks.net\/#\/schema\/logo\/image\/","url":"https:\/\/narteks.net\/wp-content\/uploads\/narteks.png","contentUrl":"https:\/\/narteks.net\/wp-content\/uploads\/narteks.png","width":300,"height":90,"caption":"narteks.net"},"image":{"@id":"https:\/\/narteks.net\/#\/schema\/logo\/image\/"},"sameAs":["https:\/\/x.com\/narteks","https:\/\/instagram.com\/narteksnet"]},{"@type":"Person","@id":"https:\/\/narteks.net\/#\/schema\/person\/61f37d9834294b72d31d274e7ed79bca","name":"Tar\u0131k","image":{"@type":"ImageObject","inLanguage":"tr","@id":"https:\/\/narteks.net\/#\/schema\/person\/image\/","url":"https:\/\/secure.gravatar.com\/avatar\/50865afb55632c4ae467e0af0930f6510aa2297d8014be502a55b14f3b7550cf?s=96&d=mm&r=g","contentUrl":"https:\/\/secure.gravatar.com\/avatar\/50865afb55632c4ae467e0af0930f6510aa2297d8014be502a55b14f3b7550cf?s=96&d=mm&r=g","caption":"Tar\u0131k"},"sameAs":["http:\/\/narteks.net"],"url":"https:\/\/narteks.net\/index.php\/author\/narbak\/"}]}},"_links":{"self":[{"href":"https:\/\/narteks.net\/index.php\/wp-json\/wp\/v2\/posts\/6598","targetHints":{"allow":["GET"]}}],"collection":[{"href":"https:\/\/narteks.net\/index.php\/wp-json\/wp\/v2\/posts"}],"about":[{"href":"https:\/\/narteks.net\/index.php\/wp-json\/wp\/v2\/types\/post"}],"author":[{"embeddable":true,"href":"https:\/\/narteks.net\/index.php\/wp-json\/wp\/v2\/users\/1"}],"replies":[{"embeddable":true,"href":"https:\/\/narteks.net\/index.php\/wp-json\/wp\/v2\/comments?post=6598"}],"version-history":[{"count":0,"href":"https:\/\/narteks.net\/index.php\/wp-json\/wp\/v2\/posts\/6598\/revisions"}],"wp:attachment":[{"href":"https:\/\/narteks.net\/index.php\/wp-json\/wp\/v2\/media?parent=6598"}],"wp:term":[{"taxonomy":"category","embeddable":true,"href":"https:\/\/narteks.net\/index.php\/wp-json\/wp\/v2\/categories?post=6598"},{"taxonomy":"post_tag","embeddable":true,"href":"https:\/\/narteks.net\/index.php\/wp-json\/wp\/v2\/tags?post=6598"}],"curies":[{"name":"wp","href":"https:\/\/api.w.org\/{rel}","templated":true}]}}