{"id":6618,"date":"2011-06-09T15:03:48","date_gmt":"2011-06-09T12:03:48","guid":{"rendered":"http:\/\/localhost\/wordpress\/2011\/06\/09\/dilenmek\/"},"modified":"2011-06-09T15:03:48","modified_gmt":"2011-06-09T12:03:48","slug":"dilenmek","status":"publish","type":"post","link":"https:\/\/narteks.net\/index.php\/2011\/06\/09\/dilenmek\/","title":{"rendered":"D\u0130LENMEK"},"content":{"rendered":"<p>\u00a0<\/p>\n<p>\u00e7o\u011fumuz gibi, o farkl\u0131 i\u015flere<br \/>girip \u00e7\u0131kt\u0131m ki, midem de\u015filmi\u015f ve ba\u011f\u0131rsaklar\u0131m<br \/>r\u00fczgara f\u0131rlat\u0131lm\u0131\u015f gibi hissediyorum kendimi.<br \/>iyi insanlar da tan\u0131d\u0131m bu i\u015flerde<br \/>\u00f6b\u00fcr t\u00fcr de.<br \/>ama birlikte \u00e7al\u0131\u015ft\u0131\u011f\u0131m insanlar\u0131<br \/>d\u00fc\u015f\u00fcn\u00fcnce-<br \/>aradan on y\u0131l ge\u00e7mesine ra\u011fmen-<br \/>ilk akl\u0131ma gelen<br \/>Karl<br \/>oluyor.<\/p>\n<p>Karl&#8217;\u0131 hat\u0131rl\u0131yorum: yapt\u0131\u011f\u0131m\u0131z i\u015f<br \/>belden ve boyundan ask\u0131l\u0131<br \/>\u00f6nl\u00fck giymeyi gerektiriyordu.<\/p>\n<p>ben Karl&#8217;\u0131n \u00e7\u00f6meziydim.<br \/>&#8216;kolay bir i\u015fimiz var&#8217;, demi\u015fti<br \/>bana.<\/p>\n<p>her sabah y\u00f6neticilerden biri geldi\u011finde<br \/>Karl hafif\u00e7e \u00f6ne e\u011filip g\u00fcl\u00fcmser, ba\u015f\u0131n\u0131 hafif\u00e7e sallayarak<br \/>onu selamlard\u0131: &#8216;g\u00fcnayd\u0131n Doktor Stein&#8217;,<br \/>&#8216;g\u00fcnayd\u0131n Bay Day&#8217; ya da<br \/>Bay Night, kad\u0131n bekarsa &#8216;g\u00fcnayd\u0131n, Lilly&#8217; ya da<br \/>Betty ya da Fran.<\/p>\n<p>ben tek kelime<br \/>etmezdim.<\/p>\n<p>Karl bundan rahats\u0131zl\u0131k duyuyordu,<br \/>bir g\u00fcn beni kenara \u00e7ekti: &#8216;bana bak,<br \/>b\u00f6yle bir i\u015fi ba\u015fka nerede bulacaks\u0131n?<br \/>iki saatlik \u00f6\u011fle paydosumuz var.&#8217;<\/p>\n<p>&#8216;bulamam herhalde&#8230;&#8217;<\/p>\n<p>&#8216;kesinlikle, senin benim gibiler i\u00e7in<br \/>bundan iyisi can sa\u011fl\u0131\u011f\u0131..&#8217;<\/p>\n<p>bir \u015fey demedim.<\/p>\n<p>&#8216;tamam, \u00f6nceleri zor gelir insana k\u00f6peklenmek<br \/>benim i\u00e7in de kolay olmad\u0131<br \/>ama bir s\u00fcre sonra<br \/>\u00f6nemli olmad\u0131\u011f\u0131n\u0131 ke\u015ffettim<br \/>kabu\u011fum \u00e7\u0131kt\u0131.<br \/>art\u0131k kabu\u011fum var,<br \/>anlad\u0131n m\u0131? &#8216;<\/p>\n<p>bakt\u0131m ona, ger\u00e7ekten vard\u0131 kabu\u011fu, y\u00fcz\u00fcnde de bir t\u00fcr<br \/>bulan\u0131kl\u0131k vard\u0131 g\u00f6zleri anlams\u0131z<br \/>bak\u0131yordu, bo\u015f ve<br \/>kay\u0131ts\u0131z; y\u0131llanm\u0131\u015f,<br \/>y\u0131pranm\u0131\u015f bir deniz kabu\u011funa<br \/>bak\u0131yordum.<\/p>\n<p>birka\u00e7 hafta ge\u00e7ti<br \/>hi\u00e7bir \u015fey de\u011fi\u015fmedi: Karl hi\u00e7 sektirmeden<br \/>herkesi sayg\u0131 ile selaml\u0131yor,<br \/>g\u00fcl\u00fcms\u00fcyor, rol\u00fcn\u00fc m\u00fckemmel<br \/>oynuyordu.<\/p>\n<p>\u00f6l\u00fcml\u00fc oldu\u011fumuz akl\u0131na<br \/>hi\u00e7 gelmiyordu<br \/>herhalde<br \/>ya da<br \/>daha b\u00fcy\u00fck tanr\u0131lar\u0131n bizi<br \/>izliyor<br \/>olabilece\u011fi.<\/p>\n<p>ben i\u015fimi<br \/>yapt\u0131m.<\/p>\n<p>sonra, bir g\u00fcn, Karl beni<br \/>kenara \u00e7ekti yine.<\/p>\n<p>&#8216;bak, Doktor Morely benimle<br \/>senin hakk\u0131nda konu\u015ftu.&#8217;<\/p>\n<p>&#8216;evet? &#8216;<\/p>\n<p>&#8216;senin neyin oldu\u011funu<br \/>sordu bana? &#8216;<\/p>\n<p>&#8216;sen ne dedin? &#8216;<\/p>\n<p>&#8216;gen\u00e7 oldu\u011funu s\u00f6yledim.&#8217;<\/p>\n<p>&#8216;te\u015fekk\u00fcr ederim.&#8217;<\/p>\n<p>maa\u015f\u0131m\u0131 al\u0131r almaz<br \/>istifa ettim<\/p>\n<p>ama<br \/>yine benzer i\u015fler buldum<br \/>yeni Karl&#8217;larla kar\u015f\u0131la\u015ft\u0131m<br \/>ve sonunda hepsini ba\u011f\u0131\u015flad\u0131m<br \/>ama kendimi asla:<\/p>\n<p>\u00f6l\u00fcml\u00fc olmak bazen<br \/>insan\u0131<br \/>tuhaf<br \/>neredeyse<br \/>\u00e7al\u0131\u015ft\u0131r\u0131lamaz ve<br \/>son derece<br \/>i\u011fren\u00e7<br \/>k\u0131lar-<br \/>h\u00fcr te\u015febb\u00fcs\u00fcn<br \/>k\u00f6lesi<br \/>de\u011fil.<\/p>\n<p>Charles BUKOWSK\u0130<\/p>\n","protected":false},"excerpt":{"rendered":"<p>\u00a0 \u00e7o\u011fumuz gibi, o farkl\u0131 i\u015fleregirip \u00e7\u0131kt\u0131m ki, midem de\u015filmi\u015f ve ba\u011f\u0131rsaklar\u0131mr\u00fczgara f\u0131rlat\u0131lm\u0131\u015f gibi hissediyorum kendimi.iyi insanlar da tan\u0131d\u0131m bu i\u015flerde\u00f6b\u00fcr t\u00fcr de.ama birlikte \u00e7al\u0131\u015ft\u0131\u011f\u0131m insanlar\u0131d\u00fc\u015f\u00fcn\u00fcnce-aradan on y\u0131l ge\u00e7mesine ra\u011fmen-ilk akl\u0131ma gelenKarloluyor. Karl&#8217;\u0131 hat\u0131rl\u0131yorum: yapt\u0131\u011f\u0131m\u0131z i\u015fbelden ve boyundan ask\u0131l\u0131\u00f6nl\u00fck giymeyi gerektiriyordu. ben Karl&#8217;\u0131n \u00e7\u00f6meziydim.&#8216;kolay bir i\u015fimiz var&#8217;, demi\u015ftibana. her sabah y\u00f6neticilerden biri geldi\u011findeKarl hafif\u00e7e \u00f6ne [&hellip;]<\/p>\n","protected":false},"author":1,"featured_media":0,"comment_status":"open","ping_status":"open","sticky":false,"template":"","format":"standard","meta":{"footnotes":""},"categories":[132],"tags":[],"class_list":{"0":"post-6618","1":"post","2":"type-post","3":"status-publish","4":"format-standard","6":"category-charles-bukowski"},"yoast_head":"<!-- This site is optimized with the Yoast SEO Premium plugin v24.9 (Yoast SEO v24.9) - https:\/\/yoast.com\/wordpress\/plugins\/seo\/ -->\n<title>D\u0130LENMEK - narteks.net<\/title>\n<meta name=\"robots\" content=\"index, follow, max-snippet:-1, max-image-preview:large, max-video-preview:-1\" \/>\n<link rel=\"canonical\" href=\"https:\/\/narteks.net\/index.php\/2011\/06\/09\/dilenmek\/\" \/>\n<meta property=\"og:locale\" content=\"tr_TR\" \/>\n<meta property=\"og:type\" content=\"article\" \/>\n<meta property=\"og:title\" content=\"D\u0130LENMEK\" \/>\n<meta property=\"og:description\" content=\"\u00a0 \u00e7o\u011fumuz gibi, o farkl\u0131 i\u015fleregirip \u00e7\u0131kt\u0131m ki, midem de\u015filmi\u015f ve ba\u011f\u0131rsaklar\u0131mr\u00fczgara f\u0131rlat\u0131lm\u0131\u015f gibi hissediyorum kendimi.iyi insanlar da tan\u0131d\u0131m bu i\u015flerde\u00f6b\u00fcr t\u00fcr de.ama birlikte \u00e7al\u0131\u015ft\u0131\u011f\u0131m insanlar\u0131d\u00fc\u015f\u00fcn\u00fcnce-aradan on y\u0131l ge\u00e7mesine ra\u011fmen-ilk akl\u0131ma gelenKarloluyor. Karl&#8217;\u0131 hat\u0131rl\u0131yorum: yapt\u0131\u011f\u0131m\u0131z i\u015fbelden ve boyundan ask\u0131l\u0131\u00f6nl\u00fck giymeyi gerektiriyordu. ben Karl&#8217;\u0131n \u00e7\u00f6meziydim.&#8216;kolay bir i\u015fimiz var&#8217;, demi\u015ftibana. her sabah y\u00f6neticilerden biri geldi\u011findeKarl hafif\u00e7e \u00f6ne [&hellip;]\" \/>\n<meta property=\"og:url\" content=\"https:\/\/narteks.net\/index.php\/2011\/06\/09\/dilenmek\/\" \/>\n<meta property=\"og:site_name\" content=\"narteks.net\" \/>\n<meta property=\"article:published_time\" content=\"2011-06-09T12:03:48+00:00\" \/>\n<meta property=\"og:image\" content=\"https:\/\/narteks.net\/wp-content\/uploads\/narteks.png\" \/>\n\t<meta property=\"og:image:width\" content=\"300\" \/>\n\t<meta property=\"og:image:height\" content=\"90\" \/>\n\t<meta property=\"og:image:type\" content=\"image\/png\" \/>\n<meta name=\"author\" content=\"Tar\u0131k\" \/>\n<meta name=\"twitter:card\" content=\"summary_large_image\" \/>\n<meta name=\"twitter:creator\" content=\"@narteks\" \/>\n<meta name=\"twitter:site\" content=\"@narteks\" \/>\n<meta name=\"twitter:label1\" content=\"Yazan:\" \/>\n\t<meta name=\"twitter:data1\" content=\"Tar\u0131k\" \/>\n\t<meta name=\"twitter:label2\" content=\"Tahmini okuma s\u00fcresi\" \/>\n\t<meta name=\"twitter:data2\" content=\"2 dakika\" \/>\n<script type=\"application\/ld+json\" class=\"yoast-schema-graph\">{\"@context\":\"https:\/\/schema.org\",\"@graph\":[{\"@type\":\"Article\",\"@id\":\"https:\/\/narteks.net\/index.php\/2011\/06\/09\/dilenmek\/#article\",\"isPartOf\":{\"@id\":\"https:\/\/narteks.net\/index.php\/2011\/06\/09\/dilenmek\/\"},\"author\":{\"name\":\"Tar\u0131k\",\"@id\":\"https:\/\/narteks.net\/#\/schema\/person\/61f37d9834294b72d31d274e7ed79bca\"},\"headline\":\"D\u0130LENMEK\",\"datePublished\":\"2011-06-09T12:03:48+00:00\",\"mainEntityOfPage\":{\"@id\":\"https:\/\/narteks.net\/index.php\/2011\/06\/09\/dilenmek\/\"},\"wordCount\":382,\"commentCount\":0,\"publisher\":{\"@id\":\"https:\/\/narteks.net\/#organization\"},\"articleSection\":[\"Charles BUKOWSK\u0130\"],\"inLanguage\":\"tr\",\"potentialAction\":[{\"@type\":\"CommentAction\",\"name\":\"Comment\",\"target\":[\"https:\/\/narteks.net\/index.php\/2011\/06\/09\/dilenmek\/#respond\"]}]},{\"@type\":\"WebPage\",\"@id\":\"https:\/\/narteks.net\/index.php\/2011\/06\/09\/dilenmek\/\",\"url\":\"https:\/\/narteks.net\/index.php\/2011\/06\/09\/dilenmek\/\",\"name\":\"D\u0130LENMEK - narteks.net\",\"isPartOf\":{\"@id\":\"https:\/\/narteks.net\/#website\"},\"datePublished\":\"2011-06-09T12:03:48+00:00\",\"breadcrumb\":{\"@id\":\"https:\/\/narteks.net\/index.php\/2011\/06\/09\/dilenmek\/#breadcrumb\"},\"inLanguage\":\"tr\",\"potentialAction\":[{\"@type\":\"ReadAction\",\"target\":[\"https:\/\/narteks.net\/index.php\/2011\/06\/09\/dilenmek\/\"]}]},{\"@type\":\"BreadcrumbList\",\"@id\":\"https:\/\/narteks.net\/index.php\/2011\/06\/09\/dilenmek\/#breadcrumb\",\"itemListElement\":[{\"@type\":\"ListItem\",\"position\":1,\"name\":\"Anasayfa\",\"item\":\"https:\/\/narteks.net\/\"},{\"@type\":\"ListItem\",\"position\":2,\"name\":\"D\u0130LENMEK\"}]},{\"@type\":\"WebSite\",\"@id\":\"https:\/\/narteks.net\/#website\",\"url\":\"https:\/\/narteks.net\/\",\"name\":\"narteks.net\",\"description\":\"K\u00fclt\u00fcr Sanat Edebiyat Felsefe\",\"publisher\":{\"@id\":\"https:\/\/narteks.net\/#organization\"},\"alternateName\":\"K\u00fclt\u00fcr Sanat Edebiyat Felsefe\",\"potentialAction\":[{\"@type\":\"SearchAction\",\"target\":{\"@type\":\"EntryPoint\",\"urlTemplate\":\"https:\/\/narteks.net\/?s={search_term_string}\"},\"query-input\":{\"@type\":\"PropertyValueSpecification\",\"valueRequired\":true,\"valueName\":\"search_term_string\"}}],\"inLanguage\":\"tr\"},{\"@type\":\"Organization\",\"@id\":\"https:\/\/narteks.net\/#organization\",\"name\":\"narteks.net\",\"url\":\"https:\/\/narteks.net\/\",\"logo\":{\"@type\":\"ImageObject\",\"inLanguage\":\"tr\",\"@id\":\"https:\/\/narteks.net\/#\/schema\/logo\/image\/\",\"url\":\"https:\/\/narteks.net\/wp-content\/uploads\/narteks.png\",\"contentUrl\":\"https:\/\/narteks.net\/wp-content\/uploads\/narteks.png\",\"width\":300,\"height\":90,\"caption\":\"narteks.net\"},\"image\":{\"@id\":\"https:\/\/narteks.net\/#\/schema\/logo\/image\/\"},\"sameAs\":[\"https:\/\/x.com\/narteks\",\"https:\/\/instagram.com\/narteksnet\"]},{\"@type\":\"Person\",\"@id\":\"https:\/\/narteks.net\/#\/schema\/person\/61f37d9834294b72d31d274e7ed79bca\",\"name\":\"Tar\u0131k\",\"image\":{\"@type\":\"ImageObject\",\"inLanguage\":\"tr\",\"@id\":\"https:\/\/narteks.net\/#\/schema\/person\/image\/\",\"url\":\"https:\/\/secure.gravatar.com\/avatar\/50865afb55632c4ae467e0af0930f6510aa2297d8014be502a55b14f3b7550cf?s=96&d=mm&r=g\",\"contentUrl\":\"https:\/\/secure.gravatar.com\/avatar\/50865afb55632c4ae467e0af0930f6510aa2297d8014be502a55b14f3b7550cf?s=96&d=mm&r=g\",\"caption\":\"Tar\u0131k\"},\"sameAs\":[\"http:\/\/narteks.net\"],\"url\":\"https:\/\/narteks.net\/index.php\/author\/narbak\/\"}]}<\/script>\n<!-- \/ Yoast SEO Premium plugin. -->","yoast_head_json":{"title":"D\u0130LENMEK - narteks.net","robots":{"index":"index","follow":"follow","max-snippet":"max-snippet:-1","max-image-preview":"max-image-preview:large","max-video-preview":"max-video-preview:-1"},"canonical":"https:\/\/narteks.net\/index.php\/2011\/06\/09\/dilenmek\/","og_locale":"tr_TR","og_type":"article","og_title":"D\u0130LENMEK","og_description":"\u00a0 \u00e7o\u011fumuz gibi, o farkl\u0131 i\u015fleregirip \u00e7\u0131kt\u0131m ki, midem de\u015filmi\u015f ve ba\u011f\u0131rsaklar\u0131mr\u00fczgara f\u0131rlat\u0131lm\u0131\u015f gibi hissediyorum kendimi.iyi insanlar da tan\u0131d\u0131m bu i\u015flerde\u00f6b\u00fcr t\u00fcr de.ama birlikte \u00e7al\u0131\u015ft\u0131\u011f\u0131m insanlar\u0131d\u00fc\u015f\u00fcn\u00fcnce-aradan on y\u0131l ge\u00e7mesine ra\u011fmen-ilk akl\u0131ma gelenKarloluyor. Karl&#8217;\u0131 hat\u0131rl\u0131yorum: yapt\u0131\u011f\u0131m\u0131z i\u015fbelden ve boyundan ask\u0131l\u0131\u00f6nl\u00fck giymeyi gerektiriyordu. ben Karl&#8217;\u0131n \u00e7\u00f6meziydim.&#8216;kolay bir i\u015fimiz var&#8217;, demi\u015ftibana. her sabah y\u00f6neticilerden biri geldi\u011findeKarl hafif\u00e7e \u00f6ne [&hellip;]","og_url":"https:\/\/narteks.net\/index.php\/2011\/06\/09\/dilenmek\/","og_site_name":"narteks.net","article_published_time":"2011-06-09T12:03:48+00:00","og_image":[{"width":300,"height":90,"url":"https:\/\/narteks.net\/wp-content\/uploads\/narteks.png","type":"image\/png"}],"author":"Tar\u0131k","twitter_card":"summary_large_image","twitter_creator":"@narteks","twitter_site":"@narteks","twitter_misc":{"Yazan:":"Tar\u0131k","Tahmini okuma s\u00fcresi":"2 dakika"},"schema":{"@context":"https:\/\/schema.org","@graph":[{"@type":"Article","@id":"https:\/\/narteks.net\/index.php\/2011\/06\/09\/dilenmek\/#article","isPartOf":{"@id":"https:\/\/narteks.net\/index.php\/2011\/06\/09\/dilenmek\/"},"author":{"name":"Tar\u0131k","@id":"https:\/\/narteks.net\/#\/schema\/person\/61f37d9834294b72d31d274e7ed79bca"},"headline":"D\u0130LENMEK","datePublished":"2011-06-09T12:03:48+00:00","mainEntityOfPage":{"@id":"https:\/\/narteks.net\/index.php\/2011\/06\/09\/dilenmek\/"},"wordCount":382,"commentCount":0,"publisher":{"@id":"https:\/\/narteks.net\/#organization"},"articleSection":["Charles BUKOWSK\u0130"],"inLanguage":"tr","potentialAction":[{"@type":"CommentAction","name":"Comment","target":["https:\/\/narteks.net\/index.php\/2011\/06\/09\/dilenmek\/#respond"]}]},{"@type":"WebPage","@id":"https:\/\/narteks.net\/index.php\/2011\/06\/09\/dilenmek\/","url":"https:\/\/narteks.net\/index.php\/2011\/06\/09\/dilenmek\/","name":"D\u0130LENMEK - narteks.net","isPartOf":{"@id":"https:\/\/narteks.net\/#website"},"datePublished":"2011-06-09T12:03:48+00:00","breadcrumb":{"@id":"https:\/\/narteks.net\/index.php\/2011\/06\/09\/dilenmek\/#breadcrumb"},"inLanguage":"tr","potentialAction":[{"@type":"ReadAction","target":["https:\/\/narteks.net\/index.php\/2011\/06\/09\/dilenmek\/"]}]},{"@type":"BreadcrumbList","@id":"https:\/\/narteks.net\/index.php\/2011\/06\/09\/dilenmek\/#breadcrumb","itemListElement":[{"@type":"ListItem","position":1,"name":"Anasayfa","item":"https:\/\/narteks.net\/"},{"@type":"ListItem","position":2,"name":"D\u0130LENMEK"}]},{"@type":"WebSite","@id":"https:\/\/narteks.net\/#website","url":"https:\/\/narteks.net\/","name":"narteks.net","description":"K\u00fclt\u00fcr Sanat Edebiyat Felsefe","publisher":{"@id":"https:\/\/narteks.net\/#organization"},"alternateName":"K\u00fclt\u00fcr Sanat Edebiyat Felsefe","potentialAction":[{"@type":"SearchAction","target":{"@type":"EntryPoint","urlTemplate":"https:\/\/narteks.net\/?s={search_term_string}"},"query-input":{"@type":"PropertyValueSpecification","valueRequired":true,"valueName":"search_term_string"}}],"inLanguage":"tr"},{"@type":"Organization","@id":"https:\/\/narteks.net\/#organization","name":"narteks.net","url":"https:\/\/narteks.net\/","logo":{"@type":"ImageObject","inLanguage":"tr","@id":"https:\/\/narteks.net\/#\/schema\/logo\/image\/","url":"https:\/\/narteks.net\/wp-content\/uploads\/narteks.png","contentUrl":"https:\/\/narteks.net\/wp-content\/uploads\/narteks.png","width":300,"height":90,"caption":"narteks.net"},"image":{"@id":"https:\/\/narteks.net\/#\/schema\/logo\/image\/"},"sameAs":["https:\/\/x.com\/narteks","https:\/\/instagram.com\/narteksnet"]},{"@type":"Person","@id":"https:\/\/narteks.net\/#\/schema\/person\/61f37d9834294b72d31d274e7ed79bca","name":"Tar\u0131k","image":{"@type":"ImageObject","inLanguage":"tr","@id":"https:\/\/narteks.net\/#\/schema\/person\/image\/","url":"https:\/\/secure.gravatar.com\/avatar\/50865afb55632c4ae467e0af0930f6510aa2297d8014be502a55b14f3b7550cf?s=96&d=mm&r=g","contentUrl":"https:\/\/secure.gravatar.com\/avatar\/50865afb55632c4ae467e0af0930f6510aa2297d8014be502a55b14f3b7550cf?s=96&d=mm&r=g","caption":"Tar\u0131k"},"sameAs":["http:\/\/narteks.net"],"url":"https:\/\/narteks.net\/index.php\/author\/narbak\/"}]}},"_links":{"self":[{"href":"https:\/\/narteks.net\/index.php\/wp-json\/wp\/v2\/posts\/6618","targetHints":{"allow":["GET"]}}],"collection":[{"href":"https:\/\/narteks.net\/index.php\/wp-json\/wp\/v2\/posts"}],"about":[{"href":"https:\/\/narteks.net\/index.php\/wp-json\/wp\/v2\/types\/post"}],"author":[{"embeddable":true,"href":"https:\/\/narteks.net\/index.php\/wp-json\/wp\/v2\/users\/1"}],"replies":[{"embeddable":true,"href":"https:\/\/narteks.net\/index.php\/wp-json\/wp\/v2\/comments?post=6618"}],"version-history":[{"count":0,"href":"https:\/\/narteks.net\/index.php\/wp-json\/wp\/v2\/posts\/6618\/revisions"}],"wp:attachment":[{"href":"https:\/\/narteks.net\/index.php\/wp-json\/wp\/v2\/media?parent=6618"}],"wp:term":[{"taxonomy":"category","embeddable":true,"href":"https:\/\/narteks.net\/index.php\/wp-json\/wp\/v2\/categories?post=6618"},{"taxonomy":"post_tag","embeddable":true,"href":"https:\/\/narteks.net\/index.php\/wp-json\/wp\/v2\/tags?post=6618"}],"curies":[{"name":"wp","href":"https:\/\/api.w.org\/{rel}","templated":true}]}}