{"id":665,"date":"2009-04-16T11:01:09","date_gmt":"2009-04-16T08:01:09","guid":{"rendered":"http:\/\/localhost\/wordpress\/2009\/04\/16\/hasan-huseyin-korkmazgil-biyografisi\/"},"modified":"2009-04-16T11:01:09","modified_gmt":"2009-04-16T08:01:09","slug":"hasan-huseyin-korkmazgil-biyografisi","status":"publish","type":"post","link":"https:\/\/narteks.net\/index.php\/2009\/04\/16\/hasan-huseyin-korkmazgil-biyografisi\/","title":{"rendered":"Hasan H\u00fcseyin KORKMAZG\u0130L Biyografisi"},"content":{"rendered":"<p><img loading=\"lazy\" decoding=\"async\" src=\"http:\/\/www.google.com.tr\/images?q=tbn:Md5rnK931oQisM::www.ykykultur.com.tr\/linkler\/nh\/bio\/assets\/24-nazim-1951.jpg\" border=\"0\" alt=\"hasanhusey\u0131nkorkmazgil\" width=\"155\" height=\"205\" \/><\/p>\n<p style=\"text-align: justify;\">Hasan H\u00fcseyin Korkmazgil (d. 1927- \u00f6. 1984) toplumcu-ger\u00e7ek\u00e7i \u015fiirin \u00f6nde gelen temsilcilerinden biri olan T\u00fcrk \u015fair.<\/p>\n<p>1927&#8217;de Sivas&#8217;\u0131n G\u00fcr\u00fcn il\u00e7esinde do\u011fan Hasan H\u00fcseyin, Adana Erkek Lisesi&#8217;ni 1948&#8217;de, Ankara Gazi E\u011fitim Enstit\u00fcs\u00fc&#8217;n\u00fc 1950&#8217;de bitirdi. \u00d6\u011fretmenli\u011fi G\u00f6ksun&#8217;da ba\u015flad\u0131. Siyasi eylemleri gerek\u00e7esiyle \u00f6\u011fretmenlikten at\u0131ld\u0131, tutukland\u0131, h\u00fck\u00fcm giydi. 1955-1960 y\u0131llar\u0131 aras\u0131nda G\u00fcr\u00fcn&#8217;de ve Sivas&#8217;ta arzuhalcilik, tabela ve portre ressaml\u0131\u011f\u0131, in\u015faat i\u015f\u00e7ili\u011fi yapt\u0131.<\/p>\n<p>1960&#8217;da \u0130stanbul&#8217;a, sonra Ankara&#8217;ya yerle\u015fti. Akis dergisinde \u00e7al\u0131\u015ft\u0131, bir s\u00fcre de Forum dergisinin sanat sayfalar\u0131n\u0131 y\u00f6netti (1968-1970). K\u0131z\u0131l\u0131rmak kitab\u0131 nedeniyle hakk\u0131nda 142. maddeden dava a\u00e7\u0131ld\u0131, yarg\u0131land\u0131, akland\u0131.<\/p>\n<p>Lise y\u0131llar\u0131nda \u015fiir yazmaya ba\u015flayan Hasan H\u00fcseyin&#8217;in ilk \u015fiiri 1959&#8217;da Dost dergisinde \u00e7\u0131kt\u0131. Bu y\u0131llarda mizahi hik\u00e2yeleri de yay\u0131mland\u0131. Kavel (1963) adl\u0131 kitab\u0131 ile 1964 Yeditepe \u015eiir Arma\u011fan\u0131&#8217;n\u0131, K\u0131z\u0131lku\u011fu (1971) ile TRT&#8217;nin 1970 Sanat Ba\u015far\u0131 \u00d6d\u00fcl\u00fc&#8217;n\u00fc, Filizk\u0131ran F\u0131rt\u0131nas\u0131 (1981) ile 1981 \u00d6mer Faruk Toprak \u015eiir \u00d6d\u00fcl\u00fc&#8217;n\u00fc ve Nevzat \u00dcst\u00fcn \u015eiir \u00d6d\u00fcl\u00fc&#8217;n\u00fc ald\u0131. \u015eair 1983&#8217;te beyin kanamas\u0131 ge\u00e7irdikten sonra 1 y\u0131l bitkisel hayatta ya\u015fam\u0131\u015ft\u0131r.26 \u015eubat 1984&#8217;te evinde ya\u015fama g\u00f6zlerini yummu\u015ftur. Ayr\u0131ca Hasan H\u00fcseyin Korkmazgil&#8217;in e\u015fi Azime Korkmazgil&#8217;den Temmuz Korkmazgil(1965) isimli bir de o\u011flu var.<\/p>\n<p>Eserleri<\/p>\n<p>\u015eiir<\/p>\n<p> * Kavel (1963)<br \/> * Temmuz Bildirisi (1965)<br \/> * K\u0131z\u0131l\u0131rmak (1966)<br \/> * K\u0131z\u0131lku\u011fu (1971)<br \/> * A\u011flasun Ay\u015fafa\u011f\u0131 (1972)<br \/> * O\u011flak (1972)<br \/> * Ac\u0131y\u0131 Bal Eyledik (1973).<br \/> * Kelep\u00e7enin Karas\u0131nda Bir Ak G\u00fcvercin (1974)<br \/> * Ko\u00e7ero Vatan \u015eairi (1976)<br \/> * Haziran&#8217;da \u00d6lmek Zor (1977)<br \/> * Filizk\u0131ran F\u0131rt\u0131nas\u0131 (1981)<br \/> * Ac\u0131lara Tutunmak (1981)<br \/> * I\u015f\u0131klarla Oynamay\u0131n (1982)<br \/> * Tohumlar Tuz \u0130\u00e7inde (1988)<br \/> * Kandan K\u0131na Yak\u0131lmaz (1989)<\/p>\n<p>Mizahi Hikaye<\/p>\n<p>Mizah dergilerinde yay\u0131mlanm\u0131\u015f mizah hik\u00e2yelerinden bir k\u0131sm\u0131n\u0131 H\u00fcseyin Korkmazgil ad\u0131yla yahut sadece Korkmazgil soyad\u0131n\u0131 kullanarak, \u00fc\u00e7 kitapta derledi:<\/p>\n<p> * \u00d6hh\u00f6\u00f6\u00f6\u00f6! (1964)<br \/> * Made in T\u00fcrkey (1970)<br \/> * B\u0131y\u0131klar Konu\u015fuyor (1971).<\/p>\n<p>Gezi<\/p>\n<p> * Ba\u011fdat Basra Yollar\u0131nda(1974)<\/p>\n<p>\u00c7ocuk Kitaplar\u0131<\/p>\n<p> * E\u015fe\u011fin G\u00f6zya\u015flar\u0131<br \/> * A\u015f\u0131c\u0131 Baba<br \/> * Orman\u0131n \u00d6c\u00fc<br \/> * Ressam\u0131n B\u0131ld\u0131rc\u0131nlar\u0131<br \/> * Becerikli \u00c7ocu\u011fun D\u00fc\u015fleri<\/p>\n<p><!-- start content --><\/p>\n","protected":false},"excerpt":{"rendered":"<p>Hasan H\u00fcseyin Korkmazgil (d. 1927- \u00f6. 1984) toplumcu-ger\u00e7ek\u00e7i \u015fiirin \u00f6nde gelen temsilcilerinden biri olan T\u00fcrk \u015fair. 1927&#8217;de Sivas&#8217;\u0131n G\u00fcr\u00fcn il\u00e7esinde do\u011fan Hasan H\u00fcseyin, Adana Erkek Lisesi&#8217;ni 1948&#8217;de, Ankara Gazi E\u011fitim Enstit\u00fcs\u00fc&#8217;n\u00fc 1950&#8217;de bitirdi. \u00d6\u011fretmenli\u011fi G\u00f6ksun&#8217;da ba\u015flad\u0131. Siyasi eylemleri gerek\u00e7esiyle \u00f6\u011fretmenlikten at\u0131ld\u0131, tutukland\u0131, h\u00fck\u00fcm giydi. 1955-1960 y\u0131llar\u0131 aras\u0131nda G\u00fcr\u00fcn&#8217;de ve Sivas&#8217;ta arzuhalcilik, tabela ve portre ressaml\u0131\u011f\u0131, [&hellip;]<\/p>\n","protected":false},"author":1,"featured_media":0,"comment_status":"open","ping_status":"open","sticky":false,"template":"","format":"standard","meta":{"footnotes":""},"categories":[21],"tags":[],"class_list":{"0":"post-665","1":"post","2":"type-post","3":"status-publish","4":"format-standard","6":"category-h-huseyin-korkmazgil"},"yoast_head":"<!-- This site is optimized with the Yoast SEO Premium plugin v24.9 (Yoast SEO v24.9) - https:\/\/yoast.com\/wordpress\/plugins\/seo\/ -->\n<title>Hasan H\u00fcseyin KORKMAZG\u0130L Biyografisi - narteks.net<\/title>\n<meta name=\"robots\" content=\"index, follow, max-snippet:-1, max-image-preview:large, max-video-preview:-1\" \/>\n<link rel=\"canonical\" href=\"https:\/\/narteks.net\/index.php\/2009\/04\/16\/hasan-huseyin-korkmazgil-biyografisi\/\" \/>\n<meta property=\"og:locale\" content=\"tr_TR\" \/>\n<meta property=\"og:type\" content=\"article\" \/>\n<meta property=\"og:title\" content=\"Hasan H\u00fcseyin KORKMAZG\u0130L Biyografisi\" \/>\n<meta property=\"og:description\" content=\"Hasan H\u00fcseyin Korkmazgil (d. 1927- \u00f6. 1984) toplumcu-ger\u00e7ek\u00e7i \u015fiirin \u00f6nde gelen temsilcilerinden biri olan T\u00fcrk \u015fair. 1927&#8217;de Sivas&#8217;\u0131n G\u00fcr\u00fcn il\u00e7esinde do\u011fan Hasan H\u00fcseyin, Adana Erkek Lisesi&#8217;ni 1948&#8217;de, Ankara Gazi E\u011fitim Enstit\u00fcs\u00fc&#8217;n\u00fc 1950&#8217;de bitirdi. \u00d6\u011fretmenli\u011fi G\u00f6ksun&#8217;da ba\u015flad\u0131. Siyasi eylemleri gerek\u00e7esiyle \u00f6\u011fretmenlikten at\u0131ld\u0131, tutukland\u0131, h\u00fck\u00fcm giydi. 1955-1960 y\u0131llar\u0131 aras\u0131nda G\u00fcr\u00fcn&#8217;de ve Sivas&#8217;ta arzuhalcilik, tabela ve portre ressaml\u0131\u011f\u0131, [&hellip;]\" \/>\n<meta property=\"og:url\" content=\"https:\/\/narteks.net\/index.php\/2009\/04\/16\/hasan-huseyin-korkmazgil-biyografisi\/\" \/>\n<meta property=\"og:site_name\" content=\"narteks.net\" \/>\n<meta property=\"article:published_time\" content=\"2009-04-16T08:01:09+00:00\" \/>\n<meta property=\"og:image\" content=\"http:\/\/www.google.com.tr\/images?q=tbn:Md5rnK931oQisM::www.ykykultur.com.tr\/linkler\/nh\/bio\/assets\/24-nazim-1951.jpg\" \/>\n<meta name=\"author\" content=\"Tar\u0131k\" \/>\n<meta name=\"twitter:card\" content=\"summary_large_image\" \/>\n<meta name=\"twitter:creator\" content=\"@narteks\" \/>\n<meta name=\"twitter:site\" content=\"@narteks\" \/>\n<meta name=\"twitter:label1\" content=\"Yazan:\" \/>\n\t<meta name=\"twitter:data1\" content=\"Tar\u0131k\" \/>\n\t<meta name=\"twitter:label2\" content=\"Tahmini okuma s\u00fcresi\" \/>\n\t<meta name=\"twitter:data2\" content=\"2 dakika\" \/>\n<script type=\"application\/ld+json\" class=\"yoast-schema-graph\">{\"@context\":\"https:\/\/schema.org\",\"@graph\":[{\"@type\":\"Article\",\"@id\":\"https:\/\/narteks.net\/index.php\/2009\/04\/16\/hasan-huseyin-korkmazgil-biyografisi\/#article\",\"isPartOf\":{\"@id\":\"https:\/\/narteks.net\/index.php\/2009\/04\/16\/hasan-huseyin-korkmazgil-biyografisi\/\"},\"author\":{\"name\":\"Tar\u0131k\",\"@id\":\"https:\/\/narteks.net\/#\/schema\/person\/61f37d9834294b72d31d274e7ed79bca\"},\"headline\":\"Hasan H\u00fcseyin KORKMAZG\u0130L Biyografisi\",\"datePublished\":\"2009-04-16T08:01:09+00:00\",\"mainEntityOfPage\":{\"@id\":\"https:\/\/narteks.net\/index.php\/2009\/04\/16\/hasan-huseyin-korkmazgil-biyografisi\/\"},\"wordCount\":362,\"commentCount\":0,\"publisher\":{\"@id\":\"https:\/\/narteks.net\/#organization\"},\"image\":{\"@id\":\"https:\/\/narteks.net\/index.php\/2009\/04\/16\/hasan-huseyin-korkmazgil-biyografisi\/#primaryimage\"},\"thumbnailUrl\":\"http:\/\/www.google.com.tr\/images?q=tbn:Md5rnK931oQisM::www.ykykultur.com.tr\/linkler\/nh\/bio\/assets\/24-nazim-1951.jpg\",\"articleSection\":[\"H.H\u00fcseyin KORKMAZG\u0130L\"],\"inLanguage\":\"tr\",\"potentialAction\":[{\"@type\":\"CommentAction\",\"name\":\"Comment\",\"target\":[\"https:\/\/narteks.net\/index.php\/2009\/04\/16\/hasan-huseyin-korkmazgil-biyografisi\/#respond\"]}]},{\"@type\":\"WebPage\",\"@id\":\"https:\/\/narteks.net\/index.php\/2009\/04\/16\/hasan-huseyin-korkmazgil-biyografisi\/\",\"url\":\"https:\/\/narteks.net\/index.php\/2009\/04\/16\/hasan-huseyin-korkmazgil-biyografisi\/\",\"name\":\"Hasan H\u00fcseyin KORKMAZG\u0130L Biyografisi - narteks.net\",\"isPartOf\":{\"@id\":\"https:\/\/narteks.net\/#website\"},\"primaryImageOfPage\":{\"@id\":\"https:\/\/narteks.net\/index.php\/2009\/04\/16\/hasan-huseyin-korkmazgil-biyografisi\/#primaryimage\"},\"image\":{\"@id\":\"https:\/\/narteks.net\/index.php\/2009\/04\/16\/hasan-huseyin-korkmazgil-biyografisi\/#primaryimage\"},\"thumbnailUrl\":\"http:\/\/www.google.com.tr\/images?q=tbn:Md5rnK931oQisM::www.ykykultur.com.tr\/linkler\/nh\/bio\/assets\/24-nazim-1951.jpg\",\"datePublished\":\"2009-04-16T08:01:09+00:00\",\"breadcrumb\":{\"@id\":\"https:\/\/narteks.net\/index.php\/2009\/04\/16\/hasan-huseyin-korkmazgil-biyografisi\/#breadcrumb\"},\"inLanguage\":\"tr\",\"potentialAction\":[{\"@type\":\"ReadAction\",\"target\":[\"https:\/\/narteks.net\/index.php\/2009\/04\/16\/hasan-huseyin-korkmazgil-biyografisi\/\"]}]},{\"@type\":\"ImageObject\",\"inLanguage\":\"tr\",\"@id\":\"https:\/\/narteks.net\/index.php\/2009\/04\/16\/hasan-huseyin-korkmazgil-biyografisi\/#primaryimage\",\"url\":\"http:\/\/www.google.com.tr\/images?q=tbn:Md5rnK931oQisM::www.ykykultur.com.tr\/linkler\/nh\/bio\/assets\/24-nazim-1951.jpg\",\"contentUrl\":\"http:\/\/www.google.com.tr\/images?q=tbn:Md5rnK931oQisM::www.ykykultur.com.tr\/linkler\/nh\/bio\/assets\/24-nazim-1951.jpg\"},{\"@type\":\"BreadcrumbList\",\"@id\":\"https:\/\/narteks.net\/index.php\/2009\/04\/16\/hasan-huseyin-korkmazgil-biyografisi\/#breadcrumb\",\"itemListElement\":[{\"@type\":\"ListItem\",\"position\":1,\"name\":\"Anasayfa\",\"item\":\"https:\/\/narteks.net\/\"},{\"@type\":\"ListItem\",\"position\":2,\"name\":\"Hasan H\u00fcseyin KORKMAZG\u0130L Biyografisi\"}]},{\"@type\":\"WebSite\",\"@id\":\"https:\/\/narteks.net\/#website\",\"url\":\"https:\/\/narteks.net\/\",\"name\":\"narteks.net\",\"description\":\"K\u00fclt\u00fcr Sanat Edebiyat Felsefe\",\"publisher\":{\"@id\":\"https:\/\/narteks.net\/#organization\"},\"alternateName\":\"K\u00fclt\u00fcr Sanat Edebiyat Felsefe\",\"potentialAction\":[{\"@type\":\"SearchAction\",\"target\":{\"@type\":\"EntryPoint\",\"urlTemplate\":\"https:\/\/narteks.net\/?s={search_term_string}\"},\"query-input\":{\"@type\":\"PropertyValueSpecification\",\"valueRequired\":true,\"valueName\":\"search_term_string\"}}],\"inLanguage\":\"tr\"},{\"@type\":\"Organization\",\"@id\":\"https:\/\/narteks.net\/#organization\",\"name\":\"narteks.net\",\"url\":\"https:\/\/narteks.net\/\",\"logo\":{\"@type\":\"ImageObject\",\"inLanguage\":\"tr\",\"@id\":\"https:\/\/narteks.net\/#\/schema\/logo\/image\/\",\"url\":\"https:\/\/narteks.net\/wp-content\/uploads\/narteks.png\",\"contentUrl\":\"https:\/\/narteks.net\/wp-content\/uploads\/narteks.png\",\"width\":300,\"height\":90,\"caption\":\"narteks.net\"},\"image\":{\"@id\":\"https:\/\/narteks.net\/#\/schema\/logo\/image\/\"},\"sameAs\":[\"https:\/\/x.com\/narteks\",\"https:\/\/instagram.com\/narteksnet\"]},{\"@type\":\"Person\",\"@id\":\"https:\/\/narteks.net\/#\/schema\/person\/61f37d9834294b72d31d274e7ed79bca\",\"name\":\"Tar\u0131k\",\"image\":{\"@type\":\"ImageObject\",\"inLanguage\":\"tr\",\"@id\":\"https:\/\/narteks.net\/#\/schema\/person\/image\/\",\"url\":\"https:\/\/secure.gravatar.com\/avatar\/50865afb55632c4ae467e0af0930f6510aa2297d8014be502a55b14f3b7550cf?s=96&d=mm&r=g\",\"contentUrl\":\"https:\/\/secure.gravatar.com\/avatar\/50865afb55632c4ae467e0af0930f6510aa2297d8014be502a55b14f3b7550cf?s=96&d=mm&r=g\",\"caption\":\"Tar\u0131k\"},\"sameAs\":[\"http:\/\/narteks.net\"],\"url\":\"https:\/\/narteks.net\/index.php\/author\/narbak\/\"}]}<\/script>\n<!-- \/ Yoast SEO Premium plugin. -->","yoast_head_json":{"title":"Hasan H\u00fcseyin KORKMAZG\u0130L Biyografisi - narteks.net","robots":{"index":"index","follow":"follow","max-snippet":"max-snippet:-1","max-image-preview":"max-image-preview:large","max-video-preview":"max-video-preview:-1"},"canonical":"https:\/\/narteks.net\/index.php\/2009\/04\/16\/hasan-huseyin-korkmazgil-biyografisi\/","og_locale":"tr_TR","og_type":"article","og_title":"Hasan H\u00fcseyin KORKMAZG\u0130L Biyografisi","og_description":"Hasan H\u00fcseyin Korkmazgil (d. 1927- \u00f6. 1984) toplumcu-ger\u00e7ek\u00e7i \u015fiirin \u00f6nde gelen temsilcilerinden biri olan T\u00fcrk \u015fair. 1927&#8217;de Sivas&#8217;\u0131n G\u00fcr\u00fcn il\u00e7esinde do\u011fan Hasan H\u00fcseyin, Adana Erkek Lisesi&#8217;ni 1948&#8217;de, Ankara Gazi E\u011fitim Enstit\u00fcs\u00fc&#8217;n\u00fc 1950&#8217;de bitirdi. \u00d6\u011fretmenli\u011fi G\u00f6ksun&#8217;da ba\u015flad\u0131. Siyasi eylemleri gerek\u00e7esiyle \u00f6\u011fretmenlikten at\u0131ld\u0131, tutukland\u0131, h\u00fck\u00fcm giydi. 1955-1960 y\u0131llar\u0131 aras\u0131nda G\u00fcr\u00fcn&#8217;de ve Sivas&#8217;ta arzuhalcilik, tabela ve portre ressaml\u0131\u011f\u0131, [&hellip;]","og_url":"https:\/\/narteks.net\/index.php\/2009\/04\/16\/hasan-huseyin-korkmazgil-biyografisi\/","og_site_name":"narteks.net","article_published_time":"2009-04-16T08:01:09+00:00","og_image":[{"url":"http:\/\/www.google.com.tr\/images?q=tbn:Md5rnK931oQisM::www.ykykultur.com.tr\/linkler\/nh\/bio\/assets\/24-nazim-1951.jpg","type":"","width":"","height":""}],"author":"Tar\u0131k","twitter_card":"summary_large_image","twitter_creator":"@narteks","twitter_site":"@narteks","twitter_misc":{"Yazan:":"Tar\u0131k","Tahmini okuma s\u00fcresi":"2 dakika"},"schema":{"@context":"https:\/\/schema.org","@graph":[{"@type":"Article","@id":"https:\/\/narteks.net\/index.php\/2009\/04\/16\/hasan-huseyin-korkmazgil-biyografisi\/#article","isPartOf":{"@id":"https:\/\/narteks.net\/index.php\/2009\/04\/16\/hasan-huseyin-korkmazgil-biyografisi\/"},"author":{"name":"Tar\u0131k","@id":"https:\/\/narteks.net\/#\/schema\/person\/61f37d9834294b72d31d274e7ed79bca"},"headline":"Hasan H\u00fcseyin KORKMAZG\u0130L Biyografisi","datePublished":"2009-04-16T08:01:09+00:00","mainEntityOfPage":{"@id":"https:\/\/narteks.net\/index.php\/2009\/04\/16\/hasan-huseyin-korkmazgil-biyografisi\/"},"wordCount":362,"commentCount":0,"publisher":{"@id":"https:\/\/narteks.net\/#organization"},"image":{"@id":"https:\/\/narteks.net\/index.php\/2009\/04\/16\/hasan-huseyin-korkmazgil-biyografisi\/#primaryimage"},"thumbnailUrl":"http:\/\/www.google.com.tr\/images?q=tbn:Md5rnK931oQisM::www.ykykultur.com.tr\/linkler\/nh\/bio\/assets\/24-nazim-1951.jpg","articleSection":["H.H\u00fcseyin KORKMAZG\u0130L"],"inLanguage":"tr","potentialAction":[{"@type":"CommentAction","name":"Comment","target":["https:\/\/narteks.net\/index.php\/2009\/04\/16\/hasan-huseyin-korkmazgil-biyografisi\/#respond"]}]},{"@type":"WebPage","@id":"https:\/\/narteks.net\/index.php\/2009\/04\/16\/hasan-huseyin-korkmazgil-biyografisi\/","url":"https:\/\/narteks.net\/index.php\/2009\/04\/16\/hasan-huseyin-korkmazgil-biyografisi\/","name":"Hasan H\u00fcseyin KORKMAZG\u0130L Biyografisi - narteks.net","isPartOf":{"@id":"https:\/\/narteks.net\/#website"},"primaryImageOfPage":{"@id":"https:\/\/narteks.net\/index.php\/2009\/04\/16\/hasan-huseyin-korkmazgil-biyografisi\/#primaryimage"},"image":{"@id":"https:\/\/narteks.net\/index.php\/2009\/04\/16\/hasan-huseyin-korkmazgil-biyografisi\/#primaryimage"},"thumbnailUrl":"http:\/\/www.google.com.tr\/images?q=tbn:Md5rnK931oQisM::www.ykykultur.com.tr\/linkler\/nh\/bio\/assets\/24-nazim-1951.jpg","datePublished":"2009-04-16T08:01:09+00:00","breadcrumb":{"@id":"https:\/\/narteks.net\/index.php\/2009\/04\/16\/hasan-huseyin-korkmazgil-biyografisi\/#breadcrumb"},"inLanguage":"tr","potentialAction":[{"@type":"ReadAction","target":["https:\/\/narteks.net\/index.php\/2009\/04\/16\/hasan-huseyin-korkmazgil-biyografisi\/"]}]},{"@type":"ImageObject","inLanguage":"tr","@id":"https:\/\/narteks.net\/index.php\/2009\/04\/16\/hasan-huseyin-korkmazgil-biyografisi\/#primaryimage","url":"http:\/\/www.google.com.tr\/images?q=tbn:Md5rnK931oQisM::www.ykykultur.com.tr\/linkler\/nh\/bio\/assets\/24-nazim-1951.jpg","contentUrl":"http:\/\/www.google.com.tr\/images?q=tbn:Md5rnK931oQisM::www.ykykultur.com.tr\/linkler\/nh\/bio\/assets\/24-nazim-1951.jpg"},{"@type":"BreadcrumbList","@id":"https:\/\/narteks.net\/index.php\/2009\/04\/16\/hasan-huseyin-korkmazgil-biyografisi\/#breadcrumb","itemListElement":[{"@type":"ListItem","position":1,"name":"Anasayfa","item":"https:\/\/narteks.net\/"},{"@type":"ListItem","position":2,"name":"Hasan H\u00fcseyin KORKMAZG\u0130L Biyografisi"}]},{"@type":"WebSite","@id":"https:\/\/narteks.net\/#website","url":"https:\/\/narteks.net\/","name":"narteks.net","description":"K\u00fclt\u00fcr Sanat Edebiyat Felsefe","publisher":{"@id":"https:\/\/narteks.net\/#organization"},"alternateName":"K\u00fclt\u00fcr Sanat Edebiyat Felsefe","potentialAction":[{"@type":"SearchAction","target":{"@type":"EntryPoint","urlTemplate":"https:\/\/narteks.net\/?s={search_term_string}"},"query-input":{"@type":"PropertyValueSpecification","valueRequired":true,"valueName":"search_term_string"}}],"inLanguage":"tr"},{"@type":"Organization","@id":"https:\/\/narteks.net\/#organization","name":"narteks.net","url":"https:\/\/narteks.net\/","logo":{"@type":"ImageObject","inLanguage":"tr","@id":"https:\/\/narteks.net\/#\/schema\/logo\/image\/","url":"https:\/\/narteks.net\/wp-content\/uploads\/narteks.png","contentUrl":"https:\/\/narteks.net\/wp-content\/uploads\/narteks.png","width":300,"height":90,"caption":"narteks.net"},"image":{"@id":"https:\/\/narteks.net\/#\/schema\/logo\/image\/"},"sameAs":["https:\/\/x.com\/narteks","https:\/\/instagram.com\/narteksnet"]},{"@type":"Person","@id":"https:\/\/narteks.net\/#\/schema\/person\/61f37d9834294b72d31d274e7ed79bca","name":"Tar\u0131k","image":{"@type":"ImageObject","inLanguage":"tr","@id":"https:\/\/narteks.net\/#\/schema\/person\/image\/","url":"https:\/\/secure.gravatar.com\/avatar\/50865afb55632c4ae467e0af0930f6510aa2297d8014be502a55b14f3b7550cf?s=96&d=mm&r=g","contentUrl":"https:\/\/secure.gravatar.com\/avatar\/50865afb55632c4ae467e0af0930f6510aa2297d8014be502a55b14f3b7550cf?s=96&d=mm&r=g","caption":"Tar\u0131k"},"sameAs":["http:\/\/narteks.net"],"url":"https:\/\/narteks.net\/index.php\/author\/narbak\/"}]}},"_links":{"self":[{"href":"https:\/\/narteks.net\/index.php\/wp-json\/wp\/v2\/posts\/665","targetHints":{"allow":["GET"]}}],"collection":[{"href":"https:\/\/narteks.net\/index.php\/wp-json\/wp\/v2\/posts"}],"about":[{"href":"https:\/\/narteks.net\/index.php\/wp-json\/wp\/v2\/types\/post"}],"author":[{"embeddable":true,"href":"https:\/\/narteks.net\/index.php\/wp-json\/wp\/v2\/users\/1"}],"replies":[{"embeddable":true,"href":"https:\/\/narteks.net\/index.php\/wp-json\/wp\/v2\/comments?post=665"}],"version-history":[{"count":0,"href":"https:\/\/narteks.net\/index.php\/wp-json\/wp\/v2\/posts\/665\/revisions"}],"wp:attachment":[{"href":"https:\/\/narteks.net\/index.php\/wp-json\/wp\/v2\/media?parent=665"}],"wp:term":[{"taxonomy":"category","embeddable":true,"href":"https:\/\/narteks.net\/index.php\/wp-json\/wp\/v2\/categories?post=665"},{"taxonomy":"post_tag","embeddable":true,"href":"https:\/\/narteks.net\/index.php\/wp-json\/wp\/v2\/tags?post=665"}],"curies":[{"name":"wp","href":"https:\/\/api.w.org\/{rel}","templated":true}]}}